{"id":167178,"date":"2023-09-06T14:01:29","date_gmt":"2023-09-06T12:01:29","guid":{"rendered":"https:\/\/novice.si\/page\/?p=167178"},"modified":"2023-09-06T14:01:29","modified_gmt":"2023-09-06T12:01:29","slug":"ultra-trail-savinja-celjane-pognal-na-tek-in-pohode","status":"publish","type":"post","link":"https:\/\/novice.si\/page\/ultra-trail-savinja-celjane-pognal-na-tek-in-pohode\/","title":{"rendered":"Ultra trail Savinja Celjane pognal na tek in pohode"},"content":{"rendered":"<p><em><img loading=\"lazy\" decoding=\"async\" class=\" wp-image-167179 alignright\" src=\"https:\/\/novice.si\/page\/wp-content\/uploads\/2023\/09\/cz-ultra-trail-Savinja-600x450.jpg\" alt=\"ultra trail savinja\" width=\"471\" height=\"353\" srcset=\"https:\/\/novice.si\/page\/wp-content\/uploads\/2023\/09\/cz-ultra-trail-Savinja-600x450.jpg 600w, https:\/\/novice.si\/page\/wp-content\/uploads\/2023\/09\/cz-ultra-trail-Savinja-1024x768.jpg 1024w, https:\/\/novice.si\/page\/wp-content\/uploads\/2023\/09\/cz-ultra-trail-Savinja-768x576.jpg 768w, https:\/\/novice.si\/page\/wp-content\/uploads\/2023\/09\/cz-ultra-trail-Savinja-1536x1152.jpg 1536w, https:\/\/novice.si\/page\/wp-content\/uploads\/2023\/09\/cz-ultra-trail-Savinja-80x60.jpg 80w, https:\/\/novice.si\/page\/wp-content\/uploads\/2023\/09\/cz-ultra-trail-Savinja-265x198.jpg 265w, https:\/\/novice.si\/page\/wp-content\/uploads\/2023\/09\/cz-ultra-trail-Savinja-696x522.jpg 696w, https:\/\/novice.si\/page\/wp-content\/uploads\/2023\/09\/cz-ultra-trail-Savinja-1068x801.jpg 1068w, https:\/\/novice.si\/page\/wp-content\/uploads\/2023\/09\/cz-ultra-trail-Savinja-560x420.jpg 560w, https:\/\/novice.si\/page\/wp-content\/uploads\/2023\/09\/cz-ultra-trail-Savinja-24x18.jpg 24w, https:\/\/novice.si\/page\/wp-content\/uploads\/2023\/09\/cz-ultra-trail-Savinja-36x27.jpg 36w, https:\/\/novice.si\/page\/wp-content\/uploads\/2023\/09\/cz-ultra-trail-Savinja-48x36.jpg 48w, https:\/\/novice.si\/page\/wp-content\/uploads\/2023\/09\/cz-ultra-trail-Savinja.jpg 2048w\" sizes=\"auto, (max-width: 471px) 100vw, 471px\" \/>Prvi septembrski vikend je bil v Celju namenjen pohodnikom in teka\u010dem, potekal je namre\u010d sedaj \u017ee tradicionalni \u0161portni dogodek Ogis Ultra trail Savinja.<\/em><\/p>\n<p>Gre za najve\u010dji trail dogodek v regiji, ki se je tokrat vrnil \u017ee \u010detrti\u010d. Zaradi poplav in trenutne situacije ob Savinji so bile tokrat na voljo le 4 tekmovalne trase, namenjene teka\u010dem, in 5 netekmovalnih tras, ki so bile namenjene pohodnikom v sklopu Dni pohodni\u0161tva z Decathlonom.<\/p>\n<p>\u00bbBlizu 300 udele\u017eencev na vseh tekmovalnih in netekmovalnih trasah je \u0161e enkrat ve\u010d dokazalo, da v Celju tovrstnih prireditev primanjkuje, in da se isti udele\u017eenci radi vra\u010dajo na na\u0161e potke in stezice v prelepi naravi, ki je le streljaj iz mestnega jedra,\u00ab so organizatorji zapisali na svojih spletnih straneh.<\/p>\n<p>Vse trase so se za\u010dele in zaklju\u010dile na Savinjskem nabre\u017eju. Tekmovalci in tekmovalke \u2013 teka\u010di &#8211; so se najprej pomerili v soboto na trasi POCINKOVALNICA 25 km. V nedeljo pa \u0161e na trasah HABECO 4 km, RIO MARE 9 km in GRAFIKA ZLATE\u010cAN 15 km. Trase so bile raznolike in primerne za razli\u010dno pripravljene teka\u010de. Preko celega vikenda pa so se pohodniki lahko podali tudi na \u017ee omenjenih 5 pohodni\u0161kih tras, ki so bile sicer primerne tako za posameznike kot dru\u017eine in so pohodnikom ponudile \u010dudovite razglede na celjsko kotlino in atraktivne turisti\u010dne to\u010dke. Dolge so bile, podobno kot teka\u0161ke, od 9 do 25 km. (MH)<\/p>\n","protected":false},"excerpt":{"rendered":"<p>Prvi septembrski vikend je bil v Celju namenjen pohodnikom in teka\u010dem, potekal je namre\u010d sedaj \u017ee tradicionalni \u0161portni dogodek Ogis Ultra trail Savinja. Gre za najve\u010dji trail dogodek v regiji, ki se je tokrat vrnil \u017ee \u010detrti\u010d. Zaradi poplav in trenutne situacije ob Savinji so bile tokrat na voljo le 4 tekmovalne trase, namenjene teka\u010dem, [&hellip;]<\/p>\n","protected":false},"author":55,"featured_media":167179,"comment_status":"closed","ping_status":"closed","sticky":false,"template":"","format":"standard","meta":{"footnotes":""},"categories":[14,142,17,68],"tags":[],"class_list":{"0":"post-167178","1":"post","2":"type-post","3":"status-publish","4":"format-standard","5":"has-post-thumbnail","7":"category-aktualno","8":"category-celjan","9":"category-celjsko","10":"category-sport"},"yoast_head":"<!-- This site is optimized with the Yoast SEO plugin v27.4 - https:\/\/yoast.com\/product\/yoast-seo-wordpress\/ -->\n<title>Ultra trail Savinja Celjane pognal na tek in pohode - Novice.si<\/title>\n<meta name=\"robots\" content=\"index, follow, max-snippet:-1, max-image-preview:large, max-video-preview:-1\" \/>\n<link rel=\"canonical\" href=\"https:\/\/novice.si\/page\/ultra-trail-savinja-celjane-pognal-na-tek-in-pohode\/\" \/>\n<meta property=\"og:locale\" content=\"sl_SI\" \/>\n<meta property=\"og:type\" content=\"article\" \/>\n<meta property=\"og:title\" content=\"Ultra trail Savinja Celjane pognal na tek in pohode - Novice.si\" \/>\n<meta property=\"og:description\" content=\"Prvi septembrski vikend je bil v Celju namenjen pohodnikom in teka\u010dem, potekal je namre\u010d sedaj \u017ee tradicionalni \u0161portni dogodek Ogis Ultra trail Savinja. Gre za najve\u010dji trail dogodek v regiji, ki se je tokrat vrnil \u017ee \u010detrti\u010d. Zaradi poplav in trenutne situacije ob Savinji so bile tokrat na voljo le 4 tekmovalne trase, namenjene teka\u010dem, [&hellip;]\" \/>\n<meta property=\"og:url\" content=\"https:\/\/novice.si\/page\/ultra-trail-savinja-celjane-pognal-na-tek-in-pohode\/\" \/>\n<meta property=\"og:site_name\" content=\"Novice.si\" \/>\n<meta property=\"article:published_time\" content=\"2023-09-06T12:01:29+00:00\" \/>\n<meta property=\"og:image\" content=\"https:\/\/novice.si\/page\/wp-content\/uploads\/2023\/09\/cz-ultra-trail-Savinja.jpg\" \/>\n\t<meta property=\"og:image:width\" content=\"2048\" \/>\n\t<meta property=\"og:image:height\" content=\"1536\" \/>\n\t<meta property=\"og:image:type\" content=\"image\/jpeg\" \/>\n<meta name=\"author\" content=\"Uredni\u0161tvo Celjana\" \/>\n<meta name=\"twitter:card\" content=\"summary_large_image\" \/>\n<meta name=\"twitter:label1\" content=\"Written by\" \/>\n\t<meta name=\"twitter:data1\" content=\"Uredni\u0161tvo Celjana\" \/>\n\t<meta name=\"twitter:label2\" content=\"Est. reading time\" \/>\n\t<meta name=\"twitter:data2\" content=\"2 minuti\" \/>\n<script type=\"application\/ld+json\" class=\"yoast-schema-graph\">{\"@context\":\"https:\\\/\\\/schema.org\",\"@graph\":[{\"@type\":\"Article\",\"@id\":\"https:\\\/\\\/novice.si\\\/page\\\/ultra-trail-savinja-celjane-pognal-na-tek-in-pohode\\\/#article\",\"isPartOf\":{\"@id\":\"https:\\\/\\\/novice.si\\\/page\\\/ultra-trail-savinja-celjane-pognal-na-tek-in-pohode\\\/\"},\"author\":{\"name\":\"Uredni\u0161tvo Celjana\",\"@id\":\"https:\\\/\\\/novice.si\\\/page\\\/#\\\/schema\\\/person\\\/a49f233ef2777ec7b2e8d0662325bb48\"},\"headline\":\"Ultra trail Savinja Celjane pognal na tek in pohode\",\"datePublished\":\"2023-09-06T12:01:29+00:00\",\"mainEntityOfPage\":{\"@id\":\"https:\\\/\\\/novice.si\\\/page\\\/ultra-trail-savinja-celjane-pognal-na-tek-in-pohode\\\/\"},\"wordCount\":243,\"publisher\":{\"@id\":\"https:\\\/\\\/novice.si\\\/page\\\/#organization\"},\"image\":{\"@id\":\"https:\\\/\\\/novice.si\\\/page\\\/ultra-trail-savinja-celjane-pognal-na-tek-in-pohode\\\/#primaryimage\"},\"thumbnailUrl\":\"https:\\\/\\\/novice.si\\\/page\\\/wp-content\\\/uploads\\\/2023\\\/09\\\/cz-ultra-trail-Savinja.jpg\",\"articleSection\":[\"Aktualno\",\"Celjan\",\"Celjsko\",\"\u0160port\"],\"inLanguage\":\"sl-SI\"},{\"@type\":\"WebPage\",\"@id\":\"https:\\\/\\\/novice.si\\\/page\\\/ultra-trail-savinja-celjane-pognal-na-tek-in-pohode\\\/\",\"url\":\"https:\\\/\\\/novice.si\\\/page\\\/ultra-trail-savinja-celjane-pognal-na-tek-in-pohode\\\/\",\"name\":\"Ultra trail Savinja Celjane pognal na tek in pohode - Novice.si\",\"isPartOf\":{\"@id\":\"https:\\\/\\\/novice.si\\\/page\\\/#website\"},\"primaryImageOfPage\":{\"@id\":\"https:\\\/\\\/novice.si\\\/page\\\/ultra-trail-savinja-celjane-pognal-na-tek-in-pohode\\\/#primaryimage\"},\"image\":{\"@id\":\"https:\\\/\\\/novice.si\\\/page\\\/ultra-trail-savinja-celjane-pognal-na-tek-in-pohode\\\/#primaryimage\"},\"thumbnailUrl\":\"https:\\\/\\\/novice.si\\\/page\\\/wp-content\\\/uploads\\\/2023\\\/09\\\/cz-ultra-trail-Savinja.jpg\",\"datePublished\":\"2023-09-06T12:01:29+00:00\",\"breadcrumb\":{\"@id\":\"https:\\\/\\\/novice.si\\\/page\\\/ultra-trail-savinja-celjane-pognal-na-tek-in-pohode\\\/#breadcrumb\"},\"inLanguage\":\"sl-SI\",\"potentialAction\":[{\"@type\":\"ReadAction\",\"target\":[\"https:\\\/\\\/novice.si\\\/page\\\/ultra-trail-savinja-celjane-pognal-na-tek-in-pohode\\\/\"]}]},{\"@type\":\"ImageObject\",\"inLanguage\":\"sl-SI\",\"@id\":\"https:\\\/\\\/novice.si\\\/page\\\/ultra-trail-savinja-celjane-pognal-na-tek-in-pohode\\\/#primaryimage\",\"url\":\"https:\\\/\\\/novice.si\\\/page\\\/wp-content\\\/uploads\\\/2023\\\/09\\\/cz-ultra-trail-Savinja.jpg\",\"contentUrl\":\"https:\\\/\\\/novice.si\\\/page\\\/wp-content\\\/uploads\\\/2023\\\/09\\\/cz-ultra-trail-Savinja.jpg\",\"width\":2048,\"height\":1536,\"caption\":\"ultra trail savinja\"},{\"@type\":\"BreadcrumbList\",\"@id\":\"https:\\\/\\\/novice.si\\\/page\\\/ultra-trail-savinja-celjane-pognal-na-tek-in-pohode\\\/#breadcrumb\",\"itemListElement\":[{\"@type\":\"ListItem\",\"position\":1,\"name\":\"Home\",\"item\":\"https:\\\/\\\/novice.si\\\/page\\\/\"},{\"@type\":\"ListItem\",\"position\":2,\"name\":\"Ultra trail Savinja Celjane pognal na tek in pohode\"}]},{\"@type\":\"WebSite\",\"@id\":\"https:\\\/\\\/novice.si\\\/page\\\/#website\",\"url\":\"https:\\\/\\\/novice.si\\\/page\\\/\",\"name\":\"Novice.si\",\"description\":\"\",\"publisher\":{\"@id\":\"https:\\\/\\\/novice.si\\\/page\\\/#organization\"},\"potentialAction\":[{\"@type\":\"SearchAction\",\"target\":{\"@type\":\"EntryPoint\",\"urlTemplate\":\"https:\\\/\\\/novice.si\\\/page\\\/?s={search_term_string}\"},\"query-input\":{\"@type\":\"PropertyValueSpecification\",\"valueRequired\":true,\"valueName\":\"search_term_string\"}}],\"inLanguage\":\"sl-SI\"},{\"@type\":\"Organization\",\"@id\":\"https:\\\/\\\/novice.si\\\/page\\\/#organization\",\"name\":\"Novice.si\",\"url\":\"https:\\\/\\\/novice.si\\\/page\\\/\",\"logo\":{\"@type\":\"ImageObject\",\"inLanguage\":\"sl-SI\",\"@id\":\"https:\\\/\\\/novice.si\\\/page\\\/#\\\/schema\\\/logo\\\/image\\\/\",\"url\":\"https:\\\/\\\/novice.si\\\/page\\\/wp-content\\\/uploads\\\/2023\\\/03\\\/novice_si.png\",\"contentUrl\":\"https:\\\/\\\/novice.si\\\/page\\\/wp-content\\\/uploads\\\/2023\\\/03\\\/novice_si.png\",\"width\":576,\"height\":200,\"caption\":\"Novice.si\"},\"image\":{\"@id\":\"https:\\\/\\\/novice.si\\\/page\\\/#\\\/schema\\\/logo\\\/image\\\/\"}},{\"@type\":\"Person\",\"@id\":\"https:\\\/\\\/novice.si\\\/page\\\/#\\\/schema\\\/person\\\/a49f233ef2777ec7b2e8d0662325bb48\",\"name\":\"Uredni\u0161tvo Celjana\",\"image\":{\"@type\":\"ImageObject\",\"inLanguage\":\"sl-SI\",\"@id\":\"https:\\\/\\\/secure.gravatar.com\\\/avatar\\\/7f7863e616af8f92806c638dd1db3f1a238d83d1cc2ec3100afc06fbb7eb303f?s=96&d=mm&r=g\",\"url\":\"https:\\\/\\\/secure.gravatar.com\\\/avatar\\\/7f7863e616af8f92806c638dd1db3f1a238d83d1cc2ec3100afc06fbb7eb303f?s=96&d=mm&r=g\",\"contentUrl\":\"https:\\\/\\\/secure.gravatar.com\\\/avatar\\\/7f7863e616af8f92806c638dd1db3f1a238d83d1cc2ec3100afc06fbb7eb303f?s=96&d=mm&r=g\",\"caption\":\"Uredni\u0161tvo Celjana\"},\"url\":\"https:\\\/\\\/novice.si\\\/page\\\/author\\\/maja\\\/\"}]}<\/script>\n<!-- \/ Yoast SEO plugin. -->","yoast_head_json":{"title":"Ultra trail Savinja Celjane pognal na tek in pohode - Novice.si","robots":{"index":"index","follow":"follow","max-snippet":"max-snippet:-1","max-image-preview":"max-image-preview:large","max-video-preview":"max-video-preview:-1"},"canonical":"https:\/\/novice.si\/page\/ultra-trail-savinja-celjane-pognal-na-tek-in-pohode\/","og_locale":"sl_SI","og_type":"article","og_title":"Ultra trail Savinja Celjane pognal na tek in pohode - Novice.si","og_description":"Prvi septembrski vikend je bil v Celju namenjen pohodnikom in teka\u010dem, potekal je namre\u010d sedaj \u017ee tradicionalni \u0161portni dogodek Ogis Ultra trail Savinja. Gre za najve\u010dji trail dogodek v regiji, ki se je tokrat vrnil \u017ee \u010detrti\u010d. Zaradi poplav in trenutne situacije ob Savinji so bile tokrat na voljo le 4 tekmovalne trase, namenjene teka\u010dem, [&hellip;]","og_url":"https:\/\/novice.si\/page\/ultra-trail-savinja-celjane-pognal-na-tek-in-pohode\/","og_site_name":"Novice.si","article_published_time":"2023-09-06T12:01:29+00:00","og_image":[{"width":2048,"height":1536,"url":"https:\/\/novice.si\/page\/wp-content\/uploads\/2023\/09\/cz-ultra-trail-Savinja.jpg","type":"image\/jpeg"}],"author":"Uredni\u0161tvo Celjana","twitter_card":"summary_large_image","twitter_misc":{"Written by":"Uredni\u0161tvo Celjana","Est. reading time":"2 minuti"},"schema":{"@context":"https:\/\/schema.org","@graph":[{"@type":"Article","@id":"https:\/\/novice.si\/page\/ultra-trail-savinja-celjane-pognal-na-tek-in-pohode\/#article","isPartOf":{"@id":"https:\/\/novice.si\/page\/ultra-trail-savinja-celjane-pognal-na-tek-in-pohode\/"},"author":{"name":"Uredni\u0161tvo Celjana","@id":"https:\/\/novice.si\/page\/#\/schema\/person\/a49f233ef2777ec7b2e8d0662325bb48"},"headline":"Ultra trail Savinja Celjane pognal na tek in pohode","datePublished":"2023-09-06T12:01:29+00:00","mainEntityOfPage":{"@id":"https:\/\/novice.si\/page\/ultra-trail-savinja-celjane-pognal-na-tek-in-pohode\/"},"wordCount":243,"publisher":{"@id":"https:\/\/novice.si\/page\/#organization"},"image":{"@id":"https:\/\/novice.si\/page\/ultra-trail-savinja-celjane-pognal-na-tek-in-pohode\/#primaryimage"},"thumbnailUrl":"https:\/\/novice.si\/page\/wp-content\/uploads\/2023\/09\/cz-ultra-trail-Savinja.jpg","articleSection":["Aktualno","Celjan","Celjsko","\u0160port"],"inLanguage":"sl-SI"},{"@type":"WebPage","@id":"https:\/\/novice.si\/page\/ultra-trail-savinja-celjane-pognal-na-tek-in-pohode\/","url":"https:\/\/novice.si\/page\/ultra-trail-savinja-celjane-pognal-na-tek-in-pohode\/","name":"Ultra trail Savinja Celjane pognal na tek in pohode - Novice.si","isPartOf":{"@id":"https:\/\/novice.si\/page\/#website"},"primaryImageOfPage":{"@id":"https:\/\/novice.si\/page\/ultra-trail-savinja-celjane-pognal-na-tek-in-pohode\/#primaryimage"},"image":{"@id":"https:\/\/novice.si\/page\/ultra-trail-savinja-celjane-pognal-na-tek-in-pohode\/#primaryimage"},"thumbnailUrl":"https:\/\/novice.si\/page\/wp-content\/uploads\/2023\/09\/cz-ultra-trail-Savinja.jpg","datePublished":"2023-09-06T12:01:29+00:00","breadcrumb":{"@id":"https:\/\/novice.si\/page\/ultra-trail-savinja-celjane-pognal-na-tek-in-pohode\/#breadcrumb"},"inLanguage":"sl-SI","potentialAction":[{"@type":"ReadAction","target":["https:\/\/novice.si\/page\/ultra-trail-savinja-celjane-pognal-na-tek-in-pohode\/"]}]},{"@type":"ImageObject","inLanguage":"sl-SI","@id":"https:\/\/novice.si\/page\/ultra-trail-savinja-celjane-pognal-na-tek-in-pohode\/#primaryimage","url":"https:\/\/novice.si\/page\/wp-content\/uploads\/2023\/09\/cz-ultra-trail-Savinja.jpg","contentUrl":"https:\/\/novice.si\/page\/wp-content\/uploads\/2023\/09\/cz-ultra-trail-Savinja.jpg","width":2048,"height":1536,"caption":"ultra trail savinja"},{"@type":"BreadcrumbList","@id":"https:\/\/novice.si\/page\/ultra-trail-savinja-celjane-pognal-na-tek-in-pohode\/#breadcrumb","itemListElement":[{"@type":"ListItem","position":1,"name":"Home","item":"https:\/\/novice.si\/page\/"},{"@type":"ListItem","position":2,"name":"Ultra trail Savinja Celjane pognal na tek in pohode"}]},{"@type":"WebSite","@id":"https:\/\/novice.si\/page\/#website","url":"https:\/\/novice.si\/page\/","name":"Novice.si","description":"","publisher":{"@id":"https:\/\/novice.si\/page\/#organization"},"potentialAction":[{"@type":"SearchAction","target":{"@type":"EntryPoint","urlTemplate":"https:\/\/novice.si\/page\/?s={search_term_string}"},"query-input":{"@type":"PropertyValueSpecification","valueRequired":true,"valueName":"search_term_string"}}],"inLanguage":"sl-SI"},{"@type":"Organization","@id":"https:\/\/novice.si\/page\/#organization","name":"Novice.si","url":"https:\/\/novice.si\/page\/","logo":{"@type":"ImageObject","inLanguage":"sl-SI","@id":"https:\/\/novice.si\/page\/#\/schema\/logo\/image\/","url":"https:\/\/novice.si\/page\/wp-content\/uploads\/2023\/03\/novice_si.png","contentUrl":"https:\/\/novice.si\/page\/wp-content\/uploads\/2023\/03\/novice_si.png","width":576,"height":200,"caption":"Novice.si"},"image":{"@id":"https:\/\/novice.si\/page\/#\/schema\/logo\/image\/"}},{"@type":"Person","@id":"https:\/\/novice.si\/page\/#\/schema\/person\/a49f233ef2777ec7b2e8d0662325bb48","name":"Uredni\u0161tvo Celjana","image":{"@type":"ImageObject","inLanguage":"sl-SI","@id":"https:\/\/secure.gravatar.com\/avatar\/7f7863e616af8f92806c638dd1db3f1a238d83d1cc2ec3100afc06fbb7eb303f?s=96&d=mm&r=g","url":"https:\/\/secure.gravatar.com\/avatar\/7f7863e616af8f92806c638dd1db3f1a238d83d1cc2ec3100afc06fbb7eb303f?s=96&d=mm&r=g","contentUrl":"https:\/\/secure.gravatar.com\/avatar\/7f7863e616af8f92806c638dd1db3f1a238d83d1cc2ec3100afc06fbb7eb303f?s=96&d=mm&r=g","caption":"Uredni\u0161tvo Celjana"},"url":"https:\/\/novice.si\/page\/author\/maja\/"}]}},"_links":{"self":[{"href":"https:\/\/novice.si\/page\/wp-json\/wp\/v2\/posts\/167178","targetHints":{"allow":["GET"]}}],"collection":[{"href":"https:\/\/novice.si\/page\/wp-json\/wp\/v2\/posts"}],"about":[{"href":"https:\/\/novice.si\/page\/wp-json\/wp\/v2\/types\/post"}],"author":[{"embeddable":true,"href":"https:\/\/novice.si\/page\/wp-json\/wp\/v2\/users\/55"}],"replies":[{"embeddable":true,"href":"https:\/\/novice.si\/page\/wp-json\/wp\/v2\/comments?post=167178"}],"version-history":[{"count":1,"href":"https:\/\/novice.si\/page\/wp-json\/wp\/v2\/posts\/167178\/revisions"}],"predecessor-version":[{"id":167180,"href":"https:\/\/novice.si\/page\/wp-json\/wp\/v2\/posts\/167178\/revisions\/167180"}],"wp:featuredmedia":[{"embeddable":true,"href":"https:\/\/novice.si\/page\/wp-json\/wp\/v2\/media\/167179"}],"wp:attachment":[{"href":"https:\/\/novice.si\/page\/wp-json\/wp\/v2\/media?parent=167178"}],"wp:term":[{"taxonomy":"category","embeddable":true,"href":"https:\/\/novice.si\/page\/wp-json\/wp\/v2\/categories?post=167178"},{"taxonomy":"post_tag","embeddable":true,"href":"https:\/\/novice.si\/page\/wp-json\/wp\/v2\/tags?post=167178"}],"curies":[{"name":"wp","href":"https:\/\/api.w.org\/{rel}","templated":true}]}}