{"id":167172,"date":"2023-09-07T07:45:50","date_gmt":"2023-09-07T05:45:50","guid":{"rendered":"https:\/\/novice.si\/page\/?p=167172"},"modified":"2023-09-06T13:30:00","modified_gmt":"2023-09-06T11:30:00","slug":"denarja-za-odpravo-posledic-neurij-premalo-tudi-na-sirsem-konjiskem","status":"publish","type":"post","link":"https:\/\/novice.si\/page\/denarja-za-odpravo-posledic-neurij-premalo-tudi-na-sirsem-konjiskem\/","title":{"rendered":"Denarja za odpravo posledic neurij premalo tudi na \u0161ir\u0161em Konji\u0161kem"},"content":{"rendered":"<p><img loading=\"lazy\" decoding=\"async\" class=\"alignnone size-medium wp-image-167173\" src=\"https:\/\/novice.si\/page\/wp-content\/uploads\/2023\/09\/neurja-skoda-2-600x394.jpg\" alt=\"\" width=\"600\" height=\"394\" srcset=\"https:\/\/novice.si\/page\/wp-content\/uploads\/2023\/09\/neurja-skoda-2-600x394.jpg 600w, https:\/\/novice.si\/page\/wp-content\/uploads\/2023\/09\/neurja-skoda-2-1024x672.jpg 1024w, https:\/\/novice.si\/page\/wp-content\/uploads\/2023\/09\/neurja-skoda-2-768x504.jpg 768w, https:\/\/novice.si\/page\/wp-content\/uploads\/2023\/09\/neurja-skoda-2-696x457.jpg 696w, https:\/\/novice.si\/page\/wp-content\/uploads\/2023\/09\/neurja-skoda-2-741x486.jpg 741w, https:\/\/novice.si\/page\/wp-content\/uploads\/2023\/09\/neurja-skoda-2-1068x701.jpg 1068w, https:\/\/novice.si\/page\/wp-content\/uploads\/2023\/09\/neurja-skoda-2-640x420.jpg 640w, https:\/\/novice.si\/page\/wp-content\/uploads\/2023\/09\/neurja-skoda-2-24x16.jpg 24w, https:\/\/novice.si\/page\/wp-content\/uploads\/2023\/09\/neurja-skoda-2-36x24.jpg 36w, https:\/\/novice.si\/page\/wp-content\/uploads\/2023\/09\/neurja-skoda-2-48x32.jpg 48w, https:\/\/novice.si\/page\/wp-content\/uploads\/2023\/09\/neurja-skoda-2.jpg 1505w\" sizes=\"auto, (max-width: 600px) 100vw, 600px\" \/><br \/>\nPoletna neurja z orkanskim vetrom, mo\u010dnimi nalivi in to\u010do so glede na ostale regije, bila ob\u010dinam Slovenske Konjice, Zre\u010de, Vitanje in Oplotnica \u0161e kar prizanesljiva. Stro\u0161ki intervencij in sanacij pa so kljub temu visoki.<br \/>\nNa Ob\u010dini Slovenske Konjice so stro\u0161ke sanacij cest ocenili na 250.000 evrov. Za sanacijo plazov ocenjujejo, da bodo potrebovali pribli\u017eno 750.000 evrov. \u0160kode na javnih objektih pa naj bi bilo za 70.000 evrov. Skupna ocena \u0161kode na Zre\u0161kem zna\u0161a 612.000 evrov, od tega na stvareh v upravljanju Ob\u010dine 482.000 evrov.<br \/>\nTrenutna ocena \u0161kode na javni infrastrukturi na Vitanjskem se bli\u017ea \u0161tevilki 300.000 evrov. Po grobih ocenah pa se \u0161koda na privatni lastnini giblje okoli 500.000 evrov. Nekaj sto tiso\u010d evrov bo \u0161kode tudi na Oplotni\u0161kem. Sicer pa dokon\u010dnih \u0161tevilk o \u0161kodi \u0161e vedno nimajo, saj podatke \u0161e zbirajo. \u017de zdaj pa je jasno, da denarja v ob\u010dinskih prora\u010dunih za odpravo vseh posledic neurij ne bo dovolj, zato vsi upajo tudi na pomo\u010d dr\u017eave. <em>Podrobneje v dana\u0161nji \u0161tevilki lokalnega \u010dasopisa NOVICE.<\/em> (Jure Mernik)<\/p>\n","protected":false},"excerpt":{"rendered":"<p>Poletna neurja z orkanskim vetrom, mo\u010dnimi nalivi in to\u010do so glede na ostale regije, bila ob\u010dinam Slovenske Konjice, Zre\u010de, Vitanje in Oplotnica \u0161e kar prizanesljiva. Stro\u0161ki intervencij in sanacij pa so kljub temu visoki. Na Ob\u010dini Slovenske Konjice so stro\u0161ke sanacij cest ocenili na 250.000 evrov. Za sanacijo plazov ocenjujejo, da bodo potrebovali pribli\u017eno 750.000 [&hellip;]<\/p>\n","protected":false},"author":7,"featured_media":167173,"comment_status":"closed","ping_status":"closed","sticky":false,"template":"","format":"standard","meta":{"footnotes":""},"categories":[14,16],"tags":[18298,7917],"class_list":{"0":"post-167172","1":"post","2":"type-post","3":"status-publish","4":"format-standard","5":"has-post-thumbnail","7":"category-aktualno","8":"category-konjisko","9":"tag-neurja","10":"tag-ocena-skode"},"yoast_head":"<!-- This site is optimized with the Yoast SEO plugin v27.4 - https:\/\/yoast.com\/product\/yoast-seo-wordpress\/ -->\n<title>Denarja za odpravo posledic neurij premalo tudi na \u0161ir\u0161em Konji\u0161kem - Novice.si<\/title>\n<meta name=\"robots\" content=\"index, follow, max-snippet:-1, max-image-preview:large, max-video-preview:-1\" \/>\n<link rel=\"canonical\" href=\"https:\/\/novice.si\/page\/denarja-za-odpravo-posledic-neurij-premalo-tudi-na-sirsem-konjiskem\/\" \/>\n<meta property=\"og:locale\" content=\"sl_SI\" \/>\n<meta property=\"og:type\" content=\"article\" \/>\n<meta property=\"og:title\" content=\"Denarja za odpravo posledic neurij premalo tudi na \u0161ir\u0161em Konji\u0161kem - Novice.si\" \/>\n<meta property=\"og:description\" content=\"Poletna neurja z orkanskim vetrom, mo\u010dnimi nalivi in to\u010do so glede na ostale regije, bila ob\u010dinam Slovenske Konjice, Zre\u010de, Vitanje in Oplotnica \u0161e kar prizanesljiva. Stro\u0161ki intervencij in sanacij pa so kljub temu visoki. Na Ob\u010dini Slovenske Konjice so stro\u0161ke sanacij cest ocenili na 250.000 evrov. Za sanacijo plazov ocenjujejo, da bodo potrebovali pribli\u017eno 750.000 [&hellip;]\" \/>\n<meta property=\"og:url\" content=\"https:\/\/novice.si\/page\/denarja-za-odpravo-posledic-neurij-premalo-tudi-na-sirsem-konjiskem\/\" \/>\n<meta property=\"og:site_name\" content=\"Novice.si\" \/>\n<meta property=\"article:published_time\" content=\"2023-09-07T05:45:50+00:00\" \/>\n<meta property=\"og:image\" content=\"https:\/\/novice.si\/page\/wp-content\/uploads\/2023\/09\/neurja-skoda-2.jpg\" \/>\n\t<meta property=\"og:image:width\" content=\"1505\" \/>\n\t<meta property=\"og:image:height\" content=\"988\" \/>\n\t<meta property=\"og:image:type\" content=\"image\/jpeg\" \/>\n<meta name=\"author\" content=\"Uredni\u0161tvo Novic\" \/>\n<meta name=\"twitter:card\" content=\"summary_large_image\" \/>\n<meta name=\"twitter:label1\" content=\"Written by\" \/>\n\t<meta name=\"twitter:data1\" content=\"Uredni\u0161tvo Novic\" \/>\n\t<meta name=\"twitter:label2\" content=\"Est. reading time\" \/>\n\t<meta name=\"twitter:data2\" content=\"2 minuti\" \/>\n<script type=\"application\/ld+json\" class=\"yoast-schema-graph\">{\"@context\":\"https:\\\/\\\/schema.org\",\"@graph\":[{\"@type\":\"Article\",\"@id\":\"https:\\\/\\\/novice.si\\\/page\\\/denarja-za-odpravo-posledic-neurij-premalo-tudi-na-sirsem-konjiskem\\\/#article\",\"isPartOf\":{\"@id\":\"https:\\\/\\\/novice.si\\\/page\\\/denarja-za-odpravo-posledic-neurij-premalo-tudi-na-sirsem-konjiskem\\\/\"},\"author\":{\"name\":\"Uredni\u0161tvo Novic\",\"@id\":\"https:\\\/\\\/novice.si\\\/page\\\/#\\\/schema\\\/person\\\/a877dbb8680d441357ce27663beb35ca\"},\"headline\":\"Denarja za odpravo posledic neurij premalo tudi na \u0161ir\u0161em Konji\u0161kem\",\"datePublished\":\"2023-09-07T05:45:50+00:00\",\"mainEntityOfPage\":{\"@id\":\"https:\\\/\\\/novice.si\\\/page\\\/denarja-za-odpravo-posledic-neurij-premalo-tudi-na-sirsem-konjiskem\\\/\"},\"wordCount\":189,\"publisher\":{\"@id\":\"https:\\\/\\\/novice.si\\\/page\\\/#organization\"},\"image\":{\"@id\":\"https:\\\/\\\/novice.si\\\/page\\\/denarja-za-odpravo-posledic-neurij-premalo-tudi-na-sirsem-konjiskem\\\/#primaryimage\"},\"thumbnailUrl\":\"https:\\\/\\\/novice.si\\\/page\\\/wp-content\\\/uploads\\\/2023\\\/09\\\/neurja-skoda-2.jpg\",\"keywords\":[\"neurja\",\"ocena \u0161kode\"],\"articleSection\":[\"Aktualno\",\"Konji\u0161ko\"],\"inLanguage\":\"sl-SI\"},{\"@type\":\"WebPage\",\"@id\":\"https:\\\/\\\/novice.si\\\/page\\\/denarja-za-odpravo-posledic-neurij-premalo-tudi-na-sirsem-konjiskem\\\/\",\"url\":\"https:\\\/\\\/novice.si\\\/page\\\/denarja-za-odpravo-posledic-neurij-premalo-tudi-na-sirsem-konjiskem\\\/\",\"name\":\"Denarja za odpravo posledic neurij premalo tudi na \u0161ir\u0161em Konji\u0161kem - Novice.si\",\"isPartOf\":{\"@id\":\"https:\\\/\\\/novice.si\\\/page\\\/#website\"},\"primaryImageOfPage\":{\"@id\":\"https:\\\/\\\/novice.si\\\/page\\\/denarja-za-odpravo-posledic-neurij-premalo-tudi-na-sirsem-konjiskem\\\/#primaryimage\"},\"image\":{\"@id\":\"https:\\\/\\\/novice.si\\\/page\\\/denarja-za-odpravo-posledic-neurij-premalo-tudi-na-sirsem-konjiskem\\\/#primaryimage\"},\"thumbnailUrl\":\"https:\\\/\\\/novice.si\\\/page\\\/wp-content\\\/uploads\\\/2023\\\/09\\\/neurja-skoda-2.jpg\",\"datePublished\":\"2023-09-07T05:45:50+00:00\",\"breadcrumb\":{\"@id\":\"https:\\\/\\\/novice.si\\\/page\\\/denarja-za-odpravo-posledic-neurij-premalo-tudi-na-sirsem-konjiskem\\\/#breadcrumb\"},\"inLanguage\":\"sl-SI\",\"potentialAction\":[{\"@type\":\"ReadAction\",\"target\":[\"https:\\\/\\\/novice.si\\\/page\\\/denarja-za-odpravo-posledic-neurij-premalo-tudi-na-sirsem-konjiskem\\\/\"]}]},{\"@type\":\"ImageObject\",\"inLanguage\":\"sl-SI\",\"@id\":\"https:\\\/\\\/novice.si\\\/page\\\/denarja-za-odpravo-posledic-neurij-premalo-tudi-na-sirsem-konjiskem\\\/#primaryimage\",\"url\":\"https:\\\/\\\/novice.si\\\/page\\\/wp-content\\\/uploads\\\/2023\\\/09\\\/neurja-skoda-2.jpg\",\"contentUrl\":\"https:\\\/\\\/novice.si\\\/page\\\/wp-content\\\/uploads\\\/2023\\\/09\\\/neurja-skoda-2.jpg\",\"width\":1505,\"height\":988},{\"@type\":\"BreadcrumbList\",\"@id\":\"https:\\\/\\\/novice.si\\\/page\\\/denarja-za-odpravo-posledic-neurij-premalo-tudi-na-sirsem-konjiskem\\\/#breadcrumb\",\"itemListElement\":[{\"@type\":\"ListItem\",\"position\":1,\"name\":\"Home\",\"item\":\"https:\\\/\\\/novice.si\\\/page\\\/\"},{\"@type\":\"ListItem\",\"position\":2,\"name\":\"Denarja za odpravo posledic neurij premalo tudi na \u0161ir\u0161em Konji\u0161kem\"}]},{\"@type\":\"WebSite\",\"@id\":\"https:\\\/\\\/novice.si\\\/page\\\/#website\",\"url\":\"https:\\\/\\\/novice.si\\\/page\\\/\",\"name\":\"Novice.si\",\"description\":\"\",\"publisher\":{\"@id\":\"https:\\\/\\\/novice.si\\\/page\\\/#organization\"},\"potentialAction\":[{\"@type\":\"SearchAction\",\"target\":{\"@type\":\"EntryPoint\",\"urlTemplate\":\"https:\\\/\\\/novice.si\\\/page\\\/?s={search_term_string}\"},\"query-input\":{\"@type\":\"PropertyValueSpecification\",\"valueRequired\":true,\"valueName\":\"search_term_string\"}}],\"inLanguage\":\"sl-SI\"},{\"@type\":\"Organization\",\"@id\":\"https:\\\/\\\/novice.si\\\/page\\\/#organization\",\"name\":\"Novice.si\",\"url\":\"https:\\\/\\\/novice.si\\\/page\\\/\",\"logo\":{\"@type\":\"ImageObject\",\"inLanguage\":\"sl-SI\",\"@id\":\"https:\\\/\\\/novice.si\\\/page\\\/#\\\/schema\\\/logo\\\/image\\\/\",\"url\":\"https:\\\/\\\/novice.si\\\/page\\\/wp-content\\\/uploads\\\/2023\\\/03\\\/novice_si.png\",\"contentUrl\":\"https:\\\/\\\/novice.si\\\/page\\\/wp-content\\\/uploads\\\/2023\\\/03\\\/novice_si.png\",\"width\":576,\"height\":200,\"caption\":\"Novice.si\"},\"image\":{\"@id\":\"https:\\\/\\\/novice.si\\\/page\\\/#\\\/schema\\\/logo\\\/image\\\/\"}},{\"@type\":\"Person\",\"@id\":\"https:\\\/\\\/novice.si\\\/page\\\/#\\\/schema\\\/person\\\/a877dbb8680d441357ce27663beb35ca\",\"name\":\"Uredni\u0161tvo Novic\",\"image\":{\"@type\":\"ImageObject\",\"inLanguage\":\"sl-SI\",\"@id\":\"https:\\\/\\\/secure.gravatar.com\\\/avatar\\\/f19c0ae874706cc9ba19d2f6da5f74a5a5ee7674f283fed29ce0ad16a9f1893e?s=96&d=mm&r=g\",\"url\":\"https:\\\/\\\/secure.gravatar.com\\\/avatar\\\/f19c0ae874706cc9ba19d2f6da5f74a5a5ee7674f283fed29ce0ad16a9f1893e?s=96&d=mm&r=g\",\"contentUrl\":\"https:\\\/\\\/secure.gravatar.com\\\/avatar\\\/f19c0ae874706cc9ba19d2f6da5f74a5a5ee7674f283fed29ce0ad16a9f1893e?s=96&d=mm&r=g\",\"caption\":\"Uredni\u0161tvo Novic\"},\"url\":\"https:\\\/\\\/novice.si\\\/page\\\/author\\\/jure\\\/\"}]}<\/script>\n<!-- \/ Yoast SEO plugin. -->","yoast_head_json":{"title":"Denarja za odpravo posledic neurij premalo tudi na \u0161ir\u0161em Konji\u0161kem - Novice.si","robots":{"index":"index","follow":"follow","max-snippet":"max-snippet:-1","max-image-preview":"max-image-preview:large","max-video-preview":"max-video-preview:-1"},"canonical":"https:\/\/novice.si\/page\/denarja-za-odpravo-posledic-neurij-premalo-tudi-na-sirsem-konjiskem\/","og_locale":"sl_SI","og_type":"article","og_title":"Denarja za odpravo posledic neurij premalo tudi na \u0161ir\u0161em Konji\u0161kem - Novice.si","og_description":"Poletna neurja z orkanskim vetrom, mo\u010dnimi nalivi in to\u010do so glede na ostale regije, bila ob\u010dinam Slovenske Konjice, Zre\u010de, Vitanje in Oplotnica \u0161e kar prizanesljiva. Stro\u0161ki intervencij in sanacij pa so kljub temu visoki. Na Ob\u010dini Slovenske Konjice so stro\u0161ke sanacij cest ocenili na 250.000 evrov. Za sanacijo plazov ocenjujejo, da bodo potrebovali pribli\u017eno 750.000 [&hellip;]","og_url":"https:\/\/novice.si\/page\/denarja-za-odpravo-posledic-neurij-premalo-tudi-na-sirsem-konjiskem\/","og_site_name":"Novice.si","article_published_time":"2023-09-07T05:45:50+00:00","og_image":[{"width":1505,"height":988,"url":"https:\/\/novice.si\/page\/wp-content\/uploads\/2023\/09\/neurja-skoda-2.jpg","type":"image\/jpeg"}],"author":"Uredni\u0161tvo Novic","twitter_card":"summary_large_image","twitter_misc":{"Written by":"Uredni\u0161tvo Novic","Est. reading time":"2 minuti"},"schema":{"@context":"https:\/\/schema.org","@graph":[{"@type":"Article","@id":"https:\/\/novice.si\/page\/denarja-za-odpravo-posledic-neurij-premalo-tudi-na-sirsem-konjiskem\/#article","isPartOf":{"@id":"https:\/\/novice.si\/page\/denarja-za-odpravo-posledic-neurij-premalo-tudi-na-sirsem-konjiskem\/"},"author":{"name":"Uredni\u0161tvo Novic","@id":"https:\/\/novice.si\/page\/#\/schema\/person\/a877dbb8680d441357ce27663beb35ca"},"headline":"Denarja za odpravo posledic neurij premalo tudi na \u0161ir\u0161em Konji\u0161kem","datePublished":"2023-09-07T05:45:50+00:00","mainEntityOfPage":{"@id":"https:\/\/novice.si\/page\/denarja-za-odpravo-posledic-neurij-premalo-tudi-na-sirsem-konjiskem\/"},"wordCount":189,"publisher":{"@id":"https:\/\/novice.si\/page\/#organization"},"image":{"@id":"https:\/\/novice.si\/page\/denarja-za-odpravo-posledic-neurij-premalo-tudi-na-sirsem-konjiskem\/#primaryimage"},"thumbnailUrl":"https:\/\/novice.si\/page\/wp-content\/uploads\/2023\/09\/neurja-skoda-2.jpg","keywords":["neurja","ocena \u0161kode"],"articleSection":["Aktualno","Konji\u0161ko"],"inLanguage":"sl-SI"},{"@type":"WebPage","@id":"https:\/\/novice.si\/page\/denarja-za-odpravo-posledic-neurij-premalo-tudi-na-sirsem-konjiskem\/","url":"https:\/\/novice.si\/page\/denarja-za-odpravo-posledic-neurij-premalo-tudi-na-sirsem-konjiskem\/","name":"Denarja za odpravo posledic neurij premalo tudi na \u0161ir\u0161em Konji\u0161kem - Novice.si","isPartOf":{"@id":"https:\/\/novice.si\/page\/#website"},"primaryImageOfPage":{"@id":"https:\/\/novice.si\/page\/denarja-za-odpravo-posledic-neurij-premalo-tudi-na-sirsem-konjiskem\/#primaryimage"},"image":{"@id":"https:\/\/novice.si\/page\/denarja-za-odpravo-posledic-neurij-premalo-tudi-na-sirsem-konjiskem\/#primaryimage"},"thumbnailUrl":"https:\/\/novice.si\/page\/wp-content\/uploads\/2023\/09\/neurja-skoda-2.jpg","datePublished":"2023-09-07T05:45:50+00:00","breadcrumb":{"@id":"https:\/\/novice.si\/page\/denarja-za-odpravo-posledic-neurij-premalo-tudi-na-sirsem-konjiskem\/#breadcrumb"},"inLanguage":"sl-SI","potentialAction":[{"@type":"ReadAction","target":["https:\/\/novice.si\/page\/denarja-za-odpravo-posledic-neurij-premalo-tudi-na-sirsem-konjiskem\/"]}]},{"@type":"ImageObject","inLanguage":"sl-SI","@id":"https:\/\/novice.si\/page\/denarja-za-odpravo-posledic-neurij-premalo-tudi-na-sirsem-konjiskem\/#primaryimage","url":"https:\/\/novice.si\/page\/wp-content\/uploads\/2023\/09\/neurja-skoda-2.jpg","contentUrl":"https:\/\/novice.si\/page\/wp-content\/uploads\/2023\/09\/neurja-skoda-2.jpg","width":1505,"height":988},{"@type":"BreadcrumbList","@id":"https:\/\/novice.si\/page\/denarja-za-odpravo-posledic-neurij-premalo-tudi-na-sirsem-konjiskem\/#breadcrumb","itemListElement":[{"@type":"ListItem","position":1,"name":"Home","item":"https:\/\/novice.si\/page\/"},{"@type":"ListItem","position":2,"name":"Denarja za odpravo posledic neurij premalo tudi na \u0161ir\u0161em Konji\u0161kem"}]},{"@type":"WebSite","@id":"https:\/\/novice.si\/page\/#website","url":"https:\/\/novice.si\/page\/","name":"Novice.si","description":"","publisher":{"@id":"https:\/\/novice.si\/page\/#organization"},"potentialAction":[{"@type":"SearchAction","target":{"@type":"EntryPoint","urlTemplate":"https:\/\/novice.si\/page\/?s={search_term_string}"},"query-input":{"@type":"PropertyValueSpecification","valueRequired":true,"valueName":"search_term_string"}}],"inLanguage":"sl-SI"},{"@type":"Organization","@id":"https:\/\/novice.si\/page\/#organization","name":"Novice.si","url":"https:\/\/novice.si\/page\/","logo":{"@type":"ImageObject","inLanguage":"sl-SI","@id":"https:\/\/novice.si\/page\/#\/schema\/logo\/image\/","url":"https:\/\/novice.si\/page\/wp-content\/uploads\/2023\/03\/novice_si.png","contentUrl":"https:\/\/novice.si\/page\/wp-content\/uploads\/2023\/03\/novice_si.png","width":576,"height":200,"caption":"Novice.si"},"image":{"@id":"https:\/\/novice.si\/page\/#\/schema\/logo\/image\/"}},{"@type":"Person","@id":"https:\/\/novice.si\/page\/#\/schema\/person\/a877dbb8680d441357ce27663beb35ca","name":"Uredni\u0161tvo Novic","image":{"@type":"ImageObject","inLanguage":"sl-SI","@id":"https:\/\/secure.gravatar.com\/avatar\/f19c0ae874706cc9ba19d2f6da5f74a5a5ee7674f283fed29ce0ad16a9f1893e?s=96&d=mm&r=g","url":"https:\/\/secure.gravatar.com\/avatar\/f19c0ae874706cc9ba19d2f6da5f74a5a5ee7674f283fed29ce0ad16a9f1893e?s=96&d=mm&r=g","contentUrl":"https:\/\/secure.gravatar.com\/avatar\/f19c0ae874706cc9ba19d2f6da5f74a5a5ee7674f283fed29ce0ad16a9f1893e?s=96&d=mm&r=g","caption":"Uredni\u0161tvo Novic"},"url":"https:\/\/novice.si\/page\/author\/jure\/"}]}},"_links":{"self":[{"href":"https:\/\/novice.si\/page\/wp-json\/wp\/v2\/posts\/167172","targetHints":{"allow":["GET"]}}],"collection":[{"href":"https:\/\/novice.si\/page\/wp-json\/wp\/v2\/posts"}],"about":[{"href":"https:\/\/novice.si\/page\/wp-json\/wp\/v2\/types\/post"}],"author":[{"embeddable":true,"href":"https:\/\/novice.si\/page\/wp-json\/wp\/v2\/users\/7"}],"replies":[{"embeddable":true,"href":"https:\/\/novice.si\/page\/wp-json\/wp\/v2\/comments?post=167172"}],"version-history":[{"count":1,"href":"https:\/\/novice.si\/page\/wp-json\/wp\/v2\/posts\/167172\/revisions"}],"predecessor-version":[{"id":167174,"href":"https:\/\/novice.si\/page\/wp-json\/wp\/v2\/posts\/167172\/revisions\/167174"}],"wp:featuredmedia":[{"embeddable":true,"href":"https:\/\/novice.si\/page\/wp-json\/wp\/v2\/media\/167173"}],"wp:attachment":[{"href":"https:\/\/novice.si\/page\/wp-json\/wp\/v2\/media?parent=167172"}],"wp:term":[{"taxonomy":"category","embeddable":true,"href":"https:\/\/novice.si\/page\/wp-json\/wp\/v2\/categories?post=167172"},{"taxonomy":"post_tag","embeddable":true,"href":"https:\/\/novice.si\/page\/wp-json\/wp\/v2\/tags?post=167172"}],"curies":[{"name":"wp","href":"https:\/\/api.w.org\/{rel}","templated":true}]}}