{"id":167153,"date":"2023-09-02T12:29:11","date_gmt":"2023-09-02T10:29:11","guid":{"rendered":"https:\/\/novice.si\/page\/?p=167153"},"modified":"2023-09-06T12:33:39","modified_gmt":"2023-09-06T10:33:39","slug":"kako-so-na-novo-solsko-leto-pripravljeni-na-konjiskem-zreskem-in-vitanjskem","status":"publish","type":"post","link":"https:\/\/novice.si\/page\/kako-so-na-novo-solsko-leto-pripravljeni-na-konjiskem-zreskem-in-vitanjskem\/","title":{"rendered":"Kako so na novo \u0161olsko leto pripravljeni na Konji\u0161kem, Zre\u0161kem in Vitanjskem?"},"content":{"rendered":"<p><img loading=\"lazy\" decoding=\"async\" class=\"alignnone size-medium wp-image-167154\" src=\"https:\/\/novice.si\/page\/wp-content\/uploads\/2023\/09\/OS-Ob-Dravinji-2023_resize-600x450.jpg\" alt=\"\" width=\"600\" height=\"450\" srcset=\"https:\/\/novice.si\/page\/wp-content\/uploads\/2023\/09\/OS-Ob-Dravinji-2023_resize-600x450.jpg 600w, https:\/\/novice.si\/page\/wp-content\/uploads\/2023\/09\/OS-Ob-Dravinji-2023_resize-768x576.jpg 768w, https:\/\/novice.si\/page\/wp-content\/uploads\/2023\/09\/OS-Ob-Dravinji-2023_resize-80x60.jpg 80w, https:\/\/novice.si\/page\/wp-content\/uploads\/2023\/09\/OS-Ob-Dravinji-2023_resize-265x198.jpg 265w, https:\/\/novice.si\/page\/wp-content\/uploads\/2023\/09\/OS-Ob-Dravinji-2023_resize-696x522.jpg 696w, https:\/\/novice.si\/page\/wp-content\/uploads\/2023\/09\/OS-Ob-Dravinji-2023_resize-560x420.jpg 560w, https:\/\/novice.si\/page\/wp-content\/uploads\/2023\/09\/OS-Ob-Dravinji-2023_resize-24x18.jpg 24w, https:\/\/novice.si\/page\/wp-content\/uploads\/2023\/09\/OS-Ob-Dravinji-2023_resize-36x27.jpg 36w, https:\/\/novice.si\/page\/wp-content\/uploads\/2023\/09\/OS-Ob-Dravinji-2023_resize-48x36.jpg 48w, https:\/\/novice.si\/page\/wp-content\/uploads\/2023\/09\/OS-Ob-Dravinji-2023_resize.jpg 800w\" sizes=\"auto, (max-width: 600px) 100vw, 600px\" \/><br \/>\nZa\u010delo se je novo \u0161olsko leto . Nanj so se dobro pripravili tudi na osnovnih \u0161olah konji\u0161ke, zre\u0161ke in vitanjske ob\u010dine. Dale\u010d najbolj opazni so bili gradbinci med poletnimi po\u010ditnicami na konji\u0161ki \u0161oli Pod goro, kjer obnavljajo najstarej\u0161i del stavbe \u2013 tamkaj\u0161nji u\u010denci od prvega do petega razreda bodo prav zaradi del \u0161e celo \u0161olsko leto na nadomestnih lokacijah.<br \/>\nV \u0160pitali\u010du, ki je podru\u017enica O\u0160 Pod goro, so urejali okolico \u0161ole \u2013 uredili so odvodnjavanje vode. Na \u0161oli Ob Dravinji so med drugim uredili sistem zra\u010denja v \u0161olski kuhinji in namestili novo napo. Na Svetem Jerneju, kjer je podru\u017enica lo\u0161ke \u0161ole, so odstranili obstoje\u010do greznico in vgradili novo komunalno \u010distilno napravo. Uredili so tudi dvori\u0161\u010de. Sanacije stropov in dimnika je bila dele\u017ena \u0161ola v \u017di\u010dah. \u0160e vedno pa poteka sanacija mati\u010dne \u0161ole v Lo\u010dah, kjer so po neurju 25. julija, ostali brez dela strehe. Zaradi neurja in de\u017eja je pri\u0161lo tudi do zamakanja nekaterih prostorov.<br \/>\nV Zre\u010dah so nakupili nekaj novega pohi\u0161tva ter obnovili dve u\u010dilnici in strope na hodniku v \u0161portni dvorani. Njihova najve\u010dja pridobitev pa je nova kotlovnica na podru\u017eni\u010dni \u0161oli na Stranicah. Gre za projekt, ki ga je sicer v celoti vodila Ob\u010dina Zre\u010de.<br \/>\nV Vitanju so poleg teko\u010dih vzdr\u017eevalnih del nadaljevali \u0161e z gradnjo novega vrtca ob \u0161oli.<\/p>\n","protected":false},"excerpt":{"rendered":"<p>Za\u010delo se je novo \u0161olsko leto . Nanj so se dobro pripravili tudi na osnovnih \u0161olah konji\u0161ke, zre\u0161ke in vitanjske ob\u010dine. Dale\u010d najbolj opazni so bili gradbinci med poletnimi po\u010ditnicami na konji\u0161ki \u0161oli Pod goro, kjer obnavljajo najstarej\u0161i del stavbe \u2013 tamkaj\u0161nji u\u010denci od prvega do petega razreda bodo prav zaradi del \u0161e celo \u0161olsko [&hellip;]<\/p>\n","protected":false},"author":7,"featured_media":167154,"comment_status":"closed","ping_status":"closed","sticky":false,"template":"","format":"standard","meta":{"footnotes":""},"categories":[14,16],"tags":[513],"class_list":{"0":"post-167153","1":"post","2":"type-post","3":"status-publish","4":"format-standard","5":"has-post-thumbnail","7":"category-aktualno","8":"category-konjisko","9":"tag-novo-solsko-leto"},"yoast_head":"<!-- This site is optimized with the Yoast SEO plugin v27.4 - https:\/\/yoast.com\/product\/yoast-seo-wordpress\/ -->\n<title>Kako so na novo \u0161olsko leto pripravljeni na Konji\u0161kem, Zre\u0161kem in Vitanjskem? - Novice.si<\/title>\n<meta name=\"robots\" content=\"index, follow, max-snippet:-1, max-image-preview:large, max-video-preview:-1\" \/>\n<link rel=\"canonical\" href=\"https:\/\/novice.si\/page\/kako-so-na-novo-solsko-leto-pripravljeni-na-konjiskem-zreskem-in-vitanjskem\/\" \/>\n<meta property=\"og:locale\" content=\"sl_SI\" \/>\n<meta property=\"og:type\" content=\"article\" \/>\n<meta property=\"og:title\" content=\"Kako so na novo \u0161olsko leto pripravljeni na Konji\u0161kem, Zre\u0161kem in Vitanjskem? - Novice.si\" \/>\n<meta property=\"og:description\" content=\"Za\u010delo se je novo \u0161olsko leto . Nanj so se dobro pripravili tudi na osnovnih \u0161olah konji\u0161ke, zre\u0161ke in vitanjske ob\u010dine. Dale\u010d najbolj opazni so bili gradbinci med poletnimi po\u010ditnicami na konji\u0161ki \u0161oli Pod goro, kjer obnavljajo najstarej\u0161i del stavbe \u2013 tamkaj\u0161nji u\u010denci od prvega do petega razreda bodo prav zaradi del \u0161e celo \u0161olsko [&hellip;]\" \/>\n<meta property=\"og:url\" content=\"https:\/\/novice.si\/page\/kako-so-na-novo-solsko-leto-pripravljeni-na-konjiskem-zreskem-in-vitanjskem\/\" \/>\n<meta property=\"og:site_name\" content=\"Novice.si\" \/>\n<meta property=\"article:published_time\" content=\"2023-09-02T10:29:11+00:00\" \/>\n<meta property=\"article:modified_time\" content=\"2023-09-06T10:33:39+00:00\" \/>\n<meta property=\"og:image\" content=\"https:\/\/novice.si\/page\/wp-content\/uploads\/2023\/09\/OS-Ob-Dravinji-2023_resize.jpg\" \/>\n\t<meta property=\"og:image:width\" content=\"800\" \/>\n\t<meta property=\"og:image:height\" content=\"600\" \/>\n\t<meta property=\"og:image:type\" content=\"image\/jpeg\" \/>\n<meta name=\"author\" content=\"Uredni\u0161tvo Novic\" \/>\n<meta name=\"twitter:card\" content=\"summary_large_image\" \/>\n<meta name=\"twitter:label1\" content=\"Written by\" \/>\n\t<meta name=\"twitter:data1\" content=\"Uredni\u0161tvo Novic\" \/>\n\t<meta name=\"twitter:label2\" content=\"Est. reading time\" \/>\n\t<meta name=\"twitter:data2\" content=\"2 minuti\" \/>\n<script type=\"application\/ld+json\" class=\"yoast-schema-graph\">{\"@context\":\"https:\\\/\\\/schema.org\",\"@graph\":[{\"@type\":\"Article\",\"@id\":\"https:\\\/\\\/novice.si\\\/page\\\/kako-so-na-novo-solsko-leto-pripravljeni-na-konjiskem-zreskem-in-vitanjskem\\\/#article\",\"isPartOf\":{\"@id\":\"https:\\\/\\\/novice.si\\\/page\\\/kako-so-na-novo-solsko-leto-pripravljeni-na-konjiskem-zreskem-in-vitanjskem\\\/\"},\"author\":{\"name\":\"Uredni\u0161tvo Novic\",\"@id\":\"https:\\\/\\\/novice.si\\\/page\\\/#\\\/schema\\\/person\\\/a877dbb8680d441357ce27663beb35ca\"},\"headline\":\"Kako so na novo \u0161olsko leto pripravljeni na Konji\u0161kem, Zre\u0161kem in Vitanjskem?\",\"datePublished\":\"2023-09-02T10:29:11+00:00\",\"dateModified\":\"2023-09-06T10:33:39+00:00\",\"mainEntityOfPage\":{\"@id\":\"https:\\\/\\\/novice.si\\\/page\\\/kako-so-na-novo-solsko-leto-pripravljeni-na-konjiskem-zreskem-in-vitanjskem\\\/\"},\"wordCount\":254,\"publisher\":{\"@id\":\"https:\\\/\\\/novice.si\\\/page\\\/#organization\"},\"image\":{\"@id\":\"https:\\\/\\\/novice.si\\\/page\\\/kako-so-na-novo-solsko-leto-pripravljeni-na-konjiskem-zreskem-in-vitanjskem\\\/#primaryimage\"},\"thumbnailUrl\":\"https:\\\/\\\/novice.si\\\/page\\\/wp-content\\\/uploads\\\/2023\\\/09\\\/OS-Ob-Dravinji-2023_resize.jpg\",\"keywords\":[\"novo \u0161olsko leto\"],\"articleSection\":[\"Aktualno\",\"Konji\u0161ko\"],\"inLanguage\":\"sl-SI\"},{\"@type\":\"WebPage\",\"@id\":\"https:\\\/\\\/novice.si\\\/page\\\/kako-so-na-novo-solsko-leto-pripravljeni-na-konjiskem-zreskem-in-vitanjskem\\\/\",\"url\":\"https:\\\/\\\/novice.si\\\/page\\\/kako-so-na-novo-solsko-leto-pripravljeni-na-konjiskem-zreskem-in-vitanjskem\\\/\",\"name\":\"Kako so na novo \u0161olsko leto pripravljeni na Konji\u0161kem, Zre\u0161kem in Vitanjskem? - Novice.si\",\"isPartOf\":{\"@id\":\"https:\\\/\\\/novice.si\\\/page\\\/#website\"},\"primaryImageOfPage\":{\"@id\":\"https:\\\/\\\/novice.si\\\/page\\\/kako-so-na-novo-solsko-leto-pripravljeni-na-konjiskem-zreskem-in-vitanjskem\\\/#primaryimage\"},\"image\":{\"@id\":\"https:\\\/\\\/novice.si\\\/page\\\/kako-so-na-novo-solsko-leto-pripravljeni-na-konjiskem-zreskem-in-vitanjskem\\\/#primaryimage\"},\"thumbnailUrl\":\"https:\\\/\\\/novice.si\\\/page\\\/wp-content\\\/uploads\\\/2023\\\/09\\\/OS-Ob-Dravinji-2023_resize.jpg\",\"datePublished\":\"2023-09-02T10:29:11+00:00\",\"dateModified\":\"2023-09-06T10:33:39+00:00\",\"breadcrumb\":{\"@id\":\"https:\\\/\\\/novice.si\\\/page\\\/kako-so-na-novo-solsko-leto-pripravljeni-na-konjiskem-zreskem-in-vitanjskem\\\/#breadcrumb\"},\"inLanguage\":\"sl-SI\",\"potentialAction\":[{\"@type\":\"ReadAction\",\"target\":[\"https:\\\/\\\/novice.si\\\/page\\\/kako-so-na-novo-solsko-leto-pripravljeni-na-konjiskem-zreskem-in-vitanjskem\\\/\"]}]},{\"@type\":\"ImageObject\",\"inLanguage\":\"sl-SI\",\"@id\":\"https:\\\/\\\/novice.si\\\/page\\\/kako-so-na-novo-solsko-leto-pripravljeni-na-konjiskem-zreskem-in-vitanjskem\\\/#primaryimage\",\"url\":\"https:\\\/\\\/novice.si\\\/page\\\/wp-content\\\/uploads\\\/2023\\\/09\\\/OS-Ob-Dravinji-2023_resize.jpg\",\"contentUrl\":\"https:\\\/\\\/novice.si\\\/page\\\/wp-content\\\/uploads\\\/2023\\\/09\\\/OS-Ob-Dravinji-2023_resize.jpg\",\"width\":800,\"height\":600},{\"@type\":\"BreadcrumbList\",\"@id\":\"https:\\\/\\\/novice.si\\\/page\\\/kako-so-na-novo-solsko-leto-pripravljeni-na-konjiskem-zreskem-in-vitanjskem\\\/#breadcrumb\",\"itemListElement\":[{\"@type\":\"ListItem\",\"position\":1,\"name\":\"Home\",\"item\":\"https:\\\/\\\/novice.si\\\/page\\\/\"},{\"@type\":\"ListItem\",\"position\":2,\"name\":\"Kako so na novo \u0161olsko leto pripravljeni na Konji\u0161kem, Zre\u0161kem in Vitanjskem?\"}]},{\"@type\":\"WebSite\",\"@id\":\"https:\\\/\\\/novice.si\\\/page\\\/#website\",\"url\":\"https:\\\/\\\/novice.si\\\/page\\\/\",\"name\":\"Novice.si\",\"description\":\"\",\"publisher\":{\"@id\":\"https:\\\/\\\/novice.si\\\/page\\\/#organization\"},\"potentialAction\":[{\"@type\":\"SearchAction\",\"target\":{\"@type\":\"EntryPoint\",\"urlTemplate\":\"https:\\\/\\\/novice.si\\\/page\\\/?s={search_term_string}\"},\"query-input\":{\"@type\":\"PropertyValueSpecification\",\"valueRequired\":true,\"valueName\":\"search_term_string\"}}],\"inLanguage\":\"sl-SI\"},{\"@type\":\"Organization\",\"@id\":\"https:\\\/\\\/novice.si\\\/page\\\/#organization\",\"name\":\"Novice.si\",\"url\":\"https:\\\/\\\/novice.si\\\/page\\\/\",\"logo\":{\"@type\":\"ImageObject\",\"inLanguage\":\"sl-SI\",\"@id\":\"https:\\\/\\\/novice.si\\\/page\\\/#\\\/schema\\\/logo\\\/image\\\/\",\"url\":\"https:\\\/\\\/novice.si\\\/page\\\/wp-content\\\/uploads\\\/2023\\\/03\\\/novice_si.png\",\"contentUrl\":\"https:\\\/\\\/novice.si\\\/page\\\/wp-content\\\/uploads\\\/2023\\\/03\\\/novice_si.png\",\"width\":576,\"height\":200,\"caption\":\"Novice.si\"},\"image\":{\"@id\":\"https:\\\/\\\/novice.si\\\/page\\\/#\\\/schema\\\/logo\\\/image\\\/\"}},{\"@type\":\"Person\",\"@id\":\"https:\\\/\\\/novice.si\\\/page\\\/#\\\/schema\\\/person\\\/a877dbb8680d441357ce27663beb35ca\",\"name\":\"Uredni\u0161tvo Novic\",\"image\":{\"@type\":\"ImageObject\",\"inLanguage\":\"sl-SI\",\"@id\":\"https:\\\/\\\/secure.gravatar.com\\\/avatar\\\/f19c0ae874706cc9ba19d2f6da5f74a5a5ee7674f283fed29ce0ad16a9f1893e?s=96&d=mm&r=g\",\"url\":\"https:\\\/\\\/secure.gravatar.com\\\/avatar\\\/f19c0ae874706cc9ba19d2f6da5f74a5a5ee7674f283fed29ce0ad16a9f1893e?s=96&d=mm&r=g\",\"contentUrl\":\"https:\\\/\\\/secure.gravatar.com\\\/avatar\\\/f19c0ae874706cc9ba19d2f6da5f74a5a5ee7674f283fed29ce0ad16a9f1893e?s=96&d=mm&r=g\",\"caption\":\"Uredni\u0161tvo Novic\"},\"url\":\"https:\\\/\\\/novice.si\\\/page\\\/author\\\/jure\\\/\"}]}<\/script>\n<!-- \/ Yoast SEO plugin. -->","yoast_head_json":{"title":"Kako so na novo \u0161olsko leto pripravljeni na Konji\u0161kem, Zre\u0161kem in Vitanjskem? - Novice.si","robots":{"index":"index","follow":"follow","max-snippet":"max-snippet:-1","max-image-preview":"max-image-preview:large","max-video-preview":"max-video-preview:-1"},"canonical":"https:\/\/novice.si\/page\/kako-so-na-novo-solsko-leto-pripravljeni-na-konjiskem-zreskem-in-vitanjskem\/","og_locale":"sl_SI","og_type":"article","og_title":"Kako so na novo \u0161olsko leto pripravljeni na Konji\u0161kem, Zre\u0161kem in Vitanjskem? - Novice.si","og_description":"Za\u010delo se je novo \u0161olsko leto . Nanj so se dobro pripravili tudi na osnovnih \u0161olah konji\u0161ke, zre\u0161ke in vitanjske ob\u010dine. Dale\u010d najbolj opazni so bili gradbinci med poletnimi po\u010ditnicami na konji\u0161ki \u0161oli Pod goro, kjer obnavljajo najstarej\u0161i del stavbe \u2013 tamkaj\u0161nji u\u010denci od prvega do petega razreda bodo prav zaradi del \u0161e celo \u0161olsko [&hellip;]","og_url":"https:\/\/novice.si\/page\/kako-so-na-novo-solsko-leto-pripravljeni-na-konjiskem-zreskem-in-vitanjskem\/","og_site_name":"Novice.si","article_published_time":"2023-09-02T10:29:11+00:00","article_modified_time":"2023-09-06T10:33:39+00:00","og_image":[{"width":800,"height":600,"url":"https:\/\/novice.si\/page\/wp-content\/uploads\/2023\/09\/OS-Ob-Dravinji-2023_resize.jpg","type":"image\/jpeg"}],"author":"Uredni\u0161tvo Novic","twitter_card":"summary_large_image","twitter_misc":{"Written by":"Uredni\u0161tvo Novic","Est. reading time":"2 minuti"},"schema":{"@context":"https:\/\/schema.org","@graph":[{"@type":"Article","@id":"https:\/\/novice.si\/page\/kako-so-na-novo-solsko-leto-pripravljeni-na-konjiskem-zreskem-in-vitanjskem\/#article","isPartOf":{"@id":"https:\/\/novice.si\/page\/kako-so-na-novo-solsko-leto-pripravljeni-na-konjiskem-zreskem-in-vitanjskem\/"},"author":{"name":"Uredni\u0161tvo Novic","@id":"https:\/\/novice.si\/page\/#\/schema\/person\/a877dbb8680d441357ce27663beb35ca"},"headline":"Kako so na novo \u0161olsko leto pripravljeni na Konji\u0161kem, Zre\u0161kem in Vitanjskem?","datePublished":"2023-09-02T10:29:11+00:00","dateModified":"2023-09-06T10:33:39+00:00","mainEntityOfPage":{"@id":"https:\/\/novice.si\/page\/kako-so-na-novo-solsko-leto-pripravljeni-na-konjiskem-zreskem-in-vitanjskem\/"},"wordCount":254,"publisher":{"@id":"https:\/\/novice.si\/page\/#organization"},"image":{"@id":"https:\/\/novice.si\/page\/kako-so-na-novo-solsko-leto-pripravljeni-na-konjiskem-zreskem-in-vitanjskem\/#primaryimage"},"thumbnailUrl":"https:\/\/novice.si\/page\/wp-content\/uploads\/2023\/09\/OS-Ob-Dravinji-2023_resize.jpg","keywords":["novo \u0161olsko leto"],"articleSection":["Aktualno","Konji\u0161ko"],"inLanguage":"sl-SI"},{"@type":"WebPage","@id":"https:\/\/novice.si\/page\/kako-so-na-novo-solsko-leto-pripravljeni-na-konjiskem-zreskem-in-vitanjskem\/","url":"https:\/\/novice.si\/page\/kako-so-na-novo-solsko-leto-pripravljeni-na-konjiskem-zreskem-in-vitanjskem\/","name":"Kako so na novo \u0161olsko leto pripravljeni na Konji\u0161kem, Zre\u0161kem in Vitanjskem? - Novice.si","isPartOf":{"@id":"https:\/\/novice.si\/page\/#website"},"primaryImageOfPage":{"@id":"https:\/\/novice.si\/page\/kako-so-na-novo-solsko-leto-pripravljeni-na-konjiskem-zreskem-in-vitanjskem\/#primaryimage"},"image":{"@id":"https:\/\/novice.si\/page\/kako-so-na-novo-solsko-leto-pripravljeni-na-konjiskem-zreskem-in-vitanjskem\/#primaryimage"},"thumbnailUrl":"https:\/\/novice.si\/page\/wp-content\/uploads\/2023\/09\/OS-Ob-Dravinji-2023_resize.jpg","datePublished":"2023-09-02T10:29:11+00:00","dateModified":"2023-09-06T10:33:39+00:00","breadcrumb":{"@id":"https:\/\/novice.si\/page\/kako-so-na-novo-solsko-leto-pripravljeni-na-konjiskem-zreskem-in-vitanjskem\/#breadcrumb"},"inLanguage":"sl-SI","potentialAction":[{"@type":"ReadAction","target":["https:\/\/novice.si\/page\/kako-so-na-novo-solsko-leto-pripravljeni-na-konjiskem-zreskem-in-vitanjskem\/"]}]},{"@type":"ImageObject","inLanguage":"sl-SI","@id":"https:\/\/novice.si\/page\/kako-so-na-novo-solsko-leto-pripravljeni-na-konjiskem-zreskem-in-vitanjskem\/#primaryimage","url":"https:\/\/novice.si\/page\/wp-content\/uploads\/2023\/09\/OS-Ob-Dravinji-2023_resize.jpg","contentUrl":"https:\/\/novice.si\/page\/wp-content\/uploads\/2023\/09\/OS-Ob-Dravinji-2023_resize.jpg","width":800,"height":600},{"@type":"BreadcrumbList","@id":"https:\/\/novice.si\/page\/kako-so-na-novo-solsko-leto-pripravljeni-na-konjiskem-zreskem-in-vitanjskem\/#breadcrumb","itemListElement":[{"@type":"ListItem","position":1,"name":"Home","item":"https:\/\/novice.si\/page\/"},{"@type":"ListItem","position":2,"name":"Kako so na novo \u0161olsko leto pripravljeni na Konji\u0161kem, Zre\u0161kem in Vitanjskem?"}]},{"@type":"WebSite","@id":"https:\/\/novice.si\/page\/#website","url":"https:\/\/novice.si\/page\/","name":"Novice.si","description":"","publisher":{"@id":"https:\/\/novice.si\/page\/#organization"},"potentialAction":[{"@type":"SearchAction","target":{"@type":"EntryPoint","urlTemplate":"https:\/\/novice.si\/page\/?s={search_term_string}"},"query-input":{"@type":"PropertyValueSpecification","valueRequired":true,"valueName":"search_term_string"}}],"inLanguage":"sl-SI"},{"@type":"Organization","@id":"https:\/\/novice.si\/page\/#organization","name":"Novice.si","url":"https:\/\/novice.si\/page\/","logo":{"@type":"ImageObject","inLanguage":"sl-SI","@id":"https:\/\/novice.si\/page\/#\/schema\/logo\/image\/","url":"https:\/\/novice.si\/page\/wp-content\/uploads\/2023\/03\/novice_si.png","contentUrl":"https:\/\/novice.si\/page\/wp-content\/uploads\/2023\/03\/novice_si.png","width":576,"height":200,"caption":"Novice.si"},"image":{"@id":"https:\/\/novice.si\/page\/#\/schema\/logo\/image\/"}},{"@type":"Person","@id":"https:\/\/novice.si\/page\/#\/schema\/person\/a877dbb8680d441357ce27663beb35ca","name":"Uredni\u0161tvo Novic","image":{"@type":"ImageObject","inLanguage":"sl-SI","@id":"https:\/\/secure.gravatar.com\/avatar\/f19c0ae874706cc9ba19d2f6da5f74a5a5ee7674f283fed29ce0ad16a9f1893e?s=96&d=mm&r=g","url":"https:\/\/secure.gravatar.com\/avatar\/f19c0ae874706cc9ba19d2f6da5f74a5a5ee7674f283fed29ce0ad16a9f1893e?s=96&d=mm&r=g","contentUrl":"https:\/\/secure.gravatar.com\/avatar\/f19c0ae874706cc9ba19d2f6da5f74a5a5ee7674f283fed29ce0ad16a9f1893e?s=96&d=mm&r=g","caption":"Uredni\u0161tvo Novic"},"url":"https:\/\/novice.si\/page\/author\/jure\/"}]}},"_links":{"self":[{"href":"https:\/\/novice.si\/page\/wp-json\/wp\/v2\/posts\/167153","targetHints":{"allow":["GET"]}}],"collection":[{"href":"https:\/\/novice.si\/page\/wp-json\/wp\/v2\/posts"}],"about":[{"href":"https:\/\/novice.si\/page\/wp-json\/wp\/v2\/types\/post"}],"author":[{"embeddable":true,"href":"https:\/\/novice.si\/page\/wp-json\/wp\/v2\/users\/7"}],"replies":[{"embeddable":true,"href":"https:\/\/novice.si\/page\/wp-json\/wp\/v2\/comments?post=167153"}],"version-history":[{"count":1,"href":"https:\/\/novice.si\/page\/wp-json\/wp\/v2\/posts\/167153\/revisions"}],"predecessor-version":[{"id":167155,"href":"https:\/\/novice.si\/page\/wp-json\/wp\/v2\/posts\/167153\/revisions\/167155"}],"wp:featuredmedia":[{"embeddable":true,"href":"https:\/\/novice.si\/page\/wp-json\/wp\/v2\/media\/167154"}],"wp:attachment":[{"href":"https:\/\/novice.si\/page\/wp-json\/wp\/v2\/media?parent=167153"}],"wp:term":[{"taxonomy":"category","embeddable":true,"href":"https:\/\/novice.si\/page\/wp-json\/wp\/v2\/categories?post=167153"},{"taxonomy":"post_tag","embeddable":true,"href":"https:\/\/novice.si\/page\/wp-json\/wp\/v2\/tags?post=167153"}],"curies":[{"name":"wp","href":"https:\/\/api.w.org\/{rel}","templated":true}]}}