{"id":167138,"date":"2023-09-10T07:00:36","date_gmt":"2023-09-10T05:00:36","guid":{"rendered":"https:\/\/novice.si\/page\/?p=167138"},"modified":"2023-09-06T09:56:29","modified_gmt":"2023-09-06T07:56:29","slug":"endiviji-ustrezajo-krajsi-dnevi-in-hladnejse-temperature","status":"publish","type":"post","link":"https:\/\/novice.si\/page\/endiviji-ustrezajo-krajsi-dnevi-in-hladnejse-temperature\/","title":{"rendered":"Endiviji ustrezajo kraj\u0161i dnevi in hladnej\u0161e temperature."},"content":{"rendered":"<p style=\"margin-top: 0cm;background: white\"><span style=\"font-size: 13.5pt;font-family: 'Helvetica',sans-serif;color: #353535\">Endivijo sejemo jo neposredno na gredo ali jo vzgojimo iz sadik. <\/span><span style=\"font-size: 13.5pt;font-family: 'Helvetica',sans-serif;color: #353535\">Ker uspe\u0161no kali v temi, jo lahko sejemo v posodo, ki jo pokrijemo, kar omogo\u010da bolj\u0161o kaljivost zaradi enakomerne vla\u017enosti. Odkrijemo takoj, ko opazimo prvi kal\u010dek, kar je lahko \u017ee v dveh dneh, in takoj prestavimo na svetlo mesto. Ko so lepo razviti kli\u010dni listi, rastline pikiramo v posamezne lon\u010dke. \u010ce so se rastline pretegnile, jih pri pikiranju posadimo globlje, vse do kli\u010dnih listov. Korenin rastlin se ne dotikamo, ampak si pomagamo z leseno ali s plasti\u010dno pali\u010dico. <\/span><span style=\"font-size: 13.5pt;font-family: 'Helvetica',sans-serif;color: #353535\">Pri presajanju sadik se ravnamo tudi po vremenu in presajamo pred de\u017ejem ali takoj po njem. Zunanje ve\u010dje liste odtrgamo, pustimo zgolj dva najmlaj\u0161a lista, iz katerih bo rastlina rastla. Koreninski sistem bo la\u017eje zagotovil vlago manj\u0161i koli\u010dini listov, preden se sadika popolnoma ukorenini.<\/span><\/p>\n\r\n                <style type=\"text\/css\">\r\n                    \r\n                    #tdi_1  .td-doubleSlider-2 .td-item1 {\r\n                        background: url(https:\/\/novice.si\/page\/wp-content\/uploads\/2023\/09\/Green-Endive-Growing-in-the-Garden-80x60.jpg) 0 0 no-repeat;\r\n                    }\r\n                    #tdi_1  .td-doubleSlider-2 .td-item2 {\r\n                        background: url(https:\/\/novice.si\/page\/wp-content\/uploads\/2023\/09\/cichorium-endivia-le-amrkvicka1-80x60.jpg) 0 0 no-repeat;\r\n                    }\r\n                    #tdi_1  .td-doubleSlider-2 .td-item3 {\r\n                        background: url(https:\/\/novice.si\/page\/wp-content\/uploads\/2023\/09\/when_to_harvest_endive_lettuce-80x60.jpg) 0 0 no-repeat;\r\n                    }\r\n                <\/style>\r\n\r\n                <div id=\"tdi_1\" class=\"td-gallery td-slide-on-2-columns\">\r\n                    <div class=\"post_td_gallery\">\r\n                        <div class=\"td-gallery-slide-top\">\r\n                           <div class=\"td-gallery-title\"><\/div>\r\n\r\n                            <div class=\"td-gallery-controls-wrapper\">\r\n                                <div class=\"td-gallery-slide-count\"><span class=\"td-gallery-slide-item-focus\">1<\/span> od 3<\/div>\r\n                                <div class=\"td-gallery-slide-prev-next-but\">\r\n                                    <i class = \"td-icon-left doubleSliderPrevButton\"><\/i>\r\n                                    <i class = \"td-icon-right doubleSliderNextButton\"><\/i>\r\n                                <\/div>\r\n                            <\/div>\r\n                        <\/div>\r\n\r\n                        <div class = \"td-doubleSlider-1 \">\r\n                            <div class = \"td-slider\">\r\n                                \r\n                    <div class = \"td-slide-item td-item1\">\r\n                        <figure class=\"td-slide-galery-figure td-slide-popup-gallery\">\r\n                            <a class=\"slide-gallery-image-link\" href=\"https:\/\/novice.si\/page\/wp-content\/uploads\/2023\/09\/Green-Endive-Growing-in-the-Garden.jpg\" title=\"Green-Endive-Growing-in-the-Garden\"  data-caption=\"\"  data-description=\"\" data-gallery>\r\n                                <img decoding=\"async\" src=\"https:\/\/novice.si\/page\/wp-content\/uploads\/2023\/09\/Green-Endive-Growing-in-the-Garden-630x420.jpg\" srcset=\"https:\/\/novice.si\/page\/wp-content\/uploads\/2023\/09\/Green-Endive-Growing-in-the-Garden-630x420.jpg 630w, https:\/\/novice.si\/page\/wp-content\/uploads\/2023\/09\/Green-Endive-Growing-in-the-Garden-600x400.jpg 600w, https:\/\/novice.si\/page\/wp-content\/uploads\/2023\/09\/Green-Endive-Growing-in-the-Garden-768x512.jpg 768w, https:\/\/novice.si\/page\/wp-content\/uploads\/2023\/09\/Green-Endive-Growing-in-the-Garden-696x464.jpg 696w, https:\/\/novice.si\/page\/wp-content\/uploads\/2023\/09\/Green-Endive-Growing-in-the-Garden-24x16.jpg 24w, https:\/\/novice.si\/page\/wp-content\/uploads\/2023\/09\/Green-Endive-Growing-in-the-Garden-36x24.jpg 36w, https:\/\/novice.si\/page\/wp-content\/uploads\/2023\/09\/Green-Endive-Growing-in-the-Garden-48x32.jpg 48w, https:\/\/novice.si\/page\/wp-content\/uploads\/2023\/09\/Green-Endive-Growing-in-the-Garden.jpg 800w\" sizes=\"(max-width: 630px) 100vw, 630px\" alt=\"\">\r\n                            <\/a>\r\n                            \r\n                        <\/figure>\r\n                    <\/div>\r\n                    <div class = \"td-slide-item td-item2\">\r\n                        <figure class=\"td-slide-galery-figure td-slide-popup-gallery\">\r\n                            <a class=\"slide-gallery-image-link\" href=\"https:\/\/novice.si\/page\/wp-content\/uploads\/2023\/09\/cichorium-endivia-le-amrkvicka1.jpg\" title=\"cichorium-endivia-le-amrkvicka1\"  data-caption=\"\"  data-description=\"\" data-gallery>\r\n                                <img decoding=\"async\" src=\"https:\/\/novice.si\/page\/wp-content\/uploads\/2023\/09\/cichorium-endivia-le-amrkvicka1-540x420.jpg\" srcset=\"https:\/\/novice.si\/page\/wp-content\/uploads\/2023\/09\/cichorium-endivia-le-amrkvicka1-540x420.jpg 540w, https:\/\/novice.si\/page\/wp-content\/uploads\/2023\/09\/cichorium-endivia-le-amrkvicka1-600x467.jpg 600w, https:\/\/novice.si\/page\/wp-content\/uploads\/2023\/09\/cichorium-endivia-le-amrkvicka1-768x598.jpg 768w, https:\/\/novice.si\/page\/wp-content\/uploads\/2023\/09\/cichorium-endivia-le-amrkvicka1-696x541.jpg 696w, https:\/\/novice.si\/page\/wp-content\/uploads\/2023\/09\/cichorium-endivia-le-amrkvicka1-24x19.jpg 24w, https:\/\/novice.si\/page\/wp-content\/uploads\/2023\/09\/cichorium-endivia-le-amrkvicka1-36x28.jpg 36w, https:\/\/novice.si\/page\/wp-content\/uploads\/2023\/09\/cichorium-endivia-le-amrkvicka1-48x37.jpg 48w, https:\/\/novice.si\/page\/wp-content\/uploads\/2023\/09\/cichorium-endivia-le-amrkvicka1.jpg 1000w\" sizes=\"(max-width: 540px) 100vw, 540px\" alt=\"\">\r\n                            <\/a>\r\n                            \r\n                        <\/figure>\r\n                    <\/div>\r\n                    <div class = \"td-slide-item td-item3\">\r\n                        <figure class=\"td-slide-galery-figure td-slide-popup-gallery\">\r\n                            <a class=\"slide-gallery-image-link\" href=\"https:\/\/novice.si\/page\/wp-content\/uploads\/2023\/09\/when_to_harvest_endive_lettuce.jpg\" title=\"when_to_harvest_endive_lettuce\"  data-caption=\"\"  data-description=\"\" data-gallery>\r\n                                <img decoding=\"async\" src=\"https:\/\/novice.si\/page\/wp-content\/uploads\/2023\/09\/when_to_harvest_endive_lettuce-630x420.jpg\" srcset=\"https:\/\/novice.si\/page\/wp-content\/uploads\/2023\/09\/when_to_harvest_endive_lettuce-630x420.jpg 630w, https:\/\/novice.si\/page\/wp-content\/uploads\/2023\/09\/when_to_harvest_endive_lettuce-600x400.jpg 600w, https:\/\/novice.si\/page\/wp-content\/uploads\/2023\/09\/when_to_harvest_endive_lettuce-768x512.jpg 768w, https:\/\/novice.si\/page\/wp-content\/uploads\/2023\/09\/when_to_harvest_endive_lettuce-696x464.jpg 696w, https:\/\/novice.si\/page\/wp-content\/uploads\/2023\/09\/when_to_harvest_endive_lettuce-24x16.jpg 24w, https:\/\/novice.si\/page\/wp-content\/uploads\/2023\/09\/when_to_harvest_endive_lettuce-36x24.jpg 36w, https:\/\/novice.si\/page\/wp-content\/uploads\/2023\/09\/when_to_harvest_endive_lettuce-48x32.jpg 48w, https:\/\/novice.si\/page\/wp-content\/uploads\/2023\/09\/when_to_harvest_endive_lettuce.jpg 1024w\" sizes=\"(max-width: 630px) 100vw, 630px\" alt=\"\">\r\n                            <\/a>\r\n                            \r\n                        <\/figure>\r\n                    <\/div>\r\n                            <\/div>\r\n                        <\/div>\r\n\r\n                        <div class = \"td-doubleSlider-2\">\r\n                            <div class = \"td-slider\">\r\n                                \r\n                    <div class = \"td-button td-item1\">\r\n                        <div class = \"td-border\"><\/div>\r\n                    <\/div>\r\n                    <div class = \"td-button td-item2\">\r\n                        <div class = \"td-border\"><\/div>\r\n                    <\/div>\r\n                    <div class = \"td-button td-item3\">\r\n                        <div class = \"td-border\"><\/div>\r\n                    <\/div>\r\n                            <\/div>\r\n                        <\/div>\r\n\r\n                    <\/div>\r\n\r\n                <\/div>\r\n                \n","protected":false},"excerpt":{"rendered":"<p>Endivijo sejemo jo neposredno na gredo ali jo vzgojimo iz sadik. Ker uspe\u0161no kali v temi, jo lahko sejemo v posodo, ki jo pokrijemo, kar omogo\u010da bolj\u0161o kaljivost zaradi enakomerne vla\u017enosti. Odkrijemo takoj, ko opazimo prvi kal\u010dek, kar je lahko \u017ee v dveh dneh, in takoj prestavimo na svetlo mesto. Ko so lepo razviti kli\u010dni [&hellip;]<\/p>\n","protected":false},"author":27,"featured_media":167141,"comment_status":"closed","ping_status":"closed","sticky":false,"template":"","format":"standard","meta":{"footnotes":""},"categories":[10],"tags":[4823,17003,2127,5813,4821],"class_list":{"0":"post-167138","1":"post","2":"type-post","3":"status-publish","4":"format-standard","5":"has-post-thumbnail","7":"category-vrtnarimo","8":"tag-endivija","9":"tag-pikiranje","10":"tag-sajenje","11":"tag-september","12":"tag-zelenjavni-vrt"},"yoast_head":"<!-- This site is optimized with the Yoast SEO plugin v27.4 - https:\/\/yoast.com\/product\/yoast-seo-wordpress\/ -->\n<title>Endiviji ustrezajo kraj\u0161i dnevi in hladnej\u0161e temperature. - Novice.si<\/title>\n<meta name=\"robots\" content=\"index, follow, max-snippet:-1, max-image-preview:large, max-video-preview:-1\" \/>\n<link rel=\"canonical\" href=\"https:\/\/novice.si\/page\/endiviji-ustrezajo-krajsi-dnevi-in-hladnejse-temperature\/\" \/>\n<meta property=\"og:locale\" content=\"sl_SI\" \/>\n<meta property=\"og:type\" content=\"article\" \/>\n<meta property=\"og:title\" content=\"Endiviji ustrezajo kraj\u0161i dnevi in hladnej\u0161e temperature. - Novice.si\" \/>\n<meta property=\"og:description\" content=\"Endivijo sejemo jo neposredno na gredo ali jo vzgojimo iz sadik. Ker uspe\u0161no kali v temi, jo lahko sejemo v posodo, ki jo pokrijemo, kar omogo\u010da bolj\u0161o kaljivost zaradi enakomerne vla\u017enosti. Odkrijemo takoj, ko opazimo prvi kal\u010dek, kar je lahko \u017ee v dveh dneh, in takoj prestavimo na svetlo mesto. Ko so lepo razviti kli\u010dni [&hellip;]\" \/>\n<meta property=\"og:url\" content=\"https:\/\/novice.si\/page\/endiviji-ustrezajo-krajsi-dnevi-in-hladnejse-temperature\/\" \/>\n<meta property=\"og:site_name\" content=\"Novice.si\" \/>\n<meta property=\"article:published_time\" content=\"2023-09-10T05:00:36+00:00\" \/>\n<meta property=\"og:image\" content=\"https:\/\/novice.si\/page\/wp-content\/uploads\/2023\/09\/when_to_harvest_endive_lettuce.jpg\" \/>\n\t<meta property=\"og:image:width\" content=\"1024\" \/>\n\t<meta property=\"og:image:height\" content=\"683\" \/>\n\t<meta property=\"og:image:type\" content=\"image\/jpeg\" \/>\n<meta name=\"author\" content=\"Lu\u010dka Klajne\" \/>\n<meta name=\"twitter:card\" content=\"summary_large_image\" \/>\n<meta name=\"twitter:label1\" content=\"Written by\" \/>\n\t<meta name=\"twitter:data1\" content=\"Lu\u010dka Klajne\" \/>\n\t<meta name=\"twitter:label2\" content=\"Est. reading time\" \/>\n\t<meta name=\"twitter:data2\" content=\"1 minuta\" \/>\n<script type=\"application\/ld+json\" class=\"yoast-schema-graph\">{\"@context\":\"https:\\\/\\\/schema.org\",\"@graph\":[{\"@type\":\"Article\",\"@id\":\"https:\\\/\\\/novice.si\\\/page\\\/endiviji-ustrezajo-krajsi-dnevi-in-hladnejse-temperature\\\/#article\",\"isPartOf\":{\"@id\":\"https:\\\/\\\/novice.si\\\/page\\\/endiviji-ustrezajo-krajsi-dnevi-in-hladnejse-temperature\\\/\"},\"author\":{\"name\":\"Lu\u010dka Klajne\",\"@id\":\"https:\\\/\\\/novice.si\\\/page\\\/#\\\/schema\\\/person\\\/8e4432eb5dd09cc370447b8711e9c86f\"},\"headline\":\"Endiviji ustrezajo kraj\u0161i dnevi in hladnej\u0161e temperature.\",\"datePublished\":\"2023-09-10T05:00:36+00:00\",\"mainEntityOfPage\":{\"@id\":\"https:\\\/\\\/novice.si\\\/page\\\/endiviji-ustrezajo-krajsi-dnevi-in-hladnejse-temperature\\\/\"},\"wordCount\":165,\"publisher\":{\"@id\":\"https:\\\/\\\/novice.si\\\/page\\\/#organization\"},\"image\":{\"@id\":\"https:\\\/\\\/novice.si\\\/page\\\/endiviji-ustrezajo-krajsi-dnevi-in-hladnejse-temperature\\\/#primaryimage\"},\"thumbnailUrl\":\"https:\\\/\\\/novice.si\\\/page\\\/wp-content\\\/uploads\\\/2023\\\/09\\\/when_to_harvest_endive_lettuce.jpg\",\"keywords\":[\"endivija\",\"pikiranje\",\"sajenje\",\"september\",\"zelenjavni vrt\"],\"articleSection\":[\"Vrtnarimo\"],\"inLanguage\":\"sl-SI\"},{\"@type\":\"WebPage\",\"@id\":\"https:\\\/\\\/novice.si\\\/page\\\/endiviji-ustrezajo-krajsi-dnevi-in-hladnejse-temperature\\\/\",\"url\":\"https:\\\/\\\/novice.si\\\/page\\\/endiviji-ustrezajo-krajsi-dnevi-in-hladnejse-temperature\\\/\",\"name\":\"Endiviji ustrezajo kraj\u0161i dnevi in hladnej\u0161e temperature. - Novice.si\",\"isPartOf\":{\"@id\":\"https:\\\/\\\/novice.si\\\/page\\\/#website\"},\"primaryImageOfPage\":{\"@id\":\"https:\\\/\\\/novice.si\\\/page\\\/endiviji-ustrezajo-krajsi-dnevi-in-hladnejse-temperature\\\/#primaryimage\"},\"image\":{\"@id\":\"https:\\\/\\\/novice.si\\\/page\\\/endiviji-ustrezajo-krajsi-dnevi-in-hladnejse-temperature\\\/#primaryimage\"},\"thumbnailUrl\":\"https:\\\/\\\/novice.si\\\/page\\\/wp-content\\\/uploads\\\/2023\\\/09\\\/when_to_harvest_endive_lettuce.jpg\",\"datePublished\":\"2023-09-10T05:00:36+00:00\",\"breadcrumb\":{\"@id\":\"https:\\\/\\\/novice.si\\\/page\\\/endiviji-ustrezajo-krajsi-dnevi-in-hladnejse-temperature\\\/#breadcrumb\"},\"inLanguage\":\"sl-SI\",\"potentialAction\":[{\"@type\":\"ReadAction\",\"target\":[\"https:\\\/\\\/novice.si\\\/page\\\/endiviji-ustrezajo-krajsi-dnevi-in-hladnejse-temperature\\\/\"]}]},{\"@type\":\"ImageObject\",\"inLanguage\":\"sl-SI\",\"@id\":\"https:\\\/\\\/novice.si\\\/page\\\/endiviji-ustrezajo-krajsi-dnevi-in-hladnejse-temperature\\\/#primaryimage\",\"url\":\"https:\\\/\\\/novice.si\\\/page\\\/wp-content\\\/uploads\\\/2023\\\/09\\\/when_to_harvest_endive_lettuce.jpg\",\"contentUrl\":\"https:\\\/\\\/novice.si\\\/page\\\/wp-content\\\/uploads\\\/2023\\\/09\\\/when_to_harvest_endive_lettuce.jpg\",\"width\":1024,\"height\":683},{\"@type\":\"BreadcrumbList\",\"@id\":\"https:\\\/\\\/novice.si\\\/page\\\/endiviji-ustrezajo-krajsi-dnevi-in-hladnejse-temperature\\\/#breadcrumb\",\"itemListElement\":[{\"@type\":\"ListItem\",\"position\":1,\"name\":\"Home\",\"item\":\"https:\\\/\\\/novice.si\\\/page\\\/\"},{\"@type\":\"ListItem\",\"position\":2,\"name\":\"Endiviji ustrezajo kraj\u0161i dnevi in hladnej\u0161e temperature.\"}]},{\"@type\":\"WebSite\",\"@id\":\"https:\\\/\\\/novice.si\\\/page\\\/#website\",\"url\":\"https:\\\/\\\/novice.si\\\/page\\\/\",\"name\":\"Novice.si\",\"description\":\"\",\"publisher\":{\"@id\":\"https:\\\/\\\/novice.si\\\/page\\\/#organization\"},\"potentialAction\":[{\"@type\":\"SearchAction\",\"target\":{\"@type\":\"EntryPoint\",\"urlTemplate\":\"https:\\\/\\\/novice.si\\\/page\\\/?s={search_term_string}\"},\"query-input\":{\"@type\":\"PropertyValueSpecification\",\"valueRequired\":true,\"valueName\":\"search_term_string\"}}],\"inLanguage\":\"sl-SI\"},{\"@type\":\"Organization\",\"@id\":\"https:\\\/\\\/novice.si\\\/page\\\/#organization\",\"name\":\"Novice.si\",\"url\":\"https:\\\/\\\/novice.si\\\/page\\\/\",\"logo\":{\"@type\":\"ImageObject\",\"inLanguage\":\"sl-SI\",\"@id\":\"https:\\\/\\\/novice.si\\\/page\\\/#\\\/schema\\\/logo\\\/image\\\/\",\"url\":\"https:\\\/\\\/novice.si\\\/page\\\/wp-content\\\/uploads\\\/2023\\\/03\\\/novice_si.png\",\"contentUrl\":\"https:\\\/\\\/novice.si\\\/page\\\/wp-content\\\/uploads\\\/2023\\\/03\\\/novice_si.png\",\"width\":576,\"height\":200,\"caption\":\"Novice.si\"},\"image\":{\"@id\":\"https:\\\/\\\/novice.si\\\/page\\\/#\\\/schema\\\/logo\\\/image\\\/\"}},{\"@type\":\"Person\",\"@id\":\"https:\\\/\\\/novice.si\\\/page\\\/#\\\/schema\\\/person\\\/8e4432eb5dd09cc370447b8711e9c86f\",\"name\":\"Lu\u010dka Klajne\",\"image\":{\"@type\":\"ImageObject\",\"inLanguage\":\"sl-SI\",\"@id\":\"https:\\\/\\\/secure.gravatar.com\\\/avatar\\\/6267bb297ed80573819e1e9c2957010967706b03fec9d1e96664865ce9b19def?s=96&d=mm&r=g\",\"url\":\"https:\\\/\\\/secure.gravatar.com\\\/avatar\\\/6267bb297ed80573819e1e9c2957010967706b03fec9d1e96664865ce9b19def?s=96&d=mm&r=g\",\"contentUrl\":\"https:\\\/\\\/secure.gravatar.com\\\/avatar\\\/6267bb297ed80573819e1e9c2957010967706b03fec9d1e96664865ce9b19def?s=96&d=mm&r=g\",\"caption\":\"Lu\u010dka Klajne\"},\"url\":\"https:\\\/\\\/novice.si\\\/page\\\/author\\\/lucka\\\/\"}]}<\/script>\n<!-- \/ Yoast SEO plugin. -->","yoast_head_json":{"title":"Endiviji ustrezajo kraj\u0161i dnevi in hladnej\u0161e temperature. - Novice.si","robots":{"index":"index","follow":"follow","max-snippet":"max-snippet:-1","max-image-preview":"max-image-preview:large","max-video-preview":"max-video-preview:-1"},"canonical":"https:\/\/novice.si\/page\/endiviji-ustrezajo-krajsi-dnevi-in-hladnejse-temperature\/","og_locale":"sl_SI","og_type":"article","og_title":"Endiviji ustrezajo kraj\u0161i dnevi in hladnej\u0161e temperature. - Novice.si","og_description":"Endivijo sejemo jo neposredno na gredo ali jo vzgojimo iz sadik. Ker uspe\u0161no kali v temi, jo lahko sejemo v posodo, ki jo pokrijemo, kar omogo\u010da bolj\u0161o kaljivost zaradi enakomerne vla\u017enosti. Odkrijemo takoj, ko opazimo prvi kal\u010dek, kar je lahko \u017ee v dveh dneh, in takoj prestavimo na svetlo mesto. Ko so lepo razviti kli\u010dni [&hellip;]","og_url":"https:\/\/novice.si\/page\/endiviji-ustrezajo-krajsi-dnevi-in-hladnejse-temperature\/","og_site_name":"Novice.si","article_published_time":"2023-09-10T05:00:36+00:00","og_image":[{"width":1024,"height":683,"url":"https:\/\/novice.si\/page\/wp-content\/uploads\/2023\/09\/when_to_harvest_endive_lettuce.jpg","type":"image\/jpeg"}],"author":"Lu\u010dka Klajne","twitter_card":"summary_large_image","twitter_misc":{"Written by":"Lu\u010dka Klajne","Est. reading time":"1 minuta"},"schema":{"@context":"https:\/\/schema.org","@graph":[{"@type":"Article","@id":"https:\/\/novice.si\/page\/endiviji-ustrezajo-krajsi-dnevi-in-hladnejse-temperature\/#article","isPartOf":{"@id":"https:\/\/novice.si\/page\/endiviji-ustrezajo-krajsi-dnevi-in-hladnejse-temperature\/"},"author":{"name":"Lu\u010dka Klajne","@id":"https:\/\/novice.si\/page\/#\/schema\/person\/8e4432eb5dd09cc370447b8711e9c86f"},"headline":"Endiviji ustrezajo kraj\u0161i dnevi in hladnej\u0161e temperature.","datePublished":"2023-09-10T05:00:36+00:00","mainEntityOfPage":{"@id":"https:\/\/novice.si\/page\/endiviji-ustrezajo-krajsi-dnevi-in-hladnejse-temperature\/"},"wordCount":165,"publisher":{"@id":"https:\/\/novice.si\/page\/#organization"},"image":{"@id":"https:\/\/novice.si\/page\/endiviji-ustrezajo-krajsi-dnevi-in-hladnejse-temperature\/#primaryimage"},"thumbnailUrl":"https:\/\/novice.si\/page\/wp-content\/uploads\/2023\/09\/when_to_harvest_endive_lettuce.jpg","keywords":["endivija","pikiranje","sajenje","september","zelenjavni vrt"],"articleSection":["Vrtnarimo"],"inLanguage":"sl-SI"},{"@type":"WebPage","@id":"https:\/\/novice.si\/page\/endiviji-ustrezajo-krajsi-dnevi-in-hladnejse-temperature\/","url":"https:\/\/novice.si\/page\/endiviji-ustrezajo-krajsi-dnevi-in-hladnejse-temperature\/","name":"Endiviji ustrezajo kraj\u0161i dnevi in hladnej\u0161e temperature. - Novice.si","isPartOf":{"@id":"https:\/\/novice.si\/page\/#website"},"primaryImageOfPage":{"@id":"https:\/\/novice.si\/page\/endiviji-ustrezajo-krajsi-dnevi-in-hladnejse-temperature\/#primaryimage"},"image":{"@id":"https:\/\/novice.si\/page\/endiviji-ustrezajo-krajsi-dnevi-in-hladnejse-temperature\/#primaryimage"},"thumbnailUrl":"https:\/\/novice.si\/page\/wp-content\/uploads\/2023\/09\/when_to_harvest_endive_lettuce.jpg","datePublished":"2023-09-10T05:00:36+00:00","breadcrumb":{"@id":"https:\/\/novice.si\/page\/endiviji-ustrezajo-krajsi-dnevi-in-hladnejse-temperature\/#breadcrumb"},"inLanguage":"sl-SI","potentialAction":[{"@type":"ReadAction","target":["https:\/\/novice.si\/page\/endiviji-ustrezajo-krajsi-dnevi-in-hladnejse-temperature\/"]}]},{"@type":"ImageObject","inLanguage":"sl-SI","@id":"https:\/\/novice.si\/page\/endiviji-ustrezajo-krajsi-dnevi-in-hladnejse-temperature\/#primaryimage","url":"https:\/\/novice.si\/page\/wp-content\/uploads\/2023\/09\/when_to_harvest_endive_lettuce.jpg","contentUrl":"https:\/\/novice.si\/page\/wp-content\/uploads\/2023\/09\/when_to_harvest_endive_lettuce.jpg","width":1024,"height":683},{"@type":"BreadcrumbList","@id":"https:\/\/novice.si\/page\/endiviji-ustrezajo-krajsi-dnevi-in-hladnejse-temperature\/#breadcrumb","itemListElement":[{"@type":"ListItem","position":1,"name":"Home","item":"https:\/\/novice.si\/page\/"},{"@type":"ListItem","position":2,"name":"Endiviji ustrezajo kraj\u0161i dnevi in hladnej\u0161e temperature."}]},{"@type":"WebSite","@id":"https:\/\/novice.si\/page\/#website","url":"https:\/\/novice.si\/page\/","name":"Novice.si","description":"","publisher":{"@id":"https:\/\/novice.si\/page\/#organization"},"potentialAction":[{"@type":"SearchAction","target":{"@type":"EntryPoint","urlTemplate":"https:\/\/novice.si\/page\/?s={search_term_string}"},"query-input":{"@type":"PropertyValueSpecification","valueRequired":true,"valueName":"search_term_string"}}],"inLanguage":"sl-SI"},{"@type":"Organization","@id":"https:\/\/novice.si\/page\/#organization","name":"Novice.si","url":"https:\/\/novice.si\/page\/","logo":{"@type":"ImageObject","inLanguage":"sl-SI","@id":"https:\/\/novice.si\/page\/#\/schema\/logo\/image\/","url":"https:\/\/novice.si\/page\/wp-content\/uploads\/2023\/03\/novice_si.png","contentUrl":"https:\/\/novice.si\/page\/wp-content\/uploads\/2023\/03\/novice_si.png","width":576,"height":200,"caption":"Novice.si"},"image":{"@id":"https:\/\/novice.si\/page\/#\/schema\/logo\/image\/"}},{"@type":"Person","@id":"https:\/\/novice.si\/page\/#\/schema\/person\/8e4432eb5dd09cc370447b8711e9c86f","name":"Lu\u010dka Klajne","image":{"@type":"ImageObject","inLanguage":"sl-SI","@id":"https:\/\/secure.gravatar.com\/avatar\/6267bb297ed80573819e1e9c2957010967706b03fec9d1e96664865ce9b19def?s=96&d=mm&r=g","url":"https:\/\/secure.gravatar.com\/avatar\/6267bb297ed80573819e1e9c2957010967706b03fec9d1e96664865ce9b19def?s=96&d=mm&r=g","contentUrl":"https:\/\/secure.gravatar.com\/avatar\/6267bb297ed80573819e1e9c2957010967706b03fec9d1e96664865ce9b19def?s=96&d=mm&r=g","caption":"Lu\u010dka Klajne"},"url":"https:\/\/novice.si\/page\/author\/lucka\/"}]}},"_links":{"self":[{"href":"https:\/\/novice.si\/page\/wp-json\/wp\/v2\/posts\/167138","targetHints":{"allow":["GET"]}}],"collection":[{"href":"https:\/\/novice.si\/page\/wp-json\/wp\/v2\/posts"}],"about":[{"href":"https:\/\/novice.si\/page\/wp-json\/wp\/v2\/types\/post"}],"author":[{"embeddable":true,"href":"https:\/\/novice.si\/page\/wp-json\/wp\/v2\/users\/27"}],"replies":[{"embeddable":true,"href":"https:\/\/novice.si\/page\/wp-json\/wp\/v2\/comments?post=167138"}],"version-history":[{"count":1,"href":"https:\/\/novice.si\/page\/wp-json\/wp\/v2\/posts\/167138\/revisions"}],"predecessor-version":[{"id":167142,"href":"https:\/\/novice.si\/page\/wp-json\/wp\/v2\/posts\/167138\/revisions\/167142"}],"wp:featuredmedia":[{"embeddable":true,"href":"https:\/\/novice.si\/page\/wp-json\/wp\/v2\/media\/167141"}],"wp:attachment":[{"href":"https:\/\/novice.si\/page\/wp-json\/wp\/v2\/media?parent=167138"}],"wp:term":[{"taxonomy":"category","embeddable":true,"href":"https:\/\/novice.si\/page\/wp-json\/wp\/v2\/categories?post=167138"},{"taxonomy":"post_tag","embeddable":true,"href":"https:\/\/novice.si\/page\/wp-json\/wp\/v2\/tags?post=167138"}],"curies":[{"name":"wp","href":"https:\/\/api.w.org\/{rel}","templated":true}]}}