{"id":167126,"date":"2023-09-05T16:59:11","date_gmt":"2023-09-05T14:59:11","guid":{"rendered":"https:\/\/novice.si\/page\/?p=167126"},"modified":"2023-09-05T16:59:11","modified_gmt":"2023-09-05T14:59:11","slug":"sentjur-mopedisti-najstevilcnejsi-na-pasmanu","status":"publish","type":"post","link":"https:\/\/novice.si\/page\/sentjur-mopedisti-najstevilcnejsi-na-pasmanu\/","title":{"rendered":"\u0160ENTJUR Mopedisti naj\u0161tevil\u010dnej\u0161i na Pa\u0161manu"},"content":{"rendered":"<p>\u0160entjur\u010dani so se kot naj\u0161tevil\u010dnej\u0161a in najbolje opremljena ekipa udele\u017eili drugega vseslovenskega sre\u010danja Tomosovih motoristov, ki je bilo na hrva\u0161kem otoku Pa\u0161man.<\/p>\n<p><img loading=\"lazy\" decoding=\"async\" class=\"wp-image-167128 alignleft\" src=\"https:\/\/novice.si\/page\/wp-content\/uploads\/2023\/09\/Pasman-mopedisti-1-600x450.jpg\" alt=\"\" width=\"427\" height=\"320\" srcset=\"https:\/\/novice.si\/page\/wp-content\/uploads\/2023\/09\/Pasman-mopedisti-1-600x450.jpg 600w, https:\/\/novice.si\/page\/wp-content\/uploads\/2023\/09\/Pasman-mopedisti-1-1024x768.jpg 1024w, https:\/\/novice.si\/page\/wp-content\/uploads\/2023\/09\/Pasman-mopedisti-1-768x576.jpg 768w, https:\/\/novice.si\/page\/wp-content\/uploads\/2023\/09\/Pasman-mopedisti-1-1536x1152.jpg 1536w, https:\/\/novice.si\/page\/wp-content\/uploads\/2023\/09\/Pasman-mopedisti-1-2048x1536.jpg 2048w, https:\/\/novice.si\/page\/wp-content\/uploads\/2023\/09\/Pasman-mopedisti-1-80x60.jpg 80w, https:\/\/novice.si\/page\/wp-content\/uploads\/2023\/09\/Pasman-mopedisti-1-265x198.jpg 265w, https:\/\/novice.si\/page\/wp-content\/uploads\/2023\/09\/Pasman-mopedisti-1-696x522.jpg 696w, https:\/\/novice.si\/page\/wp-content\/uploads\/2023\/09\/Pasman-mopedisti-1-1068x801.jpg 1068w, https:\/\/novice.si\/page\/wp-content\/uploads\/2023\/09\/Pasman-mopedisti-1-560x420.jpg 560w, https:\/\/novice.si\/page\/wp-content\/uploads\/2023\/09\/Pasman-mopedisti-1-24x18.jpg 24w, https:\/\/novice.si\/page\/wp-content\/uploads\/2023\/09\/Pasman-mopedisti-1-36x27.jpg 36w, https:\/\/novice.si\/page\/wp-content\/uploads\/2023\/09\/Pasman-mopedisti-1-48x36.jpg 48w\" sizes=\"auto, (max-width: 427px) 100vw, 427px\" \/>16 \u0161entjurskih (od skupno 180) mopedistov se je pri na\u0161ih ju\u017enih sosedih mudilo tri dni, med drugim so opravili panoramsko vo\u017enjo po Pa\u0161manu in Ugljanu.<\/p>\n<p>Sre\u010danje, ki je bilo prete\u017eno dru\u017eabnega zna\u010daja, je organizirala Turisti\u010dna skupnost Ob\u010dine Tkon v sodelovanju z na\u0161im dru\u0161tvom starodobnih vozil.<\/p>\n<p>V sredi\u0161\u010du Tkona so udele\u017eencem sre\u010danja pripravili poseben sprejem z bakljami, v drugih krajih pa so jim za dobrodo\u0161lico postregli z lokalnimi kulinari\u010dnimi posebnostmi, izvedli so \u0161e motoristi\u010dne igre.<\/p>\n<p>\u0160entjur\u010dan <strong>Bernard Drame<\/strong> si je prislu\u017eil nagrado za najbolj\u0161i dizajn svojega Tomosovega mopeda E90.<\/p>\n<p><em>Ve\u010d preberite v Celjanu.<\/em><\/p>\n<p>P\u0160<\/p>\n","protected":false},"excerpt":{"rendered":"<p>\u0160entjur\u010dani so se kot naj\u0161tevil\u010dnej\u0161a in najbolje opremljena ekipa udele\u017eili drugega vseslovenskega sre\u010danja Tomosovih motoristov, ki je bilo na hrva\u0161kem otoku Pa\u0161man. 16 \u0161entjurskih (od skupno 180) mopedistov se je pri na\u0161ih ju\u017enih sosedih mudilo tri dni, med drugim so opravili panoramsko vo\u017enjo po Pa\u0161manu in Ugljanu. Sre\u010danje, ki je bilo prete\u017eno dru\u017eabnega zna\u010daja, je [&hellip;]<\/p>\n","protected":false},"author":33,"featured_media":167127,"comment_status":"closed","ping_status":"closed","sticky":false,"template":"","format":"standard","meta":{"footnotes":""},"categories":[57],"tags":[18672,18668,18671,18670,18669],"class_list":{"0":"post-167126","1":"post","2":"type-post","3":"status-publish","4":"format-standard","5":"has-post-thumbnail","7":"category-sentjursko","8":"tag-bernard-drame","9":"tag-pasman","10":"tag-sentjurski-mopedisti","11":"tag-tomos","12":"tag-ugljan"},"yoast_head":"<!-- This site is optimized with the Yoast SEO plugin v27.4 - https:\/\/yoast.com\/product\/yoast-seo-wordpress\/ -->\n<title>\u0160ENTJUR Mopedisti naj\u0161tevil\u010dnej\u0161i na Pa\u0161manu - Novice.si<\/title>\n<meta name=\"robots\" content=\"index, follow, max-snippet:-1, max-image-preview:large, max-video-preview:-1\" \/>\n<link rel=\"canonical\" href=\"https:\/\/novice.si\/page\/sentjur-mopedisti-najstevilcnejsi-na-pasmanu\/\" \/>\n<meta property=\"og:locale\" content=\"sl_SI\" \/>\n<meta property=\"og:type\" content=\"article\" \/>\n<meta property=\"og:title\" content=\"\u0160ENTJUR Mopedisti naj\u0161tevil\u010dnej\u0161i na Pa\u0161manu - Novice.si\" \/>\n<meta property=\"og:description\" content=\"\u0160entjur\u010dani so se kot naj\u0161tevil\u010dnej\u0161a in najbolje opremljena ekipa udele\u017eili drugega vseslovenskega sre\u010danja Tomosovih motoristov, ki je bilo na hrva\u0161kem otoku Pa\u0161man. 16 \u0161entjurskih (od skupno 180) mopedistov se je pri na\u0161ih ju\u017enih sosedih mudilo tri dni, med drugim so opravili panoramsko vo\u017enjo po Pa\u0161manu in Ugljanu. Sre\u010danje, ki je bilo prete\u017eno dru\u017eabnega zna\u010daja, je [&hellip;]\" \/>\n<meta property=\"og:url\" content=\"https:\/\/novice.si\/page\/sentjur-mopedisti-najstevilcnejsi-na-pasmanu\/\" \/>\n<meta property=\"og:site_name\" content=\"Novice.si\" \/>\n<meta property=\"article:published_time\" content=\"2023-09-05T14:59:11+00:00\" \/>\n<meta property=\"og:image\" content=\"https:\/\/novice.si\/page\/wp-content\/uploads\/2023\/09\/Pasman-mopedisti-4-scaled.jpg\" \/>\n\t<meta property=\"og:image:width\" content=\"2560\" \/>\n\t<meta property=\"og:image:height\" content=\"1920\" \/>\n\t<meta property=\"og:image:type\" content=\"image\/jpeg\" \/>\n<meta name=\"author\" content=\"Uredni\u0161tvo Celjana\" \/>\n<meta name=\"twitter:card\" content=\"summary_large_image\" \/>\n<meta name=\"twitter:label1\" content=\"Written by\" \/>\n\t<meta name=\"twitter:data1\" content=\"Uredni\u0161tvo Celjana\" \/>\n\t<meta name=\"twitter:label2\" content=\"Est. reading time\" \/>\n\t<meta name=\"twitter:data2\" content=\"1 minuta\" \/>\n<script type=\"application\/ld+json\" class=\"yoast-schema-graph\">{\"@context\":\"https:\\\/\\\/schema.org\",\"@graph\":[{\"@type\":\"Article\",\"@id\":\"https:\\\/\\\/novice.si\\\/page\\\/sentjur-mopedisti-najstevilcnejsi-na-pasmanu\\\/#article\",\"isPartOf\":{\"@id\":\"https:\\\/\\\/novice.si\\\/page\\\/sentjur-mopedisti-najstevilcnejsi-na-pasmanu\\\/\"},\"author\":{\"name\":\"Uredni\u0161tvo Celjana\",\"@id\":\"https:\\\/\\\/novice.si\\\/page\\\/#\\\/schema\\\/person\\\/57f25c9642a9541c7349c65d32032c3e\"},\"headline\":\"\u0160ENTJUR Mopedisti naj\u0161tevil\u010dnej\u0161i na Pa\u0161manu\",\"datePublished\":\"2023-09-05T14:59:11+00:00\",\"mainEntityOfPage\":{\"@id\":\"https:\\\/\\\/novice.si\\\/page\\\/sentjur-mopedisti-najstevilcnejsi-na-pasmanu\\\/\"},\"wordCount\":151,\"publisher\":{\"@id\":\"https:\\\/\\\/novice.si\\\/page\\\/#organization\"},\"image\":{\"@id\":\"https:\\\/\\\/novice.si\\\/page\\\/sentjur-mopedisti-najstevilcnejsi-na-pasmanu\\\/#primaryimage\"},\"thumbnailUrl\":\"https:\\\/\\\/novice.si\\\/page\\\/wp-content\\\/uploads\\\/2023\\\/09\\\/Pasman-mopedisti-4-scaled.jpg\",\"keywords\":[\"bernard drame\",\"pa\u0161man\",\"\u0161entjurski mopedisti\",\"tomos\",\"ugljan\"],\"articleSection\":[\"\u0160entjursko\"],\"inLanguage\":\"sl-SI\"},{\"@type\":\"WebPage\",\"@id\":\"https:\\\/\\\/novice.si\\\/page\\\/sentjur-mopedisti-najstevilcnejsi-na-pasmanu\\\/\",\"url\":\"https:\\\/\\\/novice.si\\\/page\\\/sentjur-mopedisti-najstevilcnejsi-na-pasmanu\\\/\",\"name\":\"\u0160ENTJUR Mopedisti naj\u0161tevil\u010dnej\u0161i na Pa\u0161manu - Novice.si\",\"isPartOf\":{\"@id\":\"https:\\\/\\\/novice.si\\\/page\\\/#website\"},\"primaryImageOfPage\":{\"@id\":\"https:\\\/\\\/novice.si\\\/page\\\/sentjur-mopedisti-najstevilcnejsi-na-pasmanu\\\/#primaryimage\"},\"image\":{\"@id\":\"https:\\\/\\\/novice.si\\\/page\\\/sentjur-mopedisti-najstevilcnejsi-na-pasmanu\\\/#primaryimage\"},\"thumbnailUrl\":\"https:\\\/\\\/novice.si\\\/page\\\/wp-content\\\/uploads\\\/2023\\\/09\\\/Pasman-mopedisti-4-scaled.jpg\",\"datePublished\":\"2023-09-05T14:59:11+00:00\",\"breadcrumb\":{\"@id\":\"https:\\\/\\\/novice.si\\\/page\\\/sentjur-mopedisti-najstevilcnejsi-na-pasmanu\\\/#breadcrumb\"},\"inLanguage\":\"sl-SI\",\"potentialAction\":[{\"@type\":\"ReadAction\",\"target\":[\"https:\\\/\\\/novice.si\\\/page\\\/sentjur-mopedisti-najstevilcnejsi-na-pasmanu\\\/\"]}]},{\"@type\":\"ImageObject\",\"inLanguage\":\"sl-SI\",\"@id\":\"https:\\\/\\\/novice.si\\\/page\\\/sentjur-mopedisti-najstevilcnejsi-na-pasmanu\\\/#primaryimage\",\"url\":\"https:\\\/\\\/novice.si\\\/page\\\/wp-content\\\/uploads\\\/2023\\\/09\\\/Pasman-mopedisti-4-scaled.jpg\",\"contentUrl\":\"https:\\\/\\\/novice.si\\\/page\\\/wp-content\\\/uploads\\\/2023\\\/09\\\/Pasman-mopedisti-4-scaled.jpg\",\"width\":2560,\"height\":1920},{\"@type\":\"BreadcrumbList\",\"@id\":\"https:\\\/\\\/novice.si\\\/page\\\/sentjur-mopedisti-najstevilcnejsi-na-pasmanu\\\/#breadcrumb\",\"itemListElement\":[{\"@type\":\"ListItem\",\"position\":1,\"name\":\"Home\",\"item\":\"https:\\\/\\\/novice.si\\\/page\\\/\"},{\"@type\":\"ListItem\",\"position\":2,\"name\":\"\u0160ENTJUR Mopedisti naj\u0161tevil\u010dnej\u0161i na Pa\u0161manu\"}]},{\"@type\":\"WebSite\",\"@id\":\"https:\\\/\\\/novice.si\\\/page\\\/#website\",\"url\":\"https:\\\/\\\/novice.si\\\/page\\\/\",\"name\":\"Novice.si\",\"description\":\"\",\"publisher\":{\"@id\":\"https:\\\/\\\/novice.si\\\/page\\\/#organization\"},\"potentialAction\":[{\"@type\":\"SearchAction\",\"target\":{\"@type\":\"EntryPoint\",\"urlTemplate\":\"https:\\\/\\\/novice.si\\\/page\\\/?s={search_term_string}\"},\"query-input\":{\"@type\":\"PropertyValueSpecification\",\"valueRequired\":true,\"valueName\":\"search_term_string\"}}],\"inLanguage\":\"sl-SI\"},{\"@type\":\"Organization\",\"@id\":\"https:\\\/\\\/novice.si\\\/page\\\/#organization\",\"name\":\"Novice.si\",\"url\":\"https:\\\/\\\/novice.si\\\/page\\\/\",\"logo\":{\"@type\":\"ImageObject\",\"inLanguage\":\"sl-SI\",\"@id\":\"https:\\\/\\\/novice.si\\\/page\\\/#\\\/schema\\\/logo\\\/image\\\/\",\"url\":\"https:\\\/\\\/novice.si\\\/page\\\/wp-content\\\/uploads\\\/2023\\\/03\\\/novice_si.png\",\"contentUrl\":\"https:\\\/\\\/novice.si\\\/page\\\/wp-content\\\/uploads\\\/2023\\\/03\\\/novice_si.png\",\"width\":576,\"height\":200,\"caption\":\"Novice.si\"},\"image\":{\"@id\":\"https:\\\/\\\/novice.si\\\/page\\\/#\\\/schema\\\/logo\\\/image\\\/\"}},{\"@type\":\"Person\",\"@id\":\"https:\\\/\\\/novice.si\\\/page\\\/#\\\/schema\\\/person\\\/57f25c9642a9541c7349c65d32032c3e\",\"name\":\"Uredni\u0161tvo Celjana\",\"image\":{\"@type\":\"ImageObject\",\"inLanguage\":\"sl-SI\",\"@id\":\"https:\\\/\\\/secure.gravatar.com\\\/avatar\\\/78e52bc4279b65f6df6345e0ef0f7b792d361361f230cf4ffecfe0afe6d5629c?s=96&d=mm&r=g\",\"url\":\"https:\\\/\\\/secure.gravatar.com\\\/avatar\\\/78e52bc4279b65f6df6345e0ef0f7b792d361361f230cf4ffecfe0afe6d5629c?s=96&d=mm&r=g\",\"contentUrl\":\"https:\\\/\\\/secure.gravatar.com\\\/avatar\\\/78e52bc4279b65f6df6345e0ef0f7b792d361361f230cf4ffecfe0afe6d5629c?s=96&d=mm&r=g\",\"caption\":\"Uredni\u0161tvo Celjana\"},\"url\":\"https:\\\/\\\/novice.si\\\/page\\\/author\\\/primoz\\\/\"}]}<\/script>\n<!-- \/ Yoast SEO plugin. -->","yoast_head_json":{"title":"\u0160ENTJUR Mopedisti naj\u0161tevil\u010dnej\u0161i na Pa\u0161manu - Novice.si","robots":{"index":"index","follow":"follow","max-snippet":"max-snippet:-1","max-image-preview":"max-image-preview:large","max-video-preview":"max-video-preview:-1"},"canonical":"https:\/\/novice.si\/page\/sentjur-mopedisti-najstevilcnejsi-na-pasmanu\/","og_locale":"sl_SI","og_type":"article","og_title":"\u0160ENTJUR Mopedisti naj\u0161tevil\u010dnej\u0161i na Pa\u0161manu - Novice.si","og_description":"\u0160entjur\u010dani so se kot naj\u0161tevil\u010dnej\u0161a in najbolje opremljena ekipa udele\u017eili drugega vseslovenskega sre\u010danja Tomosovih motoristov, ki je bilo na hrva\u0161kem otoku Pa\u0161man. 16 \u0161entjurskih (od skupno 180) mopedistov se je pri na\u0161ih ju\u017enih sosedih mudilo tri dni, med drugim so opravili panoramsko vo\u017enjo po Pa\u0161manu in Ugljanu. Sre\u010danje, ki je bilo prete\u017eno dru\u017eabnega zna\u010daja, je [&hellip;]","og_url":"https:\/\/novice.si\/page\/sentjur-mopedisti-najstevilcnejsi-na-pasmanu\/","og_site_name":"Novice.si","article_published_time":"2023-09-05T14:59:11+00:00","og_image":[{"width":2560,"height":1920,"url":"https:\/\/novice.si\/page\/wp-content\/uploads\/2023\/09\/Pasman-mopedisti-4-scaled.jpg","type":"image\/jpeg"}],"author":"Uredni\u0161tvo Celjana","twitter_card":"summary_large_image","twitter_misc":{"Written by":"Uredni\u0161tvo Celjana","Est. reading time":"1 minuta"},"schema":{"@context":"https:\/\/schema.org","@graph":[{"@type":"Article","@id":"https:\/\/novice.si\/page\/sentjur-mopedisti-najstevilcnejsi-na-pasmanu\/#article","isPartOf":{"@id":"https:\/\/novice.si\/page\/sentjur-mopedisti-najstevilcnejsi-na-pasmanu\/"},"author":{"name":"Uredni\u0161tvo Celjana","@id":"https:\/\/novice.si\/page\/#\/schema\/person\/57f25c9642a9541c7349c65d32032c3e"},"headline":"\u0160ENTJUR Mopedisti naj\u0161tevil\u010dnej\u0161i na Pa\u0161manu","datePublished":"2023-09-05T14:59:11+00:00","mainEntityOfPage":{"@id":"https:\/\/novice.si\/page\/sentjur-mopedisti-najstevilcnejsi-na-pasmanu\/"},"wordCount":151,"publisher":{"@id":"https:\/\/novice.si\/page\/#organization"},"image":{"@id":"https:\/\/novice.si\/page\/sentjur-mopedisti-najstevilcnejsi-na-pasmanu\/#primaryimage"},"thumbnailUrl":"https:\/\/novice.si\/page\/wp-content\/uploads\/2023\/09\/Pasman-mopedisti-4-scaled.jpg","keywords":["bernard drame","pa\u0161man","\u0161entjurski mopedisti","tomos","ugljan"],"articleSection":["\u0160entjursko"],"inLanguage":"sl-SI"},{"@type":"WebPage","@id":"https:\/\/novice.si\/page\/sentjur-mopedisti-najstevilcnejsi-na-pasmanu\/","url":"https:\/\/novice.si\/page\/sentjur-mopedisti-najstevilcnejsi-na-pasmanu\/","name":"\u0160ENTJUR Mopedisti naj\u0161tevil\u010dnej\u0161i na Pa\u0161manu - Novice.si","isPartOf":{"@id":"https:\/\/novice.si\/page\/#website"},"primaryImageOfPage":{"@id":"https:\/\/novice.si\/page\/sentjur-mopedisti-najstevilcnejsi-na-pasmanu\/#primaryimage"},"image":{"@id":"https:\/\/novice.si\/page\/sentjur-mopedisti-najstevilcnejsi-na-pasmanu\/#primaryimage"},"thumbnailUrl":"https:\/\/novice.si\/page\/wp-content\/uploads\/2023\/09\/Pasman-mopedisti-4-scaled.jpg","datePublished":"2023-09-05T14:59:11+00:00","breadcrumb":{"@id":"https:\/\/novice.si\/page\/sentjur-mopedisti-najstevilcnejsi-na-pasmanu\/#breadcrumb"},"inLanguage":"sl-SI","potentialAction":[{"@type":"ReadAction","target":["https:\/\/novice.si\/page\/sentjur-mopedisti-najstevilcnejsi-na-pasmanu\/"]}]},{"@type":"ImageObject","inLanguage":"sl-SI","@id":"https:\/\/novice.si\/page\/sentjur-mopedisti-najstevilcnejsi-na-pasmanu\/#primaryimage","url":"https:\/\/novice.si\/page\/wp-content\/uploads\/2023\/09\/Pasman-mopedisti-4-scaled.jpg","contentUrl":"https:\/\/novice.si\/page\/wp-content\/uploads\/2023\/09\/Pasman-mopedisti-4-scaled.jpg","width":2560,"height":1920},{"@type":"BreadcrumbList","@id":"https:\/\/novice.si\/page\/sentjur-mopedisti-najstevilcnejsi-na-pasmanu\/#breadcrumb","itemListElement":[{"@type":"ListItem","position":1,"name":"Home","item":"https:\/\/novice.si\/page\/"},{"@type":"ListItem","position":2,"name":"\u0160ENTJUR Mopedisti naj\u0161tevil\u010dnej\u0161i na Pa\u0161manu"}]},{"@type":"WebSite","@id":"https:\/\/novice.si\/page\/#website","url":"https:\/\/novice.si\/page\/","name":"Novice.si","description":"","publisher":{"@id":"https:\/\/novice.si\/page\/#organization"},"potentialAction":[{"@type":"SearchAction","target":{"@type":"EntryPoint","urlTemplate":"https:\/\/novice.si\/page\/?s={search_term_string}"},"query-input":{"@type":"PropertyValueSpecification","valueRequired":true,"valueName":"search_term_string"}}],"inLanguage":"sl-SI"},{"@type":"Organization","@id":"https:\/\/novice.si\/page\/#organization","name":"Novice.si","url":"https:\/\/novice.si\/page\/","logo":{"@type":"ImageObject","inLanguage":"sl-SI","@id":"https:\/\/novice.si\/page\/#\/schema\/logo\/image\/","url":"https:\/\/novice.si\/page\/wp-content\/uploads\/2023\/03\/novice_si.png","contentUrl":"https:\/\/novice.si\/page\/wp-content\/uploads\/2023\/03\/novice_si.png","width":576,"height":200,"caption":"Novice.si"},"image":{"@id":"https:\/\/novice.si\/page\/#\/schema\/logo\/image\/"}},{"@type":"Person","@id":"https:\/\/novice.si\/page\/#\/schema\/person\/57f25c9642a9541c7349c65d32032c3e","name":"Uredni\u0161tvo Celjana","image":{"@type":"ImageObject","inLanguage":"sl-SI","@id":"https:\/\/secure.gravatar.com\/avatar\/78e52bc4279b65f6df6345e0ef0f7b792d361361f230cf4ffecfe0afe6d5629c?s=96&d=mm&r=g","url":"https:\/\/secure.gravatar.com\/avatar\/78e52bc4279b65f6df6345e0ef0f7b792d361361f230cf4ffecfe0afe6d5629c?s=96&d=mm&r=g","contentUrl":"https:\/\/secure.gravatar.com\/avatar\/78e52bc4279b65f6df6345e0ef0f7b792d361361f230cf4ffecfe0afe6d5629c?s=96&d=mm&r=g","caption":"Uredni\u0161tvo Celjana"},"url":"https:\/\/novice.si\/page\/author\/primoz\/"}]}},"_links":{"self":[{"href":"https:\/\/novice.si\/page\/wp-json\/wp\/v2\/posts\/167126","targetHints":{"allow":["GET"]}}],"collection":[{"href":"https:\/\/novice.si\/page\/wp-json\/wp\/v2\/posts"}],"about":[{"href":"https:\/\/novice.si\/page\/wp-json\/wp\/v2\/types\/post"}],"author":[{"embeddable":true,"href":"https:\/\/novice.si\/page\/wp-json\/wp\/v2\/users\/33"}],"replies":[{"embeddable":true,"href":"https:\/\/novice.si\/page\/wp-json\/wp\/v2\/comments?post=167126"}],"version-history":[{"count":1,"href":"https:\/\/novice.si\/page\/wp-json\/wp\/v2\/posts\/167126\/revisions"}],"predecessor-version":[{"id":167129,"href":"https:\/\/novice.si\/page\/wp-json\/wp\/v2\/posts\/167126\/revisions\/167129"}],"wp:featuredmedia":[{"embeddable":true,"href":"https:\/\/novice.si\/page\/wp-json\/wp\/v2\/media\/167127"}],"wp:attachment":[{"href":"https:\/\/novice.si\/page\/wp-json\/wp\/v2\/media?parent=167126"}],"wp:term":[{"taxonomy":"category","embeddable":true,"href":"https:\/\/novice.si\/page\/wp-json\/wp\/v2\/categories?post=167126"},{"taxonomy":"post_tag","embeddable":true,"href":"https:\/\/novice.si\/page\/wp-json\/wp\/v2\/tags?post=167126"}],"curies":[{"name":"wp","href":"https:\/\/api.w.org\/{rel}","templated":true}]}}