{"id":167118,"date":"2023-09-05T15:01:29","date_gmt":"2023-09-05T13:01:29","guid":{"rendered":"https:\/\/novice.si\/page\/?p=167118"},"modified":"2023-09-05T15:01:29","modified_gmt":"2023-09-05T13:01:29","slug":"zabaven-zacetek-solskega-leta-in-jeseni","status":"publish","type":"post","link":"https:\/\/novice.si\/page\/zabaven-zacetek-solskega-leta-in-jeseni\/","title":{"rendered":"Zabaven za\u010detek \u0161olskega leta in jeseni"},"content":{"rendered":"<p><em><img loading=\"lazy\" decoding=\"async\" class=\" wp-image-167119 alignright\" src=\"https:\/\/novice.si\/page\/wp-content\/uploads\/2023\/09\/cz-zacetek-sole-CC-600x450.jpg\" alt=\"desetak\" width=\"467\" height=\"350\" srcset=\"https:\/\/novice.si\/page\/wp-content\/uploads\/2023\/09\/cz-zacetek-sole-CC-600x450.jpg 600w, https:\/\/novice.si\/page\/wp-content\/uploads\/2023\/09\/cz-zacetek-sole-CC-768x576.jpg 768w, https:\/\/novice.si\/page\/wp-content\/uploads\/2023\/09\/cz-zacetek-sole-CC-80x60.jpg 80w, https:\/\/novice.si\/page\/wp-content\/uploads\/2023\/09\/cz-zacetek-sole-CC-265x198.jpg 265w, https:\/\/novice.si\/page\/wp-content\/uploads\/2023\/09\/cz-zacetek-sole-CC-696x522.jpg 696w, https:\/\/novice.si\/page\/wp-content\/uploads\/2023\/09\/cz-zacetek-sole-CC-560x420.jpg 560w, https:\/\/novice.si\/page\/wp-content\/uploads\/2023\/09\/cz-zacetek-sole-CC-24x18.jpg 24w, https:\/\/novice.si\/page\/wp-content\/uploads\/2023\/09\/cz-zacetek-sole-CC-36x27.jpg 36w, https:\/\/novice.si\/page\/wp-content\/uploads\/2023\/09\/cz-zacetek-sole-CC-48x36.jpg 48w, https:\/\/novice.si\/page\/wp-content\/uploads\/2023\/09\/cz-zacetek-sole-CC.jpg 886w\" sizes=\"auto, (max-width: 467px) 100vw, 467px\" \/>Prvi \u0161olski dan je bil za celjske prvo\u0161olce s pomo\u010djo Citycentra Celje res nekaj posebnega.<\/em><\/p>\n<p>V trgovskem centru so namre\u010d v sodelovanju z Mestno ob\u010dino Celje tudi letos poskrbeli za obdarovanje prvo\u0161olcev. Na prvi \u0161olski dan so tako najmlaj\u0161i \u0161olarji v celjskih \u0161olah prejeli prav posebno darilo &#8211; Citycentrovo obvestilo, s katerim lahko\u00a0na Info to\u010dki\u00a0Citycentra Celje prevzamejo darilni bon Desetak za nakup v vseh tamkaj\u0161njih prodajalnah.<\/p>\n<p>Pred centrom je takrat potekala tudi dobrodelna zabava \u0160ola\u010dinkarije. Otroci so se lahko zabavali na napihljivih igralih, obiskala jih je maskota Gibi, posladkali pa so se lahko s pala\u010dinkami in \u0161mornom. Za glasbene ritme so poskrbeli <strong>Dejan Krajnc &#8211; Dejan Dogaja<\/strong> in <strong>The \u0160lagers<\/strong>, predstavili pa so se tudi finalisti projekta \u00bbOtroci pojejo slovenske pesmi in se veselijo\u00ab Savinjske regije.<\/p>\n<p>Na dobrodelni zabavi so se zbirala sredstva za \u0161olo v naravi in tabore za otroke celjskih osnovnih \u0161ol. Z dobrodelnimi pala\u010dinkami in \u0161mornom so tako zbrali dobrih 800 evrov, zbranim sredstvom pa bodo dodana \u0161e sredstva podpornikov prireditve in Rotary cluba Celje.<\/p>\n<p><strong>Poseben pozdrav jeseni ta teden<\/strong><\/p>\n<p>v Citycentru Celje\u00a0 bodo v \u010detrtek, 7. septembra, ob 18. uri, na osrednjem prostoru nakupovalnega sredi\u0161\u010da, poskrbeli tudi za prav poseben pozdrav jeseni za starej\u0161e in otroke. Da bo za\u010detek septembra res v polnem zagonu, bo namre\u010d poskrbel priljubljeni narodno-zabavni ansambel <strong>Unikat<\/strong>.<\/p>\n<p>\u010clani skupine o sebi pravijo takole: \u00bbKo v na\u0161ih rokah zapojejo harmonika, kitara in bas, nam niso tuje nikoli pozabljene uspe\u0161nice legend narodno-zabavne glasbe, kot sta ansambla bratov Avsenik ter Lojzeta Slaka, kakor tudi melodije mlaj\u0161ih ansamblov. Ko pa pod na\u0161imi spretnimi prsti o\u017eivijo klaviature ter elektri\u010dna kitara, se prebudijo tako zimzelene melodije kot tudi najnovej\u0161i hiti, med katerimi je mo\u010d sli\u0161ati slovenske, hrva\u0161ke ter angle\u0161ke pop, rock in tudi turbofolk skladbe. Pa tudi druga\u010dnih glasbenih vragolij smo sposobni. Skratka, za vsak okus nekaj.\u00ab<\/p>\n<p>Gost ve\u010dera bo <strong>An\u017ee Krevh<\/strong>, Guinnessov rekorder v neprekinjenem igranju na harmoniko. Dogodek je brez vstopnine. (MH)<\/p>\n","protected":false},"excerpt":{"rendered":"<p>Prvi \u0161olski dan je bil za celjske prvo\u0161olce s pomo\u010djo Citycentra Celje res nekaj posebnega. V trgovskem centru so namre\u010d v sodelovanju z Mestno ob\u010dino Celje tudi letos poskrbeli za obdarovanje prvo\u0161olcev. Na prvi \u0161olski dan so tako najmlaj\u0161i \u0161olarji v celjskih \u0161olah prejeli prav posebno darilo &#8211; Citycentrovo obvestilo, s katerim lahko\u00a0na Info to\u010dki\u00a0Citycentra [&hellip;]<\/p>\n","protected":false},"author":55,"featured_media":167119,"comment_status":"closed","ping_status":"closed","sticky":false,"template":"","format":"standard","meta":{"footnotes":""},"categories":[14,142,17],"tags":[],"class_list":{"0":"post-167118","1":"post","2":"type-post","3":"status-publish","4":"format-standard","5":"has-post-thumbnail","7":"category-aktualno","8":"category-celjan","9":"category-celjsko"},"yoast_head":"<!-- This site is optimized with the Yoast SEO plugin v27.4 - https:\/\/yoast.com\/product\/yoast-seo-wordpress\/ -->\n<title>Zabaven za\u010detek \u0161olskega leta in jeseni - Novice.si<\/title>\n<meta name=\"robots\" content=\"index, follow, max-snippet:-1, max-image-preview:large, max-video-preview:-1\" \/>\n<link rel=\"canonical\" href=\"https:\/\/novice.si\/page\/zabaven-zacetek-solskega-leta-in-jeseni\/\" \/>\n<meta property=\"og:locale\" content=\"sl_SI\" \/>\n<meta property=\"og:type\" content=\"article\" \/>\n<meta property=\"og:title\" content=\"Zabaven za\u010detek \u0161olskega leta in jeseni - Novice.si\" \/>\n<meta property=\"og:description\" content=\"Prvi \u0161olski dan je bil za celjske prvo\u0161olce s pomo\u010djo Citycentra Celje res nekaj posebnega. V trgovskem centru so namre\u010d v sodelovanju z Mestno ob\u010dino Celje tudi letos poskrbeli za obdarovanje prvo\u0161olcev. Na prvi \u0161olski dan so tako najmlaj\u0161i \u0161olarji v celjskih \u0161olah prejeli prav posebno darilo &#8211; Citycentrovo obvestilo, s katerim lahko\u00a0na Info to\u010dki\u00a0Citycentra [&hellip;]\" \/>\n<meta property=\"og:url\" content=\"https:\/\/novice.si\/page\/zabaven-zacetek-solskega-leta-in-jeseni\/\" \/>\n<meta property=\"og:site_name\" content=\"Novice.si\" \/>\n<meta property=\"article:published_time\" content=\"2023-09-05T13:01:29+00:00\" \/>\n<meta property=\"og:image\" content=\"https:\/\/novice.si\/page\/wp-content\/uploads\/2023\/09\/cz-zacetek-sole-CC.jpg\" \/>\n\t<meta property=\"og:image:width\" content=\"886\" \/>\n\t<meta property=\"og:image:height\" content=\"665\" \/>\n\t<meta property=\"og:image:type\" content=\"image\/jpeg\" \/>\n<meta name=\"author\" content=\"Uredni\u0161tvo Celjana\" \/>\n<meta name=\"twitter:card\" content=\"summary_large_image\" \/>\n<meta name=\"twitter:label1\" content=\"Written by\" \/>\n\t<meta name=\"twitter:data1\" content=\"Uredni\u0161tvo Celjana\" \/>\n\t<meta name=\"twitter:label2\" content=\"Est. reading time\" \/>\n\t<meta name=\"twitter:data2\" content=\"2 minuti\" \/>\n<script type=\"application\/ld+json\" class=\"yoast-schema-graph\">{\"@context\":\"https:\\\/\\\/schema.org\",\"@graph\":[{\"@type\":\"Article\",\"@id\":\"https:\\\/\\\/novice.si\\\/page\\\/zabaven-zacetek-solskega-leta-in-jeseni\\\/#article\",\"isPartOf\":{\"@id\":\"https:\\\/\\\/novice.si\\\/page\\\/zabaven-zacetek-solskega-leta-in-jeseni\\\/\"},\"author\":{\"name\":\"Uredni\u0161tvo Celjana\",\"@id\":\"https:\\\/\\\/novice.si\\\/page\\\/#\\\/schema\\\/person\\\/a49f233ef2777ec7b2e8d0662325bb48\"},\"headline\":\"Zabaven za\u010detek \u0161olskega leta in jeseni\",\"datePublished\":\"2023-09-05T13:01:29+00:00\",\"mainEntityOfPage\":{\"@id\":\"https:\\\/\\\/novice.si\\\/page\\\/zabaven-zacetek-solskega-leta-in-jeseni\\\/\"},\"wordCount\":348,\"publisher\":{\"@id\":\"https:\\\/\\\/novice.si\\\/page\\\/#organization\"},\"image\":{\"@id\":\"https:\\\/\\\/novice.si\\\/page\\\/zabaven-zacetek-solskega-leta-in-jeseni\\\/#primaryimage\"},\"thumbnailUrl\":\"https:\\\/\\\/novice.si\\\/page\\\/wp-content\\\/uploads\\\/2023\\\/09\\\/cz-zacetek-sole-CC.jpg\",\"articleSection\":[\"Aktualno\",\"Celjan\",\"Celjsko\"],\"inLanguage\":\"sl-SI\"},{\"@type\":\"WebPage\",\"@id\":\"https:\\\/\\\/novice.si\\\/page\\\/zabaven-zacetek-solskega-leta-in-jeseni\\\/\",\"url\":\"https:\\\/\\\/novice.si\\\/page\\\/zabaven-zacetek-solskega-leta-in-jeseni\\\/\",\"name\":\"Zabaven za\u010detek \u0161olskega leta in jeseni - Novice.si\",\"isPartOf\":{\"@id\":\"https:\\\/\\\/novice.si\\\/page\\\/#website\"},\"primaryImageOfPage\":{\"@id\":\"https:\\\/\\\/novice.si\\\/page\\\/zabaven-zacetek-solskega-leta-in-jeseni\\\/#primaryimage\"},\"image\":{\"@id\":\"https:\\\/\\\/novice.si\\\/page\\\/zabaven-zacetek-solskega-leta-in-jeseni\\\/#primaryimage\"},\"thumbnailUrl\":\"https:\\\/\\\/novice.si\\\/page\\\/wp-content\\\/uploads\\\/2023\\\/09\\\/cz-zacetek-sole-CC.jpg\",\"datePublished\":\"2023-09-05T13:01:29+00:00\",\"breadcrumb\":{\"@id\":\"https:\\\/\\\/novice.si\\\/page\\\/zabaven-zacetek-solskega-leta-in-jeseni\\\/#breadcrumb\"},\"inLanguage\":\"sl-SI\",\"potentialAction\":[{\"@type\":\"ReadAction\",\"target\":[\"https:\\\/\\\/novice.si\\\/page\\\/zabaven-zacetek-solskega-leta-in-jeseni\\\/\"]}]},{\"@type\":\"ImageObject\",\"inLanguage\":\"sl-SI\",\"@id\":\"https:\\\/\\\/novice.si\\\/page\\\/zabaven-zacetek-solskega-leta-in-jeseni\\\/#primaryimage\",\"url\":\"https:\\\/\\\/novice.si\\\/page\\\/wp-content\\\/uploads\\\/2023\\\/09\\\/cz-zacetek-sole-CC.jpg\",\"contentUrl\":\"https:\\\/\\\/novice.si\\\/page\\\/wp-content\\\/uploads\\\/2023\\\/09\\\/cz-zacetek-sole-CC.jpg\",\"width\":886,\"height\":665,\"caption\":\"desetak\"},{\"@type\":\"BreadcrumbList\",\"@id\":\"https:\\\/\\\/novice.si\\\/page\\\/zabaven-zacetek-solskega-leta-in-jeseni\\\/#breadcrumb\",\"itemListElement\":[{\"@type\":\"ListItem\",\"position\":1,\"name\":\"Home\",\"item\":\"https:\\\/\\\/novice.si\\\/page\\\/\"},{\"@type\":\"ListItem\",\"position\":2,\"name\":\"Zabaven za\u010detek \u0161olskega leta in jeseni\"}]},{\"@type\":\"WebSite\",\"@id\":\"https:\\\/\\\/novice.si\\\/page\\\/#website\",\"url\":\"https:\\\/\\\/novice.si\\\/page\\\/\",\"name\":\"Novice.si\",\"description\":\"\",\"publisher\":{\"@id\":\"https:\\\/\\\/novice.si\\\/page\\\/#organization\"},\"potentialAction\":[{\"@type\":\"SearchAction\",\"target\":{\"@type\":\"EntryPoint\",\"urlTemplate\":\"https:\\\/\\\/novice.si\\\/page\\\/?s={search_term_string}\"},\"query-input\":{\"@type\":\"PropertyValueSpecification\",\"valueRequired\":true,\"valueName\":\"search_term_string\"}}],\"inLanguage\":\"sl-SI\"},{\"@type\":\"Organization\",\"@id\":\"https:\\\/\\\/novice.si\\\/page\\\/#organization\",\"name\":\"Novice.si\",\"url\":\"https:\\\/\\\/novice.si\\\/page\\\/\",\"logo\":{\"@type\":\"ImageObject\",\"inLanguage\":\"sl-SI\",\"@id\":\"https:\\\/\\\/novice.si\\\/page\\\/#\\\/schema\\\/logo\\\/image\\\/\",\"url\":\"https:\\\/\\\/novice.si\\\/page\\\/wp-content\\\/uploads\\\/2023\\\/03\\\/novice_si.png\",\"contentUrl\":\"https:\\\/\\\/novice.si\\\/page\\\/wp-content\\\/uploads\\\/2023\\\/03\\\/novice_si.png\",\"width\":576,\"height\":200,\"caption\":\"Novice.si\"},\"image\":{\"@id\":\"https:\\\/\\\/novice.si\\\/page\\\/#\\\/schema\\\/logo\\\/image\\\/\"}},{\"@type\":\"Person\",\"@id\":\"https:\\\/\\\/novice.si\\\/page\\\/#\\\/schema\\\/person\\\/a49f233ef2777ec7b2e8d0662325bb48\",\"name\":\"Uredni\u0161tvo Celjana\",\"image\":{\"@type\":\"ImageObject\",\"inLanguage\":\"sl-SI\",\"@id\":\"https:\\\/\\\/secure.gravatar.com\\\/avatar\\\/7f7863e616af8f92806c638dd1db3f1a238d83d1cc2ec3100afc06fbb7eb303f?s=96&d=mm&r=g\",\"url\":\"https:\\\/\\\/secure.gravatar.com\\\/avatar\\\/7f7863e616af8f92806c638dd1db3f1a238d83d1cc2ec3100afc06fbb7eb303f?s=96&d=mm&r=g\",\"contentUrl\":\"https:\\\/\\\/secure.gravatar.com\\\/avatar\\\/7f7863e616af8f92806c638dd1db3f1a238d83d1cc2ec3100afc06fbb7eb303f?s=96&d=mm&r=g\",\"caption\":\"Uredni\u0161tvo Celjana\"},\"url\":\"https:\\\/\\\/novice.si\\\/page\\\/author\\\/maja\\\/\"}]}<\/script>\n<!-- \/ Yoast SEO plugin. -->","yoast_head_json":{"title":"Zabaven za\u010detek \u0161olskega leta in jeseni - Novice.si","robots":{"index":"index","follow":"follow","max-snippet":"max-snippet:-1","max-image-preview":"max-image-preview:large","max-video-preview":"max-video-preview:-1"},"canonical":"https:\/\/novice.si\/page\/zabaven-zacetek-solskega-leta-in-jeseni\/","og_locale":"sl_SI","og_type":"article","og_title":"Zabaven za\u010detek \u0161olskega leta in jeseni - Novice.si","og_description":"Prvi \u0161olski dan je bil za celjske prvo\u0161olce s pomo\u010djo Citycentra Celje res nekaj posebnega. V trgovskem centru so namre\u010d v sodelovanju z Mestno ob\u010dino Celje tudi letos poskrbeli za obdarovanje prvo\u0161olcev. Na prvi \u0161olski dan so tako najmlaj\u0161i \u0161olarji v celjskih \u0161olah prejeli prav posebno darilo &#8211; Citycentrovo obvestilo, s katerim lahko\u00a0na Info to\u010dki\u00a0Citycentra [&hellip;]","og_url":"https:\/\/novice.si\/page\/zabaven-zacetek-solskega-leta-in-jeseni\/","og_site_name":"Novice.si","article_published_time":"2023-09-05T13:01:29+00:00","og_image":[{"width":886,"height":665,"url":"https:\/\/novice.si\/page\/wp-content\/uploads\/2023\/09\/cz-zacetek-sole-CC.jpg","type":"image\/jpeg"}],"author":"Uredni\u0161tvo Celjana","twitter_card":"summary_large_image","twitter_misc":{"Written by":"Uredni\u0161tvo Celjana","Est. reading time":"2 minuti"},"schema":{"@context":"https:\/\/schema.org","@graph":[{"@type":"Article","@id":"https:\/\/novice.si\/page\/zabaven-zacetek-solskega-leta-in-jeseni\/#article","isPartOf":{"@id":"https:\/\/novice.si\/page\/zabaven-zacetek-solskega-leta-in-jeseni\/"},"author":{"name":"Uredni\u0161tvo Celjana","@id":"https:\/\/novice.si\/page\/#\/schema\/person\/a49f233ef2777ec7b2e8d0662325bb48"},"headline":"Zabaven za\u010detek \u0161olskega leta in jeseni","datePublished":"2023-09-05T13:01:29+00:00","mainEntityOfPage":{"@id":"https:\/\/novice.si\/page\/zabaven-zacetek-solskega-leta-in-jeseni\/"},"wordCount":348,"publisher":{"@id":"https:\/\/novice.si\/page\/#organization"},"image":{"@id":"https:\/\/novice.si\/page\/zabaven-zacetek-solskega-leta-in-jeseni\/#primaryimage"},"thumbnailUrl":"https:\/\/novice.si\/page\/wp-content\/uploads\/2023\/09\/cz-zacetek-sole-CC.jpg","articleSection":["Aktualno","Celjan","Celjsko"],"inLanguage":"sl-SI"},{"@type":"WebPage","@id":"https:\/\/novice.si\/page\/zabaven-zacetek-solskega-leta-in-jeseni\/","url":"https:\/\/novice.si\/page\/zabaven-zacetek-solskega-leta-in-jeseni\/","name":"Zabaven za\u010detek \u0161olskega leta in jeseni - Novice.si","isPartOf":{"@id":"https:\/\/novice.si\/page\/#website"},"primaryImageOfPage":{"@id":"https:\/\/novice.si\/page\/zabaven-zacetek-solskega-leta-in-jeseni\/#primaryimage"},"image":{"@id":"https:\/\/novice.si\/page\/zabaven-zacetek-solskega-leta-in-jeseni\/#primaryimage"},"thumbnailUrl":"https:\/\/novice.si\/page\/wp-content\/uploads\/2023\/09\/cz-zacetek-sole-CC.jpg","datePublished":"2023-09-05T13:01:29+00:00","breadcrumb":{"@id":"https:\/\/novice.si\/page\/zabaven-zacetek-solskega-leta-in-jeseni\/#breadcrumb"},"inLanguage":"sl-SI","potentialAction":[{"@type":"ReadAction","target":["https:\/\/novice.si\/page\/zabaven-zacetek-solskega-leta-in-jeseni\/"]}]},{"@type":"ImageObject","inLanguage":"sl-SI","@id":"https:\/\/novice.si\/page\/zabaven-zacetek-solskega-leta-in-jeseni\/#primaryimage","url":"https:\/\/novice.si\/page\/wp-content\/uploads\/2023\/09\/cz-zacetek-sole-CC.jpg","contentUrl":"https:\/\/novice.si\/page\/wp-content\/uploads\/2023\/09\/cz-zacetek-sole-CC.jpg","width":886,"height":665,"caption":"desetak"},{"@type":"BreadcrumbList","@id":"https:\/\/novice.si\/page\/zabaven-zacetek-solskega-leta-in-jeseni\/#breadcrumb","itemListElement":[{"@type":"ListItem","position":1,"name":"Home","item":"https:\/\/novice.si\/page\/"},{"@type":"ListItem","position":2,"name":"Zabaven za\u010detek \u0161olskega leta in jeseni"}]},{"@type":"WebSite","@id":"https:\/\/novice.si\/page\/#website","url":"https:\/\/novice.si\/page\/","name":"Novice.si","description":"","publisher":{"@id":"https:\/\/novice.si\/page\/#organization"},"potentialAction":[{"@type":"SearchAction","target":{"@type":"EntryPoint","urlTemplate":"https:\/\/novice.si\/page\/?s={search_term_string}"},"query-input":{"@type":"PropertyValueSpecification","valueRequired":true,"valueName":"search_term_string"}}],"inLanguage":"sl-SI"},{"@type":"Organization","@id":"https:\/\/novice.si\/page\/#organization","name":"Novice.si","url":"https:\/\/novice.si\/page\/","logo":{"@type":"ImageObject","inLanguage":"sl-SI","@id":"https:\/\/novice.si\/page\/#\/schema\/logo\/image\/","url":"https:\/\/novice.si\/page\/wp-content\/uploads\/2023\/03\/novice_si.png","contentUrl":"https:\/\/novice.si\/page\/wp-content\/uploads\/2023\/03\/novice_si.png","width":576,"height":200,"caption":"Novice.si"},"image":{"@id":"https:\/\/novice.si\/page\/#\/schema\/logo\/image\/"}},{"@type":"Person","@id":"https:\/\/novice.si\/page\/#\/schema\/person\/a49f233ef2777ec7b2e8d0662325bb48","name":"Uredni\u0161tvo Celjana","image":{"@type":"ImageObject","inLanguage":"sl-SI","@id":"https:\/\/secure.gravatar.com\/avatar\/7f7863e616af8f92806c638dd1db3f1a238d83d1cc2ec3100afc06fbb7eb303f?s=96&d=mm&r=g","url":"https:\/\/secure.gravatar.com\/avatar\/7f7863e616af8f92806c638dd1db3f1a238d83d1cc2ec3100afc06fbb7eb303f?s=96&d=mm&r=g","contentUrl":"https:\/\/secure.gravatar.com\/avatar\/7f7863e616af8f92806c638dd1db3f1a238d83d1cc2ec3100afc06fbb7eb303f?s=96&d=mm&r=g","caption":"Uredni\u0161tvo Celjana"},"url":"https:\/\/novice.si\/page\/author\/maja\/"}]}},"_links":{"self":[{"href":"https:\/\/novice.si\/page\/wp-json\/wp\/v2\/posts\/167118","targetHints":{"allow":["GET"]}}],"collection":[{"href":"https:\/\/novice.si\/page\/wp-json\/wp\/v2\/posts"}],"about":[{"href":"https:\/\/novice.si\/page\/wp-json\/wp\/v2\/types\/post"}],"author":[{"embeddable":true,"href":"https:\/\/novice.si\/page\/wp-json\/wp\/v2\/users\/55"}],"replies":[{"embeddable":true,"href":"https:\/\/novice.si\/page\/wp-json\/wp\/v2\/comments?post=167118"}],"version-history":[{"count":2,"href":"https:\/\/novice.si\/page\/wp-json\/wp\/v2\/posts\/167118\/revisions"}],"predecessor-version":[{"id":167121,"href":"https:\/\/novice.si\/page\/wp-json\/wp\/v2\/posts\/167118\/revisions\/167121"}],"wp:featuredmedia":[{"embeddable":true,"href":"https:\/\/novice.si\/page\/wp-json\/wp\/v2\/media\/167119"}],"wp:attachment":[{"href":"https:\/\/novice.si\/page\/wp-json\/wp\/v2\/media?parent=167118"}],"wp:term":[{"taxonomy":"category","embeddable":true,"href":"https:\/\/novice.si\/page\/wp-json\/wp\/v2\/categories?post=167118"},{"taxonomy":"post_tag","embeddable":true,"href":"https:\/\/novice.si\/page\/wp-json\/wp\/v2\/tags?post=167118"}],"curies":[{"name":"wp","href":"https:\/\/api.w.org\/{rel}","templated":true}]}}