{"id":167086,"date":"2023-09-04T15:51:14","date_gmt":"2023-09-04T13:51:14","guid":{"rendered":"https:\/\/novice.si\/page\/?p=167086"},"modified":"2023-09-04T15:51:14","modified_gmt":"2023-09-04T13:51:14","slug":"sentjur-obnovili-lokalna-odseka-proti-smarju","status":"publish","type":"post","link":"https:\/\/novice.si\/page\/sentjur-obnovili-lokalna-odseka-proti-smarju\/","title":{"rendered":"\u0160ENTJUR Obnovili lokalna odseka proti \u0160marju"},"content":{"rendered":"<p><img loading=\"lazy\" decoding=\"async\" class=\" wp-image-167087 alignleft\" src=\"https:\/\/novice.si\/page\/wp-content\/uploads\/2023\/09\/Diaci-Loka-cesta-1-600x400.jpg\" alt=\"\" width=\"320\" height=\"213\" srcset=\"https:\/\/novice.si\/page\/wp-content\/uploads\/2023\/09\/Diaci-Loka-cesta-1-600x400.jpg 600w, https:\/\/novice.si\/page\/wp-content\/uploads\/2023\/09\/Diaci-Loka-cesta-1-1024x683.jpg 1024w, https:\/\/novice.si\/page\/wp-content\/uploads\/2023\/09\/Diaci-Loka-cesta-1-768x512.jpg 768w, https:\/\/novice.si\/page\/wp-content\/uploads\/2023\/09\/Diaci-Loka-cesta-1-1536x1024.jpg 1536w, https:\/\/novice.si\/page\/wp-content\/uploads\/2023\/09\/Diaci-Loka-cesta-1-2048x1365.jpg 2048w, https:\/\/novice.si\/page\/wp-content\/uploads\/2023\/09\/Diaci-Loka-cesta-1-696x464.jpg 696w, https:\/\/novice.si\/page\/wp-content\/uploads\/2023\/09\/Diaci-Loka-cesta-1-1068x712.jpg 1068w, https:\/\/novice.si\/page\/wp-content\/uploads\/2023\/09\/Diaci-Loka-cesta-1-630x420.jpg 630w, https:\/\/novice.si\/page\/wp-content\/uploads\/2023\/09\/Diaci-Loka-cesta-1-24x16.jpg 24w, https:\/\/novice.si\/page\/wp-content\/uploads\/2023\/09\/Diaci-Loka-cesta-1-36x24.jpg 36w, https:\/\/novice.si\/page\/wp-content\/uploads\/2023\/09\/Diaci-Loka-cesta-1-48x32.jpg 48w\" sizes=\"auto, (max-width: 320px) 100vw, 320px\" \/>V \u0160entjurju so v\u010deraj slovesno predali namenu prenovljena lokalna cestna odseka\u00a0Drobinsko \u2013 Loka pri \u017dusmu (hkrati je obele\u017eila krajevni praznik) in naprej do Sodne vasi na meji z Ob\u010dino \u0160marje pri Jel\u0161ah.<\/p>\n<p>Skupno gre za poldrugi kilometer cesti\u0161\u010da s hodnikom za pe\u0161ce, postavili so tudi novo javno razsvetljavo.<\/p>\n<p>Vrednost celotne neto nalo\u017ebe zna\u0161a nekaj ve\u010d kot 735 tiso\u010d evrov.<\/p>\n<p>P\u0160<\/p>\n","protected":false},"excerpt":{"rendered":"<p>V \u0160entjurju so v\u010deraj slovesno predali namenu prenovljena lokalna cestna odseka\u00a0Drobinsko \u2013 Loka pri \u017dusmu (hkrati je obele\u017eila krajevni praznik) in naprej do Sodne vasi na meji z Ob\u010dino \u0160marje pri Jel\u0161ah. Skupno gre za poldrugi kilometer cesti\u0161\u010da s hodnikom za pe\u0161ce, postavili so tudi novo javno razsvetljavo. Vrednost celotne neto nalo\u017ebe zna\u0161a nekaj ve\u010d [&hellip;]<\/p>\n","protected":false},"author":33,"featured_media":167088,"comment_status":"closed","ping_status":"closed","sticky":false,"template":"","format":"standard","meta":{"footnotes":""},"categories":[57],"tags":[1658,827,11323,18664],"class_list":{"0":"post-167086","1":"post","2":"type-post","3":"status-publish","4":"format-standard","5":"has-post-thumbnail","7":"category-sentjursko","8":"tag-krajevni-praznik","9":"tag-loka-pri-zusmu","10":"tag-obcinska-nalozba","11":"tag-otvoritev-lokalne-ceste"},"yoast_head":"<!-- This site is optimized with the Yoast SEO plugin v27.4 - https:\/\/yoast.com\/product\/yoast-seo-wordpress\/ -->\n<title>\u0160ENTJUR Obnovili lokalna odseka proti \u0160marju - Novice.si<\/title>\n<meta name=\"robots\" content=\"index, follow, max-snippet:-1, max-image-preview:large, max-video-preview:-1\" \/>\n<link rel=\"canonical\" href=\"https:\/\/novice.si\/page\/sentjur-obnovili-lokalna-odseka-proti-smarju\/\" \/>\n<meta property=\"og:locale\" content=\"sl_SI\" \/>\n<meta property=\"og:type\" content=\"article\" \/>\n<meta property=\"og:title\" content=\"\u0160ENTJUR Obnovili lokalna odseka proti \u0160marju - Novice.si\" \/>\n<meta property=\"og:description\" content=\"V \u0160entjurju so v\u010deraj slovesno predali namenu prenovljena lokalna cestna odseka\u00a0Drobinsko \u2013 Loka pri \u017dusmu (hkrati je obele\u017eila krajevni praznik) in naprej do Sodne vasi na meji z Ob\u010dino \u0160marje pri Jel\u0161ah. Skupno gre za poldrugi kilometer cesti\u0161\u010da s hodnikom za pe\u0161ce, postavili so tudi novo javno razsvetljavo. Vrednost celotne neto nalo\u017ebe zna\u0161a nekaj ve\u010d [&hellip;]\" \/>\n<meta property=\"og:url\" content=\"https:\/\/novice.si\/page\/sentjur-obnovili-lokalna-odseka-proti-smarju\/\" \/>\n<meta property=\"og:site_name\" content=\"Novice.si\" \/>\n<meta property=\"article:published_time\" content=\"2023-09-04T13:51:14+00:00\" \/>\n<meta property=\"og:image\" content=\"https:\/\/novice.si\/page\/wp-content\/uploads\/2023\/09\/Loka-pri-Zusmu-cesta.jpg\" \/>\n\t<meta property=\"og:image:width\" content=\"1299\" \/>\n\t<meta property=\"og:image:height\" content=\"865\" \/>\n\t<meta property=\"og:image:type\" content=\"image\/jpeg\" \/>\n<meta name=\"author\" content=\"Uredni\u0161tvo Celjana\" \/>\n<meta name=\"twitter:card\" content=\"summary_large_image\" \/>\n<meta name=\"twitter:label1\" content=\"Written by\" \/>\n\t<meta name=\"twitter:data1\" content=\"Uredni\u0161tvo Celjana\" \/>\n\t<meta name=\"twitter:label2\" content=\"Est. reading time\" \/>\n\t<meta name=\"twitter:data2\" content=\"1 minuta\" \/>\n<script type=\"application\/ld+json\" class=\"yoast-schema-graph\">{\"@context\":\"https:\\\/\\\/schema.org\",\"@graph\":[{\"@type\":\"Article\",\"@id\":\"https:\\\/\\\/novice.si\\\/page\\\/sentjur-obnovili-lokalna-odseka-proti-smarju\\\/#article\",\"isPartOf\":{\"@id\":\"https:\\\/\\\/novice.si\\\/page\\\/sentjur-obnovili-lokalna-odseka-proti-smarju\\\/\"},\"author\":{\"name\":\"Uredni\u0161tvo Celjana\",\"@id\":\"https:\\\/\\\/novice.si\\\/page\\\/#\\\/schema\\\/person\\\/57f25c9642a9541c7349c65d32032c3e\"},\"headline\":\"\u0160ENTJUR Obnovili lokalna odseka proti \u0160marju\",\"datePublished\":\"2023-09-04T13:51:14+00:00\",\"mainEntityOfPage\":{\"@id\":\"https:\\\/\\\/novice.si\\\/page\\\/sentjur-obnovili-lokalna-odseka-proti-smarju\\\/\"},\"wordCount\":73,\"publisher\":{\"@id\":\"https:\\\/\\\/novice.si\\\/page\\\/#organization\"},\"image\":{\"@id\":\"https:\\\/\\\/novice.si\\\/page\\\/sentjur-obnovili-lokalna-odseka-proti-smarju\\\/#primaryimage\"},\"thumbnailUrl\":\"https:\\\/\\\/novice.si\\\/page\\\/wp-content\\\/uploads\\\/2023\\\/09\\\/Loka-pri-Zusmu-cesta.jpg\",\"keywords\":[\"krajevni praznik\",\"Loka pri \u017dusmu\",\"ob\u010dinska nalo\u017eba\",\"otvoritev lokalne ceste\"],\"articleSection\":[\"\u0160entjursko\"],\"inLanguage\":\"sl-SI\"},{\"@type\":\"WebPage\",\"@id\":\"https:\\\/\\\/novice.si\\\/page\\\/sentjur-obnovili-lokalna-odseka-proti-smarju\\\/\",\"url\":\"https:\\\/\\\/novice.si\\\/page\\\/sentjur-obnovili-lokalna-odseka-proti-smarju\\\/\",\"name\":\"\u0160ENTJUR Obnovili lokalna odseka proti \u0160marju - Novice.si\",\"isPartOf\":{\"@id\":\"https:\\\/\\\/novice.si\\\/page\\\/#website\"},\"primaryImageOfPage\":{\"@id\":\"https:\\\/\\\/novice.si\\\/page\\\/sentjur-obnovili-lokalna-odseka-proti-smarju\\\/#primaryimage\"},\"image\":{\"@id\":\"https:\\\/\\\/novice.si\\\/page\\\/sentjur-obnovili-lokalna-odseka-proti-smarju\\\/#primaryimage\"},\"thumbnailUrl\":\"https:\\\/\\\/novice.si\\\/page\\\/wp-content\\\/uploads\\\/2023\\\/09\\\/Loka-pri-Zusmu-cesta.jpg\",\"datePublished\":\"2023-09-04T13:51:14+00:00\",\"breadcrumb\":{\"@id\":\"https:\\\/\\\/novice.si\\\/page\\\/sentjur-obnovili-lokalna-odseka-proti-smarju\\\/#breadcrumb\"},\"inLanguage\":\"sl-SI\",\"potentialAction\":[{\"@type\":\"ReadAction\",\"target\":[\"https:\\\/\\\/novice.si\\\/page\\\/sentjur-obnovili-lokalna-odseka-proti-smarju\\\/\"]}]},{\"@type\":\"ImageObject\",\"inLanguage\":\"sl-SI\",\"@id\":\"https:\\\/\\\/novice.si\\\/page\\\/sentjur-obnovili-lokalna-odseka-proti-smarju\\\/#primaryimage\",\"url\":\"https:\\\/\\\/novice.si\\\/page\\\/wp-content\\\/uploads\\\/2023\\\/09\\\/Loka-pri-Zusmu-cesta.jpg\",\"contentUrl\":\"https:\\\/\\\/novice.si\\\/page\\\/wp-content\\\/uploads\\\/2023\\\/09\\\/Loka-pri-Zusmu-cesta.jpg\",\"width\":1299,\"height\":865},{\"@type\":\"BreadcrumbList\",\"@id\":\"https:\\\/\\\/novice.si\\\/page\\\/sentjur-obnovili-lokalna-odseka-proti-smarju\\\/#breadcrumb\",\"itemListElement\":[{\"@type\":\"ListItem\",\"position\":1,\"name\":\"Home\",\"item\":\"https:\\\/\\\/novice.si\\\/page\\\/\"},{\"@type\":\"ListItem\",\"position\":2,\"name\":\"\u0160ENTJUR Obnovili lokalna odseka proti \u0160marju\"}]},{\"@type\":\"WebSite\",\"@id\":\"https:\\\/\\\/novice.si\\\/page\\\/#website\",\"url\":\"https:\\\/\\\/novice.si\\\/page\\\/\",\"name\":\"Novice.si\",\"description\":\"\",\"publisher\":{\"@id\":\"https:\\\/\\\/novice.si\\\/page\\\/#organization\"},\"potentialAction\":[{\"@type\":\"SearchAction\",\"target\":{\"@type\":\"EntryPoint\",\"urlTemplate\":\"https:\\\/\\\/novice.si\\\/page\\\/?s={search_term_string}\"},\"query-input\":{\"@type\":\"PropertyValueSpecification\",\"valueRequired\":true,\"valueName\":\"search_term_string\"}}],\"inLanguage\":\"sl-SI\"},{\"@type\":\"Organization\",\"@id\":\"https:\\\/\\\/novice.si\\\/page\\\/#organization\",\"name\":\"Novice.si\",\"url\":\"https:\\\/\\\/novice.si\\\/page\\\/\",\"logo\":{\"@type\":\"ImageObject\",\"inLanguage\":\"sl-SI\",\"@id\":\"https:\\\/\\\/novice.si\\\/page\\\/#\\\/schema\\\/logo\\\/image\\\/\",\"url\":\"https:\\\/\\\/novice.si\\\/page\\\/wp-content\\\/uploads\\\/2023\\\/03\\\/novice_si.png\",\"contentUrl\":\"https:\\\/\\\/novice.si\\\/page\\\/wp-content\\\/uploads\\\/2023\\\/03\\\/novice_si.png\",\"width\":576,\"height\":200,\"caption\":\"Novice.si\"},\"image\":{\"@id\":\"https:\\\/\\\/novice.si\\\/page\\\/#\\\/schema\\\/logo\\\/image\\\/\"}},{\"@type\":\"Person\",\"@id\":\"https:\\\/\\\/novice.si\\\/page\\\/#\\\/schema\\\/person\\\/57f25c9642a9541c7349c65d32032c3e\",\"name\":\"Uredni\u0161tvo Celjana\",\"image\":{\"@type\":\"ImageObject\",\"inLanguage\":\"sl-SI\",\"@id\":\"https:\\\/\\\/secure.gravatar.com\\\/avatar\\\/78e52bc4279b65f6df6345e0ef0f7b792d361361f230cf4ffecfe0afe6d5629c?s=96&d=mm&r=g\",\"url\":\"https:\\\/\\\/secure.gravatar.com\\\/avatar\\\/78e52bc4279b65f6df6345e0ef0f7b792d361361f230cf4ffecfe0afe6d5629c?s=96&d=mm&r=g\",\"contentUrl\":\"https:\\\/\\\/secure.gravatar.com\\\/avatar\\\/78e52bc4279b65f6df6345e0ef0f7b792d361361f230cf4ffecfe0afe6d5629c?s=96&d=mm&r=g\",\"caption\":\"Uredni\u0161tvo Celjana\"},\"url\":\"https:\\\/\\\/novice.si\\\/page\\\/author\\\/primoz\\\/\"}]}<\/script>\n<!-- \/ Yoast SEO plugin. -->","yoast_head_json":{"title":"\u0160ENTJUR Obnovili lokalna odseka proti \u0160marju - Novice.si","robots":{"index":"index","follow":"follow","max-snippet":"max-snippet:-1","max-image-preview":"max-image-preview:large","max-video-preview":"max-video-preview:-1"},"canonical":"https:\/\/novice.si\/page\/sentjur-obnovili-lokalna-odseka-proti-smarju\/","og_locale":"sl_SI","og_type":"article","og_title":"\u0160ENTJUR Obnovili lokalna odseka proti \u0160marju - Novice.si","og_description":"V \u0160entjurju so v\u010deraj slovesno predali namenu prenovljena lokalna cestna odseka\u00a0Drobinsko \u2013 Loka pri \u017dusmu (hkrati je obele\u017eila krajevni praznik) in naprej do Sodne vasi na meji z Ob\u010dino \u0160marje pri Jel\u0161ah. Skupno gre za poldrugi kilometer cesti\u0161\u010da s hodnikom za pe\u0161ce, postavili so tudi novo javno razsvetljavo. Vrednost celotne neto nalo\u017ebe zna\u0161a nekaj ve\u010d [&hellip;]","og_url":"https:\/\/novice.si\/page\/sentjur-obnovili-lokalna-odseka-proti-smarju\/","og_site_name":"Novice.si","article_published_time":"2023-09-04T13:51:14+00:00","og_image":[{"width":1299,"height":865,"url":"https:\/\/novice.si\/page\/wp-content\/uploads\/2023\/09\/Loka-pri-Zusmu-cesta.jpg","type":"image\/jpeg"}],"author":"Uredni\u0161tvo Celjana","twitter_card":"summary_large_image","twitter_misc":{"Written by":"Uredni\u0161tvo Celjana","Est. reading time":"1 minuta"},"schema":{"@context":"https:\/\/schema.org","@graph":[{"@type":"Article","@id":"https:\/\/novice.si\/page\/sentjur-obnovili-lokalna-odseka-proti-smarju\/#article","isPartOf":{"@id":"https:\/\/novice.si\/page\/sentjur-obnovili-lokalna-odseka-proti-smarju\/"},"author":{"name":"Uredni\u0161tvo Celjana","@id":"https:\/\/novice.si\/page\/#\/schema\/person\/57f25c9642a9541c7349c65d32032c3e"},"headline":"\u0160ENTJUR Obnovili lokalna odseka proti \u0160marju","datePublished":"2023-09-04T13:51:14+00:00","mainEntityOfPage":{"@id":"https:\/\/novice.si\/page\/sentjur-obnovili-lokalna-odseka-proti-smarju\/"},"wordCount":73,"publisher":{"@id":"https:\/\/novice.si\/page\/#organization"},"image":{"@id":"https:\/\/novice.si\/page\/sentjur-obnovili-lokalna-odseka-proti-smarju\/#primaryimage"},"thumbnailUrl":"https:\/\/novice.si\/page\/wp-content\/uploads\/2023\/09\/Loka-pri-Zusmu-cesta.jpg","keywords":["krajevni praznik","Loka pri \u017dusmu","ob\u010dinska nalo\u017eba","otvoritev lokalne ceste"],"articleSection":["\u0160entjursko"],"inLanguage":"sl-SI"},{"@type":"WebPage","@id":"https:\/\/novice.si\/page\/sentjur-obnovili-lokalna-odseka-proti-smarju\/","url":"https:\/\/novice.si\/page\/sentjur-obnovili-lokalna-odseka-proti-smarju\/","name":"\u0160ENTJUR Obnovili lokalna odseka proti \u0160marju - Novice.si","isPartOf":{"@id":"https:\/\/novice.si\/page\/#website"},"primaryImageOfPage":{"@id":"https:\/\/novice.si\/page\/sentjur-obnovili-lokalna-odseka-proti-smarju\/#primaryimage"},"image":{"@id":"https:\/\/novice.si\/page\/sentjur-obnovili-lokalna-odseka-proti-smarju\/#primaryimage"},"thumbnailUrl":"https:\/\/novice.si\/page\/wp-content\/uploads\/2023\/09\/Loka-pri-Zusmu-cesta.jpg","datePublished":"2023-09-04T13:51:14+00:00","breadcrumb":{"@id":"https:\/\/novice.si\/page\/sentjur-obnovili-lokalna-odseka-proti-smarju\/#breadcrumb"},"inLanguage":"sl-SI","potentialAction":[{"@type":"ReadAction","target":["https:\/\/novice.si\/page\/sentjur-obnovili-lokalna-odseka-proti-smarju\/"]}]},{"@type":"ImageObject","inLanguage":"sl-SI","@id":"https:\/\/novice.si\/page\/sentjur-obnovili-lokalna-odseka-proti-smarju\/#primaryimage","url":"https:\/\/novice.si\/page\/wp-content\/uploads\/2023\/09\/Loka-pri-Zusmu-cesta.jpg","contentUrl":"https:\/\/novice.si\/page\/wp-content\/uploads\/2023\/09\/Loka-pri-Zusmu-cesta.jpg","width":1299,"height":865},{"@type":"BreadcrumbList","@id":"https:\/\/novice.si\/page\/sentjur-obnovili-lokalna-odseka-proti-smarju\/#breadcrumb","itemListElement":[{"@type":"ListItem","position":1,"name":"Home","item":"https:\/\/novice.si\/page\/"},{"@type":"ListItem","position":2,"name":"\u0160ENTJUR Obnovili lokalna odseka proti \u0160marju"}]},{"@type":"WebSite","@id":"https:\/\/novice.si\/page\/#website","url":"https:\/\/novice.si\/page\/","name":"Novice.si","description":"","publisher":{"@id":"https:\/\/novice.si\/page\/#organization"},"potentialAction":[{"@type":"SearchAction","target":{"@type":"EntryPoint","urlTemplate":"https:\/\/novice.si\/page\/?s={search_term_string}"},"query-input":{"@type":"PropertyValueSpecification","valueRequired":true,"valueName":"search_term_string"}}],"inLanguage":"sl-SI"},{"@type":"Organization","@id":"https:\/\/novice.si\/page\/#organization","name":"Novice.si","url":"https:\/\/novice.si\/page\/","logo":{"@type":"ImageObject","inLanguage":"sl-SI","@id":"https:\/\/novice.si\/page\/#\/schema\/logo\/image\/","url":"https:\/\/novice.si\/page\/wp-content\/uploads\/2023\/03\/novice_si.png","contentUrl":"https:\/\/novice.si\/page\/wp-content\/uploads\/2023\/03\/novice_si.png","width":576,"height":200,"caption":"Novice.si"},"image":{"@id":"https:\/\/novice.si\/page\/#\/schema\/logo\/image\/"}},{"@type":"Person","@id":"https:\/\/novice.si\/page\/#\/schema\/person\/57f25c9642a9541c7349c65d32032c3e","name":"Uredni\u0161tvo Celjana","image":{"@type":"ImageObject","inLanguage":"sl-SI","@id":"https:\/\/secure.gravatar.com\/avatar\/78e52bc4279b65f6df6345e0ef0f7b792d361361f230cf4ffecfe0afe6d5629c?s=96&d=mm&r=g","url":"https:\/\/secure.gravatar.com\/avatar\/78e52bc4279b65f6df6345e0ef0f7b792d361361f230cf4ffecfe0afe6d5629c?s=96&d=mm&r=g","contentUrl":"https:\/\/secure.gravatar.com\/avatar\/78e52bc4279b65f6df6345e0ef0f7b792d361361f230cf4ffecfe0afe6d5629c?s=96&d=mm&r=g","caption":"Uredni\u0161tvo Celjana"},"url":"https:\/\/novice.si\/page\/author\/primoz\/"}]}},"_links":{"self":[{"href":"https:\/\/novice.si\/page\/wp-json\/wp\/v2\/posts\/167086","targetHints":{"allow":["GET"]}}],"collection":[{"href":"https:\/\/novice.si\/page\/wp-json\/wp\/v2\/posts"}],"about":[{"href":"https:\/\/novice.si\/page\/wp-json\/wp\/v2\/types\/post"}],"author":[{"embeddable":true,"href":"https:\/\/novice.si\/page\/wp-json\/wp\/v2\/users\/33"}],"replies":[{"embeddable":true,"href":"https:\/\/novice.si\/page\/wp-json\/wp\/v2\/comments?post=167086"}],"version-history":[{"count":1,"href":"https:\/\/novice.si\/page\/wp-json\/wp\/v2\/posts\/167086\/revisions"}],"predecessor-version":[{"id":167089,"href":"https:\/\/novice.si\/page\/wp-json\/wp\/v2\/posts\/167086\/revisions\/167089"}],"wp:featuredmedia":[{"embeddable":true,"href":"https:\/\/novice.si\/page\/wp-json\/wp\/v2\/media\/167088"}],"wp:attachment":[{"href":"https:\/\/novice.si\/page\/wp-json\/wp\/v2\/media?parent=167086"}],"wp:term":[{"taxonomy":"category","embeddable":true,"href":"https:\/\/novice.si\/page\/wp-json\/wp\/v2\/categories?post=167086"},{"taxonomy":"post_tag","embeddable":true,"href":"https:\/\/novice.si\/page\/wp-json\/wp\/v2\/tags?post=167086"}],"curies":[{"name":"wp","href":"https:\/\/api.w.org\/{rel}","templated":true}]}}