{"id":167083,"date":"2023-09-04T12:27:31","date_gmt":"2023-09-04T10:27:31","guid":{"rendered":"https:\/\/novice.si\/page\/?p=167083"},"modified":"2023-09-04T12:27:31","modified_gmt":"2023-09-04T10:27:31","slug":"sentjur-ljubljana-asta-vrecko-na-celu-levice","status":"publish","type":"post","link":"https:\/\/novice.si\/page\/sentjur-ljubljana-asta-vrecko-na-celu-levice\/","title":{"rendered":"\u0160ENTJUR LJUBLJANA Asta Vre\u010dko na \u010delu Levice"},"content":{"rendered":"<p>Kulturno ministrico \u0160entjur\u010danko <strong>Asto Vre\u010dko<\/strong> so v soboto izvolili za novo koordinatorko <img loading=\"lazy\" decoding=\"async\" class=\"size-medium wp-image-159529 alignleft\" src=\"https:\/\/novice.si\/page\/wp-content\/uploads\/2023\/02\/Asta-Vrecko-1-300x200.jpg\" alt=\"\" width=\"300\" height=\"200\" srcset=\"https:\/\/novice.si\/page\/wp-content\/uploads\/2023\/02\/Asta-Vrecko-1-300x200.jpg 300w, https:\/\/novice.si\/page\/wp-content\/uploads\/2023\/02\/Asta-Vrecko-1-1024x683.jpg 1024w, https:\/\/novice.si\/page\/wp-content\/uploads\/2023\/02\/Asta-Vrecko-1-768x512.jpg 768w, https:\/\/novice.si\/page\/wp-content\/uploads\/2023\/02\/Asta-Vrecko-1-1536x1024.jpg 1536w, https:\/\/novice.si\/page\/wp-content\/uploads\/2023\/02\/Asta-Vrecko-1-2048x1365.jpg 2048w, https:\/\/novice.si\/page\/wp-content\/uploads\/2023\/02\/Asta-Vrecko-1-696x464.jpg 696w, https:\/\/novice.si\/page\/wp-content\/uploads\/2023\/02\/Asta-Vrecko-1-1068x712.jpg 1068w, https:\/\/novice.si\/page\/wp-content\/uploads\/2023\/02\/Asta-Vrecko-1-630x420.jpg 630w, https:\/\/novice.si\/page\/wp-content\/uploads\/2023\/02\/Asta-Vrecko-1-24x16.jpg 24w, https:\/\/novice.si\/page\/wp-content\/uploads\/2023\/02\/Asta-Vrecko-1-36x24.jpg 36w, https:\/\/novice.si\/page\/wp-content\/uploads\/2023\/02\/Asta-Vrecko-1-48x32.jpg 48w\" sizes=\"auto, (max-width: 300px) 100vw, 300px\" \/>parlamentarne stranke Levica.<\/p>\n<p>Na glasovanju je zbrala ob\u010dutno ve\u010d glasov od protikandidata <strong>Mihe Kordi\u0161a<\/strong>, ki se je lani potegoval za mesto predsednika republike.<\/p>\n<p>Novoizvoljena koordinatorica je ob tem dejala, da stranko, ki je na politi\u010dnem prizori\u0161\u010du prisotna pribli\u017eno desetletje, vidi kot platformo raznolikih levih glasov, ki zdru\u017euje in ki bo postala \u0161e pomembnej\u0161a politi\u010dna sila na levem polu in bo nastopila tudi na vseh prihajajo\u010dih volitvah.<\/p>\n<p>P\u0160<\/p>\n","protected":false},"excerpt":{"rendered":"<p>Kulturno ministrico \u0160entjur\u010danko Asto Vre\u010dko so v soboto izvolili za novo koordinatorko parlamentarne stranke Levica. Na glasovanju je zbrala ob\u010dutno ve\u010d glasov od protikandidata Mihe Kordi\u0161a, ki se je lani potegoval za mesto predsednika republike. Novoizvoljena koordinatorica je ob tem dejala, da stranko, ki je na politi\u010dnem prizori\u0161\u010du prisotna pribli\u017eno desetletje, vidi kot platformo raznolikih [&hellip;]<\/p>\n","protected":false},"author":33,"featured_media":159527,"comment_status":"closed","ping_status":"closed","sticky":false,"template":"","format":"standard","meta":{"footnotes":""},"categories":[57],"tags":[18661,18663,13883,18662,1079],"class_list":{"0":"post-167083","1":"post","2":"type-post","3":"status-publish","4":"format-standard","5":"has-post-thumbnail","7":"category-sentjursko","8":"tag-asta-vrecko","9":"tag-kulturna-ministrica","10":"tag-levica","11":"tag-nova-koordinatorica-stranke","12":"tag-volitve"},"yoast_head":"<!-- This site is optimized with the Yoast SEO plugin v27.4 - https:\/\/yoast.com\/product\/yoast-seo-wordpress\/ -->\n<title>\u0160ENTJUR LJUBLJANA Asta Vre\u010dko na \u010delu Levice - Novice.si<\/title>\n<meta name=\"robots\" content=\"index, follow, max-snippet:-1, max-image-preview:large, max-video-preview:-1\" \/>\n<link rel=\"canonical\" href=\"https:\/\/novice.si\/page\/sentjur-ljubljana-asta-vrecko-na-celu-levice\/\" \/>\n<meta property=\"og:locale\" content=\"sl_SI\" \/>\n<meta property=\"og:type\" content=\"article\" \/>\n<meta property=\"og:title\" content=\"\u0160ENTJUR LJUBLJANA Asta Vre\u010dko na \u010delu Levice - Novice.si\" \/>\n<meta property=\"og:description\" content=\"Kulturno ministrico \u0160entjur\u010danko Asto Vre\u010dko so v soboto izvolili za novo koordinatorko parlamentarne stranke Levica. Na glasovanju je zbrala ob\u010dutno ve\u010d glasov od protikandidata Mihe Kordi\u0161a, ki se je lani potegoval za mesto predsednika republike. Novoizvoljena koordinatorica je ob tem dejala, da stranko, ki je na politi\u010dnem prizori\u0161\u010du prisotna pribli\u017eno desetletje, vidi kot platformo raznolikih [&hellip;]\" \/>\n<meta property=\"og:url\" content=\"https:\/\/novice.si\/page\/sentjur-ljubljana-asta-vrecko-na-celu-levice\/\" \/>\n<meta property=\"og:site_name\" content=\"Novice.si\" \/>\n<meta property=\"article:published_time\" content=\"2023-09-04T10:27:31+00:00\" \/>\n<meta property=\"og:image\" content=\"https:\/\/novice.si\/page\/wp-content\/uploads\/2023\/02\/asta-vrecko-ministrica.jpg\" \/>\n\t<meta property=\"og:image:width\" content=\"900\" \/>\n\t<meta property=\"og:image:height\" content=\"599\" \/>\n\t<meta property=\"og:image:type\" content=\"image\/jpeg\" \/>\n<meta name=\"author\" content=\"Uredni\u0161tvo Celjana\" \/>\n<meta name=\"twitter:card\" content=\"summary_large_image\" \/>\n<meta name=\"twitter:label1\" content=\"Written by\" \/>\n\t<meta name=\"twitter:data1\" content=\"Uredni\u0161tvo Celjana\" \/>\n\t<meta name=\"twitter:label2\" content=\"Est. reading time\" \/>\n\t<meta name=\"twitter:data2\" content=\"1 minuta\" \/>\n<script type=\"application\/ld+json\" class=\"yoast-schema-graph\">{\"@context\":\"https:\\\/\\\/schema.org\",\"@graph\":[{\"@type\":\"Article\",\"@id\":\"https:\\\/\\\/novice.si\\\/page\\\/sentjur-ljubljana-asta-vrecko-na-celu-levice\\\/#article\",\"isPartOf\":{\"@id\":\"https:\\\/\\\/novice.si\\\/page\\\/sentjur-ljubljana-asta-vrecko-na-celu-levice\\\/\"},\"author\":{\"name\":\"Uredni\u0161tvo Celjana\",\"@id\":\"https:\\\/\\\/novice.si\\\/page\\\/#\\\/schema\\\/person\\\/57f25c9642a9541c7349c65d32032c3e\"},\"headline\":\"\u0160ENTJUR LJUBLJANA Asta Vre\u010dko na \u010delu Levice\",\"datePublished\":\"2023-09-04T10:27:31+00:00\",\"mainEntityOfPage\":{\"@id\":\"https:\\\/\\\/novice.si\\\/page\\\/sentjur-ljubljana-asta-vrecko-na-celu-levice\\\/\"},\"wordCount\":98,\"publisher\":{\"@id\":\"https:\\\/\\\/novice.si\\\/page\\\/#organization\"},\"image\":{\"@id\":\"https:\\\/\\\/novice.si\\\/page\\\/sentjur-ljubljana-asta-vrecko-na-celu-levice\\\/#primaryimage\"},\"thumbnailUrl\":\"https:\\\/\\\/novice.si\\\/page\\\/wp-content\\\/uploads\\\/2023\\\/02\\\/asta-vrecko-ministrica.jpg\",\"keywords\":[\"Asta Vre\u010dko\",\"Kulturna ministrica\",\"Levica\",\"nova koordinatorica stranke\",\"volitve\"],\"articleSection\":[\"\u0160entjursko\"],\"inLanguage\":\"sl-SI\"},{\"@type\":\"WebPage\",\"@id\":\"https:\\\/\\\/novice.si\\\/page\\\/sentjur-ljubljana-asta-vrecko-na-celu-levice\\\/\",\"url\":\"https:\\\/\\\/novice.si\\\/page\\\/sentjur-ljubljana-asta-vrecko-na-celu-levice\\\/\",\"name\":\"\u0160ENTJUR LJUBLJANA Asta Vre\u010dko na \u010delu Levice - Novice.si\",\"isPartOf\":{\"@id\":\"https:\\\/\\\/novice.si\\\/page\\\/#website\"},\"primaryImageOfPage\":{\"@id\":\"https:\\\/\\\/novice.si\\\/page\\\/sentjur-ljubljana-asta-vrecko-na-celu-levice\\\/#primaryimage\"},\"image\":{\"@id\":\"https:\\\/\\\/novice.si\\\/page\\\/sentjur-ljubljana-asta-vrecko-na-celu-levice\\\/#primaryimage\"},\"thumbnailUrl\":\"https:\\\/\\\/novice.si\\\/page\\\/wp-content\\\/uploads\\\/2023\\\/02\\\/asta-vrecko-ministrica.jpg\",\"datePublished\":\"2023-09-04T10:27:31+00:00\",\"breadcrumb\":{\"@id\":\"https:\\\/\\\/novice.si\\\/page\\\/sentjur-ljubljana-asta-vrecko-na-celu-levice\\\/#breadcrumb\"},\"inLanguage\":\"sl-SI\",\"potentialAction\":[{\"@type\":\"ReadAction\",\"target\":[\"https:\\\/\\\/novice.si\\\/page\\\/sentjur-ljubljana-asta-vrecko-na-celu-levice\\\/\"]}]},{\"@type\":\"ImageObject\",\"inLanguage\":\"sl-SI\",\"@id\":\"https:\\\/\\\/novice.si\\\/page\\\/sentjur-ljubljana-asta-vrecko-na-celu-levice\\\/#primaryimage\",\"url\":\"https:\\\/\\\/novice.si\\\/page\\\/wp-content\\\/uploads\\\/2023\\\/02\\\/asta-vrecko-ministrica.jpg\",\"contentUrl\":\"https:\\\/\\\/novice.si\\\/page\\\/wp-content\\\/uploads\\\/2023\\\/02\\\/asta-vrecko-ministrica.jpg\",\"width\":900,\"height\":599},{\"@type\":\"BreadcrumbList\",\"@id\":\"https:\\\/\\\/novice.si\\\/page\\\/sentjur-ljubljana-asta-vrecko-na-celu-levice\\\/#breadcrumb\",\"itemListElement\":[{\"@type\":\"ListItem\",\"position\":1,\"name\":\"Home\",\"item\":\"https:\\\/\\\/novice.si\\\/page\\\/\"},{\"@type\":\"ListItem\",\"position\":2,\"name\":\"\u0160ENTJUR LJUBLJANA Asta Vre\u010dko na \u010delu Levice\"}]},{\"@type\":\"WebSite\",\"@id\":\"https:\\\/\\\/novice.si\\\/page\\\/#website\",\"url\":\"https:\\\/\\\/novice.si\\\/page\\\/\",\"name\":\"Novice.si\",\"description\":\"\",\"publisher\":{\"@id\":\"https:\\\/\\\/novice.si\\\/page\\\/#organization\"},\"potentialAction\":[{\"@type\":\"SearchAction\",\"target\":{\"@type\":\"EntryPoint\",\"urlTemplate\":\"https:\\\/\\\/novice.si\\\/page\\\/?s={search_term_string}\"},\"query-input\":{\"@type\":\"PropertyValueSpecification\",\"valueRequired\":true,\"valueName\":\"search_term_string\"}}],\"inLanguage\":\"sl-SI\"},{\"@type\":\"Organization\",\"@id\":\"https:\\\/\\\/novice.si\\\/page\\\/#organization\",\"name\":\"Novice.si\",\"url\":\"https:\\\/\\\/novice.si\\\/page\\\/\",\"logo\":{\"@type\":\"ImageObject\",\"inLanguage\":\"sl-SI\",\"@id\":\"https:\\\/\\\/novice.si\\\/page\\\/#\\\/schema\\\/logo\\\/image\\\/\",\"url\":\"https:\\\/\\\/novice.si\\\/page\\\/wp-content\\\/uploads\\\/2023\\\/03\\\/novice_si.png\",\"contentUrl\":\"https:\\\/\\\/novice.si\\\/page\\\/wp-content\\\/uploads\\\/2023\\\/03\\\/novice_si.png\",\"width\":576,\"height\":200,\"caption\":\"Novice.si\"},\"image\":{\"@id\":\"https:\\\/\\\/novice.si\\\/page\\\/#\\\/schema\\\/logo\\\/image\\\/\"}},{\"@type\":\"Person\",\"@id\":\"https:\\\/\\\/novice.si\\\/page\\\/#\\\/schema\\\/person\\\/57f25c9642a9541c7349c65d32032c3e\",\"name\":\"Uredni\u0161tvo Celjana\",\"image\":{\"@type\":\"ImageObject\",\"inLanguage\":\"sl-SI\",\"@id\":\"https:\\\/\\\/secure.gravatar.com\\\/avatar\\\/78e52bc4279b65f6df6345e0ef0f7b792d361361f230cf4ffecfe0afe6d5629c?s=96&d=mm&r=g\",\"url\":\"https:\\\/\\\/secure.gravatar.com\\\/avatar\\\/78e52bc4279b65f6df6345e0ef0f7b792d361361f230cf4ffecfe0afe6d5629c?s=96&d=mm&r=g\",\"contentUrl\":\"https:\\\/\\\/secure.gravatar.com\\\/avatar\\\/78e52bc4279b65f6df6345e0ef0f7b792d361361f230cf4ffecfe0afe6d5629c?s=96&d=mm&r=g\",\"caption\":\"Uredni\u0161tvo Celjana\"},\"url\":\"https:\\\/\\\/novice.si\\\/page\\\/author\\\/primoz\\\/\"}]}<\/script>\n<!-- \/ Yoast SEO plugin. -->","yoast_head_json":{"title":"\u0160ENTJUR LJUBLJANA Asta Vre\u010dko na \u010delu Levice - Novice.si","robots":{"index":"index","follow":"follow","max-snippet":"max-snippet:-1","max-image-preview":"max-image-preview:large","max-video-preview":"max-video-preview:-1"},"canonical":"https:\/\/novice.si\/page\/sentjur-ljubljana-asta-vrecko-na-celu-levice\/","og_locale":"sl_SI","og_type":"article","og_title":"\u0160ENTJUR LJUBLJANA Asta Vre\u010dko na \u010delu Levice - Novice.si","og_description":"Kulturno ministrico \u0160entjur\u010danko Asto Vre\u010dko so v soboto izvolili za novo koordinatorko parlamentarne stranke Levica. Na glasovanju je zbrala ob\u010dutno ve\u010d glasov od protikandidata Mihe Kordi\u0161a, ki se je lani potegoval za mesto predsednika republike. Novoizvoljena koordinatorica je ob tem dejala, da stranko, ki je na politi\u010dnem prizori\u0161\u010du prisotna pribli\u017eno desetletje, vidi kot platformo raznolikih [&hellip;]","og_url":"https:\/\/novice.si\/page\/sentjur-ljubljana-asta-vrecko-na-celu-levice\/","og_site_name":"Novice.si","article_published_time":"2023-09-04T10:27:31+00:00","og_image":[{"width":900,"height":599,"url":"https:\/\/novice.si\/page\/wp-content\/uploads\/2023\/02\/asta-vrecko-ministrica.jpg","type":"image\/jpeg"}],"author":"Uredni\u0161tvo Celjana","twitter_card":"summary_large_image","twitter_misc":{"Written by":"Uredni\u0161tvo Celjana","Est. reading time":"1 minuta"},"schema":{"@context":"https:\/\/schema.org","@graph":[{"@type":"Article","@id":"https:\/\/novice.si\/page\/sentjur-ljubljana-asta-vrecko-na-celu-levice\/#article","isPartOf":{"@id":"https:\/\/novice.si\/page\/sentjur-ljubljana-asta-vrecko-na-celu-levice\/"},"author":{"name":"Uredni\u0161tvo Celjana","@id":"https:\/\/novice.si\/page\/#\/schema\/person\/57f25c9642a9541c7349c65d32032c3e"},"headline":"\u0160ENTJUR LJUBLJANA Asta Vre\u010dko na \u010delu Levice","datePublished":"2023-09-04T10:27:31+00:00","mainEntityOfPage":{"@id":"https:\/\/novice.si\/page\/sentjur-ljubljana-asta-vrecko-na-celu-levice\/"},"wordCount":98,"publisher":{"@id":"https:\/\/novice.si\/page\/#organization"},"image":{"@id":"https:\/\/novice.si\/page\/sentjur-ljubljana-asta-vrecko-na-celu-levice\/#primaryimage"},"thumbnailUrl":"https:\/\/novice.si\/page\/wp-content\/uploads\/2023\/02\/asta-vrecko-ministrica.jpg","keywords":["Asta Vre\u010dko","Kulturna ministrica","Levica","nova koordinatorica stranke","volitve"],"articleSection":["\u0160entjursko"],"inLanguage":"sl-SI"},{"@type":"WebPage","@id":"https:\/\/novice.si\/page\/sentjur-ljubljana-asta-vrecko-na-celu-levice\/","url":"https:\/\/novice.si\/page\/sentjur-ljubljana-asta-vrecko-na-celu-levice\/","name":"\u0160ENTJUR LJUBLJANA Asta Vre\u010dko na \u010delu Levice - Novice.si","isPartOf":{"@id":"https:\/\/novice.si\/page\/#website"},"primaryImageOfPage":{"@id":"https:\/\/novice.si\/page\/sentjur-ljubljana-asta-vrecko-na-celu-levice\/#primaryimage"},"image":{"@id":"https:\/\/novice.si\/page\/sentjur-ljubljana-asta-vrecko-na-celu-levice\/#primaryimage"},"thumbnailUrl":"https:\/\/novice.si\/page\/wp-content\/uploads\/2023\/02\/asta-vrecko-ministrica.jpg","datePublished":"2023-09-04T10:27:31+00:00","breadcrumb":{"@id":"https:\/\/novice.si\/page\/sentjur-ljubljana-asta-vrecko-na-celu-levice\/#breadcrumb"},"inLanguage":"sl-SI","potentialAction":[{"@type":"ReadAction","target":["https:\/\/novice.si\/page\/sentjur-ljubljana-asta-vrecko-na-celu-levice\/"]}]},{"@type":"ImageObject","inLanguage":"sl-SI","@id":"https:\/\/novice.si\/page\/sentjur-ljubljana-asta-vrecko-na-celu-levice\/#primaryimage","url":"https:\/\/novice.si\/page\/wp-content\/uploads\/2023\/02\/asta-vrecko-ministrica.jpg","contentUrl":"https:\/\/novice.si\/page\/wp-content\/uploads\/2023\/02\/asta-vrecko-ministrica.jpg","width":900,"height":599},{"@type":"BreadcrumbList","@id":"https:\/\/novice.si\/page\/sentjur-ljubljana-asta-vrecko-na-celu-levice\/#breadcrumb","itemListElement":[{"@type":"ListItem","position":1,"name":"Home","item":"https:\/\/novice.si\/page\/"},{"@type":"ListItem","position":2,"name":"\u0160ENTJUR LJUBLJANA Asta Vre\u010dko na \u010delu Levice"}]},{"@type":"WebSite","@id":"https:\/\/novice.si\/page\/#website","url":"https:\/\/novice.si\/page\/","name":"Novice.si","description":"","publisher":{"@id":"https:\/\/novice.si\/page\/#organization"},"potentialAction":[{"@type":"SearchAction","target":{"@type":"EntryPoint","urlTemplate":"https:\/\/novice.si\/page\/?s={search_term_string}"},"query-input":{"@type":"PropertyValueSpecification","valueRequired":true,"valueName":"search_term_string"}}],"inLanguage":"sl-SI"},{"@type":"Organization","@id":"https:\/\/novice.si\/page\/#organization","name":"Novice.si","url":"https:\/\/novice.si\/page\/","logo":{"@type":"ImageObject","inLanguage":"sl-SI","@id":"https:\/\/novice.si\/page\/#\/schema\/logo\/image\/","url":"https:\/\/novice.si\/page\/wp-content\/uploads\/2023\/03\/novice_si.png","contentUrl":"https:\/\/novice.si\/page\/wp-content\/uploads\/2023\/03\/novice_si.png","width":576,"height":200,"caption":"Novice.si"},"image":{"@id":"https:\/\/novice.si\/page\/#\/schema\/logo\/image\/"}},{"@type":"Person","@id":"https:\/\/novice.si\/page\/#\/schema\/person\/57f25c9642a9541c7349c65d32032c3e","name":"Uredni\u0161tvo Celjana","image":{"@type":"ImageObject","inLanguage":"sl-SI","@id":"https:\/\/secure.gravatar.com\/avatar\/78e52bc4279b65f6df6345e0ef0f7b792d361361f230cf4ffecfe0afe6d5629c?s=96&d=mm&r=g","url":"https:\/\/secure.gravatar.com\/avatar\/78e52bc4279b65f6df6345e0ef0f7b792d361361f230cf4ffecfe0afe6d5629c?s=96&d=mm&r=g","contentUrl":"https:\/\/secure.gravatar.com\/avatar\/78e52bc4279b65f6df6345e0ef0f7b792d361361f230cf4ffecfe0afe6d5629c?s=96&d=mm&r=g","caption":"Uredni\u0161tvo Celjana"},"url":"https:\/\/novice.si\/page\/author\/primoz\/"}]}},"_links":{"self":[{"href":"https:\/\/novice.si\/page\/wp-json\/wp\/v2\/posts\/167083","targetHints":{"allow":["GET"]}}],"collection":[{"href":"https:\/\/novice.si\/page\/wp-json\/wp\/v2\/posts"}],"about":[{"href":"https:\/\/novice.si\/page\/wp-json\/wp\/v2\/types\/post"}],"author":[{"embeddable":true,"href":"https:\/\/novice.si\/page\/wp-json\/wp\/v2\/users\/33"}],"replies":[{"embeddable":true,"href":"https:\/\/novice.si\/page\/wp-json\/wp\/v2\/comments?post=167083"}],"version-history":[{"count":1,"href":"https:\/\/novice.si\/page\/wp-json\/wp\/v2\/posts\/167083\/revisions"}],"predecessor-version":[{"id":167084,"href":"https:\/\/novice.si\/page\/wp-json\/wp\/v2\/posts\/167083\/revisions\/167084"}],"wp:featuredmedia":[{"embeddable":true,"href":"https:\/\/novice.si\/page\/wp-json\/wp\/v2\/media\/159527"}],"wp:attachment":[{"href":"https:\/\/novice.si\/page\/wp-json\/wp\/v2\/media?parent=167083"}],"wp:term":[{"taxonomy":"category","embeddable":true,"href":"https:\/\/novice.si\/page\/wp-json\/wp\/v2\/categories?post=167083"},{"taxonomy":"post_tag","embeddable":true,"href":"https:\/\/novice.si\/page\/wp-json\/wp\/v2\/tags?post=167083"}],"curies":[{"name":"wp","href":"https:\/\/api.w.org\/{rel}","templated":true}]}}