{"id":166863,"date":"2023-08-30T21:53:00","date_gmt":"2023-08-30T19:53:00","guid":{"rendered":"https:\/\/novice.si\/page\/?p=166863"},"modified":"2023-08-31T11:57:46","modified_gmt":"2023-08-31T09:57:46","slug":"konjiski-maraton-ugodnejse-prijave-in-nahrbtnik-le-do-1-septembra","status":"publish","type":"post","link":"https:\/\/novice.si\/page\/konjiski-maraton-ugodnejse-prijave-in-nahrbtnik-le-do-1-septembra\/","title":{"rendered":"Konji\u0161ki maraton: ugodnej\u0161e prijave in nahrbtnik le do 1. septembra"},"content":{"rendered":"<p><img loading=\"lazy\" decoding=\"async\" class=\"size-medium wp-image-166865\" src=\"https:\/\/novice.si\/page\/wp-content\/uploads\/2023\/08\/konjiski-maraton-foto-arhiv-Konjiski-maraton-600x409.jpg\" alt=\"\" width=\"600\" height=\"409\" srcset=\"https:\/\/novice.si\/page\/wp-content\/uploads\/2023\/08\/konjiski-maraton-foto-arhiv-Konjiski-maraton-600x409.jpg 600w, https:\/\/novice.si\/page\/wp-content\/uploads\/2023\/08\/konjiski-maraton-foto-arhiv-Konjiski-maraton-1024x698.jpg 1024w, https:\/\/novice.si\/page\/wp-content\/uploads\/2023\/08\/konjiski-maraton-foto-arhiv-Konjiski-maraton-768x523.jpg 768w, https:\/\/novice.si\/page\/wp-content\/uploads\/2023\/08\/konjiski-maraton-foto-arhiv-Konjiski-maraton-1536x1047.jpg 1536w, https:\/\/novice.si\/page\/wp-content\/uploads\/2023\/08\/konjiski-maraton-foto-arhiv-Konjiski-maraton-218x150.jpg 218w, https:\/\/novice.si\/page\/wp-content\/uploads\/2023\/08\/konjiski-maraton-foto-arhiv-Konjiski-maraton-696x474.jpg 696w, https:\/\/novice.si\/page\/wp-content\/uploads\/2023\/08\/konjiski-maraton-foto-arhiv-Konjiski-maraton-1068x728.jpg 1068w, https:\/\/novice.si\/page\/wp-content\/uploads\/2023\/08\/konjiski-maraton-foto-arhiv-Konjiski-maraton-616x420.jpg 616w, https:\/\/novice.si\/page\/wp-content\/uploads\/2023\/08\/konjiski-maraton-foto-arhiv-Konjiski-maraton-24x16.jpg 24w, https:\/\/novice.si\/page\/wp-content\/uploads\/2023\/08\/konjiski-maraton-foto-arhiv-Konjiski-maraton-36x25.jpg 36w, https:\/\/novice.si\/page\/wp-content\/uploads\/2023\/08\/konjiski-maraton-foto-arhiv-Konjiski-maraton-48x33.jpg 48w, https:\/\/novice.si\/page\/wp-content\/uploads\/2023\/08\/konjiski-maraton-foto-arhiv-Konjiski-maraton.jpg 1585w\" sizes=\"auto, (max-width: 600px) 100vw, 600px\" \/><\/p>\n<p>Le \u0161e dobre tri tedne je do 11. Konji\u0161kega maratona, ki bo tradicionalno zadnjo nedeljo v septembru (24. septembra). Organizacija je v polnem teku, pomemben datum pa je za teka\u010de tudi 1. september. &#8220;To je mejnik na na\u0161em koledarju, saj z njim zapiramo zelo priljubljene skupinske prijave, posami\u010dnim prijavam pa se cena dviguje s 35 na 39 evrov. Pomembno pa je tudi spomniti, da vsi prijavljeni, ki bodo do 1. septembra tudi pla\u010dali startnino, prejmejo vrhunski \u0161portni nahrbtnik Joma,&#8221; je pojasnil predsednik organizacijskega odbora <strong>Anton Noner<\/strong>. Organizatorji \u0161e opozarjajo, da se zna zgoditi, da bodo \u017ee v kratkem napolnili vseh 1.500 prostih mest in bodo prijave morali znova pred\u010dasno zapreti.<br \/>\nSe pa v petek zaradi zasedenih vseh razpolo\u017eljivih mest \u017ee zapirajo prijave na Glasbeni maraton, ki poteka ob progi konji\u0161kega maratona. (Jure Mernik)<br \/>\nFoto: arhiv Konji\u0161ki maraton<\/p>\n","protected":false},"excerpt":{"rendered":"<p>Le \u0161e dobre tri tedne je do 11. Konji\u0161kega maratona, ki bo tradicionalno zadnjo nedeljo v septembru (24. septembra). Organizacija je v polnem teku, pomemben datum pa je za teka\u010de tudi 1. september. &#8220;To je mejnik na na\u0161em koledarju, saj z njim zapiramo zelo priljubljene skupinske prijave, posami\u010dnim prijavam pa se cena dviguje s 35 [&hellip;]<\/p>\n","protected":false},"author":7,"featured_media":166865,"comment_status":"closed","ping_status":"closed","sticky":false,"template":"","format":"standard","meta":{"footnotes":""},"categories":[14,16,68],"tags":[351],"class_list":{"0":"post-166863","1":"post","2":"type-post","3":"status-publish","4":"format-standard","5":"has-post-thumbnail","7":"category-aktualno","8":"category-konjisko","9":"category-sport","10":"tag-konjiski-maraton"},"yoast_head":"<!-- This site is optimized with the Yoast SEO plugin v27.4 - https:\/\/yoast.com\/product\/yoast-seo-wordpress\/ -->\n<title>Konji\u0161ki maraton: ugodnej\u0161e prijave in nahrbtnik le do 1. septembra - Novice.si<\/title>\n<meta name=\"robots\" content=\"index, follow, max-snippet:-1, max-image-preview:large, max-video-preview:-1\" \/>\n<link rel=\"canonical\" href=\"https:\/\/novice.si\/page\/konjiski-maraton-ugodnejse-prijave-in-nahrbtnik-le-do-1-septembra\/\" \/>\n<meta property=\"og:locale\" content=\"sl_SI\" \/>\n<meta property=\"og:type\" content=\"article\" \/>\n<meta property=\"og:title\" content=\"Konji\u0161ki maraton: ugodnej\u0161e prijave in nahrbtnik le do 1. septembra - Novice.si\" \/>\n<meta property=\"og:description\" content=\"Le \u0161e dobre tri tedne je do 11. Konji\u0161kega maratona, ki bo tradicionalno zadnjo nedeljo v septembru (24. septembra). Organizacija je v polnem teku, pomemben datum pa je za teka\u010de tudi 1. september. &#8220;To je mejnik na na\u0161em koledarju, saj z njim zapiramo zelo priljubljene skupinske prijave, posami\u010dnim prijavam pa se cena dviguje s 35 [&hellip;]\" \/>\n<meta property=\"og:url\" content=\"https:\/\/novice.si\/page\/konjiski-maraton-ugodnejse-prijave-in-nahrbtnik-le-do-1-septembra\/\" \/>\n<meta property=\"og:site_name\" content=\"Novice.si\" \/>\n<meta property=\"article:published_time\" content=\"2023-08-30T19:53:00+00:00\" \/>\n<meta property=\"article:modified_time\" content=\"2023-08-31T09:57:46+00:00\" \/>\n<meta property=\"og:image\" content=\"https:\/\/novice.si\/page\/wp-content\/uploads\/2023\/08\/konjiski-maraton-foto-arhiv-Konjiski-maraton.jpg\" \/>\n\t<meta property=\"og:image:width\" content=\"1585\" \/>\n\t<meta property=\"og:image:height\" content=\"1080\" \/>\n\t<meta property=\"og:image:type\" content=\"image\/jpeg\" \/>\n<meta name=\"author\" content=\"Uredni\u0161tvo Novic\" \/>\n<meta name=\"twitter:card\" content=\"summary_large_image\" \/>\n<meta name=\"twitter:label1\" content=\"Written by\" \/>\n\t<meta name=\"twitter:data1\" content=\"Uredni\u0161tvo Novic\" \/>\n\t<meta name=\"twitter:label2\" content=\"Est. reading time\" \/>\n\t<meta name=\"twitter:data2\" content=\"1 minuta\" \/>\n<script type=\"application\/ld+json\" class=\"yoast-schema-graph\">{\"@context\":\"https:\\\/\\\/schema.org\",\"@graph\":[{\"@type\":\"Article\",\"@id\":\"https:\\\/\\\/novice.si\\\/page\\\/konjiski-maraton-ugodnejse-prijave-in-nahrbtnik-le-do-1-septembra\\\/#article\",\"isPartOf\":{\"@id\":\"https:\\\/\\\/novice.si\\\/page\\\/konjiski-maraton-ugodnejse-prijave-in-nahrbtnik-le-do-1-septembra\\\/\"},\"author\":{\"name\":\"Uredni\u0161tvo Novic\",\"@id\":\"https:\\\/\\\/novice.si\\\/page\\\/#\\\/schema\\\/person\\\/a877dbb8680d441357ce27663beb35ca\"},\"headline\":\"Konji\u0161ki maraton: ugodnej\u0161e prijave in nahrbtnik le do 1. septembra\",\"datePublished\":\"2023-08-30T19:53:00+00:00\",\"dateModified\":\"2023-08-31T09:57:46+00:00\",\"mainEntityOfPage\":{\"@id\":\"https:\\\/\\\/novice.si\\\/page\\\/konjiski-maraton-ugodnejse-prijave-in-nahrbtnik-le-do-1-septembra\\\/\"},\"wordCount\":150,\"publisher\":{\"@id\":\"https:\\\/\\\/novice.si\\\/page\\\/#organization\"},\"image\":{\"@id\":\"https:\\\/\\\/novice.si\\\/page\\\/konjiski-maraton-ugodnejse-prijave-in-nahrbtnik-le-do-1-septembra\\\/#primaryimage\"},\"thumbnailUrl\":\"https:\\\/\\\/novice.si\\\/page\\\/wp-content\\\/uploads\\\/2023\\\/08\\\/konjiski-maraton-foto-arhiv-Konjiski-maraton.jpg\",\"keywords\":[\"Konji\u0161ki maraton\"],\"articleSection\":[\"Aktualno\",\"Konji\u0161ko\",\"\u0160port\"],\"inLanguage\":\"sl-SI\"},{\"@type\":\"WebPage\",\"@id\":\"https:\\\/\\\/novice.si\\\/page\\\/konjiski-maraton-ugodnejse-prijave-in-nahrbtnik-le-do-1-septembra\\\/\",\"url\":\"https:\\\/\\\/novice.si\\\/page\\\/konjiski-maraton-ugodnejse-prijave-in-nahrbtnik-le-do-1-septembra\\\/\",\"name\":\"Konji\u0161ki maraton: ugodnej\u0161e prijave in nahrbtnik le do 1. septembra - Novice.si\",\"isPartOf\":{\"@id\":\"https:\\\/\\\/novice.si\\\/page\\\/#website\"},\"primaryImageOfPage\":{\"@id\":\"https:\\\/\\\/novice.si\\\/page\\\/konjiski-maraton-ugodnejse-prijave-in-nahrbtnik-le-do-1-septembra\\\/#primaryimage\"},\"image\":{\"@id\":\"https:\\\/\\\/novice.si\\\/page\\\/konjiski-maraton-ugodnejse-prijave-in-nahrbtnik-le-do-1-septembra\\\/#primaryimage\"},\"thumbnailUrl\":\"https:\\\/\\\/novice.si\\\/page\\\/wp-content\\\/uploads\\\/2023\\\/08\\\/konjiski-maraton-foto-arhiv-Konjiski-maraton.jpg\",\"datePublished\":\"2023-08-30T19:53:00+00:00\",\"dateModified\":\"2023-08-31T09:57:46+00:00\",\"breadcrumb\":{\"@id\":\"https:\\\/\\\/novice.si\\\/page\\\/konjiski-maraton-ugodnejse-prijave-in-nahrbtnik-le-do-1-septembra\\\/#breadcrumb\"},\"inLanguage\":\"sl-SI\",\"potentialAction\":[{\"@type\":\"ReadAction\",\"target\":[\"https:\\\/\\\/novice.si\\\/page\\\/konjiski-maraton-ugodnejse-prijave-in-nahrbtnik-le-do-1-septembra\\\/\"]}]},{\"@type\":\"ImageObject\",\"inLanguage\":\"sl-SI\",\"@id\":\"https:\\\/\\\/novice.si\\\/page\\\/konjiski-maraton-ugodnejse-prijave-in-nahrbtnik-le-do-1-septembra\\\/#primaryimage\",\"url\":\"https:\\\/\\\/novice.si\\\/page\\\/wp-content\\\/uploads\\\/2023\\\/08\\\/konjiski-maraton-foto-arhiv-Konjiski-maraton.jpg\",\"contentUrl\":\"https:\\\/\\\/novice.si\\\/page\\\/wp-content\\\/uploads\\\/2023\\\/08\\\/konjiski-maraton-foto-arhiv-Konjiski-maraton.jpg\",\"width\":1585,\"height\":1080,\"caption\":\"10. Konjiski maraton 2022 \\\/ 10th Konjice Marathon 2022, 25.9.2022 Slovenske Konjice, Slovenia. Photo by Vid Ponikvar \\\/ Sportida\"},{\"@type\":\"BreadcrumbList\",\"@id\":\"https:\\\/\\\/novice.si\\\/page\\\/konjiski-maraton-ugodnejse-prijave-in-nahrbtnik-le-do-1-septembra\\\/#breadcrumb\",\"itemListElement\":[{\"@type\":\"ListItem\",\"position\":1,\"name\":\"Home\",\"item\":\"https:\\\/\\\/novice.si\\\/page\\\/\"},{\"@type\":\"ListItem\",\"position\":2,\"name\":\"Konji\u0161ki maraton: ugodnej\u0161e prijave in nahrbtnik le do 1. septembra\"}]},{\"@type\":\"WebSite\",\"@id\":\"https:\\\/\\\/novice.si\\\/page\\\/#website\",\"url\":\"https:\\\/\\\/novice.si\\\/page\\\/\",\"name\":\"Novice.si\",\"description\":\"\",\"publisher\":{\"@id\":\"https:\\\/\\\/novice.si\\\/page\\\/#organization\"},\"potentialAction\":[{\"@type\":\"SearchAction\",\"target\":{\"@type\":\"EntryPoint\",\"urlTemplate\":\"https:\\\/\\\/novice.si\\\/page\\\/?s={search_term_string}\"},\"query-input\":{\"@type\":\"PropertyValueSpecification\",\"valueRequired\":true,\"valueName\":\"search_term_string\"}}],\"inLanguage\":\"sl-SI\"},{\"@type\":\"Organization\",\"@id\":\"https:\\\/\\\/novice.si\\\/page\\\/#organization\",\"name\":\"Novice.si\",\"url\":\"https:\\\/\\\/novice.si\\\/page\\\/\",\"logo\":{\"@type\":\"ImageObject\",\"inLanguage\":\"sl-SI\",\"@id\":\"https:\\\/\\\/novice.si\\\/page\\\/#\\\/schema\\\/logo\\\/image\\\/\",\"url\":\"https:\\\/\\\/novice.si\\\/page\\\/wp-content\\\/uploads\\\/2023\\\/03\\\/novice_si.png\",\"contentUrl\":\"https:\\\/\\\/novice.si\\\/page\\\/wp-content\\\/uploads\\\/2023\\\/03\\\/novice_si.png\",\"width\":576,\"height\":200,\"caption\":\"Novice.si\"},\"image\":{\"@id\":\"https:\\\/\\\/novice.si\\\/page\\\/#\\\/schema\\\/logo\\\/image\\\/\"}},{\"@type\":\"Person\",\"@id\":\"https:\\\/\\\/novice.si\\\/page\\\/#\\\/schema\\\/person\\\/a877dbb8680d441357ce27663beb35ca\",\"name\":\"Uredni\u0161tvo Novic\",\"image\":{\"@type\":\"ImageObject\",\"inLanguage\":\"sl-SI\",\"@id\":\"https:\\\/\\\/secure.gravatar.com\\\/avatar\\\/f19c0ae874706cc9ba19d2f6da5f74a5a5ee7674f283fed29ce0ad16a9f1893e?s=96&d=mm&r=g\",\"url\":\"https:\\\/\\\/secure.gravatar.com\\\/avatar\\\/f19c0ae874706cc9ba19d2f6da5f74a5a5ee7674f283fed29ce0ad16a9f1893e?s=96&d=mm&r=g\",\"contentUrl\":\"https:\\\/\\\/secure.gravatar.com\\\/avatar\\\/f19c0ae874706cc9ba19d2f6da5f74a5a5ee7674f283fed29ce0ad16a9f1893e?s=96&d=mm&r=g\",\"caption\":\"Uredni\u0161tvo Novic\"},\"url\":\"https:\\\/\\\/novice.si\\\/page\\\/author\\\/jure\\\/\"}]}<\/script>\n<!-- \/ Yoast SEO plugin. -->","yoast_head_json":{"title":"Konji\u0161ki maraton: ugodnej\u0161e prijave in nahrbtnik le do 1. septembra - Novice.si","robots":{"index":"index","follow":"follow","max-snippet":"max-snippet:-1","max-image-preview":"max-image-preview:large","max-video-preview":"max-video-preview:-1"},"canonical":"https:\/\/novice.si\/page\/konjiski-maraton-ugodnejse-prijave-in-nahrbtnik-le-do-1-septembra\/","og_locale":"sl_SI","og_type":"article","og_title":"Konji\u0161ki maraton: ugodnej\u0161e prijave in nahrbtnik le do 1. septembra - Novice.si","og_description":"Le \u0161e dobre tri tedne je do 11. Konji\u0161kega maratona, ki bo tradicionalno zadnjo nedeljo v septembru (24. septembra). Organizacija je v polnem teku, pomemben datum pa je za teka\u010de tudi 1. september. &#8220;To je mejnik na na\u0161em koledarju, saj z njim zapiramo zelo priljubljene skupinske prijave, posami\u010dnim prijavam pa se cena dviguje s 35 [&hellip;]","og_url":"https:\/\/novice.si\/page\/konjiski-maraton-ugodnejse-prijave-in-nahrbtnik-le-do-1-septembra\/","og_site_name":"Novice.si","article_published_time":"2023-08-30T19:53:00+00:00","article_modified_time":"2023-08-31T09:57:46+00:00","og_image":[{"width":1585,"height":1080,"url":"https:\/\/novice.si\/page\/wp-content\/uploads\/2023\/08\/konjiski-maraton-foto-arhiv-Konjiski-maraton.jpg","type":"image\/jpeg"}],"author":"Uredni\u0161tvo Novic","twitter_card":"summary_large_image","twitter_misc":{"Written by":"Uredni\u0161tvo Novic","Est. reading time":"1 minuta"},"schema":{"@context":"https:\/\/schema.org","@graph":[{"@type":"Article","@id":"https:\/\/novice.si\/page\/konjiski-maraton-ugodnejse-prijave-in-nahrbtnik-le-do-1-septembra\/#article","isPartOf":{"@id":"https:\/\/novice.si\/page\/konjiski-maraton-ugodnejse-prijave-in-nahrbtnik-le-do-1-septembra\/"},"author":{"name":"Uredni\u0161tvo Novic","@id":"https:\/\/novice.si\/page\/#\/schema\/person\/a877dbb8680d441357ce27663beb35ca"},"headline":"Konji\u0161ki maraton: ugodnej\u0161e prijave in nahrbtnik le do 1. septembra","datePublished":"2023-08-30T19:53:00+00:00","dateModified":"2023-08-31T09:57:46+00:00","mainEntityOfPage":{"@id":"https:\/\/novice.si\/page\/konjiski-maraton-ugodnejse-prijave-in-nahrbtnik-le-do-1-septembra\/"},"wordCount":150,"publisher":{"@id":"https:\/\/novice.si\/page\/#organization"},"image":{"@id":"https:\/\/novice.si\/page\/konjiski-maraton-ugodnejse-prijave-in-nahrbtnik-le-do-1-septembra\/#primaryimage"},"thumbnailUrl":"https:\/\/novice.si\/page\/wp-content\/uploads\/2023\/08\/konjiski-maraton-foto-arhiv-Konjiski-maraton.jpg","keywords":["Konji\u0161ki maraton"],"articleSection":["Aktualno","Konji\u0161ko","\u0160port"],"inLanguage":"sl-SI"},{"@type":"WebPage","@id":"https:\/\/novice.si\/page\/konjiski-maraton-ugodnejse-prijave-in-nahrbtnik-le-do-1-septembra\/","url":"https:\/\/novice.si\/page\/konjiski-maraton-ugodnejse-prijave-in-nahrbtnik-le-do-1-septembra\/","name":"Konji\u0161ki maraton: ugodnej\u0161e prijave in nahrbtnik le do 1. septembra - Novice.si","isPartOf":{"@id":"https:\/\/novice.si\/page\/#website"},"primaryImageOfPage":{"@id":"https:\/\/novice.si\/page\/konjiski-maraton-ugodnejse-prijave-in-nahrbtnik-le-do-1-septembra\/#primaryimage"},"image":{"@id":"https:\/\/novice.si\/page\/konjiski-maraton-ugodnejse-prijave-in-nahrbtnik-le-do-1-septembra\/#primaryimage"},"thumbnailUrl":"https:\/\/novice.si\/page\/wp-content\/uploads\/2023\/08\/konjiski-maraton-foto-arhiv-Konjiski-maraton.jpg","datePublished":"2023-08-30T19:53:00+00:00","dateModified":"2023-08-31T09:57:46+00:00","breadcrumb":{"@id":"https:\/\/novice.si\/page\/konjiski-maraton-ugodnejse-prijave-in-nahrbtnik-le-do-1-septembra\/#breadcrumb"},"inLanguage":"sl-SI","potentialAction":[{"@type":"ReadAction","target":["https:\/\/novice.si\/page\/konjiski-maraton-ugodnejse-prijave-in-nahrbtnik-le-do-1-septembra\/"]}]},{"@type":"ImageObject","inLanguage":"sl-SI","@id":"https:\/\/novice.si\/page\/konjiski-maraton-ugodnejse-prijave-in-nahrbtnik-le-do-1-septembra\/#primaryimage","url":"https:\/\/novice.si\/page\/wp-content\/uploads\/2023\/08\/konjiski-maraton-foto-arhiv-Konjiski-maraton.jpg","contentUrl":"https:\/\/novice.si\/page\/wp-content\/uploads\/2023\/08\/konjiski-maraton-foto-arhiv-Konjiski-maraton.jpg","width":1585,"height":1080,"caption":"10. Konjiski maraton 2022 \/ 10th Konjice Marathon 2022, 25.9.2022 Slovenske Konjice, Slovenia. Photo by Vid Ponikvar \/ Sportida"},{"@type":"BreadcrumbList","@id":"https:\/\/novice.si\/page\/konjiski-maraton-ugodnejse-prijave-in-nahrbtnik-le-do-1-septembra\/#breadcrumb","itemListElement":[{"@type":"ListItem","position":1,"name":"Home","item":"https:\/\/novice.si\/page\/"},{"@type":"ListItem","position":2,"name":"Konji\u0161ki maraton: ugodnej\u0161e prijave in nahrbtnik le do 1. septembra"}]},{"@type":"WebSite","@id":"https:\/\/novice.si\/page\/#website","url":"https:\/\/novice.si\/page\/","name":"Novice.si","description":"","publisher":{"@id":"https:\/\/novice.si\/page\/#organization"},"potentialAction":[{"@type":"SearchAction","target":{"@type":"EntryPoint","urlTemplate":"https:\/\/novice.si\/page\/?s={search_term_string}"},"query-input":{"@type":"PropertyValueSpecification","valueRequired":true,"valueName":"search_term_string"}}],"inLanguage":"sl-SI"},{"@type":"Organization","@id":"https:\/\/novice.si\/page\/#organization","name":"Novice.si","url":"https:\/\/novice.si\/page\/","logo":{"@type":"ImageObject","inLanguage":"sl-SI","@id":"https:\/\/novice.si\/page\/#\/schema\/logo\/image\/","url":"https:\/\/novice.si\/page\/wp-content\/uploads\/2023\/03\/novice_si.png","contentUrl":"https:\/\/novice.si\/page\/wp-content\/uploads\/2023\/03\/novice_si.png","width":576,"height":200,"caption":"Novice.si"},"image":{"@id":"https:\/\/novice.si\/page\/#\/schema\/logo\/image\/"}},{"@type":"Person","@id":"https:\/\/novice.si\/page\/#\/schema\/person\/a877dbb8680d441357ce27663beb35ca","name":"Uredni\u0161tvo Novic","image":{"@type":"ImageObject","inLanguage":"sl-SI","@id":"https:\/\/secure.gravatar.com\/avatar\/f19c0ae874706cc9ba19d2f6da5f74a5a5ee7674f283fed29ce0ad16a9f1893e?s=96&d=mm&r=g","url":"https:\/\/secure.gravatar.com\/avatar\/f19c0ae874706cc9ba19d2f6da5f74a5a5ee7674f283fed29ce0ad16a9f1893e?s=96&d=mm&r=g","contentUrl":"https:\/\/secure.gravatar.com\/avatar\/f19c0ae874706cc9ba19d2f6da5f74a5a5ee7674f283fed29ce0ad16a9f1893e?s=96&d=mm&r=g","caption":"Uredni\u0161tvo Novic"},"url":"https:\/\/novice.si\/page\/author\/jure\/"}]}},"_links":{"self":[{"href":"https:\/\/novice.si\/page\/wp-json\/wp\/v2\/posts\/166863","targetHints":{"allow":["GET"]}}],"collection":[{"href":"https:\/\/novice.si\/page\/wp-json\/wp\/v2\/posts"}],"about":[{"href":"https:\/\/novice.si\/page\/wp-json\/wp\/v2\/types\/post"}],"author":[{"embeddable":true,"href":"https:\/\/novice.si\/page\/wp-json\/wp\/v2\/users\/7"}],"replies":[{"embeddable":true,"href":"https:\/\/novice.si\/page\/wp-json\/wp\/v2\/comments?post=166863"}],"version-history":[{"count":1,"href":"https:\/\/novice.si\/page\/wp-json\/wp\/v2\/posts\/166863\/revisions"}],"predecessor-version":[{"id":166866,"href":"https:\/\/novice.si\/page\/wp-json\/wp\/v2\/posts\/166863\/revisions\/166866"}],"wp:featuredmedia":[{"embeddable":true,"href":"https:\/\/novice.si\/page\/wp-json\/wp\/v2\/media\/166865"}],"wp:attachment":[{"href":"https:\/\/novice.si\/page\/wp-json\/wp\/v2\/media?parent=166863"}],"wp:term":[{"taxonomy":"category","embeddable":true,"href":"https:\/\/novice.si\/page\/wp-json\/wp\/v2\/categories?post=166863"},{"taxonomy":"post_tag","embeddable":true,"href":"https:\/\/novice.si\/page\/wp-json\/wp\/v2\/tags?post=166863"}],"curies":[{"name":"wp","href":"https:\/\/api.w.org\/{rel}","templated":true}]}}