{"id":166840,"date":"2023-08-31T11:01:35","date_gmt":"2023-08-31T09:01:35","guid":{"rendered":"https:\/\/novice.si\/page\/?p=166840"},"modified":"2023-08-31T11:10:08","modified_gmt":"2023-08-31T09:10:08","slug":"celje-mos-bo-slavil-55-let-v-znamenju-zelenega-prehoda","status":"publish","type":"post","link":"https:\/\/novice.si\/page\/celje-mos-bo-slavil-55-let-v-znamenju-zelenega-prehoda\/","title":{"rendered":"Celje: MOS bo slavil 55 let v znamenju zelenega prehoda"},"content":{"rendered":"<p>Bli\u017ea se najve\u010dji sejem na \u0160tajerskem \u2013 sejem MOS, ki letos praznuje 55 let. Potekal bo med 13. in 17. septembrom, gre pa za najve\u010djo poslovno-sejemsko prireditev v Sloveniji.<\/p>\n<figure id=\"attachment_166842\" aria-describedby=\"caption-attachment-166842\" style=\"width: 1580px\" class=\"wp-caption alignnone\"><img loading=\"lazy\" decoding=\"async\" class=\"wp-image-166842 size-full\" src=\"https:\/\/novice.si\/page\/wp-content\/uploads\/2023\/08\/0TK6821.jpg\" alt=\"\" width=\"1580\" height=\"1053\" srcset=\"https:\/\/novice.si\/page\/wp-content\/uploads\/2023\/08\/0TK6821.jpg 1580w, https:\/\/novice.si\/page\/wp-content\/uploads\/2023\/08\/0TK6821-600x400.jpg 600w, https:\/\/novice.si\/page\/wp-content\/uploads\/2023\/08\/0TK6821-1024x682.jpg 1024w, https:\/\/novice.si\/page\/wp-content\/uploads\/2023\/08\/0TK6821-768x512.jpg 768w, https:\/\/novice.si\/page\/wp-content\/uploads\/2023\/08\/0TK6821-1536x1024.jpg 1536w, https:\/\/novice.si\/page\/wp-content\/uploads\/2023\/08\/0TK6821-696x464.jpg 696w, https:\/\/novice.si\/page\/wp-content\/uploads\/2023\/08\/0TK6821-1068x712.jpg 1068w, https:\/\/novice.si\/page\/wp-content\/uploads\/2023\/08\/0TK6821-630x420.jpg 630w, https:\/\/novice.si\/page\/wp-content\/uploads\/2023\/08\/0TK6821-24x16.jpg 24w, https:\/\/novice.si\/page\/wp-content\/uploads\/2023\/08\/0TK6821-36x24.jpg 36w, https:\/\/novice.si\/page\/wp-content\/uploads\/2023\/08\/0TK6821-48x32.jpg 48w\" sizes=\"auto, (max-width: 1580px) 100vw, 1580px\" \/><figcaption id=\"caption-attachment-166842\" class=\"wp-caption-text\">Na fotografiji (od leve proti desni): Robert Otorepec \u2013 izvr\u0161ni direktor dru\u017ebe Celjski sejem d.d., DUBRAVKA KALIN, generalna direktorica Direktorata za turizem, Ministrstvo za gospodarstvo, turizem in \u0161port, Kristina Valen\u010di\u010d \u2013 v.d. generalne direktorice Direktorata za razvoj digitalnih re\u0161itev in podatkovno ekonomijo, Ministrstvo za digitalno preobrazbo, Bla\u017e Cvar \u2013 predsednik Obrtno-podjetni\u0161ke zbornice Slovenije<\/figcaption><\/figure>\n<p>Leto\u0161nji MOS bo v znamenju zelenega prehoda s son\u010dnimi elektrarnami, e-mobilnostjo in trajnostnim razvojem. Pri razstavljavcih bo mogo\u010de videti in preizkusiti kolesa in e-skiroje. V atriju bodo gostil CELEBUS, kjer bo mesto Celje predstavljalo aplikacijo in kartico Centralko. Vsak, ki se bo na sejem pripeljal s kolesom, bo lahko kupil cenej\u0161o vstopnico.<br \/>\nNa sejmu bo \u0161e\u00a0 ponudba za dom, gradnjo, prosti \u010das in zdravo hrano, predstavila se bo slovenska modna industrija, poskrbljeno bo tudi za razvedrilo in zabavo.<br \/>\nPrvi dan sejma bo potekala prireditev na temo energetike: \u00bbEvropska direktiva o fotovoltaiki na javnih stavbah\u00ab, drugi dan sejma bo mednarodno poslovno sre\u010danje Obrtno-podjetni\u0161ke zbornice Slovenija. Tretji dan bo na vrsti Dan gospodarske diplomacije.<\/p>\n","protected":false},"excerpt":{"rendered":"<p>Bli\u017ea se najve\u010dji sejem na \u0160tajerskem \u2013 sejem MOS, ki letos praznuje 55 let. Potekal bo med 13. in 17. septembrom, gre pa za najve\u010djo poslovno-sejemsko prireditev v Sloveniji. Leto\u0161nji MOS bo v znamenju zelenega prehoda s son\u010dnimi elektrarnami, e-mobilnostjo in trajnostnim razvojem. Pri razstavljavcih bo mogo\u010de videti in preizkusiti kolesa in e-skiroje. V atriju [&hellip;]<\/p>\n","protected":false},"author":5,"featured_media":166842,"comment_status":"closed","ping_status":"closed","sticky":false,"template":"","format":"standard","meta":{"footnotes":""},"categories":[14,17],"tags":[],"class_list":{"0":"post-166840","1":"post","2":"type-post","3":"status-publish","4":"format-standard","5":"has-post-thumbnail","7":"category-aktualno","8":"category-celjsko"},"yoast_head":"<!-- This site is optimized with the Yoast SEO plugin v27.4 - https:\/\/yoast.com\/product\/yoast-seo-wordpress\/ -->\n<title>Celje: MOS bo slavil 55 let v znamenju zelenega prehoda - Novice.si<\/title>\n<meta name=\"robots\" content=\"index, follow, max-snippet:-1, max-image-preview:large, max-video-preview:-1\" \/>\n<link rel=\"canonical\" href=\"https:\/\/novice.si\/page\/celje-mos-bo-slavil-55-let-v-znamenju-zelenega-prehoda\/\" \/>\n<meta property=\"og:locale\" content=\"sl_SI\" \/>\n<meta property=\"og:type\" content=\"article\" \/>\n<meta property=\"og:title\" content=\"Celje: MOS bo slavil 55 let v znamenju zelenega prehoda - Novice.si\" \/>\n<meta property=\"og:description\" content=\"Bli\u017ea se najve\u010dji sejem na \u0160tajerskem \u2013 sejem MOS, ki letos praznuje 55 let. Potekal bo med 13. in 17. septembrom, gre pa za najve\u010djo poslovno-sejemsko prireditev v Sloveniji. Leto\u0161nji MOS bo v znamenju zelenega prehoda s son\u010dnimi elektrarnami, e-mobilnostjo in trajnostnim razvojem. Pri razstavljavcih bo mogo\u010de videti in preizkusiti kolesa in e-skiroje. V atriju [&hellip;]\" \/>\n<meta property=\"og:url\" content=\"https:\/\/novice.si\/page\/celje-mos-bo-slavil-55-let-v-znamenju-zelenega-prehoda\/\" \/>\n<meta property=\"og:site_name\" content=\"Novice.si\" \/>\n<meta property=\"article:published_time\" content=\"2023-08-31T09:01:35+00:00\" \/>\n<meta property=\"article:modified_time\" content=\"2023-08-31T09:10:08+00:00\" \/>\n<meta property=\"og:image\" content=\"https:\/\/novice.si\/page\/wp-content\/uploads\/2023\/08\/0TK6821.jpg\" \/>\n\t<meta property=\"og:image:width\" content=\"1580\" \/>\n\t<meta property=\"og:image:height\" content=\"1053\" \/>\n\t<meta property=\"og:image:type\" content=\"image\/jpeg\" \/>\n<meta name=\"author\" content=\"Uredni\u0161tvo Radia Rogla\" \/>\n<meta name=\"twitter:card\" content=\"summary_large_image\" \/>\n<meta name=\"twitter:label1\" content=\"Written by\" \/>\n\t<meta name=\"twitter:data1\" content=\"Uredni\u0161tvo Radia Rogla\" \/>\n\t<meta name=\"twitter:label2\" content=\"Est. reading time\" \/>\n\t<meta name=\"twitter:data2\" content=\"2 minuti\" \/>\n<script type=\"application\/ld+json\" class=\"yoast-schema-graph\">{\"@context\":\"https:\\\/\\\/schema.org\",\"@graph\":[{\"@type\":\"Article\",\"@id\":\"https:\\\/\\\/novice.si\\\/page\\\/celje-mos-bo-slavil-55-let-v-znamenju-zelenega-prehoda\\\/#article\",\"isPartOf\":{\"@id\":\"https:\\\/\\\/novice.si\\\/page\\\/celje-mos-bo-slavil-55-let-v-znamenju-zelenega-prehoda\\\/\"},\"author\":{\"name\":\"Uredni\u0161tvo Radia Rogla\",\"@id\":\"https:\\\/\\\/novice.si\\\/page\\\/#\\\/schema\\\/person\\\/25f5278da029e7b6f1e1c5653d7152a6\"},\"headline\":\"Celje: MOS bo slavil 55 let v znamenju zelenega prehoda\",\"datePublished\":\"2023-08-31T09:01:35+00:00\",\"dateModified\":\"2023-08-31T09:10:08+00:00\",\"mainEntityOfPage\":{\"@id\":\"https:\\\/\\\/novice.si\\\/page\\\/celje-mos-bo-slavil-55-let-v-znamenju-zelenega-prehoda\\\/\"},\"wordCount\":219,\"publisher\":{\"@id\":\"https:\\\/\\\/novice.si\\\/page\\\/#organization\"},\"image\":{\"@id\":\"https:\\\/\\\/novice.si\\\/page\\\/celje-mos-bo-slavil-55-let-v-znamenju-zelenega-prehoda\\\/#primaryimage\"},\"thumbnailUrl\":\"https:\\\/\\\/novice.si\\\/page\\\/wp-content\\\/uploads\\\/2023\\\/08\\\/0TK6821.jpg\",\"articleSection\":[\"Aktualno\",\"Celjsko\"],\"inLanguage\":\"sl-SI\"},{\"@type\":\"WebPage\",\"@id\":\"https:\\\/\\\/novice.si\\\/page\\\/celje-mos-bo-slavil-55-let-v-znamenju-zelenega-prehoda\\\/\",\"url\":\"https:\\\/\\\/novice.si\\\/page\\\/celje-mos-bo-slavil-55-let-v-znamenju-zelenega-prehoda\\\/\",\"name\":\"Celje: MOS bo slavil 55 let v znamenju zelenega prehoda - Novice.si\",\"isPartOf\":{\"@id\":\"https:\\\/\\\/novice.si\\\/page\\\/#website\"},\"primaryImageOfPage\":{\"@id\":\"https:\\\/\\\/novice.si\\\/page\\\/celje-mos-bo-slavil-55-let-v-znamenju-zelenega-prehoda\\\/#primaryimage\"},\"image\":{\"@id\":\"https:\\\/\\\/novice.si\\\/page\\\/celje-mos-bo-slavil-55-let-v-znamenju-zelenega-prehoda\\\/#primaryimage\"},\"thumbnailUrl\":\"https:\\\/\\\/novice.si\\\/page\\\/wp-content\\\/uploads\\\/2023\\\/08\\\/0TK6821.jpg\",\"datePublished\":\"2023-08-31T09:01:35+00:00\",\"dateModified\":\"2023-08-31T09:10:08+00:00\",\"breadcrumb\":{\"@id\":\"https:\\\/\\\/novice.si\\\/page\\\/celje-mos-bo-slavil-55-let-v-znamenju-zelenega-prehoda\\\/#breadcrumb\"},\"inLanguage\":\"sl-SI\",\"potentialAction\":[{\"@type\":\"ReadAction\",\"target\":[\"https:\\\/\\\/novice.si\\\/page\\\/celje-mos-bo-slavil-55-let-v-znamenju-zelenega-prehoda\\\/\"]}]},{\"@type\":\"ImageObject\",\"inLanguage\":\"sl-SI\",\"@id\":\"https:\\\/\\\/novice.si\\\/page\\\/celje-mos-bo-slavil-55-let-v-znamenju-zelenega-prehoda\\\/#primaryimage\",\"url\":\"https:\\\/\\\/novice.si\\\/page\\\/wp-content\\\/uploads\\\/2023\\\/08\\\/0TK6821.jpg\",\"contentUrl\":\"https:\\\/\\\/novice.si\\\/page\\\/wp-content\\\/uploads\\\/2023\\\/08\\\/0TK6821.jpg\",\"width\":1580,\"height\":1053},{\"@type\":\"BreadcrumbList\",\"@id\":\"https:\\\/\\\/novice.si\\\/page\\\/celje-mos-bo-slavil-55-let-v-znamenju-zelenega-prehoda\\\/#breadcrumb\",\"itemListElement\":[{\"@type\":\"ListItem\",\"position\":1,\"name\":\"Home\",\"item\":\"https:\\\/\\\/novice.si\\\/page\\\/\"},{\"@type\":\"ListItem\",\"position\":2,\"name\":\"Celje: MOS bo slavil 55 let v znamenju zelenega prehoda\"}]},{\"@type\":\"WebSite\",\"@id\":\"https:\\\/\\\/novice.si\\\/page\\\/#website\",\"url\":\"https:\\\/\\\/novice.si\\\/page\\\/\",\"name\":\"Novice.si\",\"description\":\"\",\"publisher\":{\"@id\":\"https:\\\/\\\/novice.si\\\/page\\\/#organization\"},\"potentialAction\":[{\"@type\":\"SearchAction\",\"target\":{\"@type\":\"EntryPoint\",\"urlTemplate\":\"https:\\\/\\\/novice.si\\\/page\\\/?s={search_term_string}\"},\"query-input\":{\"@type\":\"PropertyValueSpecification\",\"valueRequired\":true,\"valueName\":\"search_term_string\"}}],\"inLanguage\":\"sl-SI\"},{\"@type\":\"Organization\",\"@id\":\"https:\\\/\\\/novice.si\\\/page\\\/#organization\",\"name\":\"Novice.si\",\"url\":\"https:\\\/\\\/novice.si\\\/page\\\/\",\"logo\":{\"@type\":\"ImageObject\",\"inLanguage\":\"sl-SI\",\"@id\":\"https:\\\/\\\/novice.si\\\/page\\\/#\\\/schema\\\/logo\\\/image\\\/\",\"url\":\"https:\\\/\\\/novice.si\\\/page\\\/wp-content\\\/uploads\\\/2023\\\/03\\\/novice_si.png\",\"contentUrl\":\"https:\\\/\\\/novice.si\\\/page\\\/wp-content\\\/uploads\\\/2023\\\/03\\\/novice_si.png\",\"width\":576,\"height\":200,\"caption\":\"Novice.si\"},\"image\":{\"@id\":\"https:\\\/\\\/novice.si\\\/page\\\/#\\\/schema\\\/logo\\\/image\\\/\"}},{\"@type\":\"Person\",\"@id\":\"https:\\\/\\\/novice.si\\\/page\\\/#\\\/schema\\\/person\\\/25f5278da029e7b6f1e1c5653d7152a6\",\"name\":\"Uredni\u0161tvo Radia Rogla\",\"image\":{\"@type\":\"ImageObject\",\"inLanguage\":\"sl-SI\",\"@id\":\"https:\\\/\\\/secure.gravatar.com\\\/avatar\\\/eade8259eacc27e89cb0948c57c4cbe46b0f16ea634156f167415ac94c5b03e3?s=96&d=mm&r=g\",\"url\":\"https:\\\/\\\/secure.gravatar.com\\\/avatar\\\/eade8259eacc27e89cb0948c57c4cbe46b0f16ea634156f167415ac94c5b03e3?s=96&d=mm&r=g\",\"contentUrl\":\"https:\\\/\\\/secure.gravatar.com\\\/avatar\\\/eade8259eacc27e89cb0948c57c4cbe46b0f16ea634156f167415ac94c5b03e3?s=96&d=mm&r=g\",\"caption\":\"Uredni\u0161tvo Radia Rogla\"},\"url\":\"https:\\\/\\\/novice.si\\\/page\\\/author\\\/valerija\\\/\"}]}<\/script>\n<!-- \/ Yoast SEO plugin. -->","yoast_head_json":{"title":"Celje: MOS bo slavil 55 let v znamenju zelenega prehoda - Novice.si","robots":{"index":"index","follow":"follow","max-snippet":"max-snippet:-1","max-image-preview":"max-image-preview:large","max-video-preview":"max-video-preview:-1"},"canonical":"https:\/\/novice.si\/page\/celje-mos-bo-slavil-55-let-v-znamenju-zelenega-prehoda\/","og_locale":"sl_SI","og_type":"article","og_title":"Celje: MOS bo slavil 55 let v znamenju zelenega prehoda - Novice.si","og_description":"Bli\u017ea se najve\u010dji sejem na \u0160tajerskem \u2013 sejem MOS, ki letos praznuje 55 let. Potekal bo med 13. in 17. septembrom, gre pa za najve\u010djo poslovno-sejemsko prireditev v Sloveniji. Leto\u0161nji MOS bo v znamenju zelenega prehoda s son\u010dnimi elektrarnami, e-mobilnostjo in trajnostnim razvojem. Pri razstavljavcih bo mogo\u010de videti in preizkusiti kolesa in e-skiroje. V atriju [&hellip;]","og_url":"https:\/\/novice.si\/page\/celje-mos-bo-slavil-55-let-v-znamenju-zelenega-prehoda\/","og_site_name":"Novice.si","article_published_time":"2023-08-31T09:01:35+00:00","article_modified_time":"2023-08-31T09:10:08+00:00","og_image":[{"width":1580,"height":1053,"url":"https:\/\/novice.si\/page\/wp-content\/uploads\/2023\/08\/0TK6821.jpg","type":"image\/jpeg"}],"author":"Uredni\u0161tvo Radia Rogla","twitter_card":"summary_large_image","twitter_misc":{"Written by":"Uredni\u0161tvo Radia Rogla","Est. reading time":"2 minuti"},"schema":{"@context":"https:\/\/schema.org","@graph":[{"@type":"Article","@id":"https:\/\/novice.si\/page\/celje-mos-bo-slavil-55-let-v-znamenju-zelenega-prehoda\/#article","isPartOf":{"@id":"https:\/\/novice.si\/page\/celje-mos-bo-slavil-55-let-v-znamenju-zelenega-prehoda\/"},"author":{"name":"Uredni\u0161tvo Radia Rogla","@id":"https:\/\/novice.si\/page\/#\/schema\/person\/25f5278da029e7b6f1e1c5653d7152a6"},"headline":"Celje: MOS bo slavil 55 let v znamenju zelenega prehoda","datePublished":"2023-08-31T09:01:35+00:00","dateModified":"2023-08-31T09:10:08+00:00","mainEntityOfPage":{"@id":"https:\/\/novice.si\/page\/celje-mos-bo-slavil-55-let-v-znamenju-zelenega-prehoda\/"},"wordCount":219,"publisher":{"@id":"https:\/\/novice.si\/page\/#organization"},"image":{"@id":"https:\/\/novice.si\/page\/celje-mos-bo-slavil-55-let-v-znamenju-zelenega-prehoda\/#primaryimage"},"thumbnailUrl":"https:\/\/novice.si\/page\/wp-content\/uploads\/2023\/08\/0TK6821.jpg","articleSection":["Aktualno","Celjsko"],"inLanguage":"sl-SI"},{"@type":"WebPage","@id":"https:\/\/novice.si\/page\/celje-mos-bo-slavil-55-let-v-znamenju-zelenega-prehoda\/","url":"https:\/\/novice.si\/page\/celje-mos-bo-slavil-55-let-v-znamenju-zelenega-prehoda\/","name":"Celje: MOS bo slavil 55 let v znamenju zelenega prehoda - Novice.si","isPartOf":{"@id":"https:\/\/novice.si\/page\/#website"},"primaryImageOfPage":{"@id":"https:\/\/novice.si\/page\/celje-mos-bo-slavil-55-let-v-znamenju-zelenega-prehoda\/#primaryimage"},"image":{"@id":"https:\/\/novice.si\/page\/celje-mos-bo-slavil-55-let-v-znamenju-zelenega-prehoda\/#primaryimage"},"thumbnailUrl":"https:\/\/novice.si\/page\/wp-content\/uploads\/2023\/08\/0TK6821.jpg","datePublished":"2023-08-31T09:01:35+00:00","dateModified":"2023-08-31T09:10:08+00:00","breadcrumb":{"@id":"https:\/\/novice.si\/page\/celje-mos-bo-slavil-55-let-v-znamenju-zelenega-prehoda\/#breadcrumb"},"inLanguage":"sl-SI","potentialAction":[{"@type":"ReadAction","target":["https:\/\/novice.si\/page\/celje-mos-bo-slavil-55-let-v-znamenju-zelenega-prehoda\/"]}]},{"@type":"ImageObject","inLanguage":"sl-SI","@id":"https:\/\/novice.si\/page\/celje-mos-bo-slavil-55-let-v-znamenju-zelenega-prehoda\/#primaryimage","url":"https:\/\/novice.si\/page\/wp-content\/uploads\/2023\/08\/0TK6821.jpg","contentUrl":"https:\/\/novice.si\/page\/wp-content\/uploads\/2023\/08\/0TK6821.jpg","width":1580,"height":1053},{"@type":"BreadcrumbList","@id":"https:\/\/novice.si\/page\/celje-mos-bo-slavil-55-let-v-znamenju-zelenega-prehoda\/#breadcrumb","itemListElement":[{"@type":"ListItem","position":1,"name":"Home","item":"https:\/\/novice.si\/page\/"},{"@type":"ListItem","position":2,"name":"Celje: MOS bo slavil 55 let v znamenju zelenega prehoda"}]},{"@type":"WebSite","@id":"https:\/\/novice.si\/page\/#website","url":"https:\/\/novice.si\/page\/","name":"Novice.si","description":"","publisher":{"@id":"https:\/\/novice.si\/page\/#organization"},"potentialAction":[{"@type":"SearchAction","target":{"@type":"EntryPoint","urlTemplate":"https:\/\/novice.si\/page\/?s={search_term_string}"},"query-input":{"@type":"PropertyValueSpecification","valueRequired":true,"valueName":"search_term_string"}}],"inLanguage":"sl-SI"},{"@type":"Organization","@id":"https:\/\/novice.si\/page\/#organization","name":"Novice.si","url":"https:\/\/novice.si\/page\/","logo":{"@type":"ImageObject","inLanguage":"sl-SI","@id":"https:\/\/novice.si\/page\/#\/schema\/logo\/image\/","url":"https:\/\/novice.si\/page\/wp-content\/uploads\/2023\/03\/novice_si.png","contentUrl":"https:\/\/novice.si\/page\/wp-content\/uploads\/2023\/03\/novice_si.png","width":576,"height":200,"caption":"Novice.si"},"image":{"@id":"https:\/\/novice.si\/page\/#\/schema\/logo\/image\/"}},{"@type":"Person","@id":"https:\/\/novice.si\/page\/#\/schema\/person\/25f5278da029e7b6f1e1c5653d7152a6","name":"Uredni\u0161tvo Radia Rogla","image":{"@type":"ImageObject","inLanguage":"sl-SI","@id":"https:\/\/secure.gravatar.com\/avatar\/eade8259eacc27e89cb0948c57c4cbe46b0f16ea634156f167415ac94c5b03e3?s=96&d=mm&r=g","url":"https:\/\/secure.gravatar.com\/avatar\/eade8259eacc27e89cb0948c57c4cbe46b0f16ea634156f167415ac94c5b03e3?s=96&d=mm&r=g","contentUrl":"https:\/\/secure.gravatar.com\/avatar\/eade8259eacc27e89cb0948c57c4cbe46b0f16ea634156f167415ac94c5b03e3?s=96&d=mm&r=g","caption":"Uredni\u0161tvo Radia Rogla"},"url":"https:\/\/novice.si\/page\/author\/valerija\/"}]}},"_links":{"self":[{"href":"https:\/\/novice.si\/page\/wp-json\/wp\/v2\/posts\/166840","targetHints":{"allow":["GET"]}}],"collection":[{"href":"https:\/\/novice.si\/page\/wp-json\/wp\/v2\/posts"}],"about":[{"href":"https:\/\/novice.si\/page\/wp-json\/wp\/v2\/types\/post"}],"author":[{"embeddable":true,"href":"https:\/\/novice.si\/page\/wp-json\/wp\/v2\/users\/5"}],"replies":[{"embeddable":true,"href":"https:\/\/novice.si\/page\/wp-json\/wp\/v2\/comments?post=166840"}],"version-history":[{"count":1,"href":"https:\/\/novice.si\/page\/wp-json\/wp\/v2\/posts\/166840\/revisions"}],"predecessor-version":[{"id":166843,"href":"https:\/\/novice.si\/page\/wp-json\/wp\/v2\/posts\/166840\/revisions\/166843"}],"wp:featuredmedia":[{"embeddable":true,"href":"https:\/\/novice.si\/page\/wp-json\/wp\/v2\/media\/166842"}],"wp:attachment":[{"href":"https:\/\/novice.si\/page\/wp-json\/wp\/v2\/media?parent=166840"}],"wp:term":[{"taxonomy":"category","embeddable":true,"href":"https:\/\/novice.si\/page\/wp-json\/wp\/v2\/categories?post=166840"},{"taxonomy":"post_tag","embeddable":true,"href":"https:\/\/novice.si\/page\/wp-json\/wp\/v2\/tags?post=166840"}],"curies":[{"name":"wp","href":"https:\/\/api.w.org\/{rel}","templated":true}]}}