{"id":166832,"date":"2023-08-30T18:20:04","date_gmt":"2023-08-30T16:20:04","guid":{"rendered":"https:\/\/novice.si\/page\/?p=166832"},"modified":"2023-08-30T18:20:04","modified_gmt":"2023-08-30T16:20:04","slug":"sentjur-krozisci-pri-omv-in-resevni","status":"publish","type":"post","link":"https:\/\/novice.si\/page\/sentjur-krozisci-pri-omv-in-resevni\/","title":{"rendered":"\u0160ENTJUR Kro\u017ei\u0161\u010di pri OMV in Resevni"},"content":{"rendered":"<p>Eno od sedmih kro\u017ei\u0161\u010d, ki jih bo v kon\u010dni fazi imel \u0160entjur, bo \u2013 kot smo pred \u010dasom \u017ee pisali \u2013 postavljen na zahodni vpadnici pri OMV servisu.<\/p>\n<p><img loading=\"lazy\" decoding=\"async\" class=\" wp-image-152881 alignleft\" src=\"https:\/\/novice.si\/page\/wp-content\/uploads\/2022\/08\/Resevna-4-300x169.jpg\" alt=\"\" width=\"410\" height=\"231\" srcset=\"https:\/\/novice.si\/page\/wp-content\/uploads\/2022\/08\/Resevna-4-300x169.jpg 300w, https:\/\/novice.si\/page\/wp-content\/uploads\/2022\/08\/Resevna-4-1024x576.jpg 1024w, https:\/\/novice.si\/page\/wp-content\/uploads\/2022\/08\/Resevna-4-768x432.jpg 768w, https:\/\/novice.si\/page\/wp-content\/uploads\/2022\/08\/Resevna-4-1536x864.jpg 1536w, https:\/\/novice.si\/page\/wp-content\/uploads\/2022\/08\/Resevna-4-2048x1152.jpg 2048w, https:\/\/novice.si\/page\/wp-content\/uploads\/2022\/08\/Resevna-4-696x392.jpg 696w, https:\/\/novice.si\/page\/wp-content\/uploads\/2022\/08\/Resevna-4-1068x601.jpg 1068w, https:\/\/novice.si\/page\/wp-content\/uploads\/2022\/08\/Resevna-4-747x420.jpg 747w, https:\/\/novice.si\/page\/wp-content\/uploads\/2022\/08\/Resevna-4-24x14.jpg 24w, https:\/\/novice.si\/page\/wp-content\/uploads\/2022\/08\/Resevna-4-36x20.jpg 36w, https:\/\/novice.si\/page\/wp-content\/uploads\/2022\/08\/Resevna-4-48x27.jpg 48w\" sizes=\"auto, (max-width: 410px) 100vw, 410px\" \/>Tam zaklju\u010dujejo tudi gradnjo kolesarske povezave s \u0160torami in Celjem.<\/p>\n<p>Kak\u0161no vlogo in pomen bo \u00a0poleg umirjanja prometa na obvoznici imelo novo kro\u017ei\u0161\u010de, pojasnjuje \u0161entjurski \u017eupan <strong>Marko Diaci<\/strong>: \u00bbPostavljeno bo predvsem zato, ker so tam \u017ee pripravljena zemlji\u0161\u010da za poslovne cone, do koder je potrebno pripeljati promet, kar pa je mogo\u010de le s kro\u017ei\u0161\u010dem, ki po povezalo Ljubljansko ulico, OMV servis, kolesarko in industrijsko cono Anderburg.\u00ab<\/p>\n<p>Za\u010detka del \u0161e ni mogo\u010de predvideti, ker trasa \u0161e ni ume\u0161\u010dena v prostor.<\/p>\n<p>Pred njim pa bodo zgradili \u0161e kro\u017ei\u0161\u010de pri Resevni (na sliki), ki bo najve\u010djega zna\u010daja, saj bo na se\u010di\u0161\u010du glavnih prometnih tokov v mestu. \u00bbZa to kro\u017ei\u0161\u010de je prakti\u010dno vse pripravljeno, smo v fazi odkupov zemlji\u0161\u010d, kjer se sre\u010dujemo s te\u017eavami, ki so zna\u010dilne pri tovrstnih projektih, a to je naloga dr\u017eave.\u00ab Glavnino gradbenih bodo tako del prenesli v leto 2024.<\/p>\n<p>P\u0160<\/p>\n","protected":false},"excerpt":{"rendered":"<p>Eno od sedmih kro\u017ei\u0161\u010d, ki jih bo v kon\u010dni fazi imel \u0160entjur, bo \u2013 kot smo pred \u010dasom \u017ee pisali \u2013 postavljen na zahodni vpadnici pri OMV servisu. Tam zaklju\u010dujejo tudi gradnjo kolesarske povezave s \u0160torami in Celjem. Kak\u0161no vlogo in pomen bo \u00a0poleg umirjanja prometa na obvoznici imelo novo kro\u017ei\u0161\u010de, pojasnjuje \u0161entjurski \u017eupan Marko [&hellip;]<\/p>\n","protected":false},"author":33,"featured_media":166833,"comment_status":"closed","ping_status":"closed","sticky":false,"template":"","format":"standard","meta":{"footnotes":""},"categories":[57],"tags":[18591,18590,14023,4240,18592,9453],"class_list":{"0":"post-166832","1":"post","2":"type-post","3":"status-publish","4":"format-standard","5":"has-post-thumbnail","7":"category-sentjursko","8":"tag-gradja","9":"tag-krozisce-omv","10":"tag-krozisce-resevna","11":"tag-marko-diaci","12":"tag-odkup-zemljisc","13":"tag-poslovna-cona"},"yoast_head":"<!-- This site is optimized with the Yoast SEO plugin v27.4 - https:\/\/yoast.com\/product\/yoast-seo-wordpress\/ -->\n<title>\u0160ENTJUR Kro\u017ei\u0161\u010di pri OMV in Resevni - Novice.si<\/title>\n<meta name=\"robots\" content=\"index, follow, max-snippet:-1, max-image-preview:large, max-video-preview:-1\" \/>\n<link rel=\"canonical\" href=\"https:\/\/novice.si\/page\/sentjur-krozisci-pri-omv-in-resevni\/\" \/>\n<meta property=\"og:locale\" content=\"sl_SI\" \/>\n<meta property=\"og:type\" content=\"article\" \/>\n<meta property=\"og:title\" content=\"\u0160ENTJUR Kro\u017ei\u0161\u010di pri OMV in Resevni - Novice.si\" \/>\n<meta property=\"og:description\" content=\"Eno od sedmih kro\u017ei\u0161\u010d, ki jih bo v kon\u010dni fazi imel \u0160entjur, bo \u2013 kot smo pred \u010dasom \u017ee pisali \u2013 postavljen na zahodni vpadnici pri OMV servisu. Tam zaklju\u010dujejo tudi gradnjo kolesarske povezave s \u0160torami in Celjem. Kak\u0161no vlogo in pomen bo \u00a0poleg umirjanja prometa na obvoznici imelo novo kro\u017ei\u0161\u010de, pojasnjuje \u0161entjurski \u017eupan Marko [&hellip;]\" \/>\n<meta property=\"og:url\" content=\"https:\/\/novice.si\/page\/sentjur-krozisci-pri-omv-in-resevni\/\" \/>\n<meta property=\"og:site_name\" content=\"Novice.si\" \/>\n<meta property=\"article:published_time\" content=\"2023-08-30T16:20:04+00:00\" \/>\n<meta property=\"og:image\" content=\"https:\/\/novice.si\/page\/wp-content\/uploads\/2023\/08\/sentjur-kolesarka-gradnja-3-scaled.jpg\" \/>\n\t<meta property=\"og:image:width\" content=\"2560\" \/>\n\t<meta property=\"og:image:height\" content=\"1920\" \/>\n\t<meta property=\"og:image:type\" content=\"image\/jpeg\" \/>\n<meta name=\"author\" content=\"Uredni\u0161tvo Celjana\" \/>\n<meta name=\"twitter:card\" content=\"summary_large_image\" \/>\n<meta name=\"twitter:label1\" content=\"Written by\" \/>\n\t<meta name=\"twitter:data1\" content=\"Uredni\u0161tvo Celjana\" \/>\n\t<meta name=\"twitter:label2\" content=\"Est. reading time\" \/>\n\t<meta name=\"twitter:data2\" content=\"2 minuti\" \/>\n<script type=\"application\/ld+json\" class=\"yoast-schema-graph\">{\"@context\":\"https:\\\/\\\/schema.org\",\"@graph\":[{\"@type\":\"Article\",\"@id\":\"https:\\\/\\\/novice.si\\\/page\\\/sentjur-krozisci-pri-omv-in-resevni\\\/#article\",\"isPartOf\":{\"@id\":\"https:\\\/\\\/novice.si\\\/page\\\/sentjur-krozisci-pri-omv-in-resevni\\\/\"},\"author\":{\"name\":\"Uredni\u0161tvo Celjana\",\"@id\":\"https:\\\/\\\/novice.si\\\/page\\\/#\\\/schema\\\/person\\\/57f25c9642a9541c7349c65d32032c3e\"},\"headline\":\"\u0160ENTJUR Kro\u017ei\u0161\u010di pri OMV in Resevni\",\"datePublished\":\"2023-08-30T16:20:04+00:00\",\"mainEntityOfPage\":{\"@id\":\"https:\\\/\\\/novice.si\\\/page\\\/sentjur-krozisci-pri-omv-in-resevni\\\/\"},\"wordCount\":200,\"publisher\":{\"@id\":\"https:\\\/\\\/novice.si\\\/page\\\/#organization\"},\"image\":{\"@id\":\"https:\\\/\\\/novice.si\\\/page\\\/sentjur-krozisci-pri-omv-in-resevni\\\/#primaryimage\"},\"thumbnailUrl\":\"https:\\\/\\\/novice.si\\\/page\\\/wp-content\\\/uploads\\\/2023\\\/08\\\/sentjur-kolesarka-gradnja-3-scaled.jpg\",\"keywords\":[\"gradja\",\"kro\u017ei\u0161\u010de OMV\",\"kro\u017ei\u0161\u010de Resevna\",\"marko diaci\",\"odkup zemlji\u0161\u010d\",\"poslovna cona\"],\"articleSection\":[\"\u0160entjursko\"],\"inLanguage\":\"sl-SI\"},{\"@type\":\"WebPage\",\"@id\":\"https:\\\/\\\/novice.si\\\/page\\\/sentjur-krozisci-pri-omv-in-resevni\\\/\",\"url\":\"https:\\\/\\\/novice.si\\\/page\\\/sentjur-krozisci-pri-omv-in-resevni\\\/\",\"name\":\"\u0160ENTJUR Kro\u017ei\u0161\u010di pri OMV in Resevni - Novice.si\",\"isPartOf\":{\"@id\":\"https:\\\/\\\/novice.si\\\/page\\\/#website\"},\"primaryImageOfPage\":{\"@id\":\"https:\\\/\\\/novice.si\\\/page\\\/sentjur-krozisci-pri-omv-in-resevni\\\/#primaryimage\"},\"image\":{\"@id\":\"https:\\\/\\\/novice.si\\\/page\\\/sentjur-krozisci-pri-omv-in-resevni\\\/#primaryimage\"},\"thumbnailUrl\":\"https:\\\/\\\/novice.si\\\/page\\\/wp-content\\\/uploads\\\/2023\\\/08\\\/sentjur-kolesarka-gradnja-3-scaled.jpg\",\"datePublished\":\"2023-08-30T16:20:04+00:00\",\"breadcrumb\":{\"@id\":\"https:\\\/\\\/novice.si\\\/page\\\/sentjur-krozisci-pri-omv-in-resevni\\\/#breadcrumb\"},\"inLanguage\":\"sl-SI\",\"potentialAction\":[{\"@type\":\"ReadAction\",\"target\":[\"https:\\\/\\\/novice.si\\\/page\\\/sentjur-krozisci-pri-omv-in-resevni\\\/\"]}]},{\"@type\":\"ImageObject\",\"inLanguage\":\"sl-SI\",\"@id\":\"https:\\\/\\\/novice.si\\\/page\\\/sentjur-krozisci-pri-omv-in-resevni\\\/#primaryimage\",\"url\":\"https:\\\/\\\/novice.si\\\/page\\\/wp-content\\\/uploads\\\/2023\\\/08\\\/sentjur-kolesarka-gradnja-3-scaled.jpg\",\"contentUrl\":\"https:\\\/\\\/novice.si\\\/page\\\/wp-content\\\/uploads\\\/2023\\\/08\\\/sentjur-kolesarka-gradnja-3-scaled.jpg\",\"width\":2560,\"height\":1920},{\"@type\":\"BreadcrumbList\",\"@id\":\"https:\\\/\\\/novice.si\\\/page\\\/sentjur-krozisci-pri-omv-in-resevni\\\/#breadcrumb\",\"itemListElement\":[{\"@type\":\"ListItem\",\"position\":1,\"name\":\"Home\",\"item\":\"https:\\\/\\\/novice.si\\\/page\\\/\"},{\"@type\":\"ListItem\",\"position\":2,\"name\":\"\u0160ENTJUR Kro\u017ei\u0161\u010di pri OMV in Resevni\"}]},{\"@type\":\"WebSite\",\"@id\":\"https:\\\/\\\/novice.si\\\/page\\\/#website\",\"url\":\"https:\\\/\\\/novice.si\\\/page\\\/\",\"name\":\"Novice.si\",\"description\":\"\",\"publisher\":{\"@id\":\"https:\\\/\\\/novice.si\\\/page\\\/#organization\"},\"potentialAction\":[{\"@type\":\"SearchAction\",\"target\":{\"@type\":\"EntryPoint\",\"urlTemplate\":\"https:\\\/\\\/novice.si\\\/page\\\/?s={search_term_string}\"},\"query-input\":{\"@type\":\"PropertyValueSpecification\",\"valueRequired\":true,\"valueName\":\"search_term_string\"}}],\"inLanguage\":\"sl-SI\"},{\"@type\":\"Organization\",\"@id\":\"https:\\\/\\\/novice.si\\\/page\\\/#organization\",\"name\":\"Novice.si\",\"url\":\"https:\\\/\\\/novice.si\\\/page\\\/\",\"logo\":{\"@type\":\"ImageObject\",\"inLanguage\":\"sl-SI\",\"@id\":\"https:\\\/\\\/novice.si\\\/page\\\/#\\\/schema\\\/logo\\\/image\\\/\",\"url\":\"https:\\\/\\\/novice.si\\\/page\\\/wp-content\\\/uploads\\\/2023\\\/03\\\/novice_si.png\",\"contentUrl\":\"https:\\\/\\\/novice.si\\\/page\\\/wp-content\\\/uploads\\\/2023\\\/03\\\/novice_si.png\",\"width\":576,\"height\":200,\"caption\":\"Novice.si\"},\"image\":{\"@id\":\"https:\\\/\\\/novice.si\\\/page\\\/#\\\/schema\\\/logo\\\/image\\\/\"}},{\"@type\":\"Person\",\"@id\":\"https:\\\/\\\/novice.si\\\/page\\\/#\\\/schema\\\/person\\\/57f25c9642a9541c7349c65d32032c3e\",\"name\":\"Uredni\u0161tvo Celjana\",\"image\":{\"@type\":\"ImageObject\",\"inLanguage\":\"sl-SI\",\"@id\":\"https:\\\/\\\/secure.gravatar.com\\\/avatar\\\/78e52bc4279b65f6df6345e0ef0f7b792d361361f230cf4ffecfe0afe6d5629c?s=96&d=mm&r=g\",\"url\":\"https:\\\/\\\/secure.gravatar.com\\\/avatar\\\/78e52bc4279b65f6df6345e0ef0f7b792d361361f230cf4ffecfe0afe6d5629c?s=96&d=mm&r=g\",\"contentUrl\":\"https:\\\/\\\/secure.gravatar.com\\\/avatar\\\/78e52bc4279b65f6df6345e0ef0f7b792d361361f230cf4ffecfe0afe6d5629c?s=96&d=mm&r=g\",\"caption\":\"Uredni\u0161tvo Celjana\"},\"url\":\"https:\\\/\\\/novice.si\\\/page\\\/author\\\/primoz\\\/\"}]}<\/script>\n<!-- \/ Yoast SEO plugin. -->","yoast_head_json":{"title":"\u0160ENTJUR Kro\u017ei\u0161\u010di pri OMV in Resevni - Novice.si","robots":{"index":"index","follow":"follow","max-snippet":"max-snippet:-1","max-image-preview":"max-image-preview:large","max-video-preview":"max-video-preview:-1"},"canonical":"https:\/\/novice.si\/page\/sentjur-krozisci-pri-omv-in-resevni\/","og_locale":"sl_SI","og_type":"article","og_title":"\u0160ENTJUR Kro\u017ei\u0161\u010di pri OMV in Resevni - Novice.si","og_description":"Eno od sedmih kro\u017ei\u0161\u010d, ki jih bo v kon\u010dni fazi imel \u0160entjur, bo \u2013 kot smo pred \u010dasom \u017ee pisali \u2013 postavljen na zahodni vpadnici pri OMV servisu. Tam zaklju\u010dujejo tudi gradnjo kolesarske povezave s \u0160torami in Celjem. Kak\u0161no vlogo in pomen bo \u00a0poleg umirjanja prometa na obvoznici imelo novo kro\u017ei\u0161\u010de, pojasnjuje \u0161entjurski \u017eupan Marko [&hellip;]","og_url":"https:\/\/novice.si\/page\/sentjur-krozisci-pri-omv-in-resevni\/","og_site_name":"Novice.si","article_published_time":"2023-08-30T16:20:04+00:00","og_image":[{"width":2560,"height":1920,"url":"https:\/\/novice.si\/page\/wp-content\/uploads\/2023\/08\/sentjur-kolesarka-gradnja-3-scaled.jpg","type":"image\/jpeg"}],"author":"Uredni\u0161tvo Celjana","twitter_card":"summary_large_image","twitter_misc":{"Written by":"Uredni\u0161tvo Celjana","Est. reading time":"2 minuti"},"schema":{"@context":"https:\/\/schema.org","@graph":[{"@type":"Article","@id":"https:\/\/novice.si\/page\/sentjur-krozisci-pri-omv-in-resevni\/#article","isPartOf":{"@id":"https:\/\/novice.si\/page\/sentjur-krozisci-pri-omv-in-resevni\/"},"author":{"name":"Uredni\u0161tvo Celjana","@id":"https:\/\/novice.si\/page\/#\/schema\/person\/57f25c9642a9541c7349c65d32032c3e"},"headline":"\u0160ENTJUR Kro\u017ei\u0161\u010di pri OMV in Resevni","datePublished":"2023-08-30T16:20:04+00:00","mainEntityOfPage":{"@id":"https:\/\/novice.si\/page\/sentjur-krozisci-pri-omv-in-resevni\/"},"wordCount":200,"publisher":{"@id":"https:\/\/novice.si\/page\/#organization"},"image":{"@id":"https:\/\/novice.si\/page\/sentjur-krozisci-pri-omv-in-resevni\/#primaryimage"},"thumbnailUrl":"https:\/\/novice.si\/page\/wp-content\/uploads\/2023\/08\/sentjur-kolesarka-gradnja-3-scaled.jpg","keywords":["gradja","kro\u017ei\u0161\u010de OMV","kro\u017ei\u0161\u010de Resevna","marko diaci","odkup zemlji\u0161\u010d","poslovna cona"],"articleSection":["\u0160entjursko"],"inLanguage":"sl-SI"},{"@type":"WebPage","@id":"https:\/\/novice.si\/page\/sentjur-krozisci-pri-omv-in-resevni\/","url":"https:\/\/novice.si\/page\/sentjur-krozisci-pri-omv-in-resevni\/","name":"\u0160ENTJUR Kro\u017ei\u0161\u010di pri OMV in Resevni - Novice.si","isPartOf":{"@id":"https:\/\/novice.si\/page\/#website"},"primaryImageOfPage":{"@id":"https:\/\/novice.si\/page\/sentjur-krozisci-pri-omv-in-resevni\/#primaryimage"},"image":{"@id":"https:\/\/novice.si\/page\/sentjur-krozisci-pri-omv-in-resevni\/#primaryimage"},"thumbnailUrl":"https:\/\/novice.si\/page\/wp-content\/uploads\/2023\/08\/sentjur-kolesarka-gradnja-3-scaled.jpg","datePublished":"2023-08-30T16:20:04+00:00","breadcrumb":{"@id":"https:\/\/novice.si\/page\/sentjur-krozisci-pri-omv-in-resevni\/#breadcrumb"},"inLanguage":"sl-SI","potentialAction":[{"@type":"ReadAction","target":["https:\/\/novice.si\/page\/sentjur-krozisci-pri-omv-in-resevni\/"]}]},{"@type":"ImageObject","inLanguage":"sl-SI","@id":"https:\/\/novice.si\/page\/sentjur-krozisci-pri-omv-in-resevni\/#primaryimage","url":"https:\/\/novice.si\/page\/wp-content\/uploads\/2023\/08\/sentjur-kolesarka-gradnja-3-scaled.jpg","contentUrl":"https:\/\/novice.si\/page\/wp-content\/uploads\/2023\/08\/sentjur-kolesarka-gradnja-3-scaled.jpg","width":2560,"height":1920},{"@type":"BreadcrumbList","@id":"https:\/\/novice.si\/page\/sentjur-krozisci-pri-omv-in-resevni\/#breadcrumb","itemListElement":[{"@type":"ListItem","position":1,"name":"Home","item":"https:\/\/novice.si\/page\/"},{"@type":"ListItem","position":2,"name":"\u0160ENTJUR Kro\u017ei\u0161\u010di pri OMV in Resevni"}]},{"@type":"WebSite","@id":"https:\/\/novice.si\/page\/#website","url":"https:\/\/novice.si\/page\/","name":"Novice.si","description":"","publisher":{"@id":"https:\/\/novice.si\/page\/#organization"},"potentialAction":[{"@type":"SearchAction","target":{"@type":"EntryPoint","urlTemplate":"https:\/\/novice.si\/page\/?s={search_term_string}"},"query-input":{"@type":"PropertyValueSpecification","valueRequired":true,"valueName":"search_term_string"}}],"inLanguage":"sl-SI"},{"@type":"Organization","@id":"https:\/\/novice.si\/page\/#organization","name":"Novice.si","url":"https:\/\/novice.si\/page\/","logo":{"@type":"ImageObject","inLanguage":"sl-SI","@id":"https:\/\/novice.si\/page\/#\/schema\/logo\/image\/","url":"https:\/\/novice.si\/page\/wp-content\/uploads\/2023\/03\/novice_si.png","contentUrl":"https:\/\/novice.si\/page\/wp-content\/uploads\/2023\/03\/novice_si.png","width":576,"height":200,"caption":"Novice.si"},"image":{"@id":"https:\/\/novice.si\/page\/#\/schema\/logo\/image\/"}},{"@type":"Person","@id":"https:\/\/novice.si\/page\/#\/schema\/person\/57f25c9642a9541c7349c65d32032c3e","name":"Uredni\u0161tvo Celjana","image":{"@type":"ImageObject","inLanguage":"sl-SI","@id":"https:\/\/secure.gravatar.com\/avatar\/78e52bc4279b65f6df6345e0ef0f7b792d361361f230cf4ffecfe0afe6d5629c?s=96&d=mm&r=g","url":"https:\/\/secure.gravatar.com\/avatar\/78e52bc4279b65f6df6345e0ef0f7b792d361361f230cf4ffecfe0afe6d5629c?s=96&d=mm&r=g","contentUrl":"https:\/\/secure.gravatar.com\/avatar\/78e52bc4279b65f6df6345e0ef0f7b792d361361f230cf4ffecfe0afe6d5629c?s=96&d=mm&r=g","caption":"Uredni\u0161tvo Celjana"},"url":"https:\/\/novice.si\/page\/author\/primoz\/"}]}},"_links":{"self":[{"href":"https:\/\/novice.si\/page\/wp-json\/wp\/v2\/posts\/166832","targetHints":{"allow":["GET"]}}],"collection":[{"href":"https:\/\/novice.si\/page\/wp-json\/wp\/v2\/posts"}],"about":[{"href":"https:\/\/novice.si\/page\/wp-json\/wp\/v2\/types\/post"}],"author":[{"embeddable":true,"href":"https:\/\/novice.si\/page\/wp-json\/wp\/v2\/users\/33"}],"replies":[{"embeddable":true,"href":"https:\/\/novice.si\/page\/wp-json\/wp\/v2\/comments?post=166832"}],"version-history":[{"count":1,"href":"https:\/\/novice.si\/page\/wp-json\/wp\/v2\/posts\/166832\/revisions"}],"predecessor-version":[{"id":166834,"href":"https:\/\/novice.si\/page\/wp-json\/wp\/v2\/posts\/166832\/revisions\/166834"}],"wp:featuredmedia":[{"embeddable":true,"href":"https:\/\/novice.si\/page\/wp-json\/wp\/v2\/media\/166833"}],"wp:attachment":[{"href":"https:\/\/novice.si\/page\/wp-json\/wp\/v2\/media?parent=166832"}],"wp:term":[{"taxonomy":"category","embeddable":true,"href":"https:\/\/novice.si\/page\/wp-json\/wp\/v2\/categories?post=166832"},{"taxonomy":"post_tag","embeddable":true,"href":"https:\/\/novice.si\/page\/wp-json\/wp\/v2\/tags?post=166832"}],"curies":[{"name":"wp","href":"https:\/\/api.w.org\/{rel}","templated":true}]}}