{"id":166825,"date":"2023-09-03T09:00:22","date_gmt":"2023-09-03T07:00:22","guid":{"rendered":"https:\/\/novice.si\/page\/?p=166825"},"modified":"2023-08-31T10:22:46","modified_gmt":"2023-08-31T08:22:46","slug":"glasbena-sola-celje-v-novo-solsko-leto-s-stevilcnim-vpisom","status":"publish","type":"post","link":"https:\/\/novice.si\/page\/glasbena-sola-celje-v-novo-solsko-leto-s-stevilcnim-vpisom\/","title":{"rendered":"Glasbena \u0161ola Celje v novo \u0161olsko leto s \u0161tevil\u010dnim vpisom"},"content":{"rendered":"<p>V Glasbeno \u0161olo Celje bo letos vpisanih ve\u010d u\u010dencev in dijakov kot lani. Skupaj pri\u010dakujejo 977 u\u010dencev, ki bodo obiskovali programe osnovnega glasbenega izobra\u017eevanja, pred\u0161olske glasbene vzgoje, glasbene pripravnice, program GLASBA, programu PLES in nadstandardne programe. 97 dijakov je vpisanih tudi na srednji stopnji izobra\u017eevanja v programu umetni\u0161ke gimnazije, ki ga izvajajo skupaj s I. gimnazijo v Celju.<\/p>\n","protected":false},"excerpt":{"rendered":"<p>V Glasbeno \u0161olo Celje bo letos vpisanih ve\u010d u\u010dencev in dijakov kot lani. Skupaj pri\u010dakujejo 977 u\u010dencev, ki bodo obiskovali programe osnovnega glasbenega izobra\u017eevanja, pred\u0161olske glasbene vzgoje, glasbene pripravnice, program GLASBA, programu PLES in nadstandardne programe. 97 dijakov je vpisanih tudi na srednji stopnji izobra\u017eevanja v programu umetni\u0161ke gimnazije, ki ga izvajajo skupaj s I. [&hellip;]<\/p>\n","protected":false},"author":5,"featured_media":166836,"comment_status":"closed","ping_status":"closed","sticky":false,"template":"","format":"standard","meta":{"footnotes":""},"categories":[14,17],"tags":[],"class_list":{"0":"post-166825","1":"post","2":"type-post","3":"status-publish","4":"format-standard","5":"has-post-thumbnail","7":"category-aktualno","8":"category-celjsko"},"yoast_head":"<!-- This site is optimized with the Yoast SEO plugin v27.4 - https:\/\/yoast.com\/product\/yoast-seo-wordpress\/ -->\n<title>Glasbena \u0161ola Celje v novo \u0161olsko leto s \u0161tevil\u010dnim vpisom - Novice.si<\/title>\n<meta name=\"robots\" content=\"index, follow, max-snippet:-1, max-image-preview:large, max-video-preview:-1\" \/>\n<link rel=\"canonical\" href=\"https:\/\/novice.si\/page\/glasbena-sola-celje-v-novo-solsko-leto-s-stevilcnim-vpisom\/\" \/>\n<meta property=\"og:locale\" content=\"sl_SI\" \/>\n<meta property=\"og:type\" content=\"article\" \/>\n<meta property=\"og:title\" content=\"Glasbena \u0161ola Celje v novo \u0161olsko leto s \u0161tevil\u010dnim vpisom - Novice.si\" \/>\n<meta property=\"og:description\" content=\"V Glasbeno \u0161olo Celje bo letos vpisanih ve\u010d u\u010dencev in dijakov kot lani. Skupaj pri\u010dakujejo 977 u\u010dencev, ki bodo obiskovali programe osnovnega glasbenega izobra\u017eevanja, pred\u0161olske glasbene vzgoje, glasbene pripravnice, program GLASBA, programu PLES in nadstandardne programe. 97 dijakov je vpisanih tudi na srednji stopnji izobra\u017eevanja v programu umetni\u0161ke gimnazije, ki ga izvajajo skupaj s I. [&hellip;]\" \/>\n<meta property=\"og:url\" content=\"https:\/\/novice.si\/page\/glasbena-sola-celje-v-novo-solsko-leto-s-stevilcnim-vpisom\/\" \/>\n<meta property=\"og:site_name\" content=\"Novice.si\" \/>\n<meta property=\"article:published_time\" content=\"2023-09-03T07:00:22+00:00\" \/>\n<meta property=\"og:image\" content=\"https:\/\/novice.si\/page\/wp-content\/uploads\/2023\/09\/gl.png\" \/>\n\t<meta property=\"og:image:width\" content=\"1187\" \/>\n\t<meta property=\"og:image:height\" content=\"679\" \/>\n\t<meta property=\"og:image:type\" content=\"image\/png\" \/>\n<meta name=\"author\" content=\"Uredni\u0161tvo Radia Rogla\" \/>\n<meta name=\"twitter:card\" content=\"summary_large_image\" \/>\n<meta name=\"twitter:label1\" content=\"Written by\" \/>\n\t<meta name=\"twitter:data1\" content=\"Uredni\u0161tvo Radia Rogla\" \/>\n\t<meta name=\"twitter:label2\" content=\"Est. reading time\" \/>\n\t<meta name=\"twitter:data2\" content=\"1 minuta\" \/>\n<script type=\"application\/ld+json\" class=\"yoast-schema-graph\">{\"@context\":\"https:\\\/\\\/schema.org\",\"@graph\":[{\"@type\":\"Article\",\"@id\":\"https:\\\/\\\/novice.si\\\/page\\\/glasbena-sola-celje-v-novo-solsko-leto-s-stevilcnim-vpisom\\\/#article\",\"isPartOf\":{\"@id\":\"https:\\\/\\\/novice.si\\\/page\\\/glasbena-sola-celje-v-novo-solsko-leto-s-stevilcnim-vpisom\\\/\"},\"author\":{\"name\":\"Uredni\u0161tvo Radia Rogla\",\"@id\":\"https:\\\/\\\/novice.si\\\/page\\\/#\\\/schema\\\/person\\\/25f5278da029e7b6f1e1c5653d7152a6\"},\"headline\":\"Glasbena \u0161ola Celje v novo \u0161olsko leto s \u0161tevil\u010dnim vpisom\",\"datePublished\":\"2023-09-03T07:00:22+00:00\",\"mainEntityOfPage\":{\"@id\":\"https:\\\/\\\/novice.si\\\/page\\\/glasbena-sola-celje-v-novo-solsko-leto-s-stevilcnim-vpisom\\\/\"},\"wordCount\":74,\"publisher\":{\"@id\":\"https:\\\/\\\/novice.si\\\/page\\\/#organization\"},\"image\":{\"@id\":\"https:\\\/\\\/novice.si\\\/page\\\/glasbena-sola-celje-v-novo-solsko-leto-s-stevilcnim-vpisom\\\/#primaryimage\"},\"thumbnailUrl\":\"https:\\\/\\\/novice.si\\\/page\\\/wp-content\\\/uploads\\\/2023\\\/09\\\/gl.png\",\"articleSection\":[\"Aktualno\",\"Celjsko\"],\"inLanguage\":\"sl-SI\"},{\"@type\":\"WebPage\",\"@id\":\"https:\\\/\\\/novice.si\\\/page\\\/glasbena-sola-celje-v-novo-solsko-leto-s-stevilcnim-vpisom\\\/\",\"url\":\"https:\\\/\\\/novice.si\\\/page\\\/glasbena-sola-celje-v-novo-solsko-leto-s-stevilcnim-vpisom\\\/\",\"name\":\"Glasbena \u0161ola Celje v novo \u0161olsko leto s \u0161tevil\u010dnim vpisom - Novice.si\",\"isPartOf\":{\"@id\":\"https:\\\/\\\/novice.si\\\/page\\\/#website\"},\"primaryImageOfPage\":{\"@id\":\"https:\\\/\\\/novice.si\\\/page\\\/glasbena-sola-celje-v-novo-solsko-leto-s-stevilcnim-vpisom\\\/#primaryimage\"},\"image\":{\"@id\":\"https:\\\/\\\/novice.si\\\/page\\\/glasbena-sola-celje-v-novo-solsko-leto-s-stevilcnim-vpisom\\\/#primaryimage\"},\"thumbnailUrl\":\"https:\\\/\\\/novice.si\\\/page\\\/wp-content\\\/uploads\\\/2023\\\/09\\\/gl.png\",\"datePublished\":\"2023-09-03T07:00:22+00:00\",\"breadcrumb\":{\"@id\":\"https:\\\/\\\/novice.si\\\/page\\\/glasbena-sola-celje-v-novo-solsko-leto-s-stevilcnim-vpisom\\\/#breadcrumb\"},\"inLanguage\":\"sl-SI\",\"potentialAction\":[{\"@type\":\"ReadAction\",\"target\":[\"https:\\\/\\\/novice.si\\\/page\\\/glasbena-sola-celje-v-novo-solsko-leto-s-stevilcnim-vpisom\\\/\"]}]},{\"@type\":\"ImageObject\",\"inLanguage\":\"sl-SI\",\"@id\":\"https:\\\/\\\/novice.si\\\/page\\\/glasbena-sola-celje-v-novo-solsko-leto-s-stevilcnim-vpisom\\\/#primaryimage\",\"url\":\"https:\\\/\\\/novice.si\\\/page\\\/wp-content\\\/uploads\\\/2023\\\/09\\\/gl.png\",\"contentUrl\":\"https:\\\/\\\/novice.si\\\/page\\\/wp-content\\\/uploads\\\/2023\\\/09\\\/gl.png\",\"width\":1187,\"height\":679},{\"@type\":\"BreadcrumbList\",\"@id\":\"https:\\\/\\\/novice.si\\\/page\\\/glasbena-sola-celje-v-novo-solsko-leto-s-stevilcnim-vpisom\\\/#breadcrumb\",\"itemListElement\":[{\"@type\":\"ListItem\",\"position\":1,\"name\":\"Home\",\"item\":\"https:\\\/\\\/novice.si\\\/page\\\/\"},{\"@type\":\"ListItem\",\"position\":2,\"name\":\"Glasbena \u0161ola Celje v novo \u0161olsko leto s \u0161tevil\u010dnim vpisom\"}]},{\"@type\":\"WebSite\",\"@id\":\"https:\\\/\\\/novice.si\\\/page\\\/#website\",\"url\":\"https:\\\/\\\/novice.si\\\/page\\\/\",\"name\":\"Novice.si\",\"description\":\"\",\"publisher\":{\"@id\":\"https:\\\/\\\/novice.si\\\/page\\\/#organization\"},\"potentialAction\":[{\"@type\":\"SearchAction\",\"target\":{\"@type\":\"EntryPoint\",\"urlTemplate\":\"https:\\\/\\\/novice.si\\\/page\\\/?s={search_term_string}\"},\"query-input\":{\"@type\":\"PropertyValueSpecification\",\"valueRequired\":true,\"valueName\":\"search_term_string\"}}],\"inLanguage\":\"sl-SI\"},{\"@type\":\"Organization\",\"@id\":\"https:\\\/\\\/novice.si\\\/page\\\/#organization\",\"name\":\"Novice.si\",\"url\":\"https:\\\/\\\/novice.si\\\/page\\\/\",\"logo\":{\"@type\":\"ImageObject\",\"inLanguage\":\"sl-SI\",\"@id\":\"https:\\\/\\\/novice.si\\\/page\\\/#\\\/schema\\\/logo\\\/image\\\/\",\"url\":\"https:\\\/\\\/novice.si\\\/page\\\/wp-content\\\/uploads\\\/2023\\\/03\\\/novice_si.png\",\"contentUrl\":\"https:\\\/\\\/novice.si\\\/page\\\/wp-content\\\/uploads\\\/2023\\\/03\\\/novice_si.png\",\"width\":576,\"height\":200,\"caption\":\"Novice.si\"},\"image\":{\"@id\":\"https:\\\/\\\/novice.si\\\/page\\\/#\\\/schema\\\/logo\\\/image\\\/\"}},{\"@type\":\"Person\",\"@id\":\"https:\\\/\\\/novice.si\\\/page\\\/#\\\/schema\\\/person\\\/25f5278da029e7b6f1e1c5653d7152a6\",\"name\":\"Uredni\u0161tvo Radia Rogla\",\"image\":{\"@type\":\"ImageObject\",\"inLanguage\":\"sl-SI\",\"@id\":\"https:\\\/\\\/secure.gravatar.com\\\/avatar\\\/eade8259eacc27e89cb0948c57c4cbe46b0f16ea634156f167415ac94c5b03e3?s=96&d=mm&r=g\",\"url\":\"https:\\\/\\\/secure.gravatar.com\\\/avatar\\\/eade8259eacc27e89cb0948c57c4cbe46b0f16ea634156f167415ac94c5b03e3?s=96&d=mm&r=g\",\"contentUrl\":\"https:\\\/\\\/secure.gravatar.com\\\/avatar\\\/eade8259eacc27e89cb0948c57c4cbe46b0f16ea634156f167415ac94c5b03e3?s=96&d=mm&r=g\",\"caption\":\"Uredni\u0161tvo Radia Rogla\"},\"url\":\"https:\\\/\\\/novice.si\\\/page\\\/author\\\/valerija\\\/\"}]}<\/script>\n<!-- \/ Yoast SEO plugin. -->","yoast_head_json":{"title":"Glasbena \u0161ola Celje v novo \u0161olsko leto s \u0161tevil\u010dnim vpisom - Novice.si","robots":{"index":"index","follow":"follow","max-snippet":"max-snippet:-1","max-image-preview":"max-image-preview:large","max-video-preview":"max-video-preview:-1"},"canonical":"https:\/\/novice.si\/page\/glasbena-sola-celje-v-novo-solsko-leto-s-stevilcnim-vpisom\/","og_locale":"sl_SI","og_type":"article","og_title":"Glasbena \u0161ola Celje v novo \u0161olsko leto s \u0161tevil\u010dnim vpisom - Novice.si","og_description":"V Glasbeno \u0161olo Celje bo letos vpisanih ve\u010d u\u010dencev in dijakov kot lani. Skupaj pri\u010dakujejo 977 u\u010dencev, ki bodo obiskovali programe osnovnega glasbenega izobra\u017eevanja, pred\u0161olske glasbene vzgoje, glasbene pripravnice, program GLASBA, programu PLES in nadstandardne programe. 97 dijakov je vpisanih tudi na srednji stopnji izobra\u017eevanja v programu umetni\u0161ke gimnazije, ki ga izvajajo skupaj s I. [&hellip;]","og_url":"https:\/\/novice.si\/page\/glasbena-sola-celje-v-novo-solsko-leto-s-stevilcnim-vpisom\/","og_site_name":"Novice.si","article_published_time":"2023-09-03T07:00:22+00:00","og_image":[{"width":1187,"height":679,"url":"https:\/\/novice.si\/page\/wp-content\/uploads\/2023\/09\/gl.png","type":"image\/png"}],"author":"Uredni\u0161tvo Radia Rogla","twitter_card":"summary_large_image","twitter_misc":{"Written by":"Uredni\u0161tvo Radia Rogla","Est. reading time":"1 minuta"},"schema":{"@context":"https:\/\/schema.org","@graph":[{"@type":"Article","@id":"https:\/\/novice.si\/page\/glasbena-sola-celje-v-novo-solsko-leto-s-stevilcnim-vpisom\/#article","isPartOf":{"@id":"https:\/\/novice.si\/page\/glasbena-sola-celje-v-novo-solsko-leto-s-stevilcnim-vpisom\/"},"author":{"name":"Uredni\u0161tvo Radia Rogla","@id":"https:\/\/novice.si\/page\/#\/schema\/person\/25f5278da029e7b6f1e1c5653d7152a6"},"headline":"Glasbena \u0161ola Celje v novo \u0161olsko leto s \u0161tevil\u010dnim vpisom","datePublished":"2023-09-03T07:00:22+00:00","mainEntityOfPage":{"@id":"https:\/\/novice.si\/page\/glasbena-sola-celje-v-novo-solsko-leto-s-stevilcnim-vpisom\/"},"wordCount":74,"publisher":{"@id":"https:\/\/novice.si\/page\/#organization"},"image":{"@id":"https:\/\/novice.si\/page\/glasbena-sola-celje-v-novo-solsko-leto-s-stevilcnim-vpisom\/#primaryimage"},"thumbnailUrl":"https:\/\/novice.si\/page\/wp-content\/uploads\/2023\/09\/gl.png","articleSection":["Aktualno","Celjsko"],"inLanguage":"sl-SI"},{"@type":"WebPage","@id":"https:\/\/novice.si\/page\/glasbena-sola-celje-v-novo-solsko-leto-s-stevilcnim-vpisom\/","url":"https:\/\/novice.si\/page\/glasbena-sola-celje-v-novo-solsko-leto-s-stevilcnim-vpisom\/","name":"Glasbena \u0161ola Celje v novo \u0161olsko leto s \u0161tevil\u010dnim vpisom - Novice.si","isPartOf":{"@id":"https:\/\/novice.si\/page\/#website"},"primaryImageOfPage":{"@id":"https:\/\/novice.si\/page\/glasbena-sola-celje-v-novo-solsko-leto-s-stevilcnim-vpisom\/#primaryimage"},"image":{"@id":"https:\/\/novice.si\/page\/glasbena-sola-celje-v-novo-solsko-leto-s-stevilcnim-vpisom\/#primaryimage"},"thumbnailUrl":"https:\/\/novice.si\/page\/wp-content\/uploads\/2023\/09\/gl.png","datePublished":"2023-09-03T07:00:22+00:00","breadcrumb":{"@id":"https:\/\/novice.si\/page\/glasbena-sola-celje-v-novo-solsko-leto-s-stevilcnim-vpisom\/#breadcrumb"},"inLanguage":"sl-SI","potentialAction":[{"@type":"ReadAction","target":["https:\/\/novice.si\/page\/glasbena-sola-celje-v-novo-solsko-leto-s-stevilcnim-vpisom\/"]}]},{"@type":"ImageObject","inLanguage":"sl-SI","@id":"https:\/\/novice.si\/page\/glasbena-sola-celje-v-novo-solsko-leto-s-stevilcnim-vpisom\/#primaryimage","url":"https:\/\/novice.si\/page\/wp-content\/uploads\/2023\/09\/gl.png","contentUrl":"https:\/\/novice.si\/page\/wp-content\/uploads\/2023\/09\/gl.png","width":1187,"height":679},{"@type":"BreadcrumbList","@id":"https:\/\/novice.si\/page\/glasbena-sola-celje-v-novo-solsko-leto-s-stevilcnim-vpisom\/#breadcrumb","itemListElement":[{"@type":"ListItem","position":1,"name":"Home","item":"https:\/\/novice.si\/page\/"},{"@type":"ListItem","position":2,"name":"Glasbena \u0161ola Celje v novo \u0161olsko leto s \u0161tevil\u010dnim vpisom"}]},{"@type":"WebSite","@id":"https:\/\/novice.si\/page\/#website","url":"https:\/\/novice.si\/page\/","name":"Novice.si","description":"","publisher":{"@id":"https:\/\/novice.si\/page\/#organization"},"potentialAction":[{"@type":"SearchAction","target":{"@type":"EntryPoint","urlTemplate":"https:\/\/novice.si\/page\/?s={search_term_string}"},"query-input":{"@type":"PropertyValueSpecification","valueRequired":true,"valueName":"search_term_string"}}],"inLanguage":"sl-SI"},{"@type":"Organization","@id":"https:\/\/novice.si\/page\/#organization","name":"Novice.si","url":"https:\/\/novice.si\/page\/","logo":{"@type":"ImageObject","inLanguage":"sl-SI","@id":"https:\/\/novice.si\/page\/#\/schema\/logo\/image\/","url":"https:\/\/novice.si\/page\/wp-content\/uploads\/2023\/03\/novice_si.png","contentUrl":"https:\/\/novice.si\/page\/wp-content\/uploads\/2023\/03\/novice_si.png","width":576,"height":200,"caption":"Novice.si"},"image":{"@id":"https:\/\/novice.si\/page\/#\/schema\/logo\/image\/"}},{"@type":"Person","@id":"https:\/\/novice.si\/page\/#\/schema\/person\/25f5278da029e7b6f1e1c5653d7152a6","name":"Uredni\u0161tvo Radia Rogla","image":{"@type":"ImageObject","inLanguage":"sl-SI","@id":"https:\/\/secure.gravatar.com\/avatar\/eade8259eacc27e89cb0948c57c4cbe46b0f16ea634156f167415ac94c5b03e3?s=96&d=mm&r=g","url":"https:\/\/secure.gravatar.com\/avatar\/eade8259eacc27e89cb0948c57c4cbe46b0f16ea634156f167415ac94c5b03e3?s=96&d=mm&r=g","contentUrl":"https:\/\/secure.gravatar.com\/avatar\/eade8259eacc27e89cb0948c57c4cbe46b0f16ea634156f167415ac94c5b03e3?s=96&d=mm&r=g","caption":"Uredni\u0161tvo Radia Rogla"},"url":"https:\/\/novice.si\/page\/author\/valerija\/"}]}},"_links":{"self":[{"href":"https:\/\/novice.si\/page\/wp-json\/wp\/v2\/posts\/166825","targetHints":{"allow":["GET"]}}],"collection":[{"href":"https:\/\/novice.si\/page\/wp-json\/wp\/v2\/posts"}],"about":[{"href":"https:\/\/novice.si\/page\/wp-json\/wp\/v2\/types\/post"}],"author":[{"embeddable":true,"href":"https:\/\/novice.si\/page\/wp-json\/wp\/v2\/users\/5"}],"replies":[{"embeddable":true,"href":"https:\/\/novice.si\/page\/wp-json\/wp\/v2\/comments?post=166825"}],"version-history":[{"count":1,"href":"https:\/\/novice.si\/page\/wp-json\/wp\/v2\/posts\/166825\/revisions"}],"predecessor-version":[{"id":166826,"href":"https:\/\/novice.si\/page\/wp-json\/wp\/v2\/posts\/166825\/revisions\/166826"}],"wp:featuredmedia":[{"embeddable":true,"href":"https:\/\/novice.si\/page\/wp-json\/wp\/v2\/media\/166836"}],"wp:attachment":[{"href":"https:\/\/novice.si\/page\/wp-json\/wp\/v2\/media?parent=166825"}],"wp:term":[{"taxonomy":"category","embeddable":true,"href":"https:\/\/novice.si\/page\/wp-json\/wp\/v2\/categories?post=166825"},{"taxonomy":"post_tag","embeddable":true,"href":"https:\/\/novice.si\/page\/wp-json\/wp\/v2\/tags?post=166825"}],"curies":[{"name":"wp","href":"https:\/\/api.w.org\/{rel}","templated":true}]}}