{"id":166770,"date":"2023-08-31T10:02:16","date_gmt":"2023-08-31T08:02:16","guid":{"rendered":"https:\/\/novice.si\/page\/?p=166770"},"modified":"2023-08-29T20:05:21","modified_gmt":"2023-08-29T18:05:21","slug":"nujna-sanacija-visecega-mostu","status":"publish","type":"post","link":"https:\/\/novice.si\/page\/nujna-sanacija-visecega-mostu\/","title":{"rendered":"Nujna sanacija vise\u010dega mostu"},"content":{"rendered":"<p><em><img loading=\"lazy\" decoding=\"async\" class=\"size-medium wp-image-166771 alignleft\" src=\"https:\/\/novice.si\/page\/wp-content\/uploads\/2023\/08\/CZ_Nujna-sanacija-visecega-mostu1-450x600.jpg\" alt=\"sanacija vise\u010dega mostu\" width=\"450\" height=\"600\" srcset=\"https:\/\/novice.si\/page\/wp-content\/uploads\/2023\/08\/CZ_Nujna-sanacija-visecega-mostu1-450x600.jpg 450w, https:\/\/novice.si\/page\/wp-content\/uploads\/2023\/08\/CZ_Nujna-sanacija-visecega-mostu1-768x1024.jpg 768w, https:\/\/novice.si\/page\/wp-content\/uploads\/2023\/08\/CZ_Nujna-sanacija-visecega-mostu1-1152x1536.jpg 1152w, https:\/\/novice.si\/page\/wp-content\/uploads\/2023\/08\/CZ_Nujna-sanacija-visecega-mostu1-696x928.jpg 696w, https:\/\/novice.si\/page\/wp-content\/uploads\/2023\/08\/CZ_Nujna-sanacija-visecega-mostu1-1068x1424.jpg 1068w, https:\/\/novice.si\/page\/wp-content\/uploads\/2023\/08\/CZ_Nujna-sanacija-visecega-mostu1-315x420.jpg 315w, https:\/\/novice.si\/page\/wp-content\/uploads\/2023\/08\/CZ_Nujna-sanacija-visecega-mostu1-18x24.jpg 18w, https:\/\/novice.si\/page\/wp-content\/uploads\/2023\/08\/CZ_Nujna-sanacija-visecega-mostu1-27x36.jpg 27w, https:\/\/novice.si\/page\/wp-content\/uploads\/2023\/08\/CZ_Nujna-sanacija-visecega-mostu1-36x48.jpg 36w, https:\/\/novice.si\/page\/wp-content\/uploads\/2023\/08\/CZ_Nujna-sanacija-visecega-mostu1.jpg 1200w\" sizes=\"auto, (max-width: 450px) 100vw, 450px\" \/>Lev\u0161ka brv. Narasla Savinja v \u010dasu nedavne ujme naj bi jo dodatno po\u0161kodovala, zato so mnogi na socialnih omre\u017ejih opozarjali, da brv ni ve\u010d varna za pre\u010dkanje. Ob\u010dina obljublja \u010dimprej\u0161njo sanacijo.<\/em><\/p>\n<p>Avgustovska uni\u010dujo\u010da ujma naj bi po\u0161kodovala tudi vise\u010di most, tako se govori med Celjani. Priljubljeni most oz. Lev\u0161ka brv, ki sprehajalcem in teka\u010dem omogo\u010da prehod z levega na desni breg Savinje ter obratno, naj ne bi bil ve\u010d varen za pre\u010dkanje. Veliko objav na to temo je bilo na dru\u017ebenih omre\u017ejih.<\/p>\n<p><strong>Sprehajalcev na brvi ne manjka<\/strong><\/p>\n<p>\u017de pred ujmo so bile nekatere lesene deske na brvi na\u010dete, zadnje mo\u010dno neurje pa naj bi jo po\u0161kodovalo do te mere, da ni ve\u010d prehodna, se vrstijo zapisi.<\/p>\n<p>Ko smo se sprehodili do brvi, ki je bila na ob\u010dinski meji med Celjem in \u017dalcem zgrajena leta 1982 na obstoje\u010dih temeljih stare brvi, \u0161e vedno pa sprehajalce s strani Medloga vabi proti Petri\u010dku in na Brnico, smo opazili, da je \u0161e kako v uporabi.<\/p>\n<p><strong>MOC se pripravlja na sanacijo<\/strong><\/p>\n<p>Na Mestni ob\u010dini Celje (MOC) so nam potrdili, da nameravajo v najkraj\u0161em mo\u017enem \u010dasu izvesti sanacijo Lev\u0161ke brvi, da bo varna za uporabo. \u201cZamenjati moramo dotrajane lesene podnice in med drugim za\u0161\u010dititi jeklene nosilne elemente. V drugi fazi sanacije na\u010drtujemo tudi dograditev fizi\u010dne ovire na desnem bregu, s katero bomo voznikom \u0161tirikolesnikov prepre\u010dili dostop do brvi,\u201d so nam zaupali na MOC. \u017de pred \u010dasom so sicer zamenjali nekaj lesenih desk, kar pa seveda ni dovolj za dobro kondicijo brvi.<\/p>\n<p>Ve\u010d o tem, kak\u0161na je bila dejanska izku\u0161nja sprehoda preko brvi in o marsi\u010dem drugem pa v aktualnem Celjanu.<\/p>\n","protected":false},"excerpt":{"rendered":"<p>Lev\u0161ka brv. Narasla Savinja v \u010dasu nedavne ujme naj bi jo dodatno po\u0161kodovala, zato so mnogi na socialnih omre\u017ejih opozarjali, da brv ni ve\u010d varna za pre\u010dkanje. Ob\u010dina obljublja \u010dimprej\u0161njo sanacijo. Avgustovska uni\u010dujo\u010da ujma naj bi po\u0161kodovala tudi vise\u010di most, tako se govori med Celjani. Priljubljeni most oz. Lev\u0161ka brv, ki sprehajalcem in teka\u010dem omogo\u010da [&hellip;]<\/p>\n","protected":false},"author":55,"featured_media":166771,"comment_status":"closed","ping_status":"closed","sticky":false,"template":"","format":"standard","meta":{"footnotes":""},"categories":[14,142,17],"tags":[],"class_list":{"0":"post-166770","1":"post","2":"type-post","3":"status-publish","4":"format-standard","5":"has-post-thumbnail","7":"category-aktualno","8":"category-celjan","9":"category-celjsko"},"yoast_head":"<!-- This site is optimized with the Yoast SEO plugin v27.4 - https:\/\/yoast.com\/product\/yoast-seo-wordpress\/ -->\n<title>Nujna sanacija vise\u010dega mostu - Novice.si<\/title>\n<meta name=\"robots\" content=\"index, follow, max-snippet:-1, max-image-preview:large, max-video-preview:-1\" \/>\n<link rel=\"canonical\" href=\"https:\/\/novice.si\/page\/nujna-sanacija-visecega-mostu\/\" \/>\n<meta property=\"og:locale\" content=\"sl_SI\" \/>\n<meta property=\"og:type\" content=\"article\" \/>\n<meta property=\"og:title\" content=\"Nujna sanacija vise\u010dega mostu - Novice.si\" \/>\n<meta property=\"og:description\" content=\"Lev\u0161ka brv. Narasla Savinja v \u010dasu nedavne ujme naj bi jo dodatno po\u0161kodovala, zato so mnogi na socialnih omre\u017ejih opozarjali, da brv ni ve\u010d varna za pre\u010dkanje. Ob\u010dina obljublja \u010dimprej\u0161njo sanacijo. Avgustovska uni\u010dujo\u010da ujma naj bi po\u0161kodovala tudi vise\u010di most, tako se govori med Celjani. Priljubljeni most oz. Lev\u0161ka brv, ki sprehajalcem in teka\u010dem omogo\u010da [&hellip;]\" \/>\n<meta property=\"og:url\" content=\"https:\/\/novice.si\/page\/nujna-sanacija-visecega-mostu\/\" \/>\n<meta property=\"og:site_name\" content=\"Novice.si\" \/>\n<meta property=\"article:published_time\" content=\"2023-08-31T08:02:16+00:00\" \/>\n<meta property=\"og:image\" content=\"https:\/\/novice.si\/page\/wp-content\/uploads\/2023\/08\/CZ_Nujna-sanacija-visecega-mostu1.jpg\" \/>\n\t<meta property=\"og:image:width\" content=\"1200\" \/>\n\t<meta property=\"og:image:height\" content=\"1600\" \/>\n\t<meta property=\"og:image:type\" content=\"image\/jpeg\" \/>\n<meta name=\"author\" content=\"Uredni\u0161tvo Celjana\" \/>\n<meta name=\"twitter:card\" content=\"summary_large_image\" \/>\n<meta name=\"twitter:label1\" content=\"Written by\" \/>\n\t<meta name=\"twitter:data1\" content=\"Uredni\u0161tvo Celjana\" \/>\n\t<meta name=\"twitter:label2\" content=\"Est. reading time\" \/>\n\t<meta name=\"twitter:data2\" content=\"2 minuti\" \/>\n<script type=\"application\/ld+json\" class=\"yoast-schema-graph\">{\"@context\":\"https:\\\/\\\/schema.org\",\"@graph\":[{\"@type\":\"Article\",\"@id\":\"https:\\\/\\\/novice.si\\\/page\\\/nujna-sanacija-visecega-mostu\\\/#article\",\"isPartOf\":{\"@id\":\"https:\\\/\\\/novice.si\\\/page\\\/nujna-sanacija-visecega-mostu\\\/\"},\"author\":{\"name\":\"Uredni\u0161tvo Celjana\",\"@id\":\"https:\\\/\\\/novice.si\\\/page\\\/#\\\/schema\\\/person\\\/a49f233ef2777ec7b2e8d0662325bb48\"},\"headline\":\"Nujna sanacija vise\u010dega mostu\",\"datePublished\":\"2023-08-31T08:02:16+00:00\",\"mainEntityOfPage\":{\"@id\":\"https:\\\/\\\/novice.si\\\/page\\\/nujna-sanacija-visecega-mostu\\\/\"},\"wordCount\":301,\"publisher\":{\"@id\":\"https:\\\/\\\/novice.si\\\/page\\\/#organization\"},\"image\":{\"@id\":\"https:\\\/\\\/novice.si\\\/page\\\/nujna-sanacija-visecega-mostu\\\/#primaryimage\"},\"thumbnailUrl\":\"https:\\\/\\\/novice.si\\\/page\\\/wp-content\\\/uploads\\\/2023\\\/08\\\/CZ_Nujna-sanacija-visecega-mostu1.jpg\",\"articleSection\":[\"Aktualno\",\"Celjan\",\"Celjsko\"],\"inLanguage\":\"sl-SI\"},{\"@type\":\"WebPage\",\"@id\":\"https:\\\/\\\/novice.si\\\/page\\\/nujna-sanacija-visecega-mostu\\\/\",\"url\":\"https:\\\/\\\/novice.si\\\/page\\\/nujna-sanacija-visecega-mostu\\\/\",\"name\":\"Nujna sanacija vise\u010dega mostu - Novice.si\",\"isPartOf\":{\"@id\":\"https:\\\/\\\/novice.si\\\/page\\\/#website\"},\"primaryImageOfPage\":{\"@id\":\"https:\\\/\\\/novice.si\\\/page\\\/nujna-sanacija-visecega-mostu\\\/#primaryimage\"},\"image\":{\"@id\":\"https:\\\/\\\/novice.si\\\/page\\\/nujna-sanacija-visecega-mostu\\\/#primaryimage\"},\"thumbnailUrl\":\"https:\\\/\\\/novice.si\\\/page\\\/wp-content\\\/uploads\\\/2023\\\/08\\\/CZ_Nujna-sanacija-visecega-mostu1.jpg\",\"datePublished\":\"2023-08-31T08:02:16+00:00\",\"breadcrumb\":{\"@id\":\"https:\\\/\\\/novice.si\\\/page\\\/nujna-sanacija-visecega-mostu\\\/#breadcrumb\"},\"inLanguage\":\"sl-SI\",\"potentialAction\":[{\"@type\":\"ReadAction\",\"target\":[\"https:\\\/\\\/novice.si\\\/page\\\/nujna-sanacija-visecega-mostu\\\/\"]}]},{\"@type\":\"ImageObject\",\"inLanguage\":\"sl-SI\",\"@id\":\"https:\\\/\\\/novice.si\\\/page\\\/nujna-sanacija-visecega-mostu\\\/#primaryimage\",\"url\":\"https:\\\/\\\/novice.si\\\/page\\\/wp-content\\\/uploads\\\/2023\\\/08\\\/CZ_Nujna-sanacija-visecega-mostu1.jpg\",\"contentUrl\":\"https:\\\/\\\/novice.si\\\/page\\\/wp-content\\\/uploads\\\/2023\\\/08\\\/CZ_Nujna-sanacija-visecega-mostu1.jpg\",\"width\":1200,\"height\":1600,\"caption\":\"sanacija vise\u010dega mostu\"},{\"@type\":\"BreadcrumbList\",\"@id\":\"https:\\\/\\\/novice.si\\\/page\\\/nujna-sanacija-visecega-mostu\\\/#breadcrumb\",\"itemListElement\":[{\"@type\":\"ListItem\",\"position\":1,\"name\":\"Home\",\"item\":\"https:\\\/\\\/novice.si\\\/page\\\/\"},{\"@type\":\"ListItem\",\"position\":2,\"name\":\"Nujna sanacija vise\u010dega mostu\"}]},{\"@type\":\"WebSite\",\"@id\":\"https:\\\/\\\/novice.si\\\/page\\\/#website\",\"url\":\"https:\\\/\\\/novice.si\\\/page\\\/\",\"name\":\"Novice.si\",\"description\":\"\",\"publisher\":{\"@id\":\"https:\\\/\\\/novice.si\\\/page\\\/#organization\"},\"potentialAction\":[{\"@type\":\"SearchAction\",\"target\":{\"@type\":\"EntryPoint\",\"urlTemplate\":\"https:\\\/\\\/novice.si\\\/page\\\/?s={search_term_string}\"},\"query-input\":{\"@type\":\"PropertyValueSpecification\",\"valueRequired\":true,\"valueName\":\"search_term_string\"}}],\"inLanguage\":\"sl-SI\"},{\"@type\":\"Organization\",\"@id\":\"https:\\\/\\\/novice.si\\\/page\\\/#organization\",\"name\":\"Novice.si\",\"url\":\"https:\\\/\\\/novice.si\\\/page\\\/\",\"logo\":{\"@type\":\"ImageObject\",\"inLanguage\":\"sl-SI\",\"@id\":\"https:\\\/\\\/novice.si\\\/page\\\/#\\\/schema\\\/logo\\\/image\\\/\",\"url\":\"https:\\\/\\\/novice.si\\\/page\\\/wp-content\\\/uploads\\\/2023\\\/03\\\/novice_si.png\",\"contentUrl\":\"https:\\\/\\\/novice.si\\\/page\\\/wp-content\\\/uploads\\\/2023\\\/03\\\/novice_si.png\",\"width\":576,\"height\":200,\"caption\":\"Novice.si\"},\"image\":{\"@id\":\"https:\\\/\\\/novice.si\\\/page\\\/#\\\/schema\\\/logo\\\/image\\\/\"}},{\"@type\":\"Person\",\"@id\":\"https:\\\/\\\/novice.si\\\/page\\\/#\\\/schema\\\/person\\\/a49f233ef2777ec7b2e8d0662325bb48\",\"name\":\"Uredni\u0161tvo Celjana\",\"image\":{\"@type\":\"ImageObject\",\"inLanguage\":\"sl-SI\",\"@id\":\"https:\\\/\\\/secure.gravatar.com\\\/avatar\\\/7f7863e616af8f92806c638dd1db3f1a238d83d1cc2ec3100afc06fbb7eb303f?s=96&d=mm&r=g\",\"url\":\"https:\\\/\\\/secure.gravatar.com\\\/avatar\\\/7f7863e616af8f92806c638dd1db3f1a238d83d1cc2ec3100afc06fbb7eb303f?s=96&d=mm&r=g\",\"contentUrl\":\"https:\\\/\\\/secure.gravatar.com\\\/avatar\\\/7f7863e616af8f92806c638dd1db3f1a238d83d1cc2ec3100afc06fbb7eb303f?s=96&d=mm&r=g\",\"caption\":\"Uredni\u0161tvo Celjana\"},\"url\":\"https:\\\/\\\/novice.si\\\/page\\\/author\\\/maja\\\/\"}]}<\/script>\n<!-- \/ Yoast SEO plugin. -->","yoast_head_json":{"title":"Nujna sanacija vise\u010dega mostu - Novice.si","robots":{"index":"index","follow":"follow","max-snippet":"max-snippet:-1","max-image-preview":"max-image-preview:large","max-video-preview":"max-video-preview:-1"},"canonical":"https:\/\/novice.si\/page\/nujna-sanacija-visecega-mostu\/","og_locale":"sl_SI","og_type":"article","og_title":"Nujna sanacija vise\u010dega mostu - Novice.si","og_description":"Lev\u0161ka brv. Narasla Savinja v \u010dasu nedavne ujme naj bi jo dodatno po\u0161kodovala, zato so mnogi na socialnih omre\u017ejih opozarjali, da brv ni ve\u010d varna za pre\u010dkanje. Ob\u010dina obljublja \u010dimprej\u0161njo sanacijo. Avgustovska uni\u010dujo\u010da ujma naj bi po\u0161kodovala tudi vise\u010di most, tako se govori med Celjani. Priljubljeni most oz. Lev\u0161ka brv, ki sprehajalcem in teka\u010dem omogo\u010da [&hellip;]","og_url":"https:\/\/novice.si\/page\/nujna-sanacija-visecega-mostu\/","og_site_name":"Novice.si","article_published_time":"2023-08-31T08:02:16+00:00","og_image":[{"width":1200,"height":1600,"url":"https:\/\/novice.si\/page\/wp-content\/uploads\/2023\/08\/CZ_Nujna-sanacija-visecega-mostu1.jpg","type":"image\/jpeg"}],"author":"Uredni\u0161tvo Celjana","twitter_card":"summary_large_image","twitter_misc":{"Written by":"Uredni\u0161tvo Celjana","Est. reading time":"2 minuti"},"schema":{"@context":"https:\/\/schema.org","@graph":[{"@type":"Article","@id":"https:\/\/novice.si\/page\/nujna-sanacija-visecega-mostu\/#article","isPartOf":{"@id":"https:\/\/novice.si\/page\/nujna-sanacija-visecega-mostu\/"},"author":{"name":"Uredni\u0161tvo Celjana","@id":"https:\/\/novice.si\/page\/#\/schema\/person\/a49f233ef2777ec7b2e8d0662325bb48"},"headline":"Nujna sanacija vise\u010dega mostu","datePublished":"2023-08-31T08:02:16+00:00","mainEntityOfPage":{"@id":"https:\/\/novice.si\/page\/nujna-sanacija-visecega-mostu\/"},"wordCount":301,"publisher":{"@id":"https:\/\/novice.si\/page\/#organization"},"image":{"@id":"https:\/\/novice.si\/page\/nujna-sanacija-visecega-mostu\/#primaryimage"},"thumbnailUrl":"https:\/\/novice.si\/page\/wp-content\/uploads\/2023\/08\/CZ_Nujna-sanacija-visecega-mostu1.jpg","articleSection":["Aktualno","Celjan","Celjsko"],"inLanguage":"sl-SI"},{"@type":"WebPage","@id":"https:\/\/novice.si\/page\/nujna-sanacija-visecega-mostu\/","url":"https:\/\/novice.si\/page\/nujna-sanacija-visecega-mostu\/","name":"Nujna sanacija vise\u010dega mostu - Novice.si","isPartOf":{"@id":"https:\/\/novice.si\/page\/#website"},"primaryImageOfPage":{"@id":"https:\/\/novice.si\/page\/nujna-sanacija-visecega-mostu\/#primaryimage"},"image":{"@id":"https:\/\/novice.si\/page\/nujna-sanacija-visecega-mostu\/#primaryimage"},"thumbnailUrl":"https:\/\/novice.si\/page\/wp-content\/uploads\/2023\/08\/CZ_Nujna-sanacija-visecega-mostu1.jpg","datePublished":"2023-08-31T08:02:16+00:00","breadcrumb":{"@id":"https:\/\/novice.si\/page\/nujna-sanacija-visecega-mostu\/#breadcrumb"},"inLanguage":"sl-SI","potentialAction":[{"@type":"ReadAction","target":["https:\/\/novice.si\/page\/nujna-sanacija-visecega-mostu\/"]}]},{"@type":"ImageObject","inLanguage":"sl-SI","@id":"https:\/\/novice.si\/page\/nujna-sanacija-visecega-mostu\/#primaryimage","url":"https:\/\/novice.si\/page\/wp-content\/uploads\/2023\/08\/CZ_Nujna-sanacija-visecega-mostu1.jpg","contentUrl":"https:\/\/novice.si\/page\/wp-content\/uploads\/2023\/08\/CZ_Nujna-sanacija-visecega-mostu1.jpg","width":1200,"height":1600,"caption":"sanacija vise\u010dega mostu"},{"@type":"BreadcrumbList","@id":"https:\/\/novice.si\/page\/nujna-sanacija-visecega-mostu\/#breadcrumb","itemListElement":[{"@type":"ListItem","position":1,"name":"Home","item":"https:\/\/novice.si\/page\/"},{"@type":"ListItem","position":2,"name":"Nujna sanacija vise\u010dega mostu"}]},{"@type":"WebSite","@id":"https:\/\/novice.si\/page\/#website","url":"https:\/\/novice.si\/page\/","name":"Novice.si","description":"","publisher":{"@id":"https:\/\/novice.si\/page\/#organization"},"potentialAction":[{"@type":"SearchAction","target":{"@type":"EntryPoint","urlTemplate":"https:\/\/novice.si\/page\/?s={search_term_string}"},"query-input":{"@type":"PropertyValueSpecification","valueRequired":true,"valueName":"search_term_string"}}],"inLanguage":"sl-SI"},{"@type":"Organization","@id":"https:\/\/novice.si\/page\/#organization","name":"Novice.si","url":"https:\/\/novice.si\/page\/","logo":{"@type":"ImageObject","inLanguage":"sl-SI","@id":"https:\/\/novice.si\/page\/#\/schema\/logo\/image\/","url":"https:\/\/novice.si\/page\/wp-content\/uploads\/2023\/03\/novice_si.png","contentUrl":"https:\/\/novice.si\/page\/wp-content\/uploads\/2023\/03\/novice_si.png","width":576,"height":200,"caption":"Novice.si"},"image":{"@id":"https:\/\/novice.si\/page\/#\/schema\/logo\/image\/"}},{"@type":"Person","@id":"https:\/\/novice.si\/page\/#\/schema\/person\/a49f233ef2777ec7b2e8d0662325bb48","name":"Uredni\u0161tvo Celjana","image":{"@type":"ImageObject","inLanguage":"sl-SI","@id":"https:\/\/secure.gravatar.com\/avatar\/7f7863e616af8f92806c638dd1db3f1a238d83d1cc2ec3100afc06fbb7eb303f?s=96&d=mm&r=g","url":"https:\/\/secure.gravatar.com\/avatar\/7f7863e616af8f92806c638dd1db3f1a238d83d1cc2ec3100afc06fbb7eb303f?s=96&d=mm&r=g","contentUrl":"https:\/\/secure.gravatar.com\/avatar\/7f7863e616af8f92806c638dd1db3f1a238d83d1cc2ec3100afc06fbb7eb303f?s=96&d=mm&r=g","caption":"Uredni\u0161tvo Celjana"},"url":"https:\/\/novice.si\/page\/author\/maja\/"}]}},"_links":{"self":[{"href":"https:\/\/novice.si\/page\/wp-json\/wp\/v2\/posts\/166770","targetHints":{"allow":["GET"]}}],"collection":[{"href":"https:\/\/novice.si\/page\/wp-json\/wp\/v2\/posts"}],"about":[{"href":"https:\/\/novice.si\/page\/wp-json\/wp\/v2\/types\/post"}],"author":[{"embeddable":true,"href":"https:\/\/novice.si\/page\/wp-json\/wp\/v2\/users\/55"}],"replies":[{"embeddable":true,"href":"https:\/\/novice.si\/page\/wp-json\/wp\/v2\/comments?post=166770"}],"version-history":[{"count":1,"href":"https:\/\/novice.si\/page\/wp-json\/wp\/v2\/posts\/166770\/revisions"}],"predecessor-version":[{"id":166772,"href":"https:\/\/novice.si\/page\/wp-json\/wp\/v2\/posts\/166770\/revisions\/166772"}],"wp:featuredmedia":[{"embeddable":true,"href":"https:\/\/novice.si\/page\/wp-json\/wp\/v2\/media\/166771"}],"wp:attachment":[{"href":"https:\/\/novice.si\/page\/wp-json\/wp\/v2\/media?parent=166770"}],"wp:term":[{"taxonomy":"category","embeddable":true,"href":"https:\/\/novice.si\/page\/wp-json\/wp\/v2\/categories?post=166770"},{"taxonomy":"post_tag","embeddable":true,"href":"https:\/\/novice.si\/page\/wp-json\/wp\/v2\/tags?post=166770"}],"curies":[{"name":"wp","href":"https:\/\/api.w.org\/{rel}","templated":true}]}}