{"id":166761,"date":"2023-08-30T09:53:24","date_gmt":"2023-08-30T07:53:24","guid":{"rendered":"https:\/\/novice.si\/page\/?p=166761"},"modified":"2023-08-29T19:56:28","modified_gmt":"2023-08-29T17:56:28","slug":"v-celju-letos-392-prvosolckov","status":"publish","type":"post","link":"https:\/\/novice.si\/page\/v-celju-letos-392-prvosolckov\/","title":{"rendered":"V Celju letos 392 prvo\u0161ol\u010dkov"},"content":{"rendered":"<p><img loading=\"lazy\" decoding=\"async\" class=\"size-medium wp-image-166762\" src=\"https:\/\/novice.si\/page\/wp-content\/uploads\/2023\/08\/naslovnica-prvi-solski-dan-600x400.jpg\" alt=\"Prvi \u0161olski dan\" width=\"600\" height=\"400\" srcset=\"https:\/\/novice.si\/page\/wp-content\/uploads\/2023\/08\/naslovnica-prvi-solski-dan-600x400.jpg 600w, https:\/\/novice.si\/page\/wp-content\/uploads\/2023\/08\/naslovnica-prvi-solski-dan-1024x683.jpg 1024w, https:\/\/novice.si\/page\/wp-content\/uploads\/2023\/08\/naslovnica-prvi-solski-dan-768x512.jpg 768w, https:\/\/novice.si\/page\/wp-content\/uploads\/2023\/08\/naslovnica-prvi-solski-dan-1536x1024.jpg 1536w, https:\/\/novice.si\/page\/wp-content\/uploads\/2023\/08\/naslovnica-prvi-solski-dan-2048x1366.jpg 2048w, https:\/\/novice.si\/page\/wp-content\/uploads\/2023\/08\/naslovnica-prvi-solski-dan-696x464.jpg 696w, https:\/\/novice.si\/page\/wp-content\/uploads\/2023\/08\/naslovnica-prvi-solski-dan-1068x712.jpg 1068w, https:\/\/novice.si\/page\/wp-content\/uploads\/2023\/08\/naslovnica-prvi-solski-dan-630x420.jpg 630w, https:\/\/novice.si\/page\/wp-content\/uploads\/2023\/08\/naslovnica-prvi-solski-dan-24x16.jpg 24w, https:\/\/novice.si\/page\/wp-content\/uploads\/2023\/08\/naslovnica-prvi-solski-dan-36x24.jpg 36w, https:\/\/novice.si\/page\/wp-content\/uploads\/2023\/08\/naslovnica-prvi-solski-dan-48x32.jpg 48w\" sizes=\"auto, (max-width: 600px) 100vw, 600px\" \/><\/p>\n<p><em>Prvi september. V petek bo prag celjskih osnovnih \u0161ol prvi\u010d prestopilo 392 prvo\u0161olcev, srednjih \u0161ol pa 2.379 dijakov.<\/em><\/p>\n<p>Poletne po\u010ditnice se bli\u017eajo koncu, v petek se za u\u010dence za\u010dne zares. A prvi \u0161olski dan bo vseeno druga\u010den, bistveno bolj spro\u0161\u010den. \u0160e zlasti za prvo\u0161olce, za katere \u0161ole pripravijo posebne sprejeme.<\/p>\n<p><strong>\u0160tevilo prvo\u0161olcev upada<\/strong><\/p>\n<p>\u0160ole so se med poletnimi po\u010ditnicami pripravile na vrnitev u\u010dencev, prostore so temeljito o\u010distile, prepleskale, ponekod so poskrbeli tudi za konkretnej\u0161a popravila in novo opremo. Celjske osnovne \u0161ole (O\u0160), teh je deset, bo v prihajajo\u010dem \u0161olskem letu obiskovalo 4.518* u\u010dencev (*podatek se lahko do 1. septembra \u0161e spremeni). Od tega bo \u0161olski prag prvi\u010d prestopilo 392 u\u010denk in u\u010dencev, kar je skoraj petina manj kot lansko leto (484).<\/p>\n<p><strong>Poseben prvi dan<\/strong><\/p>\n<p>Kot zapisano, bo prvi \u0161olski dan druga\u010den, zlasti za prvo\u0161olce. Zanje pripravljajo sprejeme, ve\u010dinoma s kulturnim programom, v sklopu katerega bodo u\u010dencem in star\u0161em predstavili razrednike, nekaj \u0161ol bodo obiskali tudi predstavniki Mestne ob\u010dine Celje, sre\u010danje pa bodo zaklju\u010dili s pogostitvijo.<\/p>\n<p>Kako naj bi prvi dan pre\u017eiveli starej\u0161i u\u010denci in dijaki, pa tudi o tem, kaj \u010daka fazane, pa preberite v aktualni \u0161tevilki \u010dasopisa Celjan, ki vas \u017ee \u010daka na prodajnih mestih.<\/p>\n","protected":false},"excerpt":{"rendered":"<p>Prvi september. V petek bo prag celjskih osnovnih \u0161ol prvi\u010d prestopilo 392 prvo\u0161olcev, srednjih \u0161ol pa 2.379 dijakov. Poletne po\u010ditnice se bli\u017eajo koncu, v petek se za u\u010dence za\u010dne zares. A prvi \u0161olski dan bo vseeno druga\u010den, bistveno bolj spro\u0161\u010den. \u0160e zlasti za prvo\u0161olce, za katere \u0161ole pripravijo posebne sprejeme. \u0160tevilo prvo\u0161olcev upada \u0160ole so [&hellip;]<\/p>\n","protected":false},"author":55,"featured_media":166762,"comment_status":"closed","ping_status":"closed","sticky":false,"template":"","format":"standard","meta":{"footnotes":""},"categories":[14,142,17],"tags":[],"class_list":{"0":"post-166761","1":"post","2":"type-post","3":"status-publish","4":"format-standard","5":"has-post-thumbnail","7":"category-aktualno","8":"category-celjan","9":"category-celjsko"},"yoast_head":"<!-- This site is optimized with the Yoast SEO plugin v27.4 - https:\/\/yoast.com\/product\/yoast-seo-wordpress\/ -->\n<title>V Celju letos 392 prvo\u0161ol\u010dkov - Novice.si<\/title>\n<meta name=\"robots\" content=\"index, follow, max-snippet:-1, max-image-preview:large, max-video-preview:-1\" \/>\n<link rel=\"canonical\" href=\"https:\/\/novice.si\/page\/v-celju-letos-392-prvosolckov\/\" \/>\n<meta property=\"og:locale\" content=\"sl_SI\" \/>\n<meta property=\"og:type\" content=\"article\" \/>\n<meta property=\"og:title\" content=\"V Celju letos 392 prvo\u0161ol\u010dkov - Novice.si\" \/>\n<meta property=\"og:description\" content=\"Prvi september. V petek bo prag celjskih osnovnih \u0161ol prvi\u010d prestopilo 392 prvo\u0161olcev, srednjih \u0161ol pa 2.379 dijakov. Poletne po\u010ditnice se bli\u017eajo koncu, v petek se za u\u010dence za\u010dne zares. A prvi \u0161olski dan bo vseeno druga\u010den, bistveno bolj spro\u0161\u010den. \u0160e zlasti za prvo\u0161olce, za katere \u0161ole pripravijo posebne sprejeme. \u0160tevilo prvo\u0161olcev upada \u0160ole so [&hellip;]\" \/>\n<meta property=\"og:url\" content=\"https:\/\/novice.si\/page\/v-celju-letos-392-prvosolckov\/\" \/>\n<meta property=\"og:site_name\" content=\"Novice.si\" \/>\n<meta property=\"article:published_time\" content=\"2023-08-30T07:53:24+00:00\" \/>\n<meta property=\"og:image\" content=\"https:\/\/novice.si\/page\/wp-content\/uploads\/2023\/08\/naslovnica-prvi-solski-dan-scaled.jpg\" \/>\n\t<meta property=\"og:image:width\" content=\"2560\" \/>\n\t<meta property=\"og:image:height\" content=\"1707\" \/>\n\t<meta property=\"og:image:type\" content=\"image\/jpeg\" \/>\n<meta name=\"author\" content=\"Uredni\u0161tvo Celjana\" \/>\n<meta name=\"twitter:card\" content=\"summary_large_image\" \/>\n<meta name=\"twitter:label1\" content=\"Written by\" \/>\n\t<meta name=\"twitter:data1\" content=\"Uredni\u0161tvo Celjana\" \/>\n\t<meta name=\"twitter:label2\" content=\"Est. reading time\" \/>\n\t<meta name=\"twitter:data2\" content=\"2 minuti\" \/>\n<script type=\"application\/ld+json\" class=\"yoast-schema-graph\">{\"@context\":\"https:\\\/\\\/schema.org\",\"@graph\":[{\"@type\":\"Article\",\"@id\":\"https:\\\/\\\/novice.si\\\/page\\\/v-celju-letos-392-prvosolckov\\\/#article\",\"isPartOf\":{\"@id\":\"https:\\\/\\\/novice.si\\\/page\\\/v-celju-letos-392-prvosolckov\\\/\"},\"author\":{\"name\":\"Uredni\u0161tvo Celjana\",\"@id\":\"https:\\\/\\\/novice.si\\\/page\\\/#\\\/schema\\\/person\\\/a49f233ef2777ec7b2e8d0662325bb48\"},\"headline\":\"V Celju letos 392 prvo\u0161ol\u010dkov\",\"datePublished\":\"2023-08-30T07:53:24+00:00\",\"mainEntityOfPage\":{\"@id\":\"https:\\\/\\\/novice.si\\\/page\\\/v-celju-letos-392-prvosolckov\\\/\"},\"wordCount\":224,\"publisher\":{\"@id\":\"https:\\\/\\\/novice.si\\\/page\\\/#organization\"},\"image\":{\"@id\":\"https:\\\/\\\/novice.si\\\/page\\\/v-celju-letos-392-prvosolckov\\\/#primaryimage\"},\"thumbnailUrl\":\"https:\\\/\\\/novice.si\\\/page\\\/wp-content\\\/uploads\\\/2023\\\/08\\\/naslovnica-prvi-solski-dan-scaled.jpg\",\"articleSection\":[\"Aktualno\",\"Celjan\",\"Celjsko\"],\"inLanguage\":\"sl-SI\"},{\"@type\":\"WebPage\",\"@id\":\"https:\\\/\\\/novice.si\\\/page\\\/v-celju-letos-392-prvosolckov\\\/\",\"url\":\"https:\\\/\\\/novice.si\\\/page\\\/v-celju-letos-392-prvosolckov\\\/\",\"name\":\"V Celju letos 392 prvo\u0161ol\u010dkov - Novice.si\",\"isPartOf\":{\"@id\":\"https:\\\/\\\/novice.si\\\/page\\\/#website\"},\"primaryImageOfPage\":{\"@id\":\"https:\\\/\\\/novice.si\\\/page\\\/v-celju-letos-392-prvosolckov\\\/#primaryimage\"},\"image\":{\"@id\":\"https:\\\/\\\/novice.si\\\/page\\\/v-celju-letos-392-prvosolckov\\\/#primaryimage\"},\"thumbnailUrl\":\"https:\\\/\\\/novice.si\\\/page\\\/wp-content\\\/uploads\\\/2023\\\/08\\\/naslovnica-prvi-solski-dan-scaled.jpg\",\"datePublished\":\"2023-08-30T07:53:24+00:00\",\"breadcrumb\":{\"@id\":\"https:\\\/\\\/novice.si\\\/page\\\/v-celju-letos-392-prvosolckov\\\/#breadcrumb\"},\"inLanguage\":\"sl-SI\",\"potentialAction\":[{\"@type\":\"ReadAction\",\"target\":[\"https:\\\/\\\/novice.si\\\/page\\\/v-celju-letos-392-prvosolckov\\\/\"]}]},{\"@type\":\"ImageObject\",\"inLanguage\":\"sl-SI\",\"@id\":\"https:\\\/\\\/novice.si\\\/page\\\/v-celju-letos-392-prvosolckov\\\/#primaryimage\",\"url\":\"https:\\\/\\\/novice.si\\\/page\\\/wp-content\\\/uploads\\\/2023\\\/08\\\/naslovnica-prvi-solski-dan-scaled.jpg\",\"contentUrl\":\"https:\\\/\\\/novice.si\\\/page\\\/wp-content\\\/uploads\\\/2023\\\/08\\\/naslovnica-prvi-solski-dan-scaled.jpg\",\"width\":2560,\"height\":1707,\"caption\":\"back view of caucasian boy walking from school wearing school bag. Begining of academic year\"},{\"@type\":\"BreadcrumbList\",\"@id\":\"https:\\\/\\\/novice.si\\\/page\\\/v-celju-letos-392-prvosolckov\\\/#breadcrumb\",\"itemListElement\":[{\"@type\":\"ListItem\",\"position\":1,\"name\":\"Home\",\"item\":\"https:\\\/\\\/novice.si\\\/page\\\/\"},{\"@type\":\"ListItem\",\"position\":2,\"name\":\"V Celju letos 392 prvo\u0161ol\u010dkov\"}]},{\"@type\":\"WebSite\",\"@id\":\"https:\\\/\\\/novice.si\\\/page\\\/#website\",\"url\":\"https:\\\/\\\/novice.si\\\/page\\\/\",\"name\":\"Novice.si\",\"description\":\"\",\"publisher\":{\"@id\":\"https:\\\/\\\/novice.si\\\/page\\\/#organization\"},\"potentialAction\":[{\"@type\":\"SearchAction\",\"target\":{\"@type\":\"EntryPoint\",\"urlTemplate\":\"https:\\\/\\\/novice.si\\\/page\\\/?s={search_term_string}\"},\"query-input\":{\"@type\":\"PropertyValueSpecification\",\"valueRequired\":true,\"valueName\":\"search_term_string\"}}],\"inLanguage\":\"sl-SI\"},{\"@type\":\"Organization\",\"@id\":\"https:\\\/\\\/novice.si\\\/page\\\/#organization\",\"name\":\"Novice.si\",\"url\":\"https:\\\/\\\/novice.si\\\/page\\\/\",\"logo\":{\"@type\":\"ImageObject\",\"inLanguage\":\"sl-SI\",\"@id\":\"https:\\\/\\\/novice.si\\\/page\\\/#\\\/schema\\\/logo\\\/image\\\/\",\"url\":\"https:\\\/\\\/novice.si\\\/page\\\/wp-content\\\/uploads\\\/2023\\\/03\\\/novice_si.png\",\"contentUrl\":\"https:\\\/\\\/novice.si\\\/page\\\/wp-content\\\/uploads\\\/2023\\\/03\\\/novice_si.png\",\"width\":576,\"height\":200,\"caption\":\"Novice.si\"},\"image\":{\"@id\":\"https:\\\/\\\/novice.si\\\/page\\\/#\\\/schema\\\/logo\\\/image\\\/\"}},{\"@type\":\"Person\",\"@id\":\"https:\\\/\\\/novice.si\\\/page\\\/#\\\/schema\\\/person\\\/a49f233ef2777ec7b2e8d0662325bb48\",\"name\":\"Uredni\u0161tvo Celjana\",\"image\":{\"@type\":\"ImageObject\",\"inLanguage\":\"sl-SI\",\"@id\":\"https:\\\/\\\/secure.gravatar.com\\\/avatar\\\/7f7863e616af8f92806c638dd1db3f1a238d83d1cc2ec3100afc06fbb7eb303f?s=96&d=mm&r=g\",\"url\":\"https:\\\/\\\/secure.gravatar.com\\\/avatar\\\/7f7863e616af8f92806c638dd1db3f1a238d83d1cc2ec3100afc06fbb7eb303f?s=96&d=mm&r=g\",\"contentUrl\":\"https:\\\/\\\/secure.gravatar.com\\\/avatar\\\/7f7863e616af8f92806c638dd1db3f1a238d83d1cc2ec3100afc06fbb7eb303f?s=96&d=mm&r=g\",\"caption\":\"Uredni\u0161tvo Celjana\"},\"url\":\"https:\\\/\\\/novice.si\\\/page\\\/author\\\/maja\\\/\"}]}<\/script>\n<!-- \/ Yoast SEO plugin. -->","yoast_head_json":{"title":"V Celju letos 392 prvo\u0161ol\u010dkov - Novice.si","robots":{"index":"index","follow":"follow","max-snippet":"max-snippet:-1","max-image-preview":"max-image-preview:large","max-video-preview":"max-video-preview:-1"},"canonical":"https:\/\/novice.si\/page\/v-celju-letos-392-prvosolckov\/","og_locale":"sl_SI","og_type":"article","og_title":"V Celju letos 392 prvo\u0161ol\u010dkov - Novice.si","og_description":"Prvi september. V petek bo prag celjskih osnovnih \u0161ol prvi\u010d prestopilo 392 prvo\u0161olcev, srednjih \u0161ol pa 2.379 dijakov. Poletne po\u010ditnice se bli\u017eajo koncu, v petek se za u\u010dence za\u010dne zares. A prvi \u0161olski dan bo vseeno druga\u010den, bistveno bolj spro\u0161\u010den. \u0160e zlasti za prvo\u0161olce, za katere \u0161ole pripravijo posebne sprejeme. \u0160tevilo prvo\u0161olcev upada \u0160ole so [&hellip;]","og_url":"https:\/\/novice.si\/page\/v-celju-letos-392-prvosolckov\/","og_site_name":"Novice.si","article_published_time":"2023-08-30T07:53:24+00:00","og_image":[{"width":2560,"height":1707,"url":"https:\/\/novice.si\/page\/wp-content\/uploads\/2023\/08\/naslovnica-prvi-solski-dan-scaled.jpg","type":"image\/jpeg"}],"author":"Uredni\u0161tvo Celjana","twitter_card":"summary_large_image","twitter_misc":{"Written by":"Uredni\u0161tvo Celjana","Est. reading time":"2 minuti"},"schema":{"@context":"https:\/\/schema.org","@graph":[{"@type":"Article","@id":"https:\/\/novice.si\/page\/v-celju-letos-392-prvosolckov\/#article","isPartOf":{"@id":"https:\/\/novice.si\/page\/v-celju-letos-392-prvosolckov\/"},"author":{"name":"Uredni\u0161tvo Celjana","@id":"https:\/\/novice.si\/page\/#\/schema\/person\/a49f233ef2777ec7b2e8d0662325bb48"},"headline":"V Celju letos 392 prvo\u0161ol\u010dkov","datePublished":"2023-08-30T07:53:24+00:00","mainEntityOfPage":{"@id":"https:\/\/novice.si\/page\/v-celju-letos-392-prvosolckov\/"},"wordCount":224,"publisher":{"@id":"https:\/\/novice.si\/page\/#organization"},"image":{"@id":"https:\/\/novice.si\/page\/v-celju-letos-392-prvosolckov\/#primaryimage"},"thumbnailUrl":"https:\/\/novice.si\/page\/wp-content\/uploads\/2023\/08\/naslovnica-prvi-solski-dan-scaled.jpg","articleSection":["Aktualno","Celjan","Celjsko"],"inLanguage":"sl-SI"},{"@type":"WebPage","@id":"https:\/\/novice.si\/page\/v-celju-letos-392-prvosolckov\/","url":"https:\/\/novice.si\/page\/v-celju-letos-392-prvosolckov\/","name":"V Celju letos 392 prvo\u0161ol\u010dkov - Novice.si","isPartOf":{"@id":"https:\/\/novice.si\/page\/#website"},"primaryImageOfPage":{"@id":"https:\/\/novice.si\/page\/v-celju-letos-392-prvosolckov\/#primaryimage"},"image":{"@id":"https:\/\/novice.si\/page\/v-celju-letos-392-prvosolckov\/#primaryimage"},"thumbnailUrl":"https:\/\/novice.si\/page\/wp-content\/uploads\/2023\/08\/naslovnica-prvi-solski-dan-scaled.jpg","datePublished":"2023-08-30T07:53:24+00:00","breadcrumb":{"@id":"https:\/\/novice.si\/page\/v-celju-letos-392-prvosolckov\/#breadcrumb"},"inLanguage":"sl-SI","potentialAction":[{"@type":"ReadAction","target":["https:\/\/novice.si\/page\/v-celju-letos-392-prvosolckov\/"]}]},{"@type":"ImageObject","inLanguage":"sl-SI","@id":"https:\/\/novice.si\/page\/v-celju-letos-392-prvosolckov\/#primaryimage","url":"https:\/\/novice.si\/page\/wp-content\/uploads\/2023\/08\/naslovnica-prvi-solski-dan-scaled.jpg","contentUrl":"https:\/\/novice.si\/page\/wp-content\/uploads\/2023\/08\/naslovnica-prvi-solski-dan-scaled.jpg","width":2560,"height":1707,"caption":"back view of caucasian boy walking from school wearing school bag. Begining of academic year"},{"@type":"BreadcrumbList","@id":"https:\/\/novice.si\/page\/v-celju-letos-392-prvosolckov\/#breadcrumb","itemListElement":[{"@type":"ListItem","position":1,"name":"Home","item":"https:\/\/novice.si\/page\/"},{"@type":"ListItem","position":2,"name":"V Celju letos 392 prvo\u0161ol\u010dkov"}]},{"@type":"WebSite","@id":"https:\/\/novice.si\/page\/#website","url":"https:\/\/novice.si\/page\/","name":"Novice.si","description":"","publisher":{"@id":"https:\/\/novice.si\/page\/#organization"},"potentialAction":[{"@type":"SearchAction","target":{"@type":"EntryPoint","urlTemplate":"https:\/\/novice.si\/page\/?s={search_term_string}"},"query-input":{"@type":"PropertyValueSpecification","valueRequired":true,"valueName":"search_term_string"}}],"inLanguage":"sl-SI"},{"@type":"Organization","@id":"https:\/\/novice.si\/page\/#organization","name":"Novice.si","url":"https:\/\/novice.si\/page\/","logo":{"@type":"ImageObject","inLanguage":"sl-SI","@id":"https:\/\/novice.si\/page\/#\/schema\/logo\/image\/","url":"https:\/\/novice.si\/page\/wp-content\/uploads\/2023\/03\/novice_si.png","contentUrl":"https:\/\/novice.si\/page\/wp-content\/uploads\/2023\/03\/novice_si.png","width":576,"height":200,"caption":"Novice.si"},"image":{"@id":"https:\/\/novice.si\/page\/#\/schema\/logo\/image\/"}},{"@type":"Person","@id":"https:\/\/novice.si\/page\/#\/schema\/person\/a49f233ef2777ec7b2e8d0662325bb48","name":"Uredni\u0161tvo Celjana","image":{"@type":"ImageObject","inLanguage":"sl-SI","@id":"https:\/\/secure.gravatar.com\/avatar\/7f7863e616af8f92806c638dd1db3f1a238d83d1cc2ec3100afc06fbb7eb303f?s=96&d=mm&r=g","url":"https:\/\/secure.gravatar.com\/avatar\/7f7863e616af8f92806c638dd1db3f1a238d83d1cc2ec3100afc06fbb7eb303f?s=96&d=mm&r=g","contentUrl":"https:\/\/secure.gravatar.com\/avatar\/7f7863e616af8f92806c638dd1db3f1a238d83d1cc2ec3100afc06fbb7eb303f?s=96&d=mm&r=g","caption":"Uredni\u0161tvo Celjana"},"url":"https:\/\/novice.si\/page\/author\/maja\/"}]}},"_links":{"self":[{"href":"https:\/\/novice.si\/page\/wp-json\/wp\/v2\/posts\/166761","targetHints":{"allow":["GET"]}}],"collection":[{"href":"https:\/\/novice.si\/page\/wp-json\/wp\/v2\/posts"}],"about":[{"href":"https:\/\/novice.si\/page\/wp-json\/wp\/v2\/types\/post"}],"author":[{"embeddable":true,"href":"https:\/\/novice.si\/page\/wp-json\/wp\/v2\/users\/55"}],"replies":[{"embeddable":true,"href":"https:\/\/novice.si\/page\/wp-json\/wp\/v2\/comments?post=166761"}],"version-history":[{"count":1,"href":"https:\/\/novice.si\/page\/wp-json\/wp\/v2\/posts\/166761\/revisions"}],"predecessor-version":[{"id":166763,"href":"https:\/\/novice.si\/page\/wp-json\/wp\/v2\/posts\/166761\/revisions\/166763"}],"wp:featuredmedia":[{"embeddable":true,"href":"https:\/\/novice.si\/page\/wp-json\/wp\/v2\/media\/166762"}],"wp:attachment":[{"href":"https:\/\/novice.si\/page\/wp-json\/wp\/v2\/media?parent=166761"}],"wp:term":[{"taxonomy":"category","embeddable":true,"href":"https:\/\/novice.si\/page\/wp-json\/wp\/v2\/categories?post=166761"},{"taxonomy":"post_tag","embeddable":true,"href":"https:\/\/novice.si\/page\/wp-json\/wp\/v2\/tags?post=166761"}],"curies":[{"name":"wp","href":"https:\/\/api.w.org\/{rel}","templated":true}]}}