{"id":166758,"date":"2023-08-30T08:50:03","date_gmt":"2023-08-30T06:50:03","guid":{"rendered":"https:\/\/novice.si\/page\/?p=166758"},"modified":"2023-08-29T19:52:44","modified_gmt":"2023-08-29T17:52:44","slug":"s-centralko-izboljsujejo-sistem-mobilnosti","status":"publish","type":"post","link":"https:\/\/novice.si\/page\/s-centralko-izboljsujejo-sistem-mobilnosti\/","title":{"rendered":"S Centralko izbolj\u0161ujejo sistem mobilnosti"},"content":{"rendered":"<p><em><strong><img loading=\"lazy\" decoding=\"async\" class=\" wp-image-166759 alignright\" src=\"https:\/\/novice.si\/page\/wp-content\/uploads\/2023\/08\/Cz-centralka-2-600x400.jpg\" alt=\"Centralka\" width=\"470\" height=\"313\" srcset=\"https:\/\/novice.si\/page\/wp-content\/uploads\/2023\/08\/Cz-centralka-2-600x400.jpg 600w, https:\/\/novice.si\/page\/wp-content\/uploads\/2023\/08\/Cz-centralka-2-1024x683.jpg 1024w, https:\/\/novice.si\/page\/wp-content\/uploads\/2023\/08\/Cz-centralka-2-768x512.jpg 768w, https:\/\/novice.si\/page\/wp-content\/uploads\/2023\/08\/Cz-centralka-2-1536x1024.jpg 1536w, https:\/\/novice.si\/page\/wp-content\/uploads\/2023\/08\/Cz-centralka-2-696x464.jpg 696w, https:\/\/novice.si\/page\/wp-content\/uploads\/2023\/08\/Cz-centralka-2-1068x712.jpg 1068w, https:\/\/novice.si\/page\/wp-content\/uploads\/2023\/08\/Cz-centralka-2-630x420.jpg 630w, https:\/\/novice.si\/page\/wp-content\/uploads\/2023\/08\/Cz-centralka-2-24x16.jpg 24w, https:\/\/novice.si\/page\/wp-content\/uploads\/2023\/08\/Cz-centralka-2-36x24.jpg 36w, https:\/\/novice.si\/page\/wp-content\/uploads\/2023\/08\/Cz-centralka-2-48x32.jpg 48w, https:\/\/novice.si\/page\/wp-content\/uploads\/2023\/08\/Cz-centralka-2.jpg 1782w\" sizes=\"auto, (max-width: 470px) 100vw, 470px\" \/>Napoved.<\/strong> Centralka bo spremenila na\u010din mobilnosti v Celju.<\/em><\/p>\n<p>Enotna mestna aplikacija in kartica Celja, imenovana Centralka, ki je iz\u0161la prej\u0161nji teden, med drugim omogo\u010da pla\u010devanje vo\u017eenj s Celebusom, pregled postaj in prihodov avtobusov ter izposojo koles. Na ob\u010dini ocenjujejo, da Centralka izbolj\u0161uje sistem mobilnosti in s tem kakovost \u017eivljenja v Celju, ima pa \u0161e dodatni potencial za \u0161iritev uporabe.<\/p>\n<p>Z uvedbo Centralke Celje odlo\u010dno stopa po poti pametnega mesta, je ocenil \u017eupan Mestne ob\u010dine Celje <strong>Matija Kova\u010d<\/strong>.<\/p>\n<p><strong>Gre za celovito re\u0161itev za mobilnost<\/strong><\/p>\n<p>\u00bbZ napredno in celovito re\u0161itvijo za mobilnost, ki bo v prihodnosti postala veliko ve\u010d, Celje stopa na pot naprednih mest. Celjani smo s Centralko dobili urbano izku\u0161njo, ki smo je sicer navajeni iz ve\u010djih svetovnih mest. Ena od glavnih prednosti pametnih mest je povezljivost. To pomeni, da so razli\u010dne storitve \u2013 kot so v primeru Centralke zaenkrat prometni sistemi \u2013 med seboj povezani in delujejo kot usklajena celota,\u00ab je, kot so sporo\u010dili iz Mestne ob\u010dine Celje, dejal \u017eupan.<\/p>\n<p>Po Kova\u010devih besedah gre za premi\u0161ljeno in trajnostno na\u010drtovanje, ki je osredoto\u010deno na dobrobit ljudi. Pametna mesta so tudi prilo\u017enost za vklju\u010dujo\u010do rast, saj si, kot pravi \u017eupan, \u017eelijo, da tehnolo\u0161ki napredek ne pove\u010duje razlik med razli\u010dnimi skupinami prebivalcev, ampak jih zmanj\u0161uje. Centralka je zato aplikacija in kartica.<\/p>\n<p>Kot je \u0161e dejal \u017eupan, verjamejo, da bo Centralka spremenila na\u010din mobilnosti v Celju, pa tudi, da bodo z njeno pomo\u010djo in v okviru prihodnjega upravljanja mobilnosti lahko storili ve\u010d korakov v smeri trajnostnega zelenega razvoja Celja.<\/p>\n<p>Ve\u010d o tem, kako jo uporabljati, za kak\u0161no investicijo je \u0161lo in kaj vse \u0161e lahko prinese, preberite v aktualni \u0161tevilki \u010dasopisa Celjan.<\/p>\n","protected":false},"excerpt":{"rendered":"<p>Napoved. Centralka bo spremenila na\u010din mobilnosti v Celju. Enotna mestna aplikacija in kartica Celja, imenovana Centralka, ki je iz\u0161la prej\u0161nji teden, med drugim omogo\u010da pla\u010devanje vo\u017eenj s Celebusom, pregled postaj in prihodov avtobusov ter izposojo koles. Na ob\u010dini ocenjujejo, da Centralka izbolj\u0161uje sistem mobilnosti in s tem kakovost \u017eivljenja v Celju, ima pa \u0161e dodatni [&hellip;]<\/p>\n","protected":false},"author":55,"featured_media":166759,"comment_status":"closed","ping_status":"closed","sticky":false,"template":"","format":"standard","meta":{"footnotes":""},"categories":[14,142,17],"tags":[],"class_list":{"0":"post-166758","1":"post","2":"type-post","3":"status-publish","4":"format-standard","5":"has-post-thumbnail","7":"category-aktualno","8":"category-celjan","9":"category-celjsko"},"yoast_head":"<!-- This site is optimized with the Yoast SEO plugin v27.4 - https:\/\/yoast.com\/product\/yoast-seo-wordpress\/ -->\n<title>S Centralko izbolj\u0161ujejo sistem mobilnosti - Novice.si<\/title>\n<meta name=\"robots\" content=\"index, follow, max-snippet:-1, max-image-preview:large, max-video-preview:-1\" \/>\n<link rel=\"canonical\" href=\"https:\/\/novice.si\/page\/s-centralko-izboljsujejo-sistem-mobilnosti\/\" \/>\n<meta property=\"og:locale\" content=\"sl_SI\" \/>\n<meta property=\"og:type\" content=\"article\" \/>\n<meta property=\"og:title\" content=\"S Centralko izbolj\u0161ujejo sistem mobilnosti - Novice.si\" \/>\n<meta property=\"og:description\" content=\"Napoved. Centralka bo spremenila na\u010din mobilnosti v Celju. Enotna mestna aplikacija in kartica Celja, imenovana Centralka, ki je iz\u0161la prej\u0161nji teden, med drugim omogo\u010da pla\u010devanje vo\u017eenj s Celebusom, pregled postaj in prihodov avtobusov ter izposojo koles. Na ob\u010dini ocenjujejo, da Centralka izbolj\u0161uje sistem mobilnosti in s tem kakovost \u017eivljenja v Celju, ima pa \u0161e dodatni [&hellip;]\" \/>\n<meta property=\"og:url\" content=\"https:\/\/novice.si\/page\/s-centralko-izboljsujejo-sistem-mobilnosti\/\" \/>\n<meta property=\"og:site_name\" content=\"Novice.si\" \/>\n<meta property=\"article:published_time\" content=\"2023-08-30T06:50:03+00:00\" \/>\n<meta property=\"og:image\" content=\"https:\/\/novice.si\/page\/wp-content\/uploads\/2023\/08\/Cz-centralka-2.jpg\" \/>\n\t<meta property=\"og:image:width\" content=\"1782\" \/>\n\t<meta property=\"og:image:height\" content=\"1188\" \/>\n\t<meta property=\"og:image:type\" content=\"image\/jpeg\" \/>\n<meta name=\"author\" content=\"Uredni\u0161tvo Celjana\" \/>\n<meta name=\"twitter:card\" content=\"summary_large_image\" \/>\n<meta name=\"twitter:label1\" content=\"Written by\" \/>\n\t<meta name=\"twitter:data1\" content=\"Uredni\u0161tvo Celjana\" \/>\n\t<meta name=\"twitter:label2\" content=\"Est. reading time\" \/>\n\t<meta name=\"twitter:data2\" content=\"2 minuti\" \/>\n<script type=\"application\/ld+json\" class=\"yoast-schema-graph\">{\"@context\":\"https:\\\/\\\/schema.org\",\"@graph\":[{\"@type\":\"Article\",\"@id\":\"https:\\\/\\\/novice.si\\\/page\\\/s-centralko-izboljsujejo-sistem-mobilnosti\\\/#article\",\"isPartOf\":{\"@id\":\"https:\\\/\\\/novice.si\\\/page\\\/s-centralko-izboljsujejo-sistem-mobilnosti\\\/\"},\"author\":{\"name\":\"Uredni\u0161tvo Celjana\",\"@id\":\"https:\\\/\\\/novice.si\\\/page\\\/#\\\/schema\\\/person\\\/a49f233ef2777ec7b2e8d0662325bb48\"},\"headline\":\"S Centralko izbolj\u0161ujejo sistem mobilnosti\",\"datePublished\":\"2023-08-30T06:50:03+00:00\",\"mainEntityOfPage\":{\"@id\":\"https:\\\/\\\/novice.si\\\/page\\\/s-centralko-izboljsujejo-sistem-mobilnosti\\\/\"},\"wordCount\":304,\"publisher\":{\"@id\":\"https:\\\/\\\/novice.si\\\/page\\\/#organization\"},\"image\":{\"@id\":\"https:\\\/\\\/novice.si\\\/page\\\/s-centralko-izboljsujejo-sistem-mobilnosti\\\/#primaryimage\"},\"thumbnailUrl\":\"https:\\\/\\\/novice.si\\\/page\\\/wp-content\\\/uploads\\\/2023\\\/08\\\/Cz-centralka-2.jpg\",\"articleSection\":[\"Aktualno\",\"Celjan\",\"Celjsko\"],\"inLanguage\":\"sl-SI\"},{\"@type\":\"WebPage\",\"@id\":\"https:\\\/\\\/novice.si\\\/page\\\/s-centralko-izboljsujejo-sistem-mobilnosti\\\/\",\"url\":\"https:\\\/\\\/novice.si\\\/page\\\/s-centralko-izboljsujejo-sistem-mobilnosti\\\/\",\"name\":\"S Centralko izbolj\u0161ujejo sistem mobilnosti - Novice.si\",\"isPartOf\":{\"@id\":\"https:\\\/\\\/novice.si\\\/page\\\/#website\"},\"primaryImageOfPage\":{\"@id\":\"https:\\\/\\\/novice.si\\\/page\\\/s-centralko-izboljsujejo-sistem-mobilnosti\\\/#primaryimage\"},\"image\":{\"@id\":\"https:\\\/\\\/novice.si\\\/page\\\/s-centralko-izboljsujejo-sistem-mobilnosti\\\/#primaryimage\"},\"thumbnailUrl\":\"https:\\\/\\\/novice.si\\\/page\\\/wp-content\\\/uploads\\\/2023\\\/08\\\/Cz-centralka-2.jpg\",\"datePublished\":\"2023-08-30T06:50:03+00:00\",\"breadcrumb\":{\"@id\":\"https:\\\/\\\/novice.si\\\/page\\\/s-centralko-izboljsujejo-sistem-mobilnosti\\\/#breadcrumb\"},\"inLanguage\":\"sl-SI\",\"potentialAction\":[{\"@type\":\"ReadAction\",\"target\":[\"https:\\\/\\\/novice.si\\\/page\\\/s-centralko-izboljsujejo-sistem-mobilnosti\\\/\"]}]},{\"@type\":\"ImageObject\",\"inLanguage\":\"sl-SI\",\"@id\":\"https:\\\/\\\/novice.si\\\/page\\\/s-centralko-izboljsujejo-sistem-mobilnosti\\\/#primaryimage\",\"url\":\"https:\\\/\\\/novice.si\\\/page\\\/wp-content\\\/uploads\\\/2023\\\/08\\\/Cz-centralka-2.jpg\",\"contentUrl\":\"https:\\\/\\\/novice.si\\\/page\\\/wp-content\\\/uploads\\\/2023\\\/08\\\/Cz-centralka-2.jpg\",\"width\":1782,\"height\":1188,\"caption\":\"Centralka\"},{\"@type\":\"BreadcrumbList\",\"@id\":\"https:\\\/\\\/novice.si\\\/page\\\/s-centralko-izboljsujejo-sistem-mobilnosti\\\/#breadcrumb\",\"itemListElement\":[{\"@type\":\"ListItem\",\"position\":1,\"name\":\"Home\",\"item\":\"https:\\\/\\\/novice.si\\\/page\\\/\"},{\"@type\":\"ListItem\",\"position\":2,\"name\":\"S Centralko izbolj\u0161ujejo sistem mobilnosti\"}]},{\"@type\":\"WebSite\",\"@id\":\"https:\\\/\\\/novice.si\\\/page\\\/#website\",\"url\":\"https:\\\/\\\/novice.si\\\/page\\\/\",\"name\":\"Novice.si\",\"description\":\"\",\"publisher\":{\"@id\":\"https:\\\/\\\/novice.si\\\/page\\\/#organization\"},\"potentialAction\":[{\"@type\":\"SearchAction\",\"target\":{\"@type\":\"EntryPoint\",\"urlTemplate\":\"https:\\\/\\\/novice.si\\\/page\\\/?s={search_term_string}\"},\"query-input\":{\"@type\":\"PropertyValueSpecification\",\"valueRequired\":true,\"valueName\":\"search_term_string\"}}],\"inLanguage\":\"sl-SI\"},{\"@type\":\"Organization\",\"@id\":\"https:\\\/\\\/novice.si\\\/page\\\/#organization\",\"name\":\"Novice.si\",\"url\":\"https:\\\/\\\/novice.si\\\/page\\\/\",\"logo\":{\"@type\":\"ImageObject\",\"inLanguage\":\"sl-SI\",\"@id\":\"https:\\\/\\\/novice.si\\\/page\\\/#\\\/schema\\\/logo\\\/image\\\/\",\"url\":\"https:\\\/\\\/novice.si\\\/page\\\/wp-content\\\/uploads\\\/2023\\\/03\\\/novice_si.png\",\"contentUrl\":\"https:\\\/\\\/novice.si\\\/page\\\/wp-content\\\/uploads\\\/2023\\\/03\\\/novice_si.png\",\"width\":576,\"height\":200,\"caption\":\"Novice.si\"},\"image\":{\"@id\":\"https:\\\/\\\/novice.si\\\/page\\\/#\\\/schema\\\/logo\\\/image\\\/\"}},{\"@type\":\"Person\",\"@id\":\"https:\\\/\\\/novice.si\\\/page\\\/#\\\/schema\\\/person\\\/a49f233ef2777ec7b2e8d0662325bb48\",\"name\":\"Uredni\u0161tvo Celjana\",\"image\":{\"@type\":\"ImageObject\",\"inLanguage\":\"sl-SI\",\"@id\":\"https:\\\/\\\/secure.gravatar.com\\\/avatar\\\/7f7863e616af8f92806c638dd1db3f1a238d83d1cc2ec3100afc06fbb7eb303f?s=96&d=mm&r=g\",\"url\":\"https:\\\/\\\/secure.gravatar.com\\\/avatar\\\/7f7863e616af8f92806c638dd1db3f1a238d83d1cc2ec3100afc06fbb7eb303f?s=96&d=mm&r=g\",\"contentUrl\":\"https:\\\/\\\/secure.gravatar.com\\\/avatar\\\/7f7863e616af8f92806c638dd1db3f1a238d83d1cc2ec3100afc06fbb7eb303f?s=96&d=mm&r=g\",\"caption\":\"Uredni\u0161tvo Celjana\"},\"url\":\"https:\\\/\\\/novice.si\\\/page\\\/author\\\/maja\\\/\"}]}<\/script>\n<!-- \/ Yoast SEO plugin. -->","yoast_head_json":{"title":"S Centralko izbolj\u0161ujejo sistem mobilnosti - Novice.si","robots":{"index":"index","follow":"follow","max-snippet":"max-snippet:-1","max-image-preview":"max-image-preview:large","max-video-preview":"max-video-preview:-1"},"canonical":"https:\/\/novice.si\/page\/s-centralko-izboljsujejo-sistem-mobilnosti\/","og_locale":"sl_SI","og_type":"article","og_title":"S Centralko izbolj\u0161ujejo sistem mobilnosti - Novice.si","og_description":"Napoved. Centralka bo spremenila na\u010din mobilnosti v Celju. Enotna mestna aplikacija in kartica Celja, imenovana Centralka, ki je iz\u0161la prej\u0161nji teden, med drugim omogo\u010da pla\u010devanje vo\u017eenj s Celebusom, pregled postaj in prihodov avtobusov ter izposojo koles. Na ob\u010dini ocenjujejo, da Centralka izbolj\u0161uje sistem mobilnosti in s tem kakovost \u017eivljenja v Celju, ima pa \u0161e dodatni [&hellip;]","og_url":"https:\/\/novice.si\/page\/s-centralko-izboljsujejo-sistem-mobilnosti\/","og_site_name":"Novice.si","article_published_time":"2023-08-30T06:50:03+00:00","og_image":[{"width":1782,"height":1188,"url":"https:\/\/novice.si\/page\/wp-content\/uploads\/2023\/08\/Cz-centralka-2.jpg","type":"image\/jpeg"}],"author":"Uredni\u0161tvo Celjana","twitter_card":"summary_large_image","twitter_misc":{"Written by":"Uredni\u0161tvo Celjana","Est. reading time":"2 minuti"},"schema":{"@context":"https:\/\/schema.org","@graph":[{"@type":"Article","@id":"https:\/\/novice.si\/page\/s-centralko-izboljsujejo-sistem-mobilnosti\/#article","isPartOf":{"@id":"https:\/\/novice.si\/page\/s-centralko-izboljsujejo-sistem-mobilnosti\/"},"author":{"name":"Uredni\u0161tvo Celjana","@id":"https:\/\/novice.si\/page\/#\/schema\/person\/a49f233ef2777ec7b2e8d0662325bb48"},"headline":"S Centralko izbolj\u0161ujejo sistem mobilnosti","datePublished":"2023-08-30T06:50:03+00:00","mainEntityOfPage":{"@id":"https:\/\/novice.si\/page\/s-centralko-izboljsujejo-sistem-mobilnosti\/"},"wordCount":304,"publisher":{"@id":"https:\/\/novice.si\/page\/#organization"},"image":{"@id":"https:\/\/novice.si\/page\/s-centralko-izboljsujejo-sistem-mobilnosti\/#primaryimage"},"thumbnailUrl":"https:\/\/novice.si\/page\/wp-content\/uploads\/2023\/08\/Cz-centralka-2.jpg","articleSection":["Aktualno","Celjan","Celjsko"],"inLanguage":"sl-SI"},{"@type":"WebPage","@id":"https:\/\/novice.si\/page\/s-centralko-izboljsujejo-sistem-mobilnosti\/","url":"https:\/\/novice.si\/page\/s-centralko-izboljsujejo-sistem-mobilnosti\/","name":"S Centralko izbolj\u0161ujejo sistem mobilnosti - Novice.si","isPartOf":{"@id":"https:\/\/novice.si\/page\/#website"},"primaryImageOfPage":{"@id":"https:\/\/novice.si\/page\/s-centralko-izboljsujejo-sistem-mobilnosti\/#primaryimage"},"image":{"@id":"https:\/\/novice.si\/page\/s-centralko-izboljsujejo-sistem-mobilnosti\/#primaryimage"},"thumbnailUrl":"https:\/\/novice.si\/page\/wp-content\/uploads\/2023\/08\/Cz-centralka-2.jpg","datePublished":"2023-08-30T06:50:03+00:00","breadcrumb":{"@id":"https:\/\/novice.si\/page\/s-centralko-izboljsujejo-sistem-mobilnosti\/#breadcrumb"},"inLanguage":"sl-SI","potentialAction":[{"@type":"ReadAction","target":["https:\/\/novice.si\/page\/s-centralko-izboljsujejo-sistem-mobilnosti\/"]}]},{"@type":"ImageObject","inLanguage":"sl-SI","@id":"https:\/\/novice.si\/page\/s-centralko-izboljsujejo-sistem-mobilnosti\/#primaryimage","url":"https:\/\/novice.si\/page\/wp-content\/uploads\/2023\/08\/Cz-centralka-2.jpg","contentUrl":"https:\/\/novice.si\/page\/wp-content\/uploads\/2023\/08\/Cz-centralka-2.jpg","width":1782,"height":1188,"caption":"Centralka"},{"@type":"BreadcrumbList","@id":"https:\/\/novice.si\/page\/s-centralko-izboljsujejo-sistem-mobilnosti\/#breadcrumb","itemListElement":[{"@type":"ListItem","position":1,"name":"Home","item":"https:\/\/novice.si\/page\/"},{"@type":"ListItem","position":2,"name":"S Centralko izbolj\u0161ujejo sistem mobilnosti"}]},{"@type":"WebSite","@id":"https:\/\/novice.si\/page\/#website","url":"https:\/\/novice.si\/page\/","name":"Novice.si","description":"","publisher":{"@id":"https:\/\/novice.si\/page\/#organization"},"potentialAction":[{"@type":"SearchAction","target":{"@type":"EntryPoint","urlTemplate":"https:\/\/novice.si\/page\/?s={search_term_string}"},"query-input":{"@type":"PropertyValueSpecification","valueRequired":true,"valueName":"search_term_string"}}],"inLanguage":"sl-SI"},{"@type":"Organization","@id":"https:\/\/novice.si\/page\/#organization","name":"Novice.si","url":"https:\/\/novice.si\/page\/","logo":{"@type":"ImageObject","inLanguage":"sl-SI","@id":"https:\/\/novice.si\/page\/#\/schema\/logo\/image\/","url":"https:\/\/novice.si\/page\/wp-content\/uploads\/2023\/03\/novice_si.png","contentUrl":"https:\/\/novice.si\/page\/wp-content\/uploads\/2023\/03\/novice_si.png","width":576,"height":200,"caption":"Novice.si"},"image":{"@id":"https:\/\/novice.si\/page\/#\/schema\/logo\/image\/"}},{"@type":"Person","@id":"https:\/\/novice.si\/page\/#\/schema\/person\/a49f233ef2777ec7b2e8d0662325bb48","name":"Uredni\u0161tvo Celjana","image":{"@type":"ImageObject","inLanguage":"sl-SI","@id":"https:\/\/secure.gravatar.com\/avatar\/7f7863e616af8f92806c638dd1db3f1a238d83d1cc2ec3100afc06fbb7eb303f?s=96&d=mm&r=g","url":"https:\/\/secure.gravatar.com\/avatar\/7f7863e616af8f92806c638dd1db3f1a238d83d1cc2ec3100afc06fbb7eb303f?s=96&d=mm&r=g","contentUrl":"https:\/\/secure.gravatar.com\/avatar\/7f7863e616af8f92806c638dd1db3f1a238d83d1cc2ec3100afc06fbb7eb303f?s=96&d=mm&r=g","caption":"Uredni\u0161tvo Celjana"},"url":"https:\/\/novice.si\/page\/author\/maja\/"}]}},"_links":{"self":[{"href":"https:\/\/novice.si\/page\/wp-json\/wp\/v2\/posts\/166758","targetHints":{"allow":["GET"]}}],"collection":[{"href":"https:\/\/novice.si\/page\/wp-json\/wp\/v2\/posts"}],"about":[{"href":"https:\/\/novice.si\/page\/wp-json\/wp\/v2\/types\/post"}],"author":[{"embeddable":true,"href":"https:\/\/novice.si\/page\/wp-json\/wp\/v2\/users\/55"}],"replies":[{"embeddable":true,"href":"https:\/\/novice.si\/page\/wp-json\/wp\/v2\/comments?post=166758"}],"version-history":[{"count":1,"href":"https:\/\/novice.si\/page\/wp-json\/wp\/v2\/posts\/166758\/revisions"}],"predecessor-version":[{"id":166760,"href":"https:\/\/novice.si\/page\/wp-json\/wp\/v2\/posts\/166758\/revisions\/166760"}],"wp:featuredmedia":[{"embeddable":true,"href":"https:\/\/novice.si\/page\/wp-json\/wp\/v2\/media\/166759"}],"wp:attachment":[{"href":"https:\/\/novice.si\/page\/wp-json\/wp\/v2\/media?parent=166758"}],"wp:term":[{"taxonomy":"category","embeddable":true,"href":"https:\/\/novice.si\/page\/wp-json\/wp\/v2\/categories?post=166758"},{"taxonomy":"post_tag","embeddable":true,"href":"https:\/\/novice.si\/page\/wp-json\/wp\/v2\/tags?post=166758"}],"curies":[{"name":"wp","href":"https:\/\/api.w.org\/{rel}","templated":true}]}}