{"id":166745,"date":"2023-08-29T13:28:09","date_gmt":"2023-08-29T11:28:09","guid":{"rendered":"https:\/\/novice.si\/page\/?p=166745"},"modified":"2023-08-29T13:28:09","modified_gmt":"2023-08-29T11:28:09","slug":"slovenska-bistrica-maribor-prijeli-serijskega-roparja","status":"publish","type":"post","link":"https:\/\/novice.si\/page\/slovenska-bistrica-maribor-prijeli-serijskega-roparja\/","title":{"rendered":"SLOVENSKA BISTRICA MARIBOR Prijeli serijskega roparja"},"content":{"rendered":"<p>Mariborski kriminalisti so konec prej\u0161njega tedna prijeli serijskega roparja, ki naj od konca maja do za\u010detka avgusta izvr\u0161il vsaj pet ropov.<\/p>\n<p><img loading=\"lazy\" decoding=\"async\" class=\"wp-image-166748 alignleft\" src=\"https:\/\/novice.si\/page\/wp-content\/uploads\/2023\/08\/1-1-600x376.jpg\" alt=\"\" width=\"415\" height=\"260\" srcset=\"https:\/\/novice.si\/page\/wp-content\/uploads\/2023\/08\/1-1-600x376.jpg 600w, https:\/\/novice.si\/page\/wp-content\/uploads\/2023\/08\/1-1-768x481.jpg 768w, https:\/\/novice.si\/page\/wp-content\/uploads\/2023\/08\/1-1-696x436.jpg 696w, https:\/\/novice.si\/page\/wp-content\/uploads\/2023\/08\/1-1-671x420.jpg 671w, https:\/\/novice.si\/page\/wp-content\/uploads\/2023\/08\/1-1-24x15.jpg 24w, https:\/\/novice.si\/page\/wp-content\/uploads\/2023\/08\/1-1-36x23.jpg 36w, https:\/\/novice.si\/page\/wp-content\/uploads\/2023\/08\/1-1-48x30.jpg 48w, https:\/\/novice.si\/page\/wp-content\/uploads\/2023\/08\/1-1.jpg 770w\" sizes=\"auto, (max-width: 415px) 100vw, 415px\" \/>44-letnik je brez stalnega prebivali\u0161\u010da, nazadnje je bival na obmo\u010dju Slovenske Bistrice.<\/p>\n<p>V preiskavi so zasegli tudi oro\u017eje, ki je domnevno bilo uporabljeno pri ropih.<\/p>\n<p>Preiskovalni sodnik ga je poslal v pripor, vrednost naropanega blaga cenijo na 15 tiso\u010dakov.<\/p>\n<p><strong>Darko Nerat<\/strong>, vodja oddelka za splo\u0161no kriminaliteto pri mariborski policijski upravi, \u0161e pojasnjuje. \u00bbVsi ropi so bili v Mariboru, in sicer v kioskih na Pobre\u017eju in Gosposvetski cesti, trgovini na Taboru, marketu na Pobre\u017eju in v lekarni na Gosposvetski cesti.\u00ab<\/p>\n<p>Policisti predvidevajo, da ima aretirani na vesti vsaj \u0161e dva ropa, zato preiskavo nadaljujejo.<\/p>\n<p>P\u0160<\/p>\n<p>&nbsp;<\/p>\n","protected":false},"excerpt":{"rendered":"<p>Mariborski kriminalisti so konec prej\u0161njega tedna prijeli serijskega roparja, ki naj od konca maja do za\u010detka avgusta izvr\u0161il vsaj pet ropov. 44-letnik je brez stalnega prebivali\u0161\u010da, nazadnje je bival na obmo\u010dju Slovenske Bistrice. V preiskavi so zasegli tudi oro\u017eje, ki je domnevno bilo uporabljeno pri ropih. Preiskovalni sodnik ga je poslal v pripor, vrednost naropanega [&hellip;]<\/p>\n","protected":false},"author":33,"featured_media":155764,"comment_status":"closed","ping_status":"closed","sticky":false,"template":"","format":"standard","meta":{"footnotes":""},"categories":[14,32,29],"tags":[4115,18583,4381,10815,18582,171],"class_list":{"0":"post-166745","1":"post","2":"type-post","3":"status-publish","4":"format-standard","5":"has-post-thumbnail","7":"category-aktualno","8":"category-bistrisko","9":"category-kronika","10":"tag-aretacija","11":"tag-darko-nerat","12":"tag-pripor","13":"tag-pu-maribor","14":"tag-serijski-ropar","15":"tag-slovenska-bistrica"},"yoast_head":"<!-- This site is optimized with the Yoast SEO plugin v27.4 - https:\/\/yoast.com\/product\/yoast-seo-wordpress\/ -->\n<title>SLOVENSKA BISTRICA MARIBOR Prijeli serijskega roparja - Novice.si<\/title>\n<meta name=\"robots\" content=\"index, follow, max-snippet:-1, max-image-preview:large, max-video-preview:-1\" \/>\n<link rel=\"canonical\" href=\"https:\/\/novice.si\/page\/slovenska-bistrica-maribor-prijeli-serijskega-roparja\/\" \/>\n<meta property=\"og:locale\" content=\"sl_SI\" \/>\n<meta property=\"og:type\" content=\"article\" \/>\n<meta property=\"og:title\" content=\"SLOVENSKA BISTRICA MARIBOR Prijeli serijskega roparja - Novice.si\" \/>\n<meta property=\"og:description\" content=\"Mariborski kriminalisti so konec prej\u0161njega tedna prijeli serijskega roparja, ki naj od konca maja do za\u010detka avgusta izvr\u0161il vsaj pet ropov. 44-letnik je brez stalnega prebivali\u0161\u010da, nazadnje je bival na obmo\u010dju Slovenske Bistrice. V preiskavi so zasegli tudi oro\u017eje, ki je domnevno bilo uporabljeno pri ropih. Preiskovalni sodnik ga je poslal v pripor, vrednost naropanega [&hellip;]\" \/>\n<meta property=\"og:url\" content=\"https:\/\/novice.si\/page\/slovenska-bistrica-maribor-prijeli-serijskega-roparja\/\" \/>\n<meta property=\"og:site_name\" content=\"Novice.si\" \/>\n<meta property=\"article:published_time\" content=\"2023-08-29T11:28:09+00:00\" \/>\n<meta property=\"og:image\" content=\"https:\/\/novice.si\/page\/wp-content\/uploads\/2022\/10\/policija-nadzor.png\" \/>\n\t<meta property=\"og:image:width\" content=\"1070\" \/>\n\t<meta property=\"og:image:height\" content=\"716\" \/>\n\t<meta property=\"og:image:type\" content=\"image\/png\" \/>\n<meta name=\"author\" content=\"Uredni\u0161tvo Celjana\" \/>\n<meta name=\"twitter:card\" content=\"summary_large_image\" \/>\n<meta name=\"twitter:label1\" content=\"Written by\" \/>\n\t<meta name=\"twitter:data1\" content=\"Uredni\u0161tvo Celjana\" \/>\n\t<meta name=\"twitter:label2\" content=\"Est. reading time\" \/>\n\t<meta name=\"twitter:data2\" content=\"1 minuta\" \/>\n<script type=\"application\/ld+json\" class=\"yoast-schema-graph\">{\"@context\":\"https:\\\/\\\/schema.org\",\"@graph\":[{\"@type\":\"Article\",\"@id\":\"https:\\\/\\\/novice.si\\\/page\\\/slovenska-bistrica-maribor-prijeli-serijskega-roparja\\\/#article\",\"isPartOf\":{\"@id\":\"https:\\\/\\\/novice.si\\\/page\\\/slovenska-bistrica-maribor-prijeli-serijskega-roparja\\\/\"},\"author\":{\"name\":\"Uredni\u0161tvo Celjana\",\"@id\":\"https:\\\/\\\/novice.si\\\/page\\\/#\\\/schema\\\/person\\\/57f25c9642a9541c7349c65d32032c3e\"},\"headline\":\"SLOVENSKA BISTRICA MARIBOR Prijeli serijskega roparja\",\"datePublished\":\"2023-08-29T11:28:09+00:00\",\"mainEntityOfPage\":{\"@id\":\"https:\\\/\\\/novice.si\\\/page\\\/slovenska-bistrica-maribor-prijeli-serijskega-roparja\\\/\"},\"wordCount\":131,\"publisher\":{\"@id\":\"https:\\\/\\\/novice.si\\\/page\\\/#organization\"},\"image\":{\"@id\":\"https:\\\/\\\/novice.si\\\/page\\\/slovenska-bistrica-maribor-prijeli-serijskega-roparja\\\/#primaryimage\"},\"thumbnailUrl\":\"https:\\\/\\\/novice.si\\\/page\\\/wp-content\\\/uploads\\\/2022\\\/10\\\/policija-nadzor.png\",\"keywords\":[\"aretacija\",\"Darko Nerat\",\"pripor\",\"PU Maribor\",\"serijski ropar\",\"Slovenska Bistrica\"],\"articleSection\":[\"Aktualno\",\"Bistri\u0161ko\",\"Kronika\"],\"inLanguage\":\"sl-SI\"},{\"@type\":\"WebPage\",\"@id\":\"https:\\\/\\\/novice.si\\\/page\\\/slovenska-bistrica-maribor-prijeli-serijskega-roparja\\\/\",\"url\":\"https:\\\/\\\/novice.si\\\/page\\\/slovenska-bistrica-maribor-prijeli-serijskega-roparja\\\/\",\"name\":\"SLOVENSKA BISTRICA MARIBOR Prijeli serijskega roparja - Novice.si\",\"isPartOf\":{\"@id\":\"https:\\\/\\\/novice.si\\\/page\\\/#website\"},\"primaryImageOfPage\":{\"@id\":\"https:\\\/\\\/novice.si\\\/page\\\/slovenska-bistrica-maribor-prijeli-serijskega-roparja\\\/#primaryimage\"},\"image\":{\"@id\":\"https:\\\/\\\/novice.si\\\/page\\\/slovenska-bistrica-maribor-prijeli-serijskega-roparja\\\/#primaryimage\"},\"thumbnailUrl\":\"https:\\\/\\\/novice.si\\\/page\\\/wp-content\\\/uploads\\\/2022\\\/10\\\/policija-nadzor.png\",\"datePublished\":\"2023-08-29T11:28:09+00:00\",\"breadcrumb\":{\"@id\":\"https:\\\/\\\/novice.si\\\/page\\\/slovenska-bistrica-maribor-prijeli-serijskega-roparja\\\/#breadcrumb\"},\"inLanguage\":\"sl-SI\",\"potentialAction\":[{\"@type\":\"ReadAction\",\"target\":[\"https:\\\/\\\/novice.si\\\/page\\\/slovenska-bistrica-maribor-prijeli-serijskega-roparja\\\/\"]}]},{\"@type\":\"ImageObject\",\"inLanguage\":\"sl-SI\",\"@id\":\"https:\\\/\\\/novice.si\\\/page\\\/slovenska-bistrica-maribor-prijeli-serijskega-roparja\\\/#primaryimage\",\"url\":\"https:\\\/\\\/novice.si\\\/page\\\/wp-content\\\/uploads\\\/2022\\\/10\\\/policija-nadzor.png\",\"contentUrl\":\"https:\\\/\\\/novice.si\\\/page\\\/wp-content\\\/uploads\\\/2022\\\/10\\\/policija-nadzor.png\",\"width\":1070,\"height\":716},{\"@type\":\"BreadcrumbList\",\"@id\":\"https:\\\/\\\/novice.si\\\/page\\\/slovenska-bistrica-maribor-prijeli-serijskega-roparja\\\/#breadcrumb\",\"itemListElement\":[{\"@type\":\"ListItem\",\"position\":1,\"name\":\"Home\",\"item\":\"https:\\\/\\\/novice.si\\\/page\\\/\"},{\"@type\":\"ListItem\",\"position\":2,\"name\":\"SLOVENSKA BISTRICA MARIBOR Prijeli serijskega roparja\"}]},{\"@type\":\"WebSite\",\"@id\":\"https:\\\/\\\/novice.si\\\/page\\\/#website\",\"url\":\"https:\\\/\\\/novice.si\\\/page\\\/\",\"name\":\"Novice.si\",\"description\":\"\",\"publisher\":{\"@id\":\"https:\\\/\\\/novice.si\\\/page\\\/#organization\"},\"potentialAction\":[{\"@type\":\"SearchAction\",\"target\":{\"@type\":\"EntryPoint\",\"urlTemplate\":\"https:\\\/\\\/novice.si\\\/page\\\/?s={search_term_string}\"},\"query-input\":{\"@type\":\"PropertyValueSpecification\",\"valueRequired\":true,\"valueName\":\"search_term_string\"}}],\"inLanguage\":\"sl-SI\"},{\"@type\":\"Organization\",\"@id\":\"https:\\\/\\\/novice.si\\\/page\\\/#organization\",\"name\":\"Novice.si\",\"url\":\"https:\\\/\\\/novice.si\\\/page\\\/\",\"logo\":{\"@type\":\"ImageObject\",\"inLanguage\":\"sl-SI\",\"@id\":\"https:\\\/\\\/novice.si\\\/page\\\/#\\\/schema\\\/logo\\\/image\\\/\",\"url\":\"https:\\\/\\\/novice.si\\\/page\\\/wp-content\\\/uploads\\\/2023\\\/03\\\/novice_si.png\",\"contentUrl\":\"https:\\\/\\\/novice.si\\\/page\\\/wp-content\\\/uploads\\\/2023\\\/03\\\/novice_si.png\",\"width\":576,\"height\":200,\"caption\":\"Novice.si\"},\"image\":{\"@id\":\"https:\\\/\\\/novice.si\\\/page\\\/#\\\/schema\\\/logo\\\/image\\\/\"}},{\"@type\":\"Person\",\"@id\":\"https:\\\/\\\/novice.si\\\/page\\\/#\\\/schema\\\/person\\\/57f25c9642a9541c7349c65d32032c3e\",\"name\":\"Uredni\u0161tvo Celjana\",\"image\":{\"@type\":\"ImageObject\",\"inLanguage\":\"sl-SI\",\"@id\":\"https:\\\/\\\/secure.gravatar.com\\\/avatar\\\/78e52bc4279b65f6df6345e0ef0f7b792d361361f230cf4ffecfe0afe6d5629c?s=96&d=mm&r=g\",\"url\":\"https:\\\/\\\/secure.gravatar.com\\\/avatar\\\/78e52bc4279b65f6df6345e0ef0f7b792d361361f230cf4ffecfe0afe6d5629c?s=96&d=mm&r=g\",\"contentUrl\":\"https:\\\/\\\/secure.gravatar.com\\\/avatar\\\/78e52bc4279b65f6df6345e0ef0f7b792d361361f230cf4ffecfe0afe6d5629c?s=96&d=mm&r=g\",\"caption\":\"Uredni\u0161tvo Celjana\"},\"url\":\"https:\\\/\\\/novice.si\\\/page\\\/author\\\/primoz\\\/\"}]}<\/script>\n<!-- \/ Yoast SEO plugin. -->","yoast_head_json":{"title":"SLOVENSKA BISTRICA MARIBOR Prijeli serijskega roparja - Novice.si","robots":{"index":"index","follow":"follow","max-snippet":"max-snippet:-1","max-image-preview":"max-image-preview:large","max-video-preview":"max-video-preview:-1"},"canonical":"https:\/\/novice.si\/page\/slovenska-bistrica-maribor-prijeli-serijskega-roparja\/","og_locale":"sl_SI","og_type":"article","og_title":"SLOVENSKA BISTRICA MARIBOR Prijeli serijskega roparja - Novice.si","og_description":"Mariborski kriminalisti so konec prej\u0161njega tedna prijeli serijskega roparja, ki naj od konca maja do za\u010detka avgusta izvr\u0161il vsaj pet ropov. 44-letnik je brez stalnega prebivali\u0161\u010da, nazadnje je bival na obmo\u010dju Slovenske Bistrice. V preiskavi so zasegli tudi oro\u017eje, ki je domnevno bilo uporabljeno pri ropih. Preiskovalni sodnik ga je poslal v pripor, vrednost naropanega [&hellip;]","og_url":"https:\/\/novice.si\/page\/slovenska-bistrica-maribor-prijeli-serijskega-roparja\/","og_site_name":"Novice.si","article_published_time":"2023-08-29T11:28:09+00:00","og_image":[{"width":1070,"height":716,"url":"https:\/\/novice.si\/page\/wp-content\/uploads\/2022\/10\/policija-nadzor.png","type":"image\/png"}],"author":"Uredni\u0161tvo Celjana","twitter_card":"summary_large_image","twitter_misc":{"Written by":"Uredni\u0161tvo Celjana","Est. reading time":"1 minuta"},"schema":{"@context":"https:\/\/schema.org","@graph":[{"@type":"Article","@id":"https:\/\/novice.si\/page\/slovenska-bistrica-maribor-prijeli-serijskega-roparja\/#article","isPartOf":{"@id":"https:\/\/novice.si\/page\/slovenska-bistrica-maribor-prijeli-serijskega-roparja\/"},"author":{"name":"Uredni\u0161tvo Celjana","@id":"https:\/\/novice.si\/page\/#\/schema\/person\/57f25c9642a9541c7349c65d32032c3e"},"headline":"SLOVENSKA BISTRICA MARIBOR Prijeli serijskega roparja","datePublished":"2023-08-29T11:28:09+00:00","mainEntityOfPage":{"@id":"https:\/\/novice.si\/page\/slovenska-bistrica-maribor-prijeli-serijskega-roparja\/"},"wordCount":131,"publisher":{"@id":"https:\/\/novice.si\/page\/#organization"},"image":{"@id":"https:\/\/novice.si\/page\/slovenska-bistrica-maribor-prijeli-serijskega-roparja\/#primaryimage"},"thumbnailUrl":"https:\/\/novice.si\/page\/wp-content\/uploads\/2022\/10\/policija-nadzor.png","keywords":["aretacija","Darko Nerat","pripor","PU Maribor","serijski ropar","Slovenska Bistrica"],"articleSection":["Aktualno","Bistri\u0161ko","Kronika"],"inLanguage":"sl-SI"},{"@type":"WebPage","@id":"https:\/\/novice.si\/page\/slovenska-bistrica-maribor-prijeli-serijskega-roparja\/","url":"https:\/\/novice.si\/page\/slovenska-bistrica-maribor-prijeli-serijskega-roparja\/","name":"SLOVENSKA BISTRICA MARIBOR Prijeli serijskega roparja - Novice.si","isPartOf":{"@id":"https:\/\/novice.si\/page\/#website"},"primaryImageOfPage":{"@id":"https:\/\/novice.si\/page\/slovenska-bistrica-maribor-prijeli-serijskega-roparja\/#primaryimage"},"image":{"@id":"https:\/\/novice.si\/page\/slovenska-bistrica-maribor-prijeli-serijskega-roparja\/#primaryimage"},"thumbnailUrl":"https:\/\/novice.si\/page\/wp-content\/uploads\/2022\/10\/policija-nadzor.png","datePublished":"2023-08-29T11:28:09+00:00","breadcrumb":{"@id":"https:\/\/novice.si\/page\/slovenska-bistrica-maribor-prijeli-serijskega-roparja\/#breadcrumb"},"inLanguage":"sl-SI","potentialAction":[{"@type":"ReadAction","target":["https:\/\/novice.si\/page\/slovenska-bistrica-maribor-prijeli-serijskega-roparja\/"]}]},{"@type":"ImageObject","inLanguage":"sl-SI","@id":"https:\/\/novice.si\/page\/slovenska-bistrica-maribor-prijeli-serijskega-roparja\/#primaryimage","url":"https:\/\/novice.si\/page\/wp-content\/uploads\/2022\/10\/policija-nadzor.png","contentUrl":"https:\/\/novice.si\/page\/wp-content\/uploads\/2022\/10\/policija-nadzor.png","width":1070,"height":716},{"@type":"BreadcrumbList","@id":"https:\/\/novice.si\/page\/slovenska-bistrica-maribor-prijeli-serijskega-roparja\/#breadcrumb","itemListElement":[{"@type":"ListItem","position":1,"name":"Home","item":"https:\/\/novice.si\/page\/"},{"@type":"ListItem","position":2,"name":"SLOVENSKA BISTRICA MARIBOR Prijeli serijskega roparja"}]},{"@type":"WebSite","@id":"https:\/\/novice.si\/page\/#website","url":"https:\/\/novice.si\/page\/","name":"Novice.si","description":"","publisher":{"@id":"https:\/\/novice.si\/page\/#organization"},"potentialAction":[{"@type":"SearchAction","target":{"@type":"EntryPoint","urlTemplate":"https:\/\/novice.si\/page\/?s={search_term_string}"},"query-input":{"@type":"PropertyValueSpecification","valueRequired":true,"valueName":"search_term_string"}}],"inLanguage":"sl-SI"},{"@type":"Organization","@id":"https:\/\/novice.si\/page\/#organization","name":"Novice.si","url":"https:\/\/novice.si\/page\/","logo":{"@type":"ImageObject","inLanguage":"sl-SI","@id":"https:\/\/novice.si\/page\/#\/schema\/logo\/image\/","url":"https:\/\/novice.si\/page\/wp-content\/uploads\/2023\/03\/novice_si.png","contentUrl":"https:\/\/novice.si\/page\/wp-content\/uploads\/2023\/03\/novice_si.png","width":576,"height":200,"caption":"Novice.si"},"image":{"@id":"https:\/\/novice.si\/page\/#\/schema\/logo\/image\/"}},{"@type":"Person","@id":"https:\/\/novice.si\/page\/#\/schema\/person\/57f25c9642a9541c7349c65d32032c3e","name":"Uredni\u0161tvo Celjana","image":{"@type":"ImageObject","inLanguage":"sl-SI","@id":"https:\/\/secure.gravatar.com\/avatar\/78e52bc4279b65f6df6345e0ef0f7b792d361361f230cf4ffecfe0afe6d5629c?s=96&d=mm&r=g","url":"https:\/\/secure.gravatar.com\/avatar\/78e52bc4279b65f6df6345e0ef0f7b792d361361f230cf4ffecfe0afe6d5629c?s=96&d=mm&r=g","contentUrl":"https:\/\/secure.gravatar.com\/avatar\/78e52bc4279b65f6df6345e0ef0f7b792d361361f230cf4ffecfe0afe6d5629c?s=96&d=mm&r=g","caption":"Uredni\u0161tvo Celjana"},"url":"https:\/\/novice.si\/page\/author\/primoz\/"}]}},"_links":{"self":[{"href":"https:\/\/novice.si\/page\/wp-json\/wp\/v2\/posts\/166745","targetHints":{"allow":["GET"]}}],"collection":[{"href":"https:\/\/novice.si\/page\/wp-json\/wp\/v2\/posts"}],"about":[{"href":"https:\/\/novice.si\/page\/wp-json\/wp\/v2\/types\/post"}],"author":[{"embeddable":true,"href":"https:\/\/novice.si\/page\/wp-json\/wp\/v2\/users\/33"}],"replies":[{"embeddable":true,"href":"https:\/\/novice.si\/page\/wp-json\/wp\/v2\/comments?post=166745"}],"version-history":[{"count":1,"href":"https:\/\/novice.si\/page\/wp-json\/wp\/v2\/posts\/166745\/revisions"}],"predecessor-version":[{"id":166749,"href":"https:\/\/novice.si\/page\/wp-json\/wp\/v2\/posts\/166745\/revisions\/166749"}],"wp:featuredmedia":[{"embeddable":true,"href":"https:\/\/novice.si\/page\/wp-json\/wp\/v2\/media\/155764"}],"wp:attachment":[{"href":"https:\/\/novice.si\/page\/wp-json\/wp\/v2\/media?parent=166745"}],"wp:term":[{"taxonomy":"category","embeddable":true,"href":"https:\/\/novice.si\/page\/wp-json\/wp\/v2\/categories?post=166745"},{"taxonomy":"post_tag","embeddable":true,"href":"https:\/\/novice.si\/page\/wp-json\/wp\/v2\/tags?post=166745"}],"curies":[{"name":"wp","href":"https:\/\/api.w.org\/{rel}","templated":true}]}}