{"id":166719,"date":"2023-08-29T13:02:24","date_gmt":"2023-08-29T11:02:24","guid":{"rendered":"https:\/\/novice.si\/page\/?p=166719"},"modified":"2023-08-29T13:02:24","modified_gmt":"2023-08-29T11:02:24","slug":"nk-zrece-zelijo-vec-mladih-s-clani-pa-v-visji-rang-tekmovanja","status":"publish","type":"post","link":"https:\/\/novice.si\/page\/nk-zrece-zelijo-vec-mladih-s-clani-pa-v-visji-rang-tekmovanja\/","title":{"rendered":"NK Zre\u010de: \u017eelijo ve\u010d mladih, s \u010dlani pa v vi\u0161ji rang tekmovanja"},"content":{"rendered":"<p><img loading=\"lazy\" decoding=\"async\" class=\"alignnone size-medium wp-image-166727\" src=\"https:\/\/novice.si\/page\/wp-content\/uploads\/2023\/08\/bocek-andraz-1_resize-600x450.jpg\" alt=\"\" width=\"600\" height=\"450\" srcset=\"https:\/\/novice.si\/page\/wp-content\/uploads\/2023\/08\/bocek-andraz-1_resize-600x450.jpg 600w, https:\/\/novice.si\/page\/wp-content\/uploads\/2023\/08\/bocek-andraz-1_resize-768x576.jpg 768w, https:\/\/novice.si\/page\/wp-content\/uploads\/2023\/08\/bocek-andraz-1_resize-80x60.jpg 80w, https:\/\/novice.si\/page\/wp-content\/uploads\/2023\/08\/bocek-andraz-1_resize-265x198.jpg 265w, https:\/\/novice.si\/page\/wp-content\/uploads\/2023\/08\/bocek-andraz-1_resize-696x522.jpg 696w, https:\/\/novice.si\/page\/wp-content\/uploads\/2023\/08\/bocek-andraz-1_resize-560x420.jpg 560w, https:\/\/novice.si\/page\/wp-content\/uploads\/2023\/08\/bocek-andraz-1_resize-24x18.jpg 24w, https:\/\/novice.si\/page\/wp-content\/uploads\/2023\/08\/bocek-andraz-1_resize-36x27.jpg 36w, https:\/\/novice.si\/page\/wp-content\/uploads\/2023\/08\/bocek-andraz-1_resize-48x36.jpg 48w, https:\/\/novice.si\/page\/wp-content\/uploads\/2023\/08\/bocek-andraz-1_resize.jpg 800w\" sizes=\"auto, (max-width: 600px) 100vw, 600px\" \/><br \/>\nV sklepnem delu priprav pred novo sezono so nogometa\u0161i Zre\u010d, ki bodo z nastopi v Medob\u010dinski \u010dlanski ligi \u2013 MNZ Celje, za\u010deli to soboto, 2. septembra. Vodenje kluba je spomladi prevzel novi predsednik <strong>Andra\u017e Bo\u010dek<\/strong>, ki v prvi vrsti \u017eeli nogomet pribli\u017eati \u010dim ve\u010d mladim: &#8220;Vsekakor je na\u0161 prvi cilj, da bomo k sebi privabili \u0161e ve\u010d mladih igralcev in igralk, da bomo imeli vse selekcije \u0161tevil\u010dno zapolnjene. Ko bomo dosegli ta nivo, pa je potem delo la\u017eje, saj poznate rek: <em>&#8216;kvantiteta dela kvaliteto&#8217;<\/em>. Na ta na\u010din pa se potem la\u017eje &#8216;izobrazi&#8217; mlade igralce in igralke, da se bodo kasneje pridru\u017eili \u010dlanskemu mo\u0161tvu, se kalili in igrali pri nas ali pa tudi od\u0161li kam drugam na vi\u0161ji nivo.&#8221;<br \/>\nV Zre\u010dah tudi ne skrivajo \u017eelje po napredovanju njihove \u010dlanske ekipe v vi\u0161ji rang tekmovanja. <em>Ve\u010d o tem in \u0161e \u010dem pa v dalj\u0161em pogovoru s predsednikom kluba, ki je \u017ee objavljen v lokalnem \u010dasopisu NOVICE &#8211; na prodajnih policah samo \u0161e danes in jutri.<\/em> (Jure Mernik)<\/p>\n","protected":false},"excerpt":{"rendered":"<p>V sklepnem delu priprav pred novo sezono so nogometa\u0161i Zre\u010d, ki bodo z nastopi v Medob\u010dinski \u010dlanski ligi \u2013 MNZ Celje, za\u010deli to soboto, 2. septembra. Vodenje kluba je spomladi prevzel novi predsednik Andra\u017e Bo\u010dek, ki v prvi vrsti \u017eeli nogomet pribli\u017eati \u010dim ve\u010d mladim: &#8220;Vsekakor je na\u0161 prvi cilj, da bomo k sebi privabili [&hellip;]<\/p>\n","protected":false},"author":7,"featured_media":166727,"comment_status":"closed","ping_status":"closed","sticky":false,"template":"","format":"standard","meta":{"footnotes":""},"categories":[14,16,68],"tags":[17682,2038],"class_list":{"0":"post-166719","1":"post","2":"type-post","3":"status-publish","4":"format-standard","5":"has-post-thumbnail","7":"category-aktualno","8":"category-konjisko","9":"category-sport","10":"tag-andraz-bocek","11":"tag-nk-zrece"},"yoast_head":"<!-- This site is optimized with the Yoast SEO plugin v27.4 - https:\/\/yoast.com\/product\/yoast-seo-wordpress\/ -->\n<title>NK Zre\u010de: \u017eelijo ve\u010d mladih, s \u010dlani pa v vi\u0161ji rang tekmovanja - Novice.si<\/title>\n<meta name=\"robots\" content=\"index, follow, max-snippet:-1, max-image-preview:large, max-video-preview:-1\" \/>\n<link rel=\"canonical\" href=\"https:\/\/novice.si\/page\/nk-zrece-zelijo-vec-mladih-s-clani-pa-v-visji-rang-tekmovanja\/\" \/>\n<meta property=\"og:locale\" content=\"sl_SI\" \/>\n<meta property=\"og:type\" content=\"article\" \/>\n<meta property=\"og:title\" content=\"NK Zre\u010de: \u017eelijo ve\u010d mladih, s \u010dlani pa v vi\u0161ji rang tekmovanja - Novice.si\" \/>\n<meta property=\"og:description\" content=\"V sklepnem delu priprav pred novo sezono so nogometa\u0161i Zre\u010d, ki bodo z nastopi v Medob\u010dinski \u010dlanski ligi \u2013 MNZ Celje, za\u010deli to soboto, 2. septembra. Vodenje kluba je spomladi prevzel novi predsednik Andra\u017e Bo\u010dek, ki v prvi vrsti \u017eeli nogomet pribli\u017eati \u010dim ve\u010d mladim: &#8220;Vsekakor je na\u0161 prvi cilj, da bomo k sebi privabili [&hellip;]\" \/>\n<meta property=\"og:url\" content=\"https:\/\/novice.si\/page\/nk-zrece-zelijo-vec-mladih-s-clani-pa-v-visji-rang-tekmovanja\/\" \/>\n<meta property=\"og:site_name\" content=\"Novice.si\" \/>\n<meta property=\"article:published_time\" content=\"2023-08-29T11:02:24+00:00\" \/>\n<meta property=\"og:image\" content=\"https:\/\/novice.si\/page\/wp-content\/uploads\/2023\/08\/bocek-andraz-1_resize.jpg\" \/>\n\t<meta property=\"og:image:width\" content=\"800\" \/>\n\t<meta property=\"og:image:height\" content=\"600\" \/>\n\t<meta property=\"og:image:type\" content=\"image\/jpeg\" \/>\n<meta name=\"author\" content=\"Uredni\u0161tvo Novic\" \/>\n<meta name=\"twitter:card\" content=\"summary_large_image\" \/>\n<meta name=\"twitter:label1\" content=\"Written by\" \/>\n\t<meta name=\"twitter:data1\" content=\"Uredni\u0161tvo Novic\" \/>\n\t<meta name=\"twitter:label2\" content=\"Est. reading time\" \/>\n\t<meta name=\"twitter:data2\" content=\"2 minuti\" \/>\n<script type=\"application\/ld+json\" class=\"yoast-schema-graph\">{\"@context\":\"https:\\\/\\\/schema.org\",\"@graph\":[{\"@type\":\"Article\",\"@id\":\"https:\\\/\\\/novice.si\\\/page\\\/nk-zrece-zelijo-vec-mladih-s-clani-pa-v-visji-rang-tekmovanja\\\/#article\",\"isPartOf\":{\"@id\":\"https:\\\/\\\/novice.si\\\/page\\\/nk-zrece-zelijo-vec-mladih-s-clani-pa-v-visji-rang-tekmovanja\\\/\"},\"author\":{\"name\":\"Uredni\u0161tvo Novic\",\"@id\":\"https:\\\/\\\/novice.si\\\/page\\\/#\\\/schema\\\/person\\\/a877dbb8680d441357ce27663beb35ca\"},\"headline\":\"NK Zre\u010de: \u017eelijo ve\u010d mladih, s \u010dlani pa v vi\u0161ji rang tekmovanja\",\"datePublished\":\"2023-08-29T11:02:24+00:00\",\"mainEntityOfPage\":{\"@id\":\"https:\\\/\\\/novice.si\\\/page\\\/nk-zrece-zelijo-vec-mladih-s-clani-pa-v-visji-rang-tekmovanja\\\/\"},\"wordCount\":193,\"publisher\":{\"@id\":\"https:\\\/\\\/novice.si\\\/page\\\/#organization\"},\"image\":{\"@id\":\"https:\\\/\\\/novice.si\\\/page\\\/nk-zrece-zelijo-vec-mladih-s-clani-pa-v-visji-rang-tekmovanja\\\/#primaryimage\"},\"thumbnailUrl\":\"https:\\\/\\\/novice.si\\\/page\\\/wp-content\\\/uploads\\\/2023\\\/08\\\/bocek-andraz-1_resize.jpg\",\"keywords\":[\"Andra\u017e Bo\u010dek\",\"NK Zre\u010de\"],\"articleSection\":[\"Aktualno\",\"Konji\u0161ko\",\"\u0160port\"],\"inLanguage\":\"sl-SI\"},{\"@type\":\"WebPage\",\"@id\":\"https:\\\/\\\/novice.si\\\/page\\\/nk-zrece-zelijo-vec-mladih-s-clani-pa-v-visji-rang-tekmovanja\\\/\",\"url\":\"https:\\\/\\\/novice.si\\\/page\\\/nk-zrece-zelijo-vec-mladih-s-clani-pa-v-visji-rang-tekmovanja\\\/\",\"name\":\"NK Zre\u010de: \u017eelijo ve\u010d mladih, s \u010dlani pa v vi\u0161ji rang tekmovanja - Novice.si\",\"isPartOf\":{\"@id\":\"https:\\\/\\\/novice.si\\\/page\\\/#website\"},\"primaryImageOfPage\":{\"@id\":\"https:\\\/\\\/novice.si\\\/page\\\/nk-zrece-zelijo-vec-mladih-s-clani-pa-v-visji-rang-tekmovanja\\\/#primaryimage\"},\"image\":{\"@id\":\"https:\\\/\\\/novice.si\\\/page\\\/nk-zrece-zelijo-vec-mladih-s-clani-pa-v-visji-rang-tekmovanja\\\/#primaryimage\"},\"thumbnailUrl\":\"https:\\\/\\\/novice.si\\\/page\\\/wp-content\\\/uploads\\\/2023\\\/08\\\/bocek-andraz-1_resize.jpg\",\"datePublished\":\"2023-08-29T11:02:24+00:00\",\"breadcrumb\":{\"@id\":\"https:\\\/\\\/novice.si\\\/page\\\/nk-zrece-zelijo-vec-mladih-s-clani-pa-v-visji-rang-tekmovanja\\\/#breadcrumb\"},\"inLanguage\":\"sl-SI\",\"potentialAction\":[{\"@type\":\"ReadAction\",\"target\":[\"https:\\\/\\\/novice.si\\\/page\\\/nk-zrece-zelijo-vec-mladih-s-clani-pa-v-visji-rang-tekmovanja\\\/\"]}]},{\"@type\":\"ImageObject\",\"inLanguage\":\"sl-SI\",\"@id\":\"https:\\\/\\\/novice.si\\\/page\\\/nk-zrece-zelijo-vec-mladih-s-clani-pa-v-visji-rang-tekmovanja\\\/#primaryimage\",\"url\":\"https:\\\/\\\/novice.si\\\/page\\\/wp-content\\\/uploads\\\/2023\\\/08\\\/bocek-andraz-1_resize.jpg\",\"contentUrl\":\"https:\\\/\\\/novice.si\\\/page\\\/wp-content\\\/uploads\\\/2023\\\/08\\\/bocek-andraz-1_resize.jpg\",\"width\":800,\"height\":600},{\"@type\":\"BreadcrumbList\",\"@id\":\"https:\\\/\\\/novice.si\\\/page\\\/nk-zrece-zelijo-vec-mladih-s-clani-pa-v-visji-rang-tekmovanja\\\/#breadcrumb\",\"itemListElement\":[{\"@type\":\"ListItem\",\"position\":1,\"name\":\"Home\",\"item\":\"https:\\\/\\\/novice.si\\\/page\\\/\"},{\"@type\":\"ListItem\",\"position\":2,\"name\":\"NK Zre\u010de: \u017eelijo ve\u010d mladih, s \u010dlani pa v vi\u0161ji rang tekmovanja\"}]},{\"@type\":\"WebSite\",\"@id\":\"https:\\\/\\\/novice.si\\\/page\\\/#website\",\"url\":\"https:\\\/\\\/novice.si\\\/page\\\/\",\"name\":\"Novice.si\",\"description\":\"\",\"publisher\":{\"@id\":\"https:\\\/\\\/novice.si\\\/page\\\/#organization\"},\"potentialAction\":[{\"@type\":\"SearchAction\",\"target\":{\"@type\":\"EntryPoint\",\"urlTemplate\":\"https:\\\/\\\/novice.si\\\/page\\\/?s={search_term_string}\"},\"query-input\":{\"@type\":\"PropertyValueSpecification\",\"valueRequired\":true,\"valueName\":\"search_term_string\"}}],\"inLanguage\":\"sl-SI\"},{\"@type\":\"Organization\",\"@id\":\"https:\\\/\\\/novice.si\\\/page\\\/#organization\",\"name\":\"Novice.si\",\"url\":\"https:\\\/\\\/novice.si\\\/page\\\/\",\"logo\":{\"@type\":\"ImageObject\",\"inLanguage\":\"sl-SI\",\"@id\":\"https:\\\/\\\/novice.si\\\/page\\\/#\\\/schema\\\/logo\\\/image\\\/\",\"url\":\"https:\\\/\\\/novice.si\\\/page\\\/wp-content\\\/uploads\\\/2023\\\/03\\\/novice_si.png\",\"contentUrl\":\"https:\\\/\\\/novice.si\\\/page\\\/wp-content\\\/uploads\\\/2023\\\/03\\\/novice_si.png\",\"width\":576,\"height\":200,\"caption\":\"Novice.si\"},\"image\":{\"@id\":\"https:\\\/\\\/novice.si\\\/page\\\/#\\\/schema\\\/logo\\\/image\\\/\"}},{\"@type\":\"Person\",\"@id\":\"https:\\\/\\\/novice.si\\\/page\\\/#\\\/schema\\\/person\\\/a877dbb8680d441357ce27663beb35ca\",\"name\":\"Uredni\u0161tvo Novic\",\"image\":{\"@type\":\"ImageObject\",\"inLanguage\":\"sl-SI\",\"@id\":\"https:\\\/\\\/secure.gravatar.com\\\/avatar\\\/f19c0ae874706cc9ba19d2f6da5f74a5a5ee7674f283fed29ce0ad16a9f1893e?s=96&d=mm&r=g\",\"url\":\"https:\\\/\\\/secure.gravatar.com\\\/avatar\\\/f19c0ae874706cc9ba19d2f6da5f74a5a5ee7674f283fed29ce0ad16a9f1893e?s=96&d=mm&r=g\",\"contentUrl\":\"https:\\\/\\\/secure.gravatar.com\\\/avatar\\\/f19c0ae874706cc9ba19d2f6da5f74a5a5ee7674f283fed29ce0ad16a9f1893e?s=96&d=mm&r=g\",\"caption\":\"Uredni\u0161tvo Novic\"},\"url\":\"https:\\\/\\\/novice.si\\\/page\\\/author\\\/jure\\\/\"}]}<\/script>\n<!-- \/ Yoast SEO plugin. -->","yoast_head_json":{"title":"NK Zre\u010de: \u017eelijo ve\u010d mladih, s \u010dlani pa v vi\u0161ji rang tekmovanja - Novice.si","robots":{"index":"index","follow":"follow","max-snippet":"max-snippet:-1","max-image-preview":"max-image-preview:large","max-video-preview":"max-video-preview:-1"},"canonical":"https:\/\/novice.si\/page\/nk-zrece-zelijo-vec-mladih-s-clani-pa-v-visji-rang-tekmovanja\/","og_locale":"sl_SI","og_type":"article","og_title":"NK Zre\u010de: \u017eelijo ve\u010d mladih, s \u010dlani pa v vi\u0161ji rang tekmovanja - Novice.si","og_description":"V sklepnem delu priprav pred novo sezono so nogometa\u0161i Zre\u010d, ki bodo z nastopi v Medob\u010dinski \u010dlanski ligi \u2013 MNZ Celje, za\u010deli to soboto, 2. septembra. Vodenje kluba je spomladi prevzel novi predsednik Andra\u017e Bo\u010dek, ki v prvi vrsti \u017eeli nogomet pribli\u017eati \u010dim ve\u010d mladim: &#8220;Vsekakor je na\u0161 prvi cilj, da bomo k sebi privabili [&hellip;]","og_url":"https:\/\/novice.si\/page\/nk-zrece-zelijo-vec-mladih-s-clani-pa-v-visji-rang-tekmovanja\/","og_site_name":"Novice.si","article_published_time":"2023-08-29T11:02:24+00:00","og_image":[{"width":800,"height":600,"url":"https:\/\/novice.si\/page\/wp-content\/uploads\/2023\/08\/bocek-andraz-1_resize.jpg","type":"image\/jpeg"}],"author":"Uredni\u0161tvo Novic","twitter_card":"summary_large_image","twitter_misc":{"Written by":"Uredni\u0161tvo Novic","Est. reading time":"2 minuti"},"schema":{"@context":"https:\/\/schema.org","@graph":[{"@type":"Article","@id":"https:\/\/novice.si\/page\/nk-zrece-zelijo-vec-mladih-s-clani-pa-v-visji-rang-tekmovanja\/#article","isPartOf":{"@id":"https:\/\/novice.si\/page\/nk-zrece-zelijo-vec-mladih-s-clani-pa-v-visji-rang-tekmovanja\/"},"author":{"name":"Uredni\u0161tvo Novic","@id":"https:\/\/novice.si\/page\/#\/schema\/person\/a877dbb8680d441357ce27663beb35ca"},"headline":"NK Zre\u010de: \u017eelijo ve\u010d mladih, s \u010dlani pa v vi\u0161ji rang tekmovanja","datePublished":"2023-08-29T11:02:24+00:00","mainEntityOfPage":{"@id":"https:\/\/novice.si\/page\/nk-zrece-zelijo-vec-mladih-s-clani-pa-v-visji-rang-tekmovanja\/"},"wordCount":193,"publisher":{"@id":"https:\/\/novice.si\/page\/#organization"},"image":{"@id":"https:\/\/novice.si\/page\/nk-zrece-zelijo-vec-mladih-s-clani-pa-v-visji-rang-tekmovanja\/#primaryimage"},"thumbnailUrl":"https:\/\/novice.si\/page\/wp-content\/uploads\/2023\/08\/bocek-andraz-1_resize.jpg","keywords":["Andra\u017e Bo\u010dek","NK Zre\u010de"],"articleSection":["Aktualno","Konji\u0161ko","\u0160port"],"inLanguage":"sl-SI"},{"@type":"WebPage","@id":"https:\/\/novice.si\/page\/nk-zrece-zelijo-vec-mladih-s-clani-pa-v-visji-rang-tekmovanja\/","url":"https:\/\/novice.si\/page\/nk-zrece-zelijo-vec-mladih-s-clani-pa-v-visji-rang-tekmovanja\/","name":"NK Zre\u010de: \u017eelijo ve\u010d mladih, s \u010dlani pa v vi\u0161ji rang tekmovanja - Novice.si","isPartOf":{"@id":"https:\/\/novice.si\/page\/#website"},"primaryImageOfPage":{"@id":"https:\/\/novice.si\/page\/nk-zrece-zelijo-vec-mladih-s-clani-pa-v-visji-rang-tekmovanja\/#primaryimage"},"image":{"@id":"https:\/\/novice.si\/page\/nk-zrece-zelijo-vec-mladih-s-clani-pa-v-visji-rang-tekmovanja\/#primaryimage"},"thumbnailUrl":"https:\/\/novice.si\/page\/wp-content\/uploads\/2023\/08\/bocek-andraz-1_resize.jpg","datePublished":"2023-08-29T11:02:24+00:00","breadcrumb":{"@id":"https:\/\/novice.si\/page\/nk-zrece-zelijo-vec-mladih-s-clani-pa-v-visji-rang-tekmovanja\/#breadcrumb"},"inLanguage":"sl-SI","potentialAction":[{"@type":"ReadAction","target":["https:\/\/novice.si\/page\/nk-zrece-zelijo-vec-mladih-s-clani-pa-v-visji-rang-tekmovanja\/"]}]},{"@type":"ImageObject","inLanguage":"sl-SI","@id":"https:\/\/novice.si\/page\/nk-zrece-zelijo-vec-mladih-s-clani-pa-v-visji-rang-tekmovanja\/#primaryimage","url":"https:\/\/novice.si\/page\/wp-content\/uploads\/2023\/08\/bocek-andraz-1_resize.jpg","contentUrl":"https:\/\/novice.si\/page\/wp-content\/uploads\/2023\/08\/bocek-andraz-1_resize.jpg","width":800,"height":600},{"@type":"BreadcrumbList","@id":"https:\/\/novice.si\/page\/nk-zrece-zelijo-vec-mladih-s-clani-pa-v-visji-rang-tekmovanja\/#breadcrumb","itemListElement":[{"@type":"ListItem","position":1,"name":"Home","item":"https:\/\/novice.si\/page\/"},{"@type":"ListItem","position":2,"name":"NK Zre\u010de: \u017eelijo ve\u010d mladih, s \u010dlani pa v vi\u0161ji rang tekmovanja"}]},{"@type":"WebSite","@id":"https:\/\/novice.si\/page\/#website","url":"https:\/\/novice.si\/page\/","name":"Novice.si","description":"","publisher":{"@id":"https:\/\/novice.si\/page\/#organization"},"potentialAction":[{"@type":"SearchAction","target":{"@type":"EntryPoint","urlTemplate":"https:\/\/novice.si\/page\/?s={search_term_string}"},"query-input":{"@type":"PropertyValueSpecification","valueRequired":true,"valueName":"search_term_string"}}],"inLanguage":"sl-SI"},{"@type":"Organization","@id":"https:\/\/novice.si\/page\/#organization","name":"Novice.si","url":"https:\/\/novice.si\/page\/","logo":{"@type":"ImageObject","inLanguage":"sl-SI","@id":"https:\/\/novice.si\/page\/#\/schema\/logo\/image\/","url":"https:\/\/novice.si\/page\/wp-content\/uploads\/2023\/03\/novice_si.png","contentUrl":"https:\/\/novice.si\/page\/wp-content\/uploads\/2023\/03\/novice_si.png","width":576,"height":200,"caption":"Novice.si"},"image":{"@id":"https:\/\/novice.si\/page\/#\/schema\/logo\/image\/"}},{"@type":"Person","@id":"https:\/\/novice.si\/page\/#\/schema\/person\/a877dbb8680d441357ce27663beb35ca","name":"Uredni\u0161tvo Novic","image":{"@type":"ImageObject","inLanguage":"sl-SI","@id":"https:\/\/secure.gravatar.com\/avatar\/f19c0ae874706cc9ba19d2f6da5f74a5a5ee7674f283fed29ce0ad16a9f1893e?s=96&d=mm&r=g","url":"https:\/\/secure.gravatar.com\/avatar\/f19c0ae874706cc9ba19d2f6da5f74a5a5ee7674f283fed29ce0ad16a9f1893e?s=96&d=mm&r=g","contentUrl":"https:\/\/secure.gravatar.com\/avatar\/f19c0ae874706cc9ba19d2f6da5f74a5a5ee7674f283fed29ce0ad16a9f1893e?s=96&d=mm&r=g","caption":"Uredni\u0161tvo Novic"},"url":"https:\/\/novice.si\/page\/author\/jure\/"}]}},"_links":{"self":[{"href":"https:\/\/novice.si\/page\/wp-json\/wp\/v2\/posts\/166719","targetHints":{"allow":["GET"]}}],"collection":[{"href":"https:\/\/novice.si\/page\/wp-json\/wp\/v2\/posts"}],"about":[{"href":"https:\/\/novice.si\/page\/wp-json\/wp\/v2\/types\/post"}],"author":[{"embeddable":true,"href":"https:\/\/novice.si\/page\/wp-json\/wp\/v2\/users\/7"}],"replies":[{"embeddable":true,"href":"https:\/\/novice.si\/page\/wp-json\/wp\/v2\/comments?post=166719"}],"version-history":[{"count":1,"href":"https:\/\/novice.si\/page\/wp-json\/wp\/v2\/posts\/166719\/revisions"}],"predecessor-version":[{"id":166728,"href":"https:\/\/novice.si\/page\/wp-json\/wp\/v2\/posts\/166719\/revisions\/166728"}],"wp:featuredmedia":[{"embeddable":true,"href":"https:\/\/novice.si\/page\/wp-json\/wp\/v2\/media\/166727"}],"wp:attachment":[{"href":"https:\/\/novice.si\/page\/wp-json\/wp\/v2\/media?parent=166719"}],"wp:term":[{"taxonomy":"category","embeddable":true,"href":"https:\/\/novice.si\/page\/wp-json\/wp\/v2\/categories?post=166719"},{"taxonomy":"post_tag","embeddable":true,"href":"https:\/\/novice.si\/page\/wp-json\/wp\/v2\/tags?post=166719"}],"curies":[{"name":"wp","href":"https:\/\/api.w.org\/{rel}","templated":true}]}}