{"id":166688,"date":"2023-08-28T16:58:55","date_gmt":"2023-08-28T14:58:55","guid":{"rendered":"https:\/\/novice.si\/page\/?p=166688"},"modified":"2023-08-28T16:58:55","modified_gmt":"2023-08-28T14:58:55","slug":"celje-ob-napovedanem-neurju-znova-vzpostavili-klicni-center","status":"publish","type":"post","link":"https:\/\/novice.si\/page\/celje-ob-napovedanem-neurju-znova-vzpostavili-klicni-center\/","title":{"rendered":"CELJE Ob napovedanem neurju znova vzpostavili klicni center"},"content":{"rendered":"<p><img loading=\"lazy\" decoding=\"async\" class=\"wp-image-166256 alignleft\" src=\"https:\/\/novice.si\/page\/wp-content\/uploads\/2023\/08\/gasilci-zice4--600x270.jpg\" alt=\"\" width=\"447\" height=\"201\" srcset=\"https:\/\/novice.si\/page\/wp-content\/uploads\/2023\/08\/gasilci-zice4--600x270.jpg 600w, https:\/\/novice.si\/page\/wp-content\/uploads\/2023\/08\/gasilci-zice4--768x346.jpg 768w, https:\/\/novice.si\/page\/wp-content\/uploads\/2023\/08\/gasilci-zice4--696x313.jpg 696w, https:\/\/novice.si\/page\/wp-content\/uploads\/2023\/08\/gasilci-zice4--933x420.jpg 933w, https:\/\/novice.si\/page\/wp-content\/uploads\/2023\/08\/gasilci-zice4--24x11.jpg 24w, https:\/\/novice.si\/page\/wp-content\/uploads\/2023\/08\/gasilci-zice4--36x16.jpg 36w, https:\/\/novice.si\/page\/wp-content\/uploads\/2023\/08\/gasilci-zice4--48x22.jpg 48w, https:\/\/novice.si\/page\/wp-content\/uploads\/2023\/08\/gasilci-zice4-.jpg 1024w\" sizes=\"auto, (max-width: 447px) 100vw, 447px\" \/>S celjske izpostave za za\u0161\u010dito in re\u0161evanje obve\u0161\u010dajo, da se v naslednjih 12 urah utegnejo znova oglasiti sirene za nevarnost, kar bi pomenilo, da se pribli\u017euje poplavni val.<\/p>\n<p>V prostorih Poklicne gasilske enote Celje je Mestna ob\u010dina Celje ponovno vzpostavila klicni center (03 428 09 00 ali na elektronski naslov <a href=\"mailto:civilna.zascita@celje.si\">civilna.zascita@celje.si<\/a>, v nujnih primerih lahko tudi na 112), kamor se ob\u010dani lahko obrnejo v primeru, da potrebujejo nujno pomo\u010d.<\/p>\n<p>V primeru neurja med svetujejo umik premi\u010dnega premo\u017eenja iz obmo\u010dij in prostorov, ki bi lahko bili poplavljeni, odvsetujejo pribli\u017eevanje vodotokom in pre\u010dkanje vodnih tokov, parkiranje vozil pod drevesi ni ustrezno, pozornost velja obrniti tudi na plazove.<\/p>\n<p>P\u0160<\/p>\n","protected":false},"excerpt":{"rendered":"<p>S celjske izpostave za za\u0161\u010dito in re\u0161evanje obve\u0161\u010dajo, da se v naslednjih 12 urah utegnejo znova oglasiti sirene za nevarnost, kar bi pomenilo, da se pribli\u017euje poplavni val. V prostorih Poklicne gasilske enote Celje je Mestna ob\u010dina Celje ponovno vzpostavila klicni center (03 428 09 00 ali na elektronski naslov civilna.zascita@celje.si, v nujnih primerih lahko [&hellip;]<\/p>\n","protected":false},"author":33,"featured_media":166690,"comment_status":"closed","ping_status":"closed","sticky":false,"template":"","format":"standard","meta":{"footnotes":""},"categories":[14,17,29],"tags":[],"class_list":{"0":"post-166688","1":"post","2":"type-post","3":"status-publish","4":"format-standard","5":"has-post-thumbnail","7":"category-aktualno","8":"category-celjsko","9":"category-kronika"},"yoast_head":"<!-- This site is optimized with the Yoast SEO plugin v27.4 - https:\/\/yoast.com\/product\/yoast-seo-wordpress\/ -->\n<title>CELJE Ob napovedanem neurju znova vzpostavili klicni center - Novice.si<\/title>\n<meta name=\"robots\" content=\"index, follow, max-snippet:-1, max-image-preview:large, max-video-preview:-1\" \/>\n<link rel=\"canonical\" href=\"https:\/\/novice.si\/page\/celje-ob-napovedanem-neurju-znova-vzpostavili-klicni-center\/\" \/>\n<meta property=\"og:locale\" content=\"sl_SI\" \/>\n<meta property=\"og:type\" content=\"article\" \/>\n<meta property=\"og:title\" content=\"CELJE Ob napovedanem neurju znova vzpostavili klicni center - Novice.si\" \/>\n<meta property=\"og:description\" content=\"S celjske izpostave za za\u0161\u010dito in re\u0161evanje obve\u0161\u010dajo, da se v naslednjih 12 urah utegnejo znova oglasiti sirene za nevarnost, kar bi pomenilo, da se pribli\u017euje poplavni val. V prostorih Poklicne gasilske enote Celje je Mestna ob\u010dina Celje ponovno vzpostavila klicni center (03 428 09 00 ali na elektronski naslov civilna.zascita@celje.si, v nujnih primerih lahko [&hellip;]\" \/>\n<meta property=\"og:url\" content=\"https:\/\/novice.si\/page\/celje-ob-napovedanem-neurju-znova-vzpostavili-klicni-center\/\" \/>\n<meta property=\"og:site_name\" content=\"Novice.si\" \/>\n<meta property=\"article:published_time\" content=\"2023-08-28T14:58:55+00:00\" \/>\n<meta property=\"og:image\" content=\"https:\/\/novice.si\/page\/wp-content\/uploads\/2023\/08\/gasilci-3-scaled.jpg\" \/>\n\t<meta property=\"og:image:width\" content=\"2560\" \/>\n\t<meta property=\"og:image:height\" content=\"1700\" \/>\n\t<meta property=\"og:image:type\" content=\"image\/jpeg\" \/>\n<meta name=\"author\" content=\"Uredni\u0161tvo Celjana\" \/>\n<meta name=\"twitter:card\" content=\"summary_large_image\" \/>\n<meta name=\"twitter:label1\" content=\"Written by\" \/>\n\t<meta name=\"twitter:data1\" content=\"Uredni\u0161tvo Celjana\" \/>\n\t<meta name=\"twitter:label2\" content=\"Est. reading time\" \/>\n\t<meta name=\"twitter:data2\" content=\"1 minuta\" \/>\n<script type=\"application\/ld+json\" class=\"yoast-schema-graph\">{\"@context\":\"https:\\\/\\\/schema.org\",\"@graph\":[{\"@type\":\"Article\",\"@id\":\"https:\\\/\\\/novice.si\\\/page\\\/celje-ob-napovedanem-neurju-znova-vzpostavili-klicni-center\\\/#article\",\"isPartOf\":{\"@id\":\"https:\\\/\\\/novice.si\\\/page\\\/celje-ob-napovedanem-neurju-znova-vzpostavili-klicni-center\\\/\"},\"author\":{\"name\":\"Uredni\u0161tvo Celjana\",\"@id\":\"https:\\\/\\\/novice.si\\\/page\\\/#\\\/schema\\\/person\\\/57f25c9642a9541c7349c65d32032c3e\"},\"headline\":\"CELJE Ob napovedanem neurju znova vzpostavili klicni center\",\"datePublished\":\"2023-08-28T14:58:55+00:00\",\"mainEntityOfPage\":{\"@id\":\"https:\\\/\\\/novice.si\\\/page\\\/celje-ob-napovedanem-neurju-znova-vzpostavili-klicni-center\\\/\"},\"wordCount\":122,\"publisher\":{\"@id\":\"https:\\\/\\\/novice.si\\\/page\\\/#organization\"},\"image\":{\"@id\":\"https:\\\/\\\/novice.si\\\/page\\\/celje-ob-napovedanem-neurju-znova-vzpostavili-klicni-center\\\/#primaryimage\"},\"thumbnailUrl\":\"https:\\\/\\\/novice.si\\\/page\\\/wp-content\\\/uploads\\\/2023\\\/08\\\/gasilci-3-scaled.jpg\",\"articleSection\":[\"Aktualno\",\"Celjsko\",\"Kronika\"],\"inLanguage\":\"sl-SI\"},{\"@type\":\"WebPage\",\"@id\":\"https:\\\/\\\/novice.si\\\/page\\\/celje-ob-napovedanem-neurju-znova-vzpostavili-klicni-center\\\/\",\"url\":\"https:\\\/\\\/novice.si\\\/page\\\/celje-ob-napovedanem-neurju-znova-vzpostavili-klicni-center\\\/\",\"name\":\"CELJE Ob napovedanem neurju znova vzpostavili klicni center - Novice.si\",\"isPartOf\":{\"@id\":\"https:\\\/\\\/novice.si\\\/page\\\/#website\"},\"primaryImageOfPage\":{\"@id\":\"https:\\\/\\\/novice.si\\\/page\\\/celje-ob-napovedanem-neurju-znova-vzpostavili-klicni-center\\\/#primaryimage\"},\"image\":{\"@id\":\"https:\\\/\\\/novice.si\\\/page\\\/celje-ob-napovedanem-neurju-znova-vzpostavili-klicni-center\\\/#primaryimage\"},\"thumbnailUrl\":\"https:\\\/\\\/novice.si\\\/page\\\/wp-content\\\/uploads\\\/2023\\\/08\\\/gasilci-3-scaled.jpg\",\"datePublished\":\"2023-08-28T14:58:55+00:00\",\"breadcrumb\":{\"@id\":\"https:\\\/\\\/novice.si\\\/page\\\/celje-ob-napovedanem-neurju-znova-vzpostavili-klicni-center\\\/#breadcrumb\"},\"inLanguage\":\"sl-SI\",\"potentialAction\":[{\"@type\":\"ReadAction\",\"target\":[\"https:\\\/\\\/novice.si\\\/page\\\/celje-ob-napovedanem-neurju-znova-vzpostavili-klicni-center\\\/\"]}]},{\"@type\":\"ImageObject\",\"inLanguage\":\"sl-SI\",\"@id\":\"https:\\\/\\\/novice.si\\\/page\\\/celje-ob-napovedanem-neurju-znova-vzpostavili-klicni-center\\\/#primaryimage\",\"url\":\"https:\\\/\\\/novice.si\\\/page\\\/wp-content\\\/uploads\\\/2023\\\/08\\\/gasilci-3-scaled.jpg\",\"contentUrl\":\"https:\\\/\\\/novice.si\\\/page\\\/wp-content\\\/uploads\\\/2023\\\/08\\\/gasilci-3-scaled.jpg\",\"width\":2560,\"height\":1700},{\"@type\":\"BreadcrumbList\",\"@id\":\"https:\\\/\\\/novice.si\\\/page\\\/celje-ob-napovedanem-neurju-znova-vzpostavili-klicni-center\\\/#breadcrumb\",\"itemListElement\":[{\"@type\":\"ListItem\",\"position\":1,\"name\":\"Home\",\"item\":\"https:\\\/\\\/novice.si\\\/page\\\/\"},{\"@type\":\"ListItem\",\"position\":2,\"name\":\"CELJE Ob napovedanem neurju znova vzpostavili klicni center\"}]},{\"@type\":\"WebSite\",\"@id\":\"https:\\\/\\\/novice.si\\\/page\\\/#website\",\"url\":\"https:\\\/\\\/novice.si\\\/page\\\/\",\"name\":\"Novice.si\",\"description\":\"\",\"publisher\":{\"@id\":\"https:\\\/\\\/novice.si\\\/page\\\/#organization\"},\"potentialAction\":[{\"@type\":\"SearchAction\",\"target\":{\"@type\":\"EntryPoint\",\"urlTemplate\":\"https:\\\/\\\/novice.si\\\/page\\\/?s={search_term_string}\"},\"query-input\":{\"@type\":\"PropertyValueSpecification\",\"valueRequired\":true,\"valueName\":\"search_term_string\"}}],\"inLanguage\":\"sl-SI\"},{\"@type\":\"Organization\",\"@id\":\"https:\\\/\\\/novice.si\\\/page\\\/#organization\",\"name\":\"Novice.si\",\"url\":\"https:\\\/\\\/novice.si\\\/page\\\/\",\"logo\":{\"@type\":\"ImageObject\",\"inLanguage\":\"sl-SI\",\"@id\":\"https:\\\/\\\/novice.si\\\/page\\\/#\\\/schema\\\/logo\\\/image\\\/\",\"url\":\"https:\\\/\\\/novice.si\\\/page\\\/wp-content\\\/uploads\\\/2023\\\/03\\\/novice_si.png\",\"contentUrl\":\"https:\\\/\\\/novice.si\\\/page\\\/wp-content\\\/uploads\\\/2023\\\/03\\\/novice_si.png\",\"width\":576,\"height\":200,\"caption\":\"Novice.si\"},\"image\":{\"@id\":\"https:\\\/\\\/novice.si\\\/page\\\/#\\\/schema\\\/logo\\\/image\\\/\"}},{\"@type\":\"Person\",\"@id\":\"https:\\\/\\\/novice.si\\\/page\\\/#\\\/schema\\\/person\\\/57f25c9642a9541c7349c65d32032c3e\",\"name\":\"Uredni\u0161tvo Celjana\",\"image\":{\"@type\":\"ImageObject\",\"inLanguage\":\"sl-SI\",\"@id\":\"https:\\\/\\\/secure.gravatar.com\\\/avatar\\\/78e52bc4279b65f6df6345e0ef0f7b792d361361f230cf4ffecfe0afe6d5629c?s=96&d=mm&r=g\",\"url\":\"https:\\\/\\\/secure.gravatar.com\\\/avatar\\\/78e52bc4279b65f6df6345e0ef0f7b792d361361f230cf4ffecfe0afe6d5629c?s=96&d=mm&r=g\",\"contentUrl\":\"https:\\\/\\\/secure.gravatar.com\\\/avatar\\\/78e52bc4279b65f6df6345e0ef0f7b792d361361f230cf4ffecfe0afe6d5629c?s=96&d=mm&r=g\",\"caption\":\"Uredni\u0161tvo Celjana\"},\"url\":\"https:\\\/\\\/novice.si\\\/page\\\/author\\\/primoz\\\/\"}]}<\/script>\n<!-- \/ Yoast SEO plugin. -->","yoast_head_json":{"title":"CELJE Ob napovedanem neurju znova vzpostavili klicni center - Novice.si","robots":{"index":"index","follow":"follow","max-snippet":"max-snippet:-1","max-image-preview":"max-image-preview:large","max-video-preview":"max-video-preview:-1"},"canonical":"https:\/\/novice.si\/page\/celje-ob-napovedanem-neurju-znova-vzpostavili-klicni-center\/","og_locale":"sl_SI","og_type":"article","og_title":"CELJE Ob napovedanem neurju znova vzpostavili klicni center - Novice.si","og_description":"S celjske izpostave za za\u0161\u010dito in re\u0161evanje obve\u0161\u010dajo, da se v naslednjih 12 urah utegnejo znova oglasiti sirene za nevarnost, kar bi pomenilo, da se pribli\u017euje poplavni val. V prostorih Poklicne gasilske enote Celje je Mestna ob\u010dina Celje ponovno vzpostavila klicni center (03 428 09 00 ali na elektronski naslov civilna.zascita@celje.si, v nujnih primerih lahko [&hellip;]","og_url":"https:\/\/novice.si\/page\/celje-ob-napovedanem-neurju-znova-vzpostavili-klicni-center\/","og_site_name":"Novice.si","article_published_time":"2023-08-28T14:58:55+00:00","og_image":[{"width":2560,"height":1700,"url":"https:\/\/novice.si\/page\/wp-content\/uploads\/2023\/08\/gasilci-3-scaled.jpg","type":"image\/jpeg"}],"author":"Uredni\u0161tvo Celjana","twitter_card":"summary_large_image","twitter_misc":{"Written by":"Uredni\u0161tvo Celjana","Est. reading time":"1 minuta"},"schema":{"@context":"https:\/\/schema.org","@graph":[{"@type":"Article","@id":"https:\/\/novice.si\/page\/celje-ob-napovedanem-neurju-znova-vzpostavili-klicni-center\/#article","isPartOf":{"@id":"https:\/\/novice.si\/page\/celje-ob-napovedanem-neurju-znova-vzpostavili-klicni-center\/"},"author":{"name":"Uredni\u0161tvo Celjana","@id":"https:\/\/novice.si\/page\/#\/schema\/person\/57f25c9642a9541c7349c65d32032c3e"},"headline":"CELJE Ob napovedanem neurju znova vzpostavili klicni center","datePublished":"2023-08-28T14:58:55+00:00","mainEntityOfPage":{"@id":"https:\/\/novice.si\/page\/celje-ob-napovedanem-neurju-znova-vzpostavili-klicni-center\/"},"wordCount":122,"publisher":{"@id":"https:\/\/novice.si\/page\/#organization"},"image":{"@id":"https:\/\/novice.si\/page\/celje-ob-napovedanem-neurju-znova-vzpostavili-klicni-center\/#primaryimage"},"thumbnailUrl":"https:\/\/novice.si\/page\/wp-content\/uploads\/2023\/08\/gasilci-3-scaled.jpg","articleSection":["Aktualno","Celjsko","Kronika"],"inLanguage":"sl-SI"},{"@type":"WebPage","@id":"https:\/\/novice.si\/page\/celje-ob-napovedanem-neurju-znova-vzpostavili-klicni-center\/","url":"https:\/\/novice.si\/page\/celje-ob-napovedanem-neurju-znova-vzpostavili-klicni-center\/","name":"CELJE Ob napovedanem neurju znova vzpostavili klicni center - Novice.si","isPartOf":{"@id":"https:\/\/novice.si\/page\/#website"},"primaryImageOfPage":{"@id":"https:\/\/novice.si\/page\/celje-ob-napovedanem-neurju-znova-vzpostavili-klicni-center\/#primaryimage"},"image":{"@id":"https:\/\/novice.si\/page\/celje-ob-napovedanem-neurju-znova-vzpostavili-klicni-center\/#primaryimage"},"thumbnailUrl":"https:\/\/novice.si\/page\/wp-content\/uploads\/2023\/08\/gasilci-3-scaled.jpg","datePublished":"2023-08-28T14:58:55+00:00","breadcrumb":{"@id":"https:\/\/novice.si\/page\/celje-ob-napovedanem-neurju-znova-vzpostavili-klicni-center\/#breadcrumb"},"inLanguage":"sl-SI","potentialAction":[{"@type":"ReadAction","target":["https:\/\/novice.si\/page\/celje-ob-napovedanem-neurju-znova-vzpostavili-klicni-center\/"]}]},{"@type":"ImageObject","inLanguage":"sl-SI","@id":"https:\/\/novice.si\/page\/celje-ob-napovedanem-neurju-znova-vzpostavili-klicni-center\/#primaryimage","url":"https:\/\/novice.si\/page\/wp-content\/uploads\/2023\/08\/gasilci-3-scaled.jpg","contentUrl":"https:\/\/novice.si\/page\/wp-content\/uploads\/2023\/08\/gasilci-3-scaled.jpg","width":2560,"height":1700},{"@type":"BreadcrumbList","@id":"https:\/\/novice.si\/page\/celje-ob-napovedanem-neurju-znova-vzpostavili-klicni-center\/#breadcrumb","itemListElement":[{"@type":"ListItem","position":1,"name":"Home","item":"https:\/\/novice.si\/page\/"},{"@type":"ListItem","position":2,"name":"CELJE Ob napovedanem neurju znova vzpostavili klicni center"}]},{"@type":"WebSite","@id":"https:\/\/novice.si\/page\/#website","url":"https:\/\/novice.si\/page\/","name":"Novice.si","description":"","publisher":{"@id":"https:\/\/novice.si\/page\/#organization"},"potentialAction":[{"@type":"SearchAction","target":{"@type":"EntryPoint","urlTemplate":"https:\/\/novice.si\/page\/?s={search_term_string}"},"query-input":{"@type":"PropertyValueSpecification","valueRequired":true,"valueName":"search_term_string"}}],"inLanguage":"sl-SI"},{"@type":"Organization","@id":"https:\/\/novice.si\/page\/#organization","name":"Novice.si","url":"https:\/\/novice.si\/page\/","logo":{"@type":"ImageObject","inLanguage":"sl-SI","@id":"https:\/\/novice.si\/page\/#\/schema\/logo\/image\/","url":"https:\/\/novice.si\/page\/wp-content\/uploads\/2023\/03\/novice_si.png","contentUrl":"https:\/\/novice.si\/page\/wp-content\/uploads\/2023\/03\/novice_si.png","width":576,"height":200,"caption":"Novice.si"},"image":{"@id":"https:\/\/novice.si\/page\/#\/schema\/logo\/image\/"}},{"@type":"Person","@id":"https:\/\/novice.si\/page\/#\/schema\/person\/57f25c9642a9541c7349c65d32032c3e","name":"Uredni\u0161tvo Celjana","image":{"@type":"ImageObject","inLanguage":"sl-SI","@id":"https:\/\/secure.gravatar.com\/avatar\/78e52bc4279b65f6df6345e0ef0f7b792d361361f230cf4ffecfe0afe6d5629c?s=96&d=mm&r=g","url":"https:\/\/secure.gravatar.com\/avatar\/78e52bc4279b65f6df6345e0ef0f7b792d361361f230cf4ffecfe0afe6d5629c?s=96&d=mm&r=g","contentUrl":"https:\/\/secure.gravatar.com\/avatar\/78e52bc4279b65f6df6345e0ef0f7b792d361361f230cf4ffecfe0afe6d5629c?s=96&d=mm&r=g","caption":"Uredni\u0161tvo Celjana"},"url":"https:\/\/novice.si\/page\/author\/primoz\/"}]}},"_links":{"self":[{"href":"https:\/\/novice.si\/page\/wp-json\/wp\/v2\/posts\/166688","targetHints":{"allow":["GET"]}}],"collection":[{"href":"https:\/\/novice.si\/page\/wp-json\/wp\/v2\/posts"}],"about":[{"href":"https:\/\/novice.si\/page\/wp-json\/wp\/v2\/types\/post"}],"author":[{"embeddable":true,"href":"https:\/\/novice.si\/page\/wp-json\/wp\/v2\/users\/33"}],"replies":[{"embeddable":true,"href":"https:\/\/novice.si\/page\/wp-json\/wp\/v2\/comments?post=166688"}],"version-history":[{"count":1,"href":"https:\/\/novice.si\/page\/wp-json\/wp\/v2\/posts\/166688\/revisions"}],"predecessor-version":[{"id":166691,"href":"https:\/\/novice.si\/page\/wp-json\/wp\/v2\/posts\/166688\/revisions\/166691"}],"wp:featuredmedia":[{"embeddable":true,"href":"https:\/\/novice.si\/page\/wp-json\/wp\/v2\/media\/166690"}],"wp:attachment":[{"href":"https:\/\/novice.si\/page\/wp-json\/wp\/v2\/media?parent=166688"}],"wp:term":[{"taxonomy":"category","embeddable":true,"href":"https:\/\/novice.si\/page\/wp-json\/wp\/v2\/categories?post=166688"},{"taxonomy":"post_tag","embeddable":true,"href":"https:\/\/novice.si\/page\/wp-json\/wp\/v2\/tags?post=166688"}],"curies":[{"name":"wp","href":"https:\/\/api.w.org\/{rel}","templated":true}]}}