{"id":166684,"date":"2023-08-28T13:08:05","date_gmt":"2023-08-28T11:08:05","guid":{"rendered":"https:\/\/novice.si\/page\/?p=166684"},"modified":"2023-08-28T13:08:40","modified_gmt":"2023-08-28T11:08:40","slug":"celje-janso-zdaj-obtozujejo-obrekovanja","status":"publish","type":"post","link":"https:\/\/novice.si\/page\/celje-janso-zdaj-obtozujejo-obrekovanja\/","title":{"rendered":"CELJE Jan\u0161o zdaj obto\u017eujejo obrekovanja"},"content":{"rendered":"<p><img loading=\"lazy\" decoding=\"async\" class=\"wp-image-166686 alignleft\" src=\"https:\/\/novice.si\/page\/wp-content\/uploads\/2023\/08\/jansa-avg-23-2-600x382.jpg\" alt=\"\" width=\"345\" height=\"220\" srcset=\"https:\/\/novice.si\/page\/wp-content\/uploads\/2023\/08\/jansa-avg-23-2-600x382.jpg 600w, https:\/\/novice.si\/page\/wp-content\/uploads\/2023\/08\/jansa-avg-23-2-1024x652.jpg 1024w, https:\/\/novice.si\/page\/wp-content\/uploads\/2023\/08\/jansa-avg-23-2-768x489.jpg 768w, https:\/\/novice.si\/page\/wp-content\/uploads\/2023\/08\/jansa-avg-23-2-1536x978.jpg 1536w, https:\/\/novice.si\/page\/wp-content\/uploads\/2023\/08\/jansa-avg-23-2-2048x1304.jpg 2048w, https:\/\/novice.si\/page\/wp-content\/uploads\/2023\/08\/jansa-avg-23-2-696x443.jpg 696w, https:\/\/novice.si\/page\/wp-content\/uploads\/2023\/08\/jansa-avg-23-2-1068x680.jpg 1068w, https:\/\/novice.si\/page\/wp-content\/uploads\/2023\/08\/jansa-avg-23-2-660x420.jpg 660w, https:\/\/novice.si\/page\/wp-content\/uploads\/2023\/08\/jansa-avg-23-2-24x15.jpg 24w, https:\/\/novice.si\/page\/wp-content\/uploads\/2023\/08\/jansa-avg-23-2-36x23.jpg 36w, https:\/\/novice.si\/page\/wp-content\/uploads\/2023\/08\/jansa-avg-23-2-48x31.jpg 48w\" sizes=\"auto, (max-width: 345px) 100vw, 345px\" \/>V nadaljevanju kazenske obravnave zoper prvaka opozicije <strong>Janez Jan\u0161o<\/strong>, ki se je doslej zagovarjal zaradi \u017ealjive obdol\u017eitve nekdanjega direktorja STA <strong>Bojana Veselinovi\u010da<\/strong>, je celjsko sodi\u0161\u010de dopoldne izvedlo \u0161e tri dokazne predloge obrambe.<\/p>\n<p>Predvajali so posnetke tiskovne konference pokojnega urednika STA <strong>Boruta Me\u0161ka<\/strong>, za katerega obto\u017eeni trdi, da je Veselinovi\u010d pripomogel k njegovi smrti, televizijski prispevek v oddaji Odmevi ter prebrali \u010dasopisne \u010dlanke, ki so poro\u010dali o dogajanju na STA.<\/p>\n<p>Pravni poobla\u0161\u010denec to\u017enika odvetnik <strong>Gorazd Fi\u0161er<\/strong> je modificiral obto\u017ebo in o\u010ditke o \u017ealjivi obdol\u017eitvi spremenil v obrekovanje, za kar je zagro\u017eena vi\u0161ja kazen.<\/p>\n<p>Obramba si je do 16. oktobra izborila \u010das za pripravo na spremenjeno obto\u017ebo.<\/p>\n<p>P\u0160<\/p>\n","protected":false},"excerpt":{"rendered":"<p>V nadaljevanju kazenske obravnave zoper prvaka opozicije Janez Jan\u0161o, ki se je doslej zagovarjal zaradi \u017ealjive obdol\u017eitve nekdanjega direktorja STA Bojana Veselinovi\u010da, je celjsko sodi\u0161\u010de dopoldne izvedlo \u0161e tri dokazne predloge obrambe. Predvajali so posnetke tiskovne konference pokojnega urednika STA Boruta Me\u0161ka, za katerega obto\u017eeni trdi, da je Veselinovi\u010d pripomogel k njegovi smrti, televizijski prispevek [&hellip;]<\/p>\n","protected":false},"author":33,"featured_media":166685,"comment_status":"closed","ping_status":"closed","sticky":false,"template":"","format":"standard","meta":{"footnotes":""},"categories":[14,17,29],"tags":[15036,16511,4975,3791],"class_list":{"0":"post-166684","1":"post","2":"type-post","3":"status-publish","4":"format-standard","5":"has-post-thumbnail","7":"category-aktualno","8":"category-celjsko","9":"category-kronika","10":"tag-bojan-veselinovic","11":"tag-borut-mesko","12":"tag-franci-matoz","13":"tag-janez-jansa"},"yoast_head":"<!-- This site is optimized with the Yoast SEO plugin v27.4 - https:\/\/yoast.com\/product\/yoast-seo-wordpress\/ -->\n<title>CELJE Jan\u0161o zdaj obto\u017eujejo obrekovanja - Novice.si<\/title>\n<meta name=\"robots\" content=\"index, follow, max-snippet:-1, max-image-preview:large, max-video-preview:-1\" \/>\n<link rel=\"canonical\" href=\"https:\/\/novice.si\/page\/celje-janso-zdaj-obtozujejo-obrekovanja\/\" \/>\n<meta property=\"og:locale\" content=\"sl_SI\" \/>\n<meta property=\"og:type\" content=\"article\" \/>\n<meta property=\"og:title\" content=\"CELJE Jan\u0161o zdaj obto\u017eujejo obrekovanja - Novice.si\" \/>\n<meta property=\"og:description\" content=\"V nadaljevanju kazenske obravnave zoper prvaka opozicije Janez Jan\u0161o, ki se je doslej zagovarjal zaradi \u017ealjive obdol\u017eitve nekdanjega direktorja STA Bojana Veselinovi\u010da, je celjsko sodi\u0161\u010de dopoldne izvedlo \u0161e tri dokazne predloge obrambe. Predvajali so posnetke tiskovne konference pokojnega urednika STA Boruta Me\u0161ka, za katerega obto\u017eeni trdi, da je Veselinovi\u010d pripomogel k njegovi smrti, televizijski prispevek [&hellip;]\" \/>\n<meta property=\"og:url\" content=\"https:\/\/novice.si\/page\/celje-janso-zdaj-obtozujejo-obrekovanja\/\" \/>\n<meta property=\"og:site_name\" content=\"Novice.si\" \/>\n<meta property=\"article:published_time\" content=\"2023-08-28T11:08:05+00:00\" \/>\n<meta property=\"article:modified_time\" content=\"2023-08-28T11:08:40+00:00\" \/>\n<meta property=\"og:image\" content=\"https:\/\/novice.si\/page\/wp-content\/uploads\/2023\/08\/jansa-avg-23-5.png\" \/>\n\t<meta property=\"og:image:width\" content=\"1280\" \/>\n\t<meta property=\"og:image:height\" content=\"711\" \/>\n\t<meta property=\"og:image:type\" content=\"image\/png\" \/>\n<meta name=\"author\" content=\"Uredni\u0161tvo Celjana\" \/>\n<meta name=\"twitter:card\" content=\"summary_large_image\" \/>\n<meta name=\"twitter:label1\" content=\"Written by\" \/>\n\t<meta name=\"twitter:data1\" content=\"Uredni\u0161tvo Celjana\" \/>\n\t<meta name=\"twitter:label2\" content=\"Est. reading time\" \/>\n\t<meta name=\"twitter:data2\" content=\"1 minuta\" \/>\n<script type=\"application\/ld+json\" class=\"yoast-schema-graph\">{\"@context\":\"https:\\\/\\\/schema.org\",\"@graph\":[{\"@type\":\"Article\",\"@id\":\"https:\\\/\\\/novice.si\\\/page\\\/celje-janso-zdaj-obtozujejo-obrekovanja\\\/#article\",\"isPartOf\":{\"@id\":\"https:\\\/\\\/novice.si\\\/page\\\/celje-janso-zdaj-obtozujejo-obrekovanja\\\/\"},\"author\":{\"name\":\"Uredni\u0161tvo Celjana\",\"@id\":\"https:\\\/\\\/novice.si\\\/page\\\/#\\\/schema\\\/person\\\/57f25c9642a9541c7349c65d32032c3e\"},\"headline\":\"CELJE Jan\u0161o zdaj obto\u017eujejo obrekovanja\",\"datePublished\":\"2023-08-28T11:08:05+00:00\",\"dateModified\":\"2023-08-28T11:08:40+00:00\",\"mainEntityOfPage\":{\"@id\":\"https:\\\/\\\/novice.si\\\/page\\\/celje-janso-zdaj-obtozujejo-obrekovanja\\\/\"},\"wordCount\":128,\"publisher\":{\"@id\":\"https:\\\/\\\/novice.si\\\/page\\\/#organization\"},\"image\":{\"@id\":\"https:\\\/\\\/novice.si\\\/page\\\/celje-janso-zdaj-obtozujejo-obrekovanja\\\/#primaryimage\"},\"thumbnailUrl\":\"https:\\\/\\\/novice.si\\\/page\\\/wp-content\\\/uploads\\\/2023\\\/08\\\/jansa-avg-23-5.png\",\"keywords\":[\"Bojan Veselinovi\u010d\",\"borut me\u0161ko\",\"Franci Matoz\",\"janez jan\u0161a\"],\"articleSection\":[\"Aktualno\",\"Celjsko\",\"Kronika\"],\"inLanguage\":\"sl-SI\"},{\"@type\":\"WebPage\",\"@id\":\"https:\\\/\\\/novice.si\\\/page\\\/celje-janso-zdaj-obtozujejo-obrekovanja\\\/\",\"url\":\"https:\\\/\\\/novice.si\\\/page\\\/celje-janso-zdaj-obtozujejo-obrekovanja\\\/\",\"name\":\"CELJE Jan\u0161o zdaj obto\u017eujejo obrekovanja - Novice.si\",\"isPartOf\":{\"@id\":\"https:\\\/\\\/novice.si\\\/page\\\/#website\"},\"primaryImageOfPage\":{\"@id\":\"https:\\\/\\\/novice.si\\\/page\\\/celje-janso-zdaj-obtozujejo-obrekovanja\\\/#primaryimage\"},\"image\":{\"@id\":\"https:\\\/\\\/novice.si\\\/page\\\/celje-janso-zdaj-obtozujejo-obrekovanja\\\/#primaryimage\"},\"thumbnailUrl\":\"https:\\\/\\\/novice.si\\\/page\\\/wp-content\\\/uploads\\\/2023\\\/08\\\/jansa-avg-23-5.png\",\"datePublished\":\"2023-08-28T11:08:05+00:00\",\"dateModified\":\"2023-08-28T11:08:40+00:00\",\"breadcrumb\":{\"@id\":\"https:\\\/\\\/novice.si\\\/page\\\/celje-janso-zdaj-obtozujejo-obrekovanja\\\/#breadcrumb\"},\"inLanguage\":\"sl-SI\",\"potentialAction\":[{\"@type\":\"ReadAction\",\"target\":[\"https:\\\/\\\/novice.si\\\/page\\\/celje-janso-zdaj-obtozujejo-obrekovanja\\\/\"]}]},{\"@type\":\"ImageObject\",\"inLanguage\":\"sl-SI\",\"@id\":\"https:\\\/\\\/novice.si\\\/page\\\/celje-janso-zdaj-obtozujejo-obrekovanja\\\/#primaryimage\",\"url\":\"https:\\\/\\\/novice.si\\\/page\\\/wp-content\\\/uploads\\\/2023\\\/08\\\/jansa-avg-23-5.png\",\"contentUrl\":\"https:\\\/\\\/novice.si\\\/page\\\/wp-content\\\/uploads\\\/2023\\\/08\\\/jansa-avg-23-5.png\",\"width\":1280,\"height\":711},{\"@type\":\"BreadcrumbList\",\"@id\":\"https:\\\/\\\/novice.si\\\/page\\\/celje-janso-zdaj-obtozujejo-obrekovanja\\\/#breadcrumb\",\"itemListElement\":[{\"@type\":\"ListItem\",\"position\":1,\"name\":\"Home\",\"item\":\"https:\\\/\\\/novice.si\\\/page\\\/\"},{\"@type\":\"ListItem\",\"position\":2,\"name\":\"CELJE Jan\u0161o zdaj obto\u017eujejo obrekovanja\"}]},{\"@type\":\"WebSite\",\"@id\":\"https:\\\/\\\/novice.si\\\/page\\\/#website\",\"url\":\"https:\\\/\\\/novice.si\\\/page\\\/\",\"name\":\"Novice.si\",\"description\":\"\",\"publisher\":{\"@id\":\"https:\\\/\\\/novice.si\\\/page\\\/#organization\"},\"potentialAction\":[{\"@type\":\"SearchAction\",\"target\":{\"@type\":\"EntryPoint\",\"urlTemplate\":\"https:\\\/\\\/novice.si\\\/page\\\/?s={search_term_string}\"},\"query-input\":{\"@type\":\"PropertyValueSpecification\",\"valueRequired\":true,\"valueName\":\"search_term_string\"}}],\"inLanguage\":\"sl-SI\"},{\"@type\":\"Organization\",\"@id\":\"https:\\\/\\\/novice.si\\\/page\\\/#organization\",\"name\":\"Novice.si\",\"url\":\"https:\\\/\\\/novice.si\\\/page\\\/\",\"logo\":{\"@type\":\"ImageObject\",\"inLanguage\":\"sl-SI\",\"@id\":\"https:\\\/\\\/novice.si\\\/page\\\/#\\\/schema\\\/logo\\\/image\\\/\",\"url\":\"https:\\\/\\\/novice.si\\\/page\\\/wp-content\\\/uploads\\\/2023\\\/03\\\/novice_si.png\",\"contentUrl\":\"https:\\\/\\\/novice.si\\\/page\\\/wp-content\\\/uploads\\\/2023\\\/03\\\/novice_si.png\",\"width\":576,\"height\":200,\"caption\":\"Novice.si\"},\"image\":{\"@id\":\"https:\\\/\\\/novice.si\\\/page\\\/#\\\/schema\\\/logo\\\/image\\\/\"}},{\"@type\":\"Person\",\"@id\":\"https:\\\/\\\/novice.si\\\/page\\\/#\\\/schema\\\/person\\\/57f25c9642a9541c7349c65d32032c3e\",\"name\":\"Uredni\u0161tvo Celjana\",\"image\":{\"@type\":\"ImageObject\",\"inLanguage\":\"sl-SI\",\"@id\":\"https:\\\/\\\/secure.gravatar.com\\\/avatar\\\/78e52bc4279b65f6df6345e0ef0f7b792d361361f230cf4ffecfe0afe6d5629c?s=96&d=mm&r=g\",\"url\":\"https:\\\/\\\/secure.gravatar.com\\\/avatar\\\/78e52bc4279b65f6df6345e0ef0f7b792d361361f230cf4ffecfe0afe6d5629c?s=96&d=mm&r=g\",\"contentUrl\":\"https:\\\/\\\/secure.gravatar.com\\\/avatar\\\/78e52bc4279b65f6df6345e0ef0f7b792d361361f230cf4ffecfe0afe6d5629c?s=96&d=mm&r=g\",\"caption\":\"Uredni\u0161tvo Celjana\"},\"url\":\"https:\\\/\\\/novice.si\\\/page\\\/author\\\/primoz\\\/\"}]}<\/script>\n<!-- \/ Yoast SEO plugin. -->","yoast_head_json":{"title":"CELJE Jan\u0161o zdaj obto\u017eujejo obrekovanja - Novice.si","robots":{"index":"index","follow":"follow","max-snippet":"max-snippet:-1","max-image-preview":"max-image-preview:large","max-video-preview":"max-video-preview:-1"},"canonical":"https:\/\/novice.si\/page\/celje-janso-zdaj-obtozujejo-obrekovanja\/","og_locale":"sl_SI","og_type":"article","og_title":"CELJE Jan\u0161o zdaj obto\u017eujejo obrekovanja - Novice.si","og_description":"V nadaljevanju kazenske obravnave zoper prvaka opozicije Janez Jan\u0161o, ki se je doslej zagovarjal zaradi \u017ealjive obdol\u017eitve nekdanjega direktorja STA Bojana Veselinovi\u010da, je celjsko sodi\u0161\u010de dopoldne izvedlo \u0161e tri dokazne predloge obrambe. Predvajali so posnetke tiskovne konference pokojnega urednika STA Boruta Me\u0161ka, za katerega obto\u017eeni trdi, da je Veselinovi\u010d pripomogel k njegovi smrti, televizijski prispevek [&hellip;]","og_url":"https:\/\/novice.si\/page\/celje-janso-zdaj-obtozujejo-obrekovanja\/","og_site_name":"Novice.si","article_published_time":"2023-08-28T11:08:05+00:00","article_modified_time":"2023-08-28T11:08:40+00:00","og_image":[{"width":1280,"height":711,"url":"https:\/\/novice.si\/page\/wp-content\/uploads\/2023\/08\/jansa-avg-23-5.png","type":"image\/png"}],"author":"Uredni\u0161tvo Celjana","twitter_card":"summary_large_image","twitter_misc":{"Written by":"Uredni\u0161tvo Celjana","Est. reading time":"1 minuta"},"schema":{"@context":"https:\/\/schema.org","@graph":[{"@type":"Article","@id":"https:\/\/novice.si\/page\/celje-janso-zdaj-obtozujejo-obrekovanja\/#article","isPartOf":{"@id":"https:\/\/novice.si\/page\/celje-janso-zdaj-obtozujejo-obrekovanja\/"},"author":{"name":"Uredni\u0161tvo Celjana","@id":"https:\/\/novice.si\/page\/#\/schema\/person\/57f25c9642a9541c7349c65d32032c3e"},"headline":"CELJE Jan\u0161o zdaj obto\u017eujejo obrekovanja","datePublished":"2023-08-28T11:08:05+00:00","dateModified":"2023-08-28T11:08:40+00:00","mainEntityOfPage":{"@id":"https:\/\/novice.si\/page\/celje-janso-zdaj-obtozujejo-obrekovanja\/"},"wordCount":128,"publisher":{"@id":"https:\/\/novice.si\/page\/#organization"},"image":{"@id":"https:\/\/novice.si\/page\/celje-janso-zdaj-obtozujejo-obrekovanja\/#primaryimage"},"thumbnailUrl":"https:\/\/novice.si\/page\/wp-content\/uploads\/2023\/08\/jansa-avg-23-5.png","keywords":["Bojan Veselinovi\u010d","borut me\u0161ko","Franci Matoz","janez jan\u0161a"],"articleSection":["Aktualno","Celjsko","Kronika"],"inLanguage":"sl-SI"},{"@type":"WebPage","@id":"https:\/\/novice.si\/page\/celje-janso-zdaj-obtozujejo-obrekovanja\/","url":"https:\/\/novice.si\/page\/celje-janso-zdaj-obtozujejo-obrekovanja\/","name":"CELJE Jan\u0161o zdaj obto\u017eujejo obrekovanja - Novice.si","isPartOf":{"@id":"https:\/\/novice.si\/page\/#website"},"primaryImageOfPage":{"@id":"https:\/\/novice.si\/page\/celje-janso-zdaj-obtozujejo-obrekovanja\/#primaryimage"},"image":{"@id":"https:\/\/novice.si\/page\/celje-janso-zdaj-obtozujejo-obrekovanja\/#primaryimage"},"thumbnailUrl":"https:\/\/novice.si\/page\/wp-content\/uploads\/2023\/08\/jansa-avg-23-5.png","datePublished":"2023-08-28T11:08:05+00:00","dateModified":"2023-08-28T11:08:40+00:00","breadcrumb":{"@id":"https:\/\/novice.si\/page\/celje-janso-zdaj-obtozujejo-obrekovanja\/#breadcrumb"},"inLanguage":"sl-SI","potentialAction":[{"@type":"ReadAction","target":["https:\/\/novice.si\/page\/celje-janso-zdaj-obtozujejo-obrekovanja\/"]}]},{"@type":"ImageObject","inLanguage":"sl-SI","@id":"https:\/\/novice.si\/page\/celje-janso-zdaj-obtozujejo-obrekovanja\/#primaryimage","url":"https:\/\/novice.si\/page\/wp-content\/uploads\/2023\/08\/jansa-avg-23-5.png","contentUrl":"https:\/\/novice.si\/page\/wp-content\/uploads\/2023\/08\/jansa-avg-23-5.png","width":1280,"height":711},{"@type":"BreadcrumbList","@id":"https:\/\/novice.si\/page\/celje-janso-zdaj-obtozujejo-obrekovanja\/#breadcrumb","itemListElement":[{"@type":"ListItem","position":1,"name":"Home","item":"https:\/\/novice.si\/page\/"},{"@type":"ListItem","position":2,"name":"CELJE Jan\u0161o zdaj obto\u017eujejo obrekovanja"}]},{"@type":"WebSite","@id":"https:\/\/novice.si\/page\/#website","url":"https:\/\/novice.si\/page\/","name":"Novice.si","description":"","publisher":{"@id":"https:\/\/novice.si\/page\/#organization"},"potentialAction":[{"@type":"SearchAction","target":{"@type":"EntryPoint","urlTemplate":"https:\/\/novice.si\/page\/?s={search_term_string}"},"query-input":{"@type":"PropertyValueSpecification","valueRequired":true,"valueName":"search_term_string"}}],"inLanguage":"sl-SI"},{"@type":"Organization","@id":"https:\/\/novice.si\/page\/#organization","name":"Novice.si","url":"https:\/\/novice.si\/page\/","logo":{"@type":"ImageObject","inLanguage":"sl-SI","@id":"https:\/\/novice.si\/page\/#\/schema\/logo\/image\/","url":"https:\/\/novice.si\/page\/wp-content\/uploads\/2023\/03\/novice_si.png","contentUrl":"https:\/\/novice.si\/page\/wp-content\/uploads\/2023\/03\/novice_si.png","width":576,"height":200,"caption":"Novice.si"},"image":{"@id":"https:\/\/novice.si\/page\/#\/schema\/logo\/image\/"}},{"@type":"Person","@id":"https:\/\/novice.si\/page\/#\/schema\/person\/57f25c9642a9541c7349c65d32032c3e","name":"Uredni\u0161tvo Celjana","image":{"@type":"ImageObject","inLanguage":"sl-SI","@id":"https:\/\/secure.gravatar.com\/avatar\/78e52bc4279b65f6df6345e0ef0f7b792d361361f230cf4ffecfe0afe6d5629c?s=96&d=mm&r=g","url":"https:\/\/secure.gravatar.com\/avatar\/78e52bc4279b65f6df6345e0ef0f7b792d361361f230cf4ffecfe0afe6d5629c?s=96&d=mm&r=g","contentUrl":"https:\/\/secure.gravatar.com\/avatar\/78e52bc4279b65f6df6345e0ef0f7b792d361361f230cf4ffecfe0afe6d5629c?s=96&d=mm&r=g","caption":"Uredni\u0161tvo Celjana"},"url":"https:\/\/novice.si\/page\/author\/primoz\/"}]}},"_links":{"self":[{"href":"https:\/\/novice.si\/page\/wp-json\/wp\/v2\/posts\/166684","targetHints":{"allow":["GET"]}}],"collection":[{"href":"https:\/\/novice.si\/page\/wp-json\/wp\/v2\/posts"}],"about":[{"href":"https:\/\/novice.si\/page\/wp-json\/wp\/v2\/types\/post"}],"author":[{"embeddable":true,"href":"https:\/\/novice.si\/page\/wp-json\/wp\/v2\/users\/33"}],"replies":[{"embeddable":true,"href":"https:\/\/novice.si\/page\/wp-json\/wp\/v2\/comments?post=166684"}],"version-history":[{"count":1,"href":"https:\/\/novice.si\/page\/wp-json\/wp\/v2\/posts\/166684\/revisions"}],"predecessor-version":[{"id":166687,"href":"https:\/\/novice.si\/page\/wp-json\/wp\/v2\/posts\/166684\/revisions\/166687"}],"wp:featuredmedia":[{"embeddable":true,"href":"https:\/\/novice.si\/page\/wp-json\/wp\/v2\/media\/166685"}],"wp:attachment":[{"href":"https:\/\/novice.si\/page\/wp-json\/wp\/v2\/media?parent=166684"}],"wp:term":[{"taxonomy":"category","embeddable":true,"href":"https:\/\/novice.si\/page\/wp-json\/wp\/v2\/categories?post=166684"},{"taxonomy":"post_tag","embeddable":true,"href":"https:\/\/novice.si\/page\/wp-json\/wp\/v2\/tags?post=166684"}],"curies":[{"name":"wp","href":"https:\/\/api.w.org\/{rel}","templated":true}]}}