{"id":166671,"date":"2023-08-27T18:29:12","date_gmt":"2023-08-27T16:29:12","guid":{"rendered":"https:\/\/novice.si\/page\/?p=166671"},"modified":"2023-08-27T18:29:12","modified_gmt":"2023-08-27T16:29:12","slug":"slovenske-konjice-med-cakanjem-na-novo-osebno-ogled-razstave","status":"publish","type":"post","link":"https:\/\/novice.si\/page\/slovenske-konjice-med-cakanjem-na-novo-osebno-ogled-razstave\/","title":{"rendered":"Slovenske Konjice: Med \u010dakanjem na novo osebno ogled razstave"},"content":{"rendered":"<p>Na hodnikih konji\u0161ke Upravne enote ob koncu poletja stoji nova razstava, En sam obraz Lucije Fer\u0161.<br \/>\nAvtorica je po poklicu zdravnica, specialistka javnega zdravja, \u0161tudentka psihoanalize, ki je odrasla v Zre\u010dah. Razstava En sam obraz pripoveduje o tiso\u010dih razpolo\u017eenjih, mislih in stanjih posameznika, ki jih nosi obraz kot skupna podoba \u010dloveka. Avtorica na svojih velikih platnih v akrilu opozarja na globoke eksistencialne stiske, v katere lahko zaide \u010dlovek. Pri tem sku\u0161a iskreno slediti realnosti in na ta na\u010din spreminjati svet na bolje.<br \/>\nRazstavo je postavil zre\u0161ki Atelje MS, ki med svojimi storitvami nudi tudi postavljanje razstav zunaj svoje galerije in mo\u017enost najema slik za poslovne prostore. Prav tako je pri njih mogo\u010de najeti galerijo za manj\u0161e dogodke.<\/p>\n\r\n                <style type=\"text\/css\">\r\n                    \r\n                    #tdi_1  .td-doubleSlider-2 .td-item1 {\r\n                        background: url(https:\/\/novice.si\/page\/wp-content\/uploads\/2023\/08\/lucija-fers-ue-80x60.jpg) 0 0 no-repeat;\r\n                    }\r\n                    #tdi_1  .td-doubleSlider-2 .td-item2 {\r\n                        background: url(https:\/\/novice.si\/page\/wp-content\/uploads\/2023\/08\/ue-lucija-2-1-80x60.jpg) 0 0 no-repeat;\r\n                    }\r\n                    #tdi_1  .td-doubleSlider-2 .td-item3 {\r\n                        background: url(https:\/\/novice.si\/page\/wp-content\/uploads\/2023\/08\/ue-lucija-80x60.jpg) 0 0 no-repeat;\r\n                    }\r\n                <\/style>\r\n\r\n                <div id=\"tdi_1\" class=\"td-gallery td-slide-on-2-columns\">\r\n                    <div class=\"post_td_gallery\">\r\n                        <div class=\"td-gallery-slide-top\">\r\n                           <div class=\"td-gallery-title\"><\/div>\r\n\r\n                            <div class=\"td-gallery-controls-wrapper\">\r\n                                <div class=\"td-gallery-slide-count\"><span class=\"td-gallery-slide-item-focus\">1<\/span> od 3<\/div>\r\n                                <div class=\"td-gallery-slide-prev-next-but\">\r\n                                    <i class = \"td-icon-left doubleSliderPrevButton\"><\/i>\r\n                                    <i class = \"td-icon-right doubleSliderNextButton\"><\/i>\r\n                                <\/div>\r\n                            <\/div>\r\n                        <\/div>\r\n\r\n                        <div class = \"td-doubleSlider-1 \">\r\n                            <div class = \"td-slider\">\r\n                                \r\n                    <div class = \"td-slide-item td-item1\">\r\n                        <figure class=\"td-slide-galery-figure td-slide-popup-gallery\">\r\n                            <a class=\"slide-gallery-image-link\" href=\"https:\/\/novice.si\/page\/wp-content\/uploads\/2023\/08\/lucija-fers-ue.jpg\" title=\"lucija fers ue\"  data-caption=\"\"  data-description=\"\" data-gallery>\r\n                                <img decoding=\"async\" src=\"https:\/\/novice.si\/page\/wp-content\/uploads\/2023\/08\/lucija-fers-ue-315x420.jpg\" srcset=\"https:\/\/novice.si\/page\/wp-content\/uploads\/2023\/08\/lucija-fers-ue-315x420.jpg 315w, https:\/\/novice.si\/page\/wp-content\/uploads\/2023\/08\/lucija-fers-ue-450x600.jpg 450w, https:\/\/novice.si\/page\/wp-content\/uploads\/2023\/08\/lucija-fers-ue-18x24.jpg 18w, https:\/\/novice.si\/page\/wp-content\/uploads\/2023\/08\/lucija-fers-ue-27x36.jpg 27w, https:\/\/novice.si\/page\/wp-content\/uploads\/2023\/08\/lucija-fers-ue-36x48.jpg 36w, https:\/\/novice.si\/page\/wp-content\/uploads\/2023\/08\/lucija-fers-ue.jpg 576w\" sizes=\"(max-width: 315px) 100vw, 315px\" alt=\"\">\r\n                            <\/a>\r\n                            \r\n                        <\/figure>\r\n                    <\/div>\r\n                    <div class = \"td-slide-item td-item2\">\r\n                        <figure class=\"td-slide-galery-figure td-slide-popup-gallery\">\r\n                            <a class=\"slide-gallery-image-link\" href=\"https:\/\/novice.si\/page\/wp-content\/uploads\/2023\/08\/ue-lucija-2-1.jpg\" title=\"ue lucija (2)\"  data-caption=\"\"  data-description=\"\" data-gallery>\r\n                                <img decoding=\"async\" src=\"https:\/\/novice.si\/page\/wp-content\/uploads\/2023\/08\/ue-lucija-2-1-560x420.jpg\" srcset=\"https:\/\/novice.si\/page\/wp-content\/uploads\/2023\/08\/ue-lucija-2-1-560x420.jpg 560w, https:\/\/novice.si\/page\/wp-content\/uploads\/2023\/08\/ue-lucija-2-1-600x450.jpg 600w, https:\/\/novice.si\/page\/wp-content\/uploads\/2023\/08\/ue-lucija-2-1-768x576.jpg 768w, https:\/\/novice.si\/page\/wp-content\/uploads\/2023\/08\/ue-lucija-2-1-80x60.jpg 80w, https:\/\/novice.si\/page\/wp-content\/uploads\/2023\/08\/ue-lucija-2-1-265x198.jpg 265w, https:\/\/novice.si\/page\/wp-content\/uploads\/2023\/08\/ue-lucija-2-1-696x522.jpg 696w, https:\/\/novice.si\/page\/wp-content\/uploads\/2023\/08\/ue-lucija-2-1-24x18.jpg 24w, https:\/\/novice.si\/page\/wp-content\/uploads\/2023\/08\/ue-lucija-2-1-36x27.jpg 36w, https:\/\/novice.si\/page\/wp-content\/uploads\/2023\/08\/ue-lucija-2-1-48x36.jpg 48w, https:\/\/novice.si\/page\/wp-content\/uploads\/2023\/08\/ue-lucija-2-1.jpg 1024w\" sizes=\"(max-width: 560px) 100vw, 560px\" alt=\"\">\r\n                            <\/a>\r\n                            \r\n                        <\/figure>\r\n                    <\/div>\r\n                    <div class = \"td-slide-item td-item3\">\r\n                        <figure class=\"td-slide-galery-figure td-slide-popup-gallery\">\r\n                            <a class=\"slide-gallery-image-link\" href=\"https:\/\/novice.si\/page\/wp-content\/uploads\/2023\/08\/ue-lucija.jpg\" title=\"ue lucija\"  data-caption=\"\"  data-description=\"\" data-gallery>\r\n                                <img decoding=\"async\" src=\"https:\/\/novice.si\/page\/wp-content\/uploads\/2023\/08\/ue-lucija-560x420.jpg\" srcset=\"https:\/\/novice.si\/page\/wp-content\/uploads\/2023\/08\/ue-lucija-560x420.jpg 560w, https:\/\/novice.si\/page\/wp-content\/uploads\/2023\/08\/ue-lucija-600x450.jpg 600w, https:\/\/novice.si\/page\/wp-content\/uploads\/2023\/08\/ue-lucija-768x576.jpg 768w, https:\/\/novice.si\/page\/wp-content\/uploads\/2023\/08\/ue-lucija-80x60.jpg 80w, https:\/\/novice.si\/page\/wp-content\/uploads\/2023\/08\/ue-lucija-265x198.jpg 265w, https:\/\/novice.si\/page\/wp-content\/uploads\/2023\/08\/ue-lucija-696x522.jpg 696w, https:\/\/novice.si\/page\/wp-content\/uploads\/2023\/08\/ue-lucija-24x18.jpg 24w, https:\/\/novice.si\/page\/wp-content\/uploads\/2023\/08\/ue-lucija-36x27.jpg 36w, https:\/\/novice.si\/page\/wp-content\/uploads\/2023\/08\/ue-lucija-48x36.jpg 48w, https:\/\/novice.si\/page\/wp-content\/uploads\/2023\/08\/ue-lucija.jpg 1024w\" sizes=\"(max-width: 560px) 100vw, 560px\" alt=\"\">\r\n                            <\/a>\r\n                            \r\n                        <\/figure>\r\n                    <\/div>\r\n                            <\/div>\r\n                        <\/div>\r\n\r\n                        <div class = \"td-doubleSlider-2\">\r\n                            <div class = \"td-slider\">\r\n                                \r\n                    <div class = \"td-button td-item1\">\r\n                        <div class = \"td-border\"><\/div>\r\n                    <\/div>\r\n                    <div class = \"td-button td-item2\">\r\n                        <div class = \"td-border\"><\/div>\r\n                    <\/div>\r\n                    <div class = \"td-button td-item3\">\r\n                        <div class = \"td-border\"><\/div>\r\n                    <\/div>\r\n                            <\/div>\r\n                        <\/div>\r\n\r\n                    <\/div>\r\n\r\n                <\/div>\r\n                \n","protected":false},"excerpt":{"rendered":"<p>Na hodnikih konji\u0161ke Upravne enote ob koncu poletja stoji nova razstava, En sam obraz Lucije Fer\u0161. Avtorica je po poklicu zdravnica, specialistka javnega zdravja, \u0161tudentka psihoanalize, ki je odrasla v Zre\u010dah. Razstava En sam obraz pripoveduje o tiso\u010dih razpolo\u017eenjih, mislih in stanjih posameznika, ki jih nosi obraz kot skupna podoba \u010dloveka. Avtorica na svojih velikih [&hellip;]<\/p>\n","protected":false},"author":5,"featured_media":166675,"comment_status":"closed","ping_status":"closed","sticky":false,"template":"","format":"standard","meta":{"footnotes":""},"categories":[14,16],"tags":[18569,18570],"class_list":{"0":"post-166671","1":"post","2":"type-post","3":"status-publish","4":"format-standard","5":"has-post-thumbnail","7":"category-aktualno","8":"category-konjisko","9":"tag-lucija-fers","10":"tag-upravna-enota-slovenske-konjice"},"yoast_head":"<!-- This site is optimized with the Yoast SEO plugin v27.4 - https:\/\/yoast.com\/product\/yoast-seo-wordpress\/ -->\n<title>Slovenske Konjice: Med \u010dakanjem na novo osebno ogled razstave - Novice.si<\/title>\n<meta name=\"robots\" content=\"index, follow, max-snippet:-1, max-image-preview:large, max-video-preview:-1\" \/>\n<link rel=\"canonical\" href=\"https:\/\/novice.si\/page\/slovenske-konjice-med-cakanjem-na-novo-osebno-ogled-razstave\/\" \/>\n<meta property=\"og:locale\" content=\"sl_SI\" \/>\n<meta property=\"og:type\" content=\"article\" \/>\n<meta property=\"og:title\" content=\"Slovenske Konjice: Med \u010dakanjem na novo osebno ogled razstave - Novice.si\" \/>\n<meta property=\"og:description\" content=\"Na hodnikih konji\u0161ke Upravne enote ob koncu poletja stoji nova razstava, En sam obraz Lucije Fer\u0161. Avtorica je po poklicu zdravnica, specialistka javnega zdravja, \u0161tudentka psihoanalize, ki je odrasla v Zre\u010dah. Razstava En sam obraz pripoveduje o tiso\u010dih razpolo\u017eenjih, mislih in stanjih posameznika, ki jih nosi obraz kot skupna podoba \u010dloveka. Avtorica na svojih velikih [&hellip;]\" \/>\n<meta property=\"og:url\" content=\"https:\/\/novice.si\/page\/slovenske-konjice-med-cakanjem-na-novo-osebno-ogled-razstave\/\" \/>\n<meta property=\"og:site_name\" content=\"Novice.si\" \/>\n<meta property=\"article:published_time\" content=\"2023-08-27T16:29:12+00:00\" \/>\n<meta property=\"og:image\" content=\"https:\/\/novice.si\/page\/wp-content\/uploads\/2023\/08\/ue-lucija.jpg\" \/>\n\t<meta property=\"og:image:width\" content=\"1024\" \/>\n\t<meta property=\"og:image:height\" content=\"768\" \/>\n\t<meta property=\"og:image:type\" content=\"image\/jpeg\" \/>\n<meta name=\"author\" content=\"Uredni\u0161tvo Radia Rogla\" \/>\n<meta name=\"twitter:card\" content=\"summary_large_image\" \/>\n<meta name=\"twitter:label1\" content=\"Written by\" \/>\n\t<meta name=\"twitter:data1\" content=\"Uredni\u0161tvo Radia Rogla\" \/>\n\t<meta name=\"twitter:label2\" content=\"Est. reading time\" \/>\n\t<meta name=\"twitter:data2\" content=\"1 minuta\" \/>\n<script type=\"application\/ld+json\" class=\"yoast-schema-graph\">{\"@context\":\"https:\\\/\\\/schema.org\",\"@graph\":[{\"@type\":\"Article\",\"@id\":\"https:\\\/\\\/novice.si\\\/page\\\/slovenske-konjice-med-cakanjem-na-novo-osebno-ogled-razstave\\\/#article\",\"isPartOf\":{\"@id\":\"https:\\\/\\\/novice.si\\\/page\\\/slovenske-konjice-med-cakanjem-na-novo-osebno-ogled-razstave\\\/\"},\"author\":{\"name\":\"Uredni\u0161tvo Radia Rogla\",\"@id\":\"https:\\\/\\\/novice.si\\\/page\\\/#\\\/schema\\\/person\\\/25f5278da029e7b6f1e1c5653d7152a6\"},\"headline\":\"Slovenske Konjice: Med \u010dakanjem na novo osebno ogled razstave\",\"datePublished\":\"2023-08-27T16:29:12+00:00\",\"mainEntityOfPage\":{\"@id\":\"https:\\\/\\\/novice.si\\\/page\\\/slovenske-konjice-med-cakanjem-na-novo-osebno-ogled-razstave\\\/\"},\"wordCount\":143,\"publisher\":{\"@id\":\"https:\\\/\\\/novice.si\\\/page\\\/#organization\"},\"image\":{\"@id\":\"https:\\\/\\\/novice.si\\\/page\\\/slovenske-konjice-med-cakanjem-na-novo-osebno-ogled-razstave\\\/#primaryimage\"},\"thumbnailUrl\":\"https:\\\/\\\/novice.si\\\/page\\\/wp-content\\\/uploads\\\/2023\\\/08\\\/ue-lucija.jpg\",\"keywords\":[\"lucija fer\u0161\",\"upravna enota slovenske konjice\"],\"articleSection\":[\"Aktualno\",\"Konji\u0161ko\"],\"inLanguage\":\"sl-SI\"},{\"@type\":\"WebPage\",\"@id\":\"https:\\\/\\\/novice.si\\\/page\\\/slovenske-konjice-med-cakanjem-na-novo-osebno-ogled-razstave\\\/\",\"url\":\"https:\\\/\\\/novice.si\\\/page\\\/slovenske-konjice-med-cakanjem-na-novo-osebno-ogled-razstave\\\/\",\"name\":\"Slovenske Konjice: Med \u010dakanjem na novo osebno ogled razstave - Novice.si\",\"isPartOf\":{\"@id\":\"https:\\\/\\\/novice.si\\\/page\\\/#website\"},\"primaryImageOfPage\":{\"@id\":\"https:\\\/\\\/novice.si\\\/page\\\/slovenske-konjice-med-cakanjem-na-novo-osebno-ogled-razstave\\\/#primaryimage\"},\"image\":{\"@id\":\"https:\\\/\\\/novice.si\\\/page\\\/slovenske-konjice-med-cakanjem-na-novo-osebno-ogled-razstave\\\/#primaryimage\"},\"thumbnailUrl\":\"https:\\\/\\\/novice.si\\\/page\\\/wp-content\\\/uploads\\\/2023\\\/08\\\/ue-lucija.jpg\",\"datePublished\":\"2023-08-27T16:29:12+00:00\",\"breadcrumb\":{\"@id\":\"https:\\\/\\\/novice.si\\\/page\\\/slovenske-konjice-med-cakanjem-na-novo-osebno-ogled-razstave\\\/#breadcrumb\"},\"inLanguage\":\"sl-SI\",\"potentialAction\":[{\"@type\":\"ReadAction\",\"target\":[\"https:\\\/\\\/novice.si\\\/page\\\/slovenske-konjice-med-cakanjem-na-novo-osebno-ogled-razstave\\\/\"]}]},{\"@type\":\"ImageObject\",\"inLanguage\":\"sl-SI\",\"@id\":\"https:\\\/\\\/novice.si\\\/page\\\/slovenske-konjice-med-cakanjem-na-novo-osebno-ogled-razstave\\\/#primaryimage\",\"url\":\"https:\\\/\\\/novice.si\\\/page\\\/wp-content\\\/uploads\\\/2023\\\/08\\\/ue-lucija.jpg\",\"contentUrl\":\"https:\\\/\\\/novice.si\\\/page\\\/wp-content\\\/uploads\\\/2023\\\/08\\\/ue-lucija.jpg\",\"width\":1024,\"height\":768},{\"@type\":\"BreadcrumbList\",\"@id\":\"https:\\\/\\\/novice.si\\\/page\\\/slovenske-konjice-med-cakanjem-na-novo-osebno-ogled-razstave\\\/#breadcrumb\",\"itemListElement\":[{\"@type\":\"ListItem\",\"position\":1,\"name\":\"Home\",\"item\":\"https:\\\/\\\/novice.si\\\/page\\\/\"},{\"@type\":\"ListItem\",\"position\":2,\"name\":\"Slovenske Konjice: Med \u010dakanjem na novo osebno ogled razstave\"}]},{\"@type\":\"WebSite\",\"@id\":\"https:\\\/\\\/novice.si\\\/page\\\/#website\",\"url\":\"https:\\\/\\\/novice.si\\\/page\\\/\",\"name\":\"Novice.si\",\"description\":\"\",\"publisher\":{\"@id\":\"https:\\\/\\\/novice.si\\\/page\\\/#organization\"},\"potentialAction\":[{\"@type\":\"SearchAction\",\"target\":{\"@type\":\"EntryPoint\",\"urlTemplate\":\"https:\\\/\\\/novice.si\\\/page\\\/?s={search_term_string}\"},\"query-input\":{\"@type\":\"PropertyValueSpecification\",\"valueRequired\":true,\"valueName\":\"search_term_string\"}}],\"inLanguage\":\"sl-SI\"},{\"@type\":\"Organization\",\"@id\":\"https:\\\/\\\/novice.si\\\/page\\\/#organization\",\"name\":\"Novice.si\",\"url\":\"https:\\\/\\\/novice.si\\\/page\\\/\",\"logo\":{\"@type\":\"ImageObject\",\"inLanguage\":\"sl-SI\",\"@id\":\"https:\\\/\\\/novice.si\\\/page\\\/#\\\/schema\\\/logo\\\/image\\\/\",\"url\":\"https:\\\/\\\/novice.si\\\/page\\\/wp-content\\\/uploads\\\/2023\\\/03\\\/novice_si.png\",\"contentUrl\":\"https:\\\/\\\/novice.si\\\/page\\\/wp-content\\\/uploads\\\/2023\\\/03\\\/novice_si.png\",\"width\":576,\"height\":200,\"caption\":\"Novice.si\"},\"image\":{\"@id\":\"https:\\\/\\\/novice.si\\\/page\\\/#\\\/schema\\\/logo\\\/image\\\/\"}},{\"@type\":\"Person\",\"@id\":\"https:\\\/\\\/novice.si\\\/page\\\/#\\\/schema\\\/person\\\/25f5278da029e7b6f1e1c5653d7152a6\",\"name\":\"Uredni\u0161tvo Radia Rogla\",\"image\":{\"@type\":\"ImageObject\",\"inLanguage\":\"sl-SI\",\"@id\":\"https:\\\/\\\/secure.gravatar.com\\\/avatar\\\/eade8259eacc27e89cb0948c57c4cbe46b0f16ea634156f167415ac94c5b03e3?s=96&d=mm&r=g\",\"url\":\"https:\\\/\\\/secure.gravatar.com\\\/avatar\\\/eade8259eacc27e89cb0948c57c4cbe46b0f16ea634156f167415ac94c5b03e3?s=96&d=mm&r=g\",\"contentUrl\":\"https:\\\/\\\/secure.gravatar.com\\\/avatar\\\/eade8259eacc27e89cb0948c57c4cbe46b0f16ea634156f167415ac94c5b03e3?s=96&d=mm&r=g\",\"caption\":\"Uredni\u0161tvo Radia Rogla\"},\"url\":\"https:\\\/\\\/novice.si\\\/page\\\/author\\\/valerija\\\/\"}]}<\/script>\n<!-- \/ Yoast SEO plugin. -->","yoast_head_json":{"title":"Slovenske Konjice: Med \u010dakanjem na novo osebno ogled razstave - Novice.si","robots":{"index":"index","follow":"follow","max-snippet":"max-snippet:-1","max-image-preview":"max-image-preview:large","max-video-preview":"max-video-preview:-1"},"canonical":"https:\/\/novice.si\/page\/slovenske-konjice-med-cakanjem-na-novo-osebno-ogled-razstave\/","og_locale":"sl_SI","og_type":"article","og_title":"Slovenske Konjice: Med \u010dakanjem na novo osebno ogled razstave - Novice.si","og_description":"Na hodnikih konji\u0161ke Upravne enote ob koncu poletja stoji nova razstava, En sam obraz Lucije Fer\u0161. Avtorica je po poklicu zdravnica, specialistka javnega zdravja, \u0161tudentka psihoanalize, ki je odrasla v Zre\u010dah. Razstava En sam obraz pripoveduje o tiso\u010dih razpolo\u017eenjih, mislih in stanjih posameznika, ki jih nosi obraz kot skupna podoba \u010dloveka. Avtorica na svojih velikih [&hellip;]","og_url":"https:\/\/novice.si\/page\/slovenske-konjice-med-cakanjem-na-novo-osebno-ogled-razstave\/","og_site_name":"Novice.si","article_published_time":"2023-08-27T16:29:12+00:00","og_image":[{"width":1024,"height":768,"url":"https:\/\/novice.si\/page\/wp-content\/uploads\/2023\/08\/ue-lucija.jpg","type":"image\/jpeg"}],"author":"Uredni\u0161tvo Radia Rogla","twitter_card":"summary_large_image","twitter_misc":{"Written by":"Uredni\u0161tvo Radia Rogla","Est. reading time":"1 minuta"},"schema":{"@context":"https:\/\/schema.org","@graph":[{"@type":"Article","@id":"https:\/\/novice.si\/page\/slovenske-konjice-med-cakanjem-na-novo-osebno-ogled-razstave\/#article","isPartOf":{"@id":"https:\/\/novice.si\/page\/slovenske-konjice-med-cakanjem-na-novo-osebno-ogled-razstave\/"},"author":{"name":"Uredni\u0161tvo Radia Rogla","@id":"https:\/\/novice.si\/page\/#\/schema\/person\/25f5278da029e7b6f1e1c5653d7152a6"},"headline":"Slovenske Konjice: Med \u010dakanjem na novo osebno ogled razstave","datePublished":"2023-08-27T16:29:12+00:00","mainEntityOfPage":{"@id":"https:\/\/novice.si\/page\/slovenske-konjice-med-cakanjem-na-novo-osebno-ogled-razstave\/"},"wordCount":143,"publisher":{"@id":"https:\/\/novice.si\/page\/#organization"},"image":{"@id":"https:\/\/novice.si\/page\/slovenske-konjice-med-cakanjem-na-novo-osebno-ogled-razstave\/#primaryimage"},"thumbnailUrl":"https:\/\/novice.si\/page\/wp-content\/uploads\/2023\/08\/ue-lucija.jpg","keywords":["lucija fer\u0161","upravna enota slovenske konjice"],"articleSection":["Aktualno","Konji\u0161ko"],"inLanguage":"sl-SI"},{"@type":"WebPage","@id":"https:\/\/novice.si\/page\/slovenske-konjice-med-cakanjem-na-novo-osebno-ogled-razstave\/","url":"https:\/\/novice.si\/page\/slovenske-konjice-med-cakanjem-na-novo-osebno-ogled-razstave\/","name":"Slovenske Konjice: Med \u010dakanjem na novo osebno ogled razstave - Novice.si","isPartOf":{"@id":"https:\/\/novice.si\/page\/#website"},"primaryImageOfPage":{"@id":"https:\/\/novice.si\/page\/slovenske-konjice-med-cakanjem-na-novo-osebno-ogled-razstave\/#primaryimage"},"image":{"@id":"https:\/\/novice.si\/page\/slovenske-konjice-med-cakanjem-na-novo-osebno-ogled-razstave\/#primaryimage"},"thumbnailUrl":"https:\/\/novice.si\/page\/wp-content\/uploads\/2023\/08\/ue-lucija.jpg","datePublished":"2023-08-27T16:29:12+00:00","breadcrumb":{"@id":"https:\/\/novice.si\/page\/slovenske-konjice-med-cakanjem-na-novo-osebno-ogled-razstave\/#breadcrumb"},"inLanguage":"sl-SI","potentialAction":[{"@type":"ReadAction","target":["https:\/\/novice.si\/page\/slovenske-konjice-med-cakanjem-na-novo-osebno-ogled-razstave\/"]}]},{"@type":"ImageObject","inLanguage":"sl-SI","@id":"https:\/\/novice.si\/page\/slovenske-konjice-med-cakanjem-na-novo-osebno-ogled-razstave\/#primaryimage","url":"https:\/\/novice.si\/page\/wp-content\/uploads\/2023\/08\/ue-lucija.jpg","contentUrl":"https:\/\/novice.si\/page\/wp-content\/uploads\/2023\/08\/ue-lucija.jpg","width":1024,"height":768},{"@type":"BreadcrumbList","@id":"https:\/\/novice.si\/page\/slovenske-konjice-med-cakanjem-na-novo-osebno-ogled-razstave\/#breadcrumb","itemListElement":[{"@type":"ListItem","position":1,"name":"Home","item":"https:\/\/novice.si\/page\/"},{"@type":"ListItem","position":2,"name":"Slovenske Konjice: Med \u010dakanjem na novo osebno ogled razstave"}]},{"@type":"WebSite","@id":"https:\/\/novice.si\/page\/#website","url":"https:\/\/novice.si\/page\/","name":"Novice.si","description":"","publisher":{"@id":"https:\/\/novice.si\/page\/#organization"},"potentialAction":[{"@type":"SearchAction","target":{"@type":"EntryPoint","urlTemplate":"https:\/\/novice.si\/page\/?s={search_term_string}"},"query-input":{"@type":"PropertyValueSpecification","valueRequired":true,"valueName":"search_term_string"}}],"inLanguage":"sl-SI"},{"@type":"Organization","@id":"https:\/\/novice.si\/page\/#organization","name":"Novice.si","url":"https:\/\/novice.si\/page\/","logo":{"@type":"ImageObject","inLanguage":"sl-SI","@id":"https:\/\/novice.si\/page\/#\/schema\/logo\/image\/","url":"https:\/\/novice.si\/page\/wp-content\/uploads\/2023\/03\/novice_si.png","contentUrl":"https:\/\/novice.si\/page\/wp-content\/uploads\/2023\/03\/novice_si.png","width":576,"height":200,"caption":"Novice.si"},"image":{"@id":"https:\/\/novice.si\/page\/#\/schema\/logo\/image\/"}},{"@type":"Person","@id":"https:\/\/novice.si\/page\/#\/schema\/person\/25f5278da029e7b6f1e1c5653d7152a6","name":"Uredni\u0161tvo Radia Rogla","image":{"@type":"ImageObject","inLanguage":"sl-SI","@id":"https:\/\/secure.gravatar.com\/avatar\/eade8259eacc27e89cb0948c57c4cbe46b0f16ea634156f167415ac94c5b03e3?s=96&d=mm&r=g","url":"https:\/\/secure.gravatar.com\/avatar\/eade8259eacc27e89cb0948c57c4cbe46b0f16ea634156f167415ac94c5b03e3?s=96&d=mm&r=g","contentUrl":"https:\/\/secure.gravatar.com\/avatar\/eade8259eacc27e89cb0948c57c4cbe46b0f16ea634156f167415ac94c5b03e3?s=96&d=mm&r=g","caption":"Uredni\u0161tvo Radia Rogla"},"url":"https:\/\/novice.si\/page\/author\/valerija\/"}]}},"_links":{"self":[{"href":"https:\/\/novice.si\/page\/wp-json\/wp\/v2\/posts\/166671","targetHints":{"allow":["GET"]}}],"collection":[{"href":"https:\/\/novice.si\/page\/wp-json\/wp\/v2\/posts"}],"about":[{"href":"https:\/\/novice.si\/page\/wp-json\/wp\/v2\/types\/post"}],"author":[{"embeddable":true,"href":"https:\/\/novice.si\/page\/wp-json\/wp\/v2\/users\/5"}],"replies":[{"embeddable":true,"href":"https:\/\/novice.si\/page\/wp-json\/wp\/v2\/comments?post=166671"}],"version-history":[{"count":1,"href":"https:\/\/novice.si\/page\/wp-json\/wp\/v2\/posts\/166671\/revisions"}],"predecessor-version":[{"id":166676,"href":"https:\/\/novice.si\/page\/wp-json\/wp\/v2\/posts\/166671\/revisions\/166676"}],"wp:featuredmedia":[{"embeddable":true,"href":"https:\/\/novice.si\/page\/wp-json\/wp\/v2\/media\/166675"}],"wp:attachment":[{"href":"https:\/\/novice.si\/page\/wp-json\/wp\/v2\/media?parent=166671"}],"wp:term":[{"taxonomy":"category","embeddable":true,"href":"https:\/\/novice.si\/page\/wp-json\/wp\/v2\/categories?post=166671"},{"taxonomy":"post_tag","embeddable":true,"href":"https:\/\/novice.si\/page\/wp-json\/wp\/v2\/tags?post=166671"}],"curies":[{"name":"wp","href":"https:\/\/api.w.org\/{rel}","templated":true}]}}