{"id":166607,"date":"2023-08-25T11:47:02","date_gmt":"2023-08-25T09:47:02","guid":{"rendered":"https:\/\/novice.si\/page\/?p=166607"},"modified":"2023-08-25T11:47:02","modified_gmt":"2023-08-25T09:47:02","slug":"celje-vladku-korzetu-zgolj-pogojna-kazen","status":"publish","type":"post","link":"https:\/\/novice.si\/page\/celje-vladku-korzetu-zgolj-pogojna-kazen\/","title":{"rendered":"CELJE Vladku Kor\u017eetu zgolj pogojna kazen"},"content":{"rendered":"<p>Z izrekom obsodbe se je na celjskem okro\u017enem sodi\u0161\u010du dopoldne kon\u010dalo sojenje 64-letnemu <strong>Vladku Kor\u017eetu<\/strong>.<\/p>\n<p>Sodnica <strong>Leonida Jager<\/strong> ga je spoznala za krivega, ker je pred letom dni v Brdcah pri Frankolovem z no\u017eem na njegovem dvori\u0161\u010du napadel soseda <strong>Martina Pu\u0161nika <\/strong>(dejanje je <img loading=\"lazy\" decoding=\"async\" class=\"wp-image-166609 alignleft\" src=\"https:\/\/novice.si\/page\/wp-content\/uploads\/2023\/08\/korze-sodba-1-600x328.jpg\" alt=\"\" width=\"404\" height=\"221\" srcset=\"https:\/\/novice.si\/page\/wp-content\/uploads\/2023\/08\/korze-sodba-1-600x328.jpg 600w, https:\/\/novice.si\/page\/wp-content\/uploads\/2023\/08\/korze-sodba-1-1024x559.jpg 1024w, https:\/\/novice.si\/page\/wp-content\/uploads\/2023\/08\/korze-sodba-1-768x419.jpg 768w, https:\/\/novice.si\/page\/wp-content\/uploads\/2023\/08\/korze-sodba-1-1536x838.jpg 1536w, https:\/\/novice.si\/page\/wp-content\/uploads\/2023\/08\/korze-sodba-1-696x380.jpg 696w, https:\/\/novice.si\/page\/wp-content\/uploads\/2023\/08\/korze-sodba-1-1068x583.jpg 1068w, https:\/\/novice.si\/page\/wp-content\/uploads\/2023\/08\/korze-sodba-1-769x420.jpg 769w, https:\/\/novice.si\/page\/wp-content\/uploads\/2023\/08\/korze-sodba-1-24x13.jpg 24w, https:\/\/novice.si\/page\/wp-content\/uploads\/2023\/08\/korze-sodba-1-36x20.jpg 36w, https:\/\/novice.si\/page\/wp-content\/uploads\/2023\/08\/korze-sodba-1-48x26.jpg 48w, https:\/\/novice.si\/page\/wp-content\/uploads\/2023\/08\/korze-sodba-1.jpg 1984w\" sizes=\"auto, (max-width: 404px) 100vw, 404px\" \/>bilo posledica dolgoletnih zemlji\u0161kih sporov), vendar je kaznivo dejanje iz poskusa uboja prekvalificirala v gro\u017enje.<\/p>\n<p>Kor\u017eetu je izrekla leto dni pogojnega zapora s preizkusno dobo treh let.<\/p>\n<p>Sodi\u0161\u010de je v veliki meri prikimalo zagovorniku <strong>Edvardu Ermencu<\/strong>, saj da ni mogo\u010de govoriti o naklepu, kajti obto\u017eeni ni imel namena ubijati. Takoj, ko je o\u0161kodovanca prestra\u0161il, se je ustavil, to pa je bil tudi njegov poglavitni namen. Pri raz\u010di\u0161\u010devanju okoli\u0161\u010din se je sodi\u0161\u010de prete\u017eno oprlo na posnetke nadzorne kamere z objekta o\u0161kodovanca.<\/p>\n<p>Kor\u017eeta je v razpravni dvorani spremljalo kak\u0161nih 20 podpornikov (na sliki), Pu\u0161nika se razglasitve ni udele\u017eil. Sodnica je Kor\u017eetu odpravila pripor in mu nalo\u017eila pla\u010dilo sodnih stro\u0161kov in izdatkov o\u0161kodovanca, le tega je s 3500 evri pravno premo\u017eenjskega zahtevka napotila na pravdo.<\/p>\n<p>Sodba \u0161e ni pravnomo\u010dno, pri\u010dakovati je prito\u017ebo to\u017eilstva, ki je zahtevalo pet let in dva meseca zapora.<\/p>\n<p>P\u0160<\/p>\n","protected":false},"excerpt":{"rendered":"<p>Z izrekom obsodbe se je na celjskem okro\u017enem sodi\u0161\u010du dopoldne kon\u010dalo sojenje 64-letnemu Vladku Kor\u017eetu. Sodnica Leonida Jager ga je spoznala za krivega, ker je pred letom dni v Brdcah pri Frankolovem z no\u017eem na njegovem dvori\u0161\u010du napadel soseda Martina Pu\u0161nika (dejanje je bilo posledica dolgoletnih zemlji\u0161kih sporov), vendar je kaznivo dejanje iz poskusa uboja [&hellip;]<\/p>\n","protected":false},"author":33,"featured_media":166608,"comment_status":"closed","ping_status":"closed","sticky":false,"template":"","format":"standard","meta":{"footnotes":""},"categories":[14,17,16,29],"tags":[3579,4454,14126,3451,17166],"class_list":{"0":"post-166607","1":"post","2":"type-post","3":"status-publish","4":"format-standard","5":"has-post-thumbnail","7":"category-aktualno","8":"category-celjsko","9":"category-konjisko","10":"category-kronika","11":"tag-edvard-ermenc","12":"tag-groznje","13":"tag-prekvalifikacija","14":"tag-sodba","15":"tag-vladko-korze"},"yoast_head":"<!-- This site is optimized with the Yoast SEO plugin v27.4 - https:\/\/yoast.com\/product\/yoast-seo-wordpress\/ -->\n<title>CELJE Vladku Kor\u017eetu zgolj pogojna kazen - Novice.si<\/title>\n<meta name=\"robots\" content=\"index, follow, max-snippet:-1, max-image-preview:large, max-video-preview:-1\" \/>\n<link rel=\"canonical\" href=\"https:\/\/novice.si\/page\/celje-vladku-korzetu-zgolj-pogojna-kazen\/\" \/>\n<meta property=\"og:locale\" content=\"sl_SI\" \/>\n<meta property=\"og:type\" content=\"article\" \/>\n<meta property=\"og:title\" content=\"CELJE Vladku Kor\u017eetu zgolj pogojna kazen - Novice.si\" \/>\n<meta property=\"og:description\" content=\"Z izrekom obsodbe se je na celjskem okro\u017enem sodi\u0161\u010du dopoldne kon\u010dalo sojenje 64-letnemu Vladku Kor\u017eetu. Sodnica Leonida Jager ga je spoznala za krivega, ker je pred letom dni v Brdcah pri Frankolovem z no\u017eem na njegovem dvori\u0161\u010du napadel soseda Martina Pu\u0161nika (dejanje je bilo posledica dolgoletnih zemlji\u0161kih sporov), vendar je kaznivo dejanje iz poskusa uboja [&hellip;]\" \/>\n<meta property=\"og:url\" content=\"https:\/\/novice.si\/page\/celje-vladku-korzetu-zgolj-pogojna-kazen\/\" \/>\n<meta property=\"og:site_name\" content=\"Novice.si\" \/>\n<meta property=\"article:published_time\" content=\"2023-08-25T09:47:02+00:00\" \/>\n<meta property=\"og:image\" content=\"https:\/\/novice.si\/page\/wp-content\/uploads\/2023\/08\/korze-sodba-3.jpg\" \/>\n\t<meta property=\"og:image:width\" content=\"922\" \/>\n\t<meta property=\"og:image:height\" content=\"883\" \/>\n\t<meta property=\"og:image:type\" content=\"image\/jpeg\" \/>\n<meta name=\"author\" content=\"Uredni\u0161tvo Celjana\" \/>\n<meta name=\"twitter:card\" content=\"summary_large_image\" \/>\n<meta name=\"twitter:label1\" content=\"Written by\" \/>\n\t<meta name=\"twitter:data1\" content=\"Uredni\u0161tvo Celjana\" \/>\n\t<meta name=\"twitter:label2\" content=\"Est. reading time\" \/>\n\t<meta name=\"twitter:data2\" content=\"2 minuti\" \/>\n<script type=\"application\/ld+json\" class=\"yoast-schema-graph\">{\"@context\":\"https:\\\/\\\/schema.org\",\"@graph\":[{\"@type\":\"Article\",\"@id\":\"https:\\\/\\\/novice.si\\\/page\\\/celje-vladku-korzetu-zgolj-pogojna-kazen\\\/#article\",\"isPartOf\":{\"@id\":\"https:\\\/\\\/novice.si\\\/page\\\/celje-vladku-korzetu-zgolj-pogojna-kazen\\\/\"},\"author\":{\"name\":\"Uredni\u0161tvo Celjana\",\"@id\":\"https:\\\/\\\/novice.si\\\/page\\\/#\\\/schema\\\/person\\\/57f25c9642a9541c7349c65d32032c3e\"},\"headline\":\"CELJE Vladku Kor\u017eetu zgolj pogojna kazen\",\"datePublished\":\"2023-08-25T09:47:02+00:00\",\"mainEntityOfPage\":{\"@id\":\"https:\\\/\\\/novice.si\\\/page\\\/celje-vladku-korzetu-zgolj-pogojna-kazen\\\/\"},\"wordCount\":223,\"publisher\":{\"@id\":\"https:\\\/\\\/novice.si\\\/page\\\/#organization\"},\"image\":{\"@id\":\"https:\\\/\\\/novice.si\\\/page\\\/celje-vladku-korzetu-zgolj-pogojna-kazen\\\/#primaryimage\"},\"thumbnailUrl\":\"https:\\\/\\\/novice.si\\\/page\\\/wp-content\\\/uploads\\\/2023\\\/08\\\/korze-sodba-3.jpg\",\"keywords\":[\"edvard ermenc\",\"gro\u017enje\",\"prekvalifikacija\",\"sodba\",\"Vladko Kor\u017ee\"],\"articleSection\":[\"Aktualno\",\"Celjsko\",\"Konji\u0161ko\",\"Kronika\"],\"inLanguage\":\"sl-SI\"},{\"@type\":\"WebPage\",\"@id\":\"https:\\\/\\\/novice.si\\\/page\\\/celje-vladku-korzetu-zgolj-pogojna-kazen\\\/\",\"url\":\"https:\\\/\\\/novice.si\\\/page\\\/celje-vladku-korzetu-zgolj-pogojna-kazen\\\/\",\"name\":\"CELJE Vladku Kor\u017eetu zgolj pogojna kazen - Novice.si\",\"isPartOf\":{\"@id\":\"https:\\\/\\\/novice.si\\\/page\\\/#website\"},\"primaryImageOfPage\":{\"@id\":\"https:\\\/\\\/novice.si\\\/page\\\/celje-vladku-korzetu-zgolj-pogojna-kazen\\\/#primaryimage\"},\"image\":{\"@id\":\"https:\\\/\\\/novice.si\\\/page\\\/celje-vladku-korzetu-zgolj-pogojna-kazen\\\/#primaryimage\"},\"thumbnailUrl\":\"https:\\\/\\\/novice.si\\\/page\\\/wp-content\\\/uploads\\\/2023\\\/08\\\/korze-sodba-3.jpg\",\"datePublished\":\"2023-08-25T09:47:02+00:00\",\"breadcrumb\":{\"@id\":\"https:\\\/\\\/novice.si\\\/page\\\/celje-vladku-korzetu-zgolj-pogojna-kazen\\\/#breadcrumb\"},\"inLanguage\":\"sl-SI\",\"potentialAction\":[{\"@type\":\"ReadAction\",\"target\":[\"https:\\\/\\\/novice.si\\\/page\\\/celje-vladku-korzetu-zgolj-pogojna-kazen\\\/\"]}]},{\"@type\":\"ImageObject\",\"inLanguage\":\"sl-SI\",\"@id\":\"https:\\\/\\\/novice.si\\\/page\\\/celje-vladku-korzetu-zgolj-pogojna-kazen\\\/#primaryimage\",\"url\":\"https:\\\/\\\/novice.si\\\/page\\\/wp-content\\\/uploads\\\/2023\\\/08\\\/korze-sodba-3.jpg\",\"contentUrl\":\"https:\\\/\\\/novice.si\\\/page\\\/wp-content\\\/uploads\\\/2023\\\/08\\\/korze-sodba-3.jpg\",\"width\":922,\"height\":883},{\"@type\":\"BreadcrumbList\",\"@id\":\"https:\\\/\\\/novice.si\\\/page\\\/celje-vladku-korzetu-zgolj-pogojna-kazen\\\/#breadcrumb\",\"itemListElement\":[{\"@type\":\"ListItem\",\"position\":1,\"name\":\"Home\",\"item\":\"https:\\\/\\\/novice.si\\\/page\\\/\"},{\"@type\":\"ListItem\",\"position\":2,\"name\":\"CELJE Vladku Kor\u017eetu zgolj pogojna kazen\"}]},{\"@type\":\"WebSite\",\"@id\":\"https:\\\/\\\/novice.si\\\/page\\\/#website\",\"url\":\"https:\\\/\\\/novice.si\\\/page\\\/\",\"name\":\"Novice.si\",\"description\":\"\",\"publisher\":{\"@id\":\"https:\\\/\\\/novice.si\\\/page\\\/#organization\"},\"potentialAction\":[{\"@type\":\"SearchAction\",\"target\":{\"@type\":\"EntryPoint\",\"urlTemplate\":\"https:\\\/\\\/novice.si\\\/page\\\/?s={search_term_string}\"},\"query-input\":{\"@type\":\"PropertyValueSpecification\",\"valueRequired\":true,\"valueName\":\"search_term_string\"}}],\"inLanguage\":\"sl-SI\"},{\"@type\":\"Organization\",\"@id\":\"https:\\\/\\\/novice.si\\\/page\\\/#organization\",\"name\":\"Novice.si\",\"url\":\"https:\\\/\\\/novice.si\\\/page\\\/\",\"logo\":{\"@type\":\"ImageObject\",\"inLanguage\":\"sl-SI\",\"@id\":\"https:\\\/\\\/novice.si\\\/page\\\/#\\\/schema\\\/logo\\\/image\\\/\",\"url\":\"https:\\\/\\\/novice.si\\\/page\\\/wp-content\\\/uploads\\\/2023\\\/03\\\/novice_si.png\",\"contentUrl\":\"https:\\\/\\\/novice.si\\\/page\\\/wp-content\\\/uploads\\\/2023\\\/03\\\/novice_si.png\",\"width\":576,\"height\":200,\"caption\":\"Novice.si\"},\"image\":{\"@id\":\"https:\\\/\\\/novice.si\\\/page\\\/#\\\/schema\\\/logo\\\/image\\\/\"}},{\"@type\":\"Person\",\"@id\":\"https:\\\/\\\/novice.si\\\/page\\\/#\\\/schema\\\/person\\\/57f25c9642a9541c7349c65d32032c3e\",\"name\":\"Uredni\u0161tvo Celjana\",\"image\":{\"@type\":\"ImageObject\",\"inLanguage\":\"sl-SI\",\"@id\":\"https:\\\/\\\/secure.gravatar.com\\\/avatar\\\/78e52bc4279b65f6df6345e0ef0f7b792d361361f230cf4ffecfe0afe6d5629c?s=96&d=mm&r=g\",\"url\":\"https:\\\/\\\/secure.gravatar.com\\\/avatar\\\/78e52bc4279b65f6df6345e0ef0f7b792d361361f230cf4ffecfe0afe6d5629c?s=96&d=mm&r=g\",\"contentUrl\":\"https:\\\/\\\/secure.gravatar.com\\\/avatar\\\/78e52bc4279b65f6df6345e0ef0f7b792d361361f230cf4ffecfe0afe6d5629c?s=96&d=mm&r=g\",\"caption\":\"Uredni\u0161tvo Celjana\"},\"url\":\"https:\\\/\\\/novice.si\\\/page\\\/author\\\/primoz\\\/\"}]}<\/script>\n<!-- \/ Yoast SEO plugin. -->","yoast_head_json":{"title":"CELJE Vladku Kor\u017eetu zgolj pogojna kazen - Novice.si","robots":{"index":"index","follow":"follow","max-snippet":"max-snippet:-1","max-image-preview":"max-image-preview:large","max-video-preview":"max-video-preview:-1"},"canonical":"https:\/\/novice.si\/page\/celje-vladku-korzetu-zgolj-pogojna-kazen\/","og_locale":"sl_SI","og_type":"article","og_title":"CELJE Vladku Kor\u017eetu zgolj pogojna kazen - Novice.si","og_description":"Z izrekom obsodbe se je na celjskem okro\u017enem sodi\u0161\u010du dopoldne kon\u010dalo sojenje 64-letnemu Vladku Kor\u017eetu. Sodnica Leonida Jager ga je spoznala za krivega, ker je pred letom dni v Brdcah pri Frankolovem z no\u017eem na njegovem dvori\u0161\u010du napadel soseda Martina Pu\u0161nika (dejanje je bilo posledica dolgoletnih zemlji\u0161kih sporov), vendar je kaznivo dejanje iz poskusa uboja [&hellip;]","og_url":"https:\/\/novice.si\/page\/celje-vladku-korzetu-zgolj-pogojna-kazen\/","og_site_name":"Novice.si","article_published_time":"2023-08-25T09:47:02+00:00","og_image":[{"width":922,"height":883,"url":"https:\/\/novice.si\/page\/wp-content\/uploads\/2023\/08\/korze-sodba-3.jpg","type":"image\/jpeg"}],"author":"Uredni\u0161tvo Celjana","twitter_card":"summary_large_image","twitter_misc":{"Written by":"Uredni\u0161tvo Celjana","Est. reading time":"2 minuti"},"schema":{"@context":"https:\/\/schema.org","@graph":[{"@type":"Article","@id":"https:\/\/novice.si\/page\/celje-vladku-korzetu-zgolj-pogojna-kazen\/#article","isPartOf":{"@id":"https:\/\/novice.si\/page\/celje-vladku-korzetu-zgolj-pogojna-kazen\/"},"author":{"name":"Uredni\u0161tvo Celjana","@id":"https:\/\/novice.si\/page\/#\/schema\/person\/57f25c9642a9541c7349c65d32032c3e"},"headline":"CELJE Vladku Kor\u017eetu zgolj pogojna kazen","datePublished":"2023-08-25T09:47:02+00:00","mainEntityOfPage":{"@id":"https:\/\/novice.si\/page\/celje-vladku-korzetu-zgolj-pogojna-kazen\/"},"wordCount":223,"publisher":{"@id":"https:\/\/novice.si\/page\/#organization"},"image":{"@id":"https:\/\/novice.si\/page\/celje-vladku-korzetu-zgolj-pogojna-kazen\/#primaryimage"},"thumbnailUrl":"https:\/\/novice.si\/page\/wp-content\/uploads\/2023\/08\/korze-sodba-3.jpg","keywords":["edvard ermenc","gro\u017enje","prekvalifikacija","sodba","Vladko Kor\u017ee"],"articleSection":["Aktualno","Celjsko","Konji\u0161ko","Kronika"],"inLanguage":"sl-SI"},{"@type":"WebPage","@id":"https:\/\/novice.si\/page\/celje-vladku-korzetu-zgolj-pogojna-kazen\/","url":"https:\/\/novice.si\/page\/celje-vladku-korzetu-zgolj-pogojna-kazen\/","name":"CELJE Vladku Kor\u017eetu zgolj pogojna kazen - Novice.si","isPartOf":{"@id":"https:\/\/novice.si\/page\/#website"},"primaryImageOfPage":{"@id":"https:\/\/novice.si\/page\/celje-vladku-korzetu-zgolj-pogojna-kazen\/#primaryimage"},"image":{"@id":"https:\/\/novice.si\/page\/celje-vladku-korzetu-zgolj-pogojna-kazen\/#primaryimage"},"thumbnailUrl":"https:\/\/novice.si\/page\/wp-content\/uploads\/2023\/08\/korze-sodba-3.jpg","datePublished":"2023-08-25T09:47:02+00:00","breadcrumb":{"@id":"https:\/\/novice.si\/page\/celje-vladku-korzetu-zgolj-pogojna-kazen\/#breadcrumb"},"inLanguage":"sl-SI","potentialAction":[{"@type":"ReadAction","target":["https:\/\/novice.si\/page\/celje-vladku-korzetu-zgolj-pogojna-kazen\/"]}]},{"@type":"ImageObject","inLanguage":"sl-SI","@id":"https:\/\/novice.si\/page\/celje-vladku-korzetu-zgolj-pogojna-kazen\/#primaryimage","url":"https:\/\/novice.si\/page\/wp-content\/uploads\/2023\/08\/korze-sodba-3.jpg","contentUrl":"https:\/\/novice.si\/page\/wp-content\/uploads\/2023\/08\/korze-sodba-3.jpg","width":922,"height":883},{"@type":"BreadcrumbList","@id":"https:\/\/novice.si\/page\/celje-vladku-korzetu-zgolj-pogojna-kazen\/#breadcrumb","itemListElement":[{"@type":"ListItem","position":1,"name":"Home","item":"https:\/\/novice.si\/page\/"},{"@type":"ListItem","position":2,"name":"CELJE Vladku Kor\u017eetu zgolj pogojna kazen"}]},{"@type":"WebSite","@id":"https:\/\/novice.si\/page\/#website","url":"https:\/\/novice.si\/page\/","name":"Novice.si","description":"","publisher":{"@id":"https:\/\/novice.si\/page\/#organization"},"potentialAction":[{"@type":"SearchAction","target":{"@type":"EntryPoint","urlTemplate":"https:\/\/novice.si\/page\/?s={search_term_string}"},"query-input":{"@type":"PropertyValueSpecification","valueRequired":true,"valueName":"search_term_string"}}],"inLanguage":"sl-SI"},{"@type":"Organization","@id":"https:\/\/novice.si\/page\/#organization","name":"Novice.si","url":"https:\/\/novice.si\/page\/","logo":{"@type":"ImageObject","inLanguage":"sl-SI","@id":"https:\/\/novice.si\/page\/#\/schema\/logo\/image\/","url":"https:\/\/novice.si\/page\/wp-content\/uploads\/2023\/03\/novice_si.png","contentUrl":"https:\/\/novice.si\/page\/wp-content\/uploads\/2023\/03\/novice_si.png","width":576,"height":200,"caption":"Novice.si"},"image":{"@id":"https:\/\/novice.si\/page\/#\/schema\/logo\/image\/"}},{"@type":"Person","@id":"https:\/\/novice.si\/page\/#\/schema\/person\/57f25c9642a9541c7349c65d32032c3e","name":"Uredni\u0161tvo Celjana","image":{"@type":"ImageObject","inLanguage":"sl-SI","@id":"https:\/\/secure.gravatar.com\/avatar\/78e52bc4279b65f6df6345e0ef0f7b792d361361f230cf4ffecfe0afe6d5629c?s=96&d=mm&r=g","url":"https:\/\/secure.gravatar.com\/avatar\/78e52bc4279b65f6df6345e0ef0f7b792d361361f230cf4ffecfe0afe6d5629c?s=96&d=mm&r=g","contentUrl":"https:\/\/secure.gravatar.com\/avatar\/78e52bc4279b65f6df6345e0ef0f7b792d361361f230cf4ffecfe0afe6d5629c?s=96&d=mm&r=g","caption":"Uredni\u0161tvo Celjana"},"url":"https:\/\/novice.si\/page\/author\/primoz\/"}]}},"_links":{"self":[{"href":"https:\/\/novice.si\/page\/wp-json\/wp\/v2\/posts\/166607","targetHints":{"allow":["GET"]}}],"collection":[{"href":"https:\/\/novice.si\/page\/wp-json\/wp\/v2\/posts"}],"about":[{"href":"https:\/\/novice.si\/page\/wp-json\/wp\/v2\/types\/post"}],"author":[{"embeddable":true,"href":"https:\/\/novice.si\/page\/wp-json\/wp\/v2\/users\/33"}],"replies":[{"embeddable":true,"href":"https:\/\/novice.si\/page\/wp-json\/wp\/v2\/comments?post=166607"}],"version-history":[{"count":1,"href":"https:\/\/novice.si\/page\/wp-json\/wp\/v2\/posts\/166607\/revisions"}],"predecessor-version":[{"id":166610,"href":"https:\/\/novice.si\/page\/wp-json\/wp\/v2\/posts\/166607\/revisions\/166610"}],"wp:featuredmedia":[{"embeddable":true,"href":"https:\/\/novice.si\/page\/wp-json\/wp\/v2\/media\/166608"}],"wp:attachment":[{"href":"https:\/\/novice.si\/page\/wp-json\/wp\/v2\/media?parent=166607"}],"wp:term":[{"taxonomy":"category","embeddable":true,"href":"https:\/\/novice.si\/page\/wp-json\/wp\/v2\/categories?post=166607"},{"taxonomy":"post_tag","embeddable":true,"href":"https:\/\/novice.si\/page\/wp-json\/wp\/v2\/tags?post=166607"}],"curies":[{"name":"wp","href":"https:\/\/api.w.org\/{rel}","templated":true}]}}