{"id":166599,"date":"2023-08-24T14:09:54","date_gmt":"2023-08-24T12:09:54","guid":{"rendered":"https:\/\/novice.si\/page\/?p=166599"},"modified":"2023-08-24T14:11:19","modified_gmt":"2023-08-24T12:11:19","slug":"celje-vinku-poharju-deset-namesto-sedem-let-zapora","status":"publish","type":"post","link":"https:\/\/novice.si\/page\/celje-vinku-poharju-deset-namesto-sedem-let-zapora\/","title":{"rendered":"CELJE Vinku Poharju deset namesto sedem let zapora"},"content":{"rendered":"<p>Celjsko vi\u0161je sodi\u0161\u010de je spremenilo sodbo prvostopenjskega, ki je 65-letnega <strong>Vinka Poharja<\/strong> v za\u010detku marca zaradi poskusa uboja sostanovalca v domu starej\u0161ih ob\u010danov v <img loading=\"lazy\" decoding=\"async\" class=\"size-medium wp-image-149919 alignleft\" src=\"https:\/\/novice.si\/page\/wp-content\/uploads\/2022\/05\/Vinko-Pohar-300x225.jpg\" alt=\"\" width=\"300\" height=\"225\" srcset=\"https:\/\/novice.si\/page\/wp-content\/uploads\/2022\/05\/Vinko-Pohar-300x225.jpg 300w, https:\/\/novice.si\/page\/wp-content\/uploads\/2022\/05\/Vinko-Pohar-1024x768.jpg 1024w, https:\/\/novice.si\/page\/wp-content\/uploads\/2022\/05\/Vinko-Pohar-768x576.jpg 768w, https:\/\/novice.si\/page\/wp-content\/uploads\/2022\/05\/Vinko-Pohar-1536x1152.jpg 1536w, https:\/\/novice.si\/page\/wp-content\/uploads\/2022\/05\/Vinko-Pohar-2048x1536.jpg 2048w, https:\/\/novice.si\/page\/wp-content\/uploads\/2022\/05\/Vinko-Pohar-80x60.jpg 80w, https:\/\/novice.si\/page\/wp-content\/uploads\/2022\/05\/Vinko-Pohar-265x198.jpg 265w, https:\/\/novice.si\/page\/wp-content\/uploads\/2022\/05\/Vinko-Pohar-696x522.jpg 696w, https:\/\/novice.si\/page\/wp-content\/uploads\/2022\/05\/Vinko-Pohar-1068x801.jpg 1068w, https:\/\/novice.si\/page\/wp-content\/uploads\/2022\/05\/Vinko-Pohar-560x420.jpg 560w, https:\/\/novice.si\/page\/wp-content\/uploads\/2022\/05\/Vinko-Pohar-24x18.jpg 24w, https:\/\/novice.si\/page\/wp-content\/uploads\/2022\/05\/Vinko-Pohar-36x27.jpg 36w, https:\/\/novice.si\/page\/wp-content\/uploads\/2022\/05\/Vinko-Pohar-48x36.jpg 48w\" sizes=\"auto, (max-width: 300px) 100vw, 300px\" \/>za\u010detku lanskega leta v Preboldu obsodilo na sedem let zapora.<\/p>\n<p>Kazen so mu zvi\u0161ali na deset let zapora, v poskus umora pa so spremenili so tudi obto\u017ebeni \u010dlen. Pohar je <strong>Sre\u010dka Hladina<\/strong>, ki je takrat spal, zabodel s preklopnim no\u017eem, vendar se je o\u0161kodovancu uspelo re\u0161iti in se zate\u010di po pomo\u010d.<\/p>\n<p>Pohar je v zagovoru poudarjal, da je bil napaden in da se je branil. Njegovemu opisu dogodka sodnica <strong>Ingrid Le\u0161nik<\/strong> sicer ni verjela, ob razglasitvi sodbe pa je dejala, da mora storilec pri umoru zlorabiti zaupanje \u017ertve, zaupanja pa med vpletenima, ki imata dolgo zgodovino sporov in nesoglasij, ni moglo biti. Trbovelj\u010dan po njenem ni imel na\u010drta za napad in \u017ertve predhodno ni onesposobil.<\/p>\n<p>Sodba je zdaj pravnomo\u010dna.<\/p>\n<p>P\u0160<\/p>\n","protected":false},"excerpt":{"rendered":"<p>Celjsko vi\u0161je sodi\u0161\u010de je spremenilo sodbo prvostopenjskega, ki je 65-letnega Vinka Poharja v za\u010detku marca zaradi poskusa uboja sostanovalca v domu starej\u0161ih ob\u010danov v za\u010detku lanskega leta v Preboldu obsodilo na sedem let zapora. Kazen so mu zvi\u0161ali na deset let zapora, v poskus umora pa so spremenili so tudi obto\u017ebeni \u010dlen. Pohar je Sre\u010dka [&hellip;]<\/p>\n","protected":false},"author":33,"featured_media":158222,"comment_status":"closed","ping_status":"closed","sticky":false,"template":"","format":"standard","meta":{"footnotes":""},"categories":[14,17,29],"tags":[18560,3846,1821,356,14927,3892],"class_list":{"0":"post-166599","1":"post","2":"type-post","3":"status-publish","4":"format-standard","5":"has-post-thumbnail","7":"category-aktualno","8":"category-celjsko","9":"category-kronika","10":"tag-ingrid-lesnikl","11":"tag-poskus-uboja","12":"tag-poskus-umora","13":"tag-sojenje","14":"tag-vinko-pohar","15":"tag-visje-sodisce"},"yoast_head":"<!-- This site is optimized with the Yoast SEO plugin v27.4 - https:\/\/yoast.com\/product\/yoast-seo-wordpress\/ -->\n<title>CELJE Vinku Poharju deset namesto sedem let zapora - Novice.si<\/title>\n<meta name=\"robots\" content=\"index, follow, max-snippet:-1, max-image-preview:large, max-video-preview:-1\" \/>\n<link rel=\"canonical\" href=\"https:\/\/novice.si\/page\/celje-vinku-poharju-deset-namesto-sedem-let-zapora\/\" \/>\n<meta property=\"og:locale\" content=\"sl_SI\" \/>\n<meta property=\"og:type\" content=\"article\" \/>\n<meta property=\"og:title\" content=\"CELJE Vinku Poharju deset namesto sedem let zapora - Novice.si\" \/>\n<meta property=\"og:description\" content=\"Celjsko vi\u0161je sodi\u0161\u010de je spremenilo sodbo prvostopenjskega, ki je 65-letnega Vinka Poharja v za\u010detku marca zaradi poskusa uboja sostanovalca v domu starej\u0161ih ob\u010danov v za\u010detku lanskega leta v Preboldu obsodilo na sedem let zapora. Kazen so mu zvi\u0161ali na deset let zapora, v poskus umora pa so spremenili so tudi obto\u017ebeni \u010dlen. Pohar je Sre\u010dka [&hellip;]\" \/>\n<meta property=\"og:url\" content=\"https:\/\/novice.si\/page\/celje-vinku-poharju-deset-namesto-sedem-let-zapora\/\" \/>\n<meta property=\"og:site_name\" content=\"Novice.si\" \/>\n<meta property=\"article:published_time\" content=\"2023-08-24T12:09:54+00:00\" \/>\n<meta property=\"article:modified_time\" content=\"2023-08-24T12:11:19+00:00\" \/>\n<meta property=\"og:image\" content=\"https:\/\/novice.si\/page\/wp-content\/uploads\/2022\/12\/pohar-dec22-scaled.jpg\" \/>\n\t<meta property=\"og:image:width\" content=\"2560\" \/>\n\t<meta property=\"og:image:height\" content=\"1920\" \/>\n\t<meta property=\"og:image:type\" content=\"image\/jpeg\" \/>\n<meta name=\"author\" content=\"Uredni\u0161tvo Celjana\" \/>\n<meta name=\"twitter:card\" content=\"summary_large_image\" \/>\n<meta name=\"twitter:label1\" content=\"Written by\" \/>\n\t<meta name=\"twitter:data1\" content=\"Uredni\u0161tvo Celjana\" \/>\n\t<meta name=\"twitter:label2\" content=\"Est. reading time\" \/>\n\t<meta name=\"twitter:data2\" content=\"1 minuta\" \/>\n<script type=\"application\/ld+json\" class=\"yoast-schema-graph\">{\"@context\":\"https:\\\/\\\/schema.org\",\"@graph\":[{\"@type\":\"Article\",\"@id\":\"https:\\\/\\\/novice.si\\\/page\\\/celje-vinku-poharju-deset-namesto-sedem-let-zapora\\\/#article\",\"isPartOf\":{\"@id\":\"https:\\\/\\\/novice.si\\\/page\\\/celje-vinku-poharju-deset-namesto-sedem-let-zapora\\\/\"},\"author\":{\"name\":\"Uredni\u0161tvo Celjana\",\"@id\":\"https:\\\/\\\/novice.si\\\/page\\\/#\\\/schema\\\/person\\\/57f25c9642a9541c7349c65d32032c3e\"},\"headline\":\"CELJE Vinku Poharju deset namesto sedem let zapora\",\"datePublished\":\"2023-08-24T12:09:54+00:00\",\"dateModified\":\"2023-08-24T12:11:19+00:00\",\"mainEntityOfPage\":{\"@id\":\"https:\\\/\\\/novice.si\\\/page\\\/celje-vinku-poharju-deset-namesto-sedem-let-zapora\\\/\"},\"wordCount\":169,\"publisher\":{\"@id\":\"https:\\\/\\\/novice.si\\\/page\\\/#organization\"},\"image\":{\"@id\":\"https:\\\/\\\/novice.si\\\/page\\\/celje-vinku-poharju-deset-namesto-sedem-let-zapora\\\/#primaryimage\"},\"thumbnailUrl\":\"https:\\\/\\\/novice.si\\\/page\\\/wp-content\\\/uploads\\\/2022\\\/12\\\/pohar-dec22-scaled.jpg\",\"keywords\":[\"ingrid le\u0161nikl\",\"poskus uboja\",\"poskus umora\",\"sojenje\",\"Vinko Pohar\",\"vi\u0161je sodi\u0161\u010de\"],\"articleSection\":[\"Aktualno\",\"Celjsko\",\"Kronika\"],\"inLanguage\":\"sl-SI\"},{\"@type\":\"WebPage\",\"@id\":\"https:\\\/\\\/novice.si\\\/page\\\/celje-vinku-poharju-deset-namesto-sedem-let-zapora\\\/\",\"url\":\"https:\\\/\\\/novice.si\\\/page\\\/celje-vinku-poharju-deset-namesto-sedem-let-zapora\\\/\",\"name\":\"CELJE Vinku Poharju deset namesto sedem let zapora - Novice.si\",\"isPartOf\":{\"@id\":\"https:\\\/\\\/novice.si\\\/page\\\/#website\"},\"primaryImageOfPage\":{\"@id\":\"https:\\\/\\\/novice.si\\\/page\\\/celje-vinku-poharju-deset-namesto-sedem-let-zapora\\\/#primaryimage\"},\"image\":{\"@id\":\"https:\\\/\\\/novice.si\\\/page\\\/celje-vinku-poharju-deset-namesto-sedem-let-zapora\\\/#primaryimage\"},\"thumbnailUrl\":\"https:\\\/\\\/novice.si\\\/page\\\/wp-content\\\/uploads\\\/2022\\\/12\\\/pohar-dec22-scaled.jpg\",\"datePublished\":\"2023-08-24T12:09:54+00:00\",\"dateModified\":\"2023-08-24T12:11:19+00:00\",\"breadcrumb\":{\"@id\":\"https:\\\/\\\/novice.si\\\/page\\\/celje-vinku-poharju-deset-namesto-sedem-let-zapora\\\/#breadcrumb\"},\"inLanguage\":\"sl-SI\",\"potentialAction\":[{\"@type\":\"ReadAction\",\"target\":[\"https:\\\/\\\/novice.si\\\/page\\\/celje-vinku-poharju-deset-namesto-sedem-let-zapora\\\/\"]}]},{\"@type\":\"ImageObject\",\"inLanguage\":\"sl-SI\",\"@id\":\"https:\\\/\\\/novice.si\\\/page\\\/celje-vinku-poharju-deset-namesto-sedem-let-zapora\\\/#primaryimage\",\"url\":\"https:\\\/\\\/novice.si\\\/page\\\/wp-content\\\/uploads\\\/2022\\\/12\\\/pohar-dec22-scaled.jpg\",\"contentUrl\":\"https:\\\/\\\/novice.si\\\/page\\\/wp-content\\\/uploads\\\/2022\\\/12\\\/pohar-dec22-scaled.jpg\",\"width\":2560,\"height\":1920},{\"@type\":\"BreadcrumbList\",\"@id\":\"https:\\\/\\\/novice.si\\\/page\\\/celje-vinku-poharju-deset-namesto-sedem-let-zapora\\\/#breadcrumb\",\"itemListElement\":[{\"@type\":\"ListItem\",\"position\":1,\"name\":\"Home\",\"item\":\"https:\\\/\\\/novice.si\\\/page\\\/\"},{\"@type\":\"ListItem\",\"position\":2,\"name\":\"CELJE Vinku Poharju deset namesto sedem let zapora\"}]},{\"@type\":\"WebSite\",\"@id\":\"https:\\\/\\\/novice.si\\\/page\\\/#website\",\"url\":\"https:\\\/\\\/novice.si\\\/page\\\/\",\"name\":\"Novice.si\",\"description\":\"\",\"publisher\":{\"@id\":\"https:\\\/\\\/novice.si\\\/page\\\/#organization\"},\"potentialAction\":[{\"@type\":\"SearchAction\",\"target\":{\"@type\":\"EntryPoint\",\"urlTemplate\":\"https:\\\/\\\/novice.si\\\/page\\\/?s={search_term_string}\"},\"query-input\":{\"@type\":\"PropertyValueSpecification\",\"valueRequired\":true,\"valueName\":\"search_term_string\"}}],\"inLanguage\":\"sl-SI\"},{\"@type\":\"Organization\",\"@id\":\"https:\\\/\\\/novice.si\\\/page\\\/#organization\",\"name\":\"Novice.si\",\"url\":\"https:\\\/\\\/novice.si\\\/page\\\/\",\"logo\":{\"@type\":\"ImageObject\",\"inLanguage\":\"sl-SI\",\"@id\":\"https:\\\/\\\/novice.si\\\/page\\\/#\\\/schema\\\/logo\\\/image\\\/\",\"url\":\"https:\\\/\\\/novice.si\\\/page\\\/wp-content\\\/uploads\\\/2023\\\/03\\\/novice_si.png\",\"contentUrl\":\"https:\\\/\\\/novice.si\\\/page\\\/wp-content\\\/uploads\\\/2023\\\/03\\\/novice_si.png\",\"width\":576,\"height\":200,\"caption\":\"Novice.si\"},\"image\":{\"@id\":\"https:\\\/\\\/novice.si\\\/page\\\/#\\\/schema\\\/logo\\\/image\\\/\"}},{\"@type\":\"Person\",\"@id\":\"https:\\\/\\\/novice.si\\\/page\\\/#\\\/schema\\\/person\\\/57f25c9642a9541c7349c65d32032c3e\",\"name\":\"Uredni\u0161tvo Celjana\",\"image\":{\"@type\":\"ImageObject\",\"inLanguage\":\"sl-SI\",\"@id\":\"https:\\\/\\\/secure.gravatar.com\\\/avatar\\\/78e52bc4279b65f6df6345e0ef0f7b792d361361f230cf4ffecfe0afe6d5629c?s=96&d=mm&r=g\",\"url\":\"https:\\\/\\\/secure.gravatar.com\\\/avatar\\\/78e52bc4279b65f6df6345e0ef0f7b792d361361f230cf4ffecfe0afe6d5629c?s=96&d=mm&r=g\",\"contentUrl\":\"https:\\\/\\\/secure.gravatar.com\\\/avatar\\\/78e52bc4279b65f6df6345e0ef0f7b792d361361f230cf4ffecfe0afe6d5629c?s=96&d=mm&r=g\",\"caption\":\"Uredni\u0161tvo Celjana\"},\"url\":\"https:\\\/\\\/novice.si\\\/page\\\/author\\\/primoz\\\/\"}]}<\/script>\n<!-- \/ Yoast SEO plugin. -->","yoast_head_json":{"title":"CELJE Vinku Poharju deset namesto sedem let zapora - Novice.si","robots":{"index":"index","follow":"follow","max-snippet":"max-snippet:-1","max-image-preview":"max-image-preview:large","max-video-preview":"max-video-preview:-1"},"canonical":"https:\/\/novice.si\/page\/celje-vinku-poharju-deset-namesto-sedem-let-zapora\/","og_locale":"sl_SI","og_type":"article","og_title":"CELJE Vinku Poharju deset namesto sedem let zapora - Novice.si","og_description":"Celjsko vi\u0161je sodi\u0161\u010de je spremenilo sodbo prvostopenjskega, ki je 65-letnega Vinka Poharja v za\u010detku marca zaradi poskusa uboja sostanovalca v domu starej\u0161ih ob\u010danov v za\u010detku lanskega leta v Preboldu obsodilo na sedem let zapora. Kazen so mu zvi\u0161ali na deset let zapora, v poskus umora pa so spremenili so tudi obto\u017ebeni \u010dlen. Pohar je Sre\u010dka [&hellip;]","og_url":"https:\/\/novice.si\/page\/celje-vinku-poharju-deset-namesto-sedem-let-zapora\/","og_site_name":"Novice.si","article_published_time":"2023-08-24T12:09:54+00:00","article_modified_time":"2023-08-24T12:11:19+00:00","og_image":[{"width":2560,"height":1920,"url":"https:\/\/novice.si\/page\/wp-content\/uploads\/2022\/12\/pohar-dec22-scaled.jpg","type":"image\/jpeg"}],"author":"Uredni\u0161tvo Celjana","twitter_card":"summary_large_image","twitter_misc":{"Written by":"Uredni\u0161tvo Celjana","Est. reading time":"1 minuta"},"schema":{"@context":"https:\/\/schema.org","@graph":[{"@type":"Article","@id":"https:\/\/novice.si\/page\/celje-vinku-poharju-deset-namesto-sedem-let-zapora\/#article","isPartOf":{"@id":"https:\/\/novice.si\/page\/celje-vinku-poharju-deset-namesto-sedem-let-zapora\/"},"author":{"name":"Uredni\u0161tvo Celjana","@id":"https:\/\/novice.si\/page\/#\/schema\/person\/57f25c9642a9541c7349c65d32032c3e"},"headline":"CELJE Vinku Poharju deset namesto sedem let zapora","datePublished":"2023-08-24T12:09:54+00:00","dateModified":"2023-08-24T12:11:19+00:00","mainEntityOfPage":{"@id":"https:\/\/novice.si\/page\/celje-vinku-poharju-deset-namesto-sedem-let-zapora\/"},"wordCount":169,"publisher":{"@id":"https:\/\/novice.si\/page\/#organization"},"image":{"@id":"https:\/\/novice.si\/page\/celje-vinku-poharju-deset-namesto-sedem-let-zapora\/#primaryimage"},"thumbnailUrl":"https:\/\/novice.si\/page\/wp-content\/uploads\/2022\/12\/pohar-dec22-scaled.jpg","keywords":["ingrid le\u0161nikl","poskus uboja","poskus umora","sojenje","Vinko Pohar","vi\u0161je sodi\u0161\u010de"],"articleSection":["Aktualno","Celjsko","Kronika"],"inLanguage":"sl-SI"},{"@type":"WebPage","@id":"https:\/\/novice.si\/page\/celje-vinku-poharju-deset-namesto-sedem-let-zapora\/","url":"https:\/\/novice.si\/page\/celje-vinku-poharju-deset-namesto-sedem-let-zapora\/","name":"CELJE Vinku Poharju deset namesto sedem let zapora - Novice.si","isPartOf":{"@id":"https:\/\/novice.si\/page\/#website"},"primaryImageOfPage":{"@id":"https:\/\/novice.si\/page\/celje-vinku-poharju-deset-namesto-sedem-let-zapora\/#primaryimage"},"image":{"@id":"https:\/\/novice.si\/page\/celje-vinku-poharju-deset-namesto-sedem-let-zapora\/#primaryimage"},"thumbnailUrl":"https:\/\/novice.si\/page\/wp-content\/uploads\/2022\/12\/pohar-dec22-scaled.jpg","datePublished":"2023-08-24T12:09:54+00:00","dateModified":"2023-08-24T12:11:19+00:00","breadcrumb":{"@id":"https:\/\/novice.si\/page\/celje-vinku-poharju-deset-namesto-sedem-let-zapora\/#breadcrumb"},"inLanguage":"sl-SI","potentialAction":[{"@type":"ReadAction","target":["https:\/\/novice.si\/page\/celje-vinku-poharju-deset-namesto-sedem-let-zapora\/"]}]},{"@type":"ImageObject","inLanguage":"sl-SI","@id":"https:\/\/novice.si\/page\/celje-vinku-poharju-deset-namesto-sedem-let-zapora\/#primaryimage","url":"https:\/\/novice.si\/page\/wp-content\/uploads\/2022\/12\/pohar-dec22-scaled.jpg","contentUrl":"https:\/\/novice.si\/page\/wp-content\/uploads\/2022\/12\/pohar-dec22-scaled.jpg","width":2560,"height":1920},{"@type":"BreadcrumbList","@id":"https:\/\/novice.si\/page\/celje-vinku-poharju-deset-namesto-sedem-let-zapora\/#breadcrumb","itemListElement":[{"@type":"ListItem","position":1,"name":"Home","item":"https:\/\/novice.si\/page\/"},{"@type":"ListItem","position":2,"name":"CELJE Vinku Poharju deset namesto sedem let zapora"}]},{"@type":"WebSite","@id":"https:\/\/novice.si\/page\/#website","url":"https:\/\/novice.si\/page\/","name":"Novice.si","description":"","publisher":{"@id":"https:\/\/novice.si\/page\/#organization"},"potentialAction":[{"@type":"SearchAction","target":{"@type":"EntryPoint","urlTemplate":"https:\/\/novice.si\/page\/?s={search_term_string}"},"query-input":{"@type":"PropertyValueSpecification","valueRequired":true,"valueName":"search_term_string"}}],"inLanguage":"sl-SI"},{"@type":"Organization","@id":"https:\/\/novice.si\/page\/#organization","name":"Novice.si","url":"https:\/\/novice.si\/page\/","logo":{"@type":"ImageObject","inLanguage":"sl-SI","@id":"https:\/\/novice.si\/page\/#\/schema\/logo\/image\/","url":"https:\/\/novice.si\/page\/wp-content\/uploads\/2023\/03\/novice_si.png","contentUrl":"https:\/\/novice.si\/page\/wp-content\/uploads\/2023\/03\/novice_si.png","width":576,"height":200,"caption":"Novice.si"},"image":{"@id":"https:\/\/novice.si\/page\/#\/schema\/logo\/image\/"}},{"@type":"Person","@id":"https:\/\/novice.si\/page\/#\/schema\/person\/57f25c9642a9541c7349c65d32032c3e","name":"Uredni\u0161tvo Celjana","image":{"@type":"ImageObject","inLanguage":"sl-SI","@id":"https:\/\/secure.gravatar.com\/avatar\/78e52bc4279b65f6df6345e0ef0f7b792d361361f230cf4ffecfe0afe6d5629c?s=96&d=mm&r=g","url":"https:\/\/secure.gravatar.com\/avatar\/78e52bc4279b65f6df6345e0ef0f7b792d361361f230cf4ffecfe0afe6d5629c?s=96&d=mm&r=g","contentUrl":"https:\/\/secure.gravatar.com\/avatar\/78e52bc4279b65f6df6345e0ef0f7b792d361361f230cf4ffecfe0afe6d5629c?s=96&d=mm&r=g","caption":"Uredni\u0161tvo Celjana"},"url":"https:\/\/novice.si\/page\/author\/primoz\/"}]}},"_links":{"self":[{"href":"https:\/\/novice.si\/page\/wp-json\/wp\/v2\/posts\/166599","targetHints":{"allow":["GET"]}}],"collection":[{"href":"https:\/\/novice.si\/page\/wp-json\/wp\/v2\/posts"}],"about":[{"href":"https:\/\/novice.si\/page\/wp-json\/wp\/v2\/types\/post"}],"author":[{"embeddable":true,"href":"https:\/\/novice.si\/page\/wp-json\/wp\/v2\/users\/33"}],"replies":[{"embeddable":true,"href":"https:\/\/novice.si\/page\/wp-json\/wp\/v2\/comments?post=166599"}],"version-history":[{"count":1,"href":"https:\/\/novice.si\/page\/wp-json\/wp\/v2\/posts\/166599\/revisions"}],"predecessor-version":[{"id":166600,"href":"https:\/\/novice.si\/page\/wp-json\/wp\/v2\/posts\/166599\/revisions\/166600"}],"wp:featuredmedia":[{"embeddable":true,"href":"https:\/\/novice.si\/page\/wp-json\/wp\/v2\/media\/158222"}],"wp:attachment":[{"href":"https:\/\/novice.si\/page\/wp-json\/wp\/v2\/media?parent=166599"}],"wp:term":[{"taxonomy":"category","embeddable":true,"href":"https:\/\/novice.si\/page\/wp-json\/wp\/v2\/categories?post=166599"},{"taxonomy":"post_tag","embeddable":true,"href":"https:\/\/novice.si\/page\/wp-json\/wp\/v2\/tags?post=166599"}],"curies":[{"name":"wp","href":"https:\/\/api.w.org\/{rel}","templated":true}]}}