{"id":166591,"date":"2023-08-24T12:02:45","date_gmt":"2023-08-24T10:02:45","guid":{"rendered":"https:\/\/novice.si\/page\/?p=166591"},"modified":"2023-08-24T12:02:45","modified_gmt":"2023-08-24T10:02:45","slug":"na-treh-kraljih-se-zacenja-festival-roots-in-the-woods","status":"publish","type":"post","link":"https:\/\/novice.si\/page\/na-treh-kraljih-se-zacenja-festival-roots-in-the-woods\/","title":{"rendered":"Na Treh kraljih se za\u010denja Festival Roots in the Woods"},"content":{"rendered":"<p>Na Treh kraljih se danes za\u010denja festival reggae in dub glasbe, Roots in the Woods.<br \/>\nTridnevni festival zdru\u017euje neokrnjeno naravo, vrsto nadarjenih glasbenikov, umetni\u0161ke instalacije, delavnice in druge aktivnosti. \u00bbNamenjen je vsem, ki jih v \u017eivljenju kaj pomeni mir, ljubezen, toleranca do vseh druga\u010dnih in spo\u0161tovanje drug do drugega,\u00ab pravi <strong>Andra\u017e Skerbinek<\/strong> iz zre\u0161kega KUD Kladivo 11.<\/p>\n<p>Pestro bo; do sobote se bo predstavilo pribli\u017eno 40 nastopajo\u010dih &#8211; dj-jev, pevcev in igralcev instrumentov, selektorjev, pripravljajo tudi delavnice in\u00a0 5 zvo\u010dnih sistemov. Koncerti bodo potekali na dveh odrih. V petek (ob 17ih) prideta tudi <strong>Tomo Kri\u017enar in Bojana Pivk Kri\u017enar,<\/strong> predstavila bosta njun dokumentarni film Trohnenje 2022 ter izku\u0161nje, ki sta jih bila zadnjih nekaj let dele\u017ena med gobavci v Sudanu. Pa tudi kampanjo za zdravila v Evropi in Svetovni zdravstveni organizaciji.<\/p>\n\r\n                <style type=\"text\/css\">\r\n                    \r\n                    #tdi_1  .td-doubleSlider-2 .td-item1 {\r\n                        background: url(https:\/\/novice.si\/page\/wp-content\/uploads\/2023\/08\/Roots-11_resize-80x60.jpg) 0 0 no-repeat;\r\n                    }\r\n                    #tdi_1  .td-doubleSlider-2 .td-item2 {\r\n                        background: url(https:\/\/novice.si\/page\/wp-content\/uploads\/2023\/08\/Roots-31_resize-80x60.jpg) 0 0 no-repeat;\r\n                    }\r\n                    #tdi_1  .td-doubleSlider-2 .td-item3 {\r\n                        background: url(https:\/\/novice.si\/page\/wp-content\/uploads\/2023\/08\/Roots-41_resize-80x60.jpg) 0 0 no-repeat;\r\n                    }\r\n                    #tdi_1  .td-doubleSlider-2 .td-item4 {\r\n                        background: url(https:\/\/novice.si\/page\/wp-content\/uploads\/2023\/08\/Roots-61_resize-80x60.jpg) 0 0 no-repeat;\r\n                    }\r\n                    #tdi_1  .td-doubleSlider-2 .td-item5 {\r\n                        background: url(https:\/\/novice.si\/page\/wp-content\/uploads\/2023\/08\/Roots-311_resize-80x60.jpg) 0 0 no-repeat;\r\n                    }\r\n                <\/style>\r\n\r\n                <div id=\"tdi_1\" class=\"td-gallery td-slide-on-2-columns\">\r\n                    <div class=\"post_td_gallery\">\r\n                        <div class=\"td-gallery-slide-top\">\r\n                           <div class=\"td-gallery-title\"><\/div>\r\n\r\n                            <div class=\"td-gallery-controls-wrapper\">\r\n                                <div class=\"td-gallery-slide-count\"><span class=\"td-gallery-slide-item-focus\">1<\/span> od 5<\/div>\r\n                                <div class=\"td-gallery-slide-prev-next-but\">\r\n                                    <i class = \"td-icon-left doubleSliderPrevButton\"><\/i>\r\n                                    <i class = \"td-icon-right doubleSliderNextButton\"><\/i>\r\n                                <\/div>\r\n                            <\/div>\r\n                        <\/div>\r\n\r\n                        <div class = \"td-doubleSlider-1 \">\r\n                            <div class = \"td-slider\">\r\n                                \r\n                    <div class = \"td-slide-item td-item1\">\r\n                        <figure class=\"td-slide-galery-figure td-slide-popup-gallery\">\r\n                            <a class=\"slide-gallery-image-link\" href=\"https:\/\/novice.si\/page\/wp-content\/uploads\/2023\/08\/Roots-11_resize.jpg\" title=\"Roots 11_resize\"  data-caption=\"\"  data-description=\"\" data-gallery>\r\n                                <img decoding=\"async\" src=\"https:\/\/novice.si\/page\/wp-content\/uploads\/2023\/08\/Roots-11_resize-568x420.jpg\" srcset=\"https:\/\/novice.si\/page\/wp-content\/uploads\/2023\/08\/Roots-11_resize-568x420.jpg 568w, https:\/\/novice.si\/page\/wp-content\/uploads\/2023\/08\/Roots-11_resize-600x444.jpg 600w, https:\/\/novice.si\/page\/wp-content\/uploads\/2023\/08\/Roots-11_resize-768x568.jpg 768w, https:\/\/novice.si\/page\/wp-content\/uploads\/2023\/08\/Roots-11_resize-80x60.jpg 80w, https:\/\/novice.si\/page\/wp-content\/uploads\/2023\/08\/Roots-11_resize-696x515.jpg 696w, https:\/\/novice.si\/page\/wp-content\/uploads\/2023\/08\/Roots-11_resize-24x18.jpg 24w, https:\/\/novice.si\/page\/wp-content\/uploads\/2023\/08\/Roots-11_resize-36x27.jpg 36w, https:\/\/novice.si\/page\/wp-content\/uploads\/2023\/08\/Roots-11_resize-48x36.jpg 48w, https:\/\/novice.si\/page\/wp-content\/uploads\/2023\/08\/Roots-11_resize.jpg 946w\" sizes=\"(max-width: 568px) 100vw, 568px\" alt=\"\">\r\n                            <\/a>\r\n                            \r\n                        <\/figure>\r\n                    <\/div>\r\n                    <div class = \"td-slide-item td-item2\">\r\n                        <figure class=\"td-slide-galery-figure td-slide-popup-gallery\">\r\n                            <a class=\"slide-gallery-image-link\" href=\"https:\/\/novice.si\/page\/wp-content\/uploads\/2023\/08\/Roots-31_resize.jpg\" title=\"Roots 31_resize\"  data-caption=\"\"  data-description=\"\" data-gallery>\r\n                                <img decoding=\"async\" src=\"https:\/\/novice.si\/page\/wp-content\/uploads\/2023\/08\/Roots-31_resize-458x420.jpg\" srcset=\"https:\/\/novice.si\/page\/wp-content\/uploads\/2023\/08\/Roots-31_resize-458x420.jpg 458w, https:\/\/novice.si\/page\/wp-content\/uploads\/2023\/08\/Roots-31_resize-600x550.jpg 600w, https:\/\/novice.si\/page\/wp-content\/uploads\/2023\/08\/Roots-31_resize-696x638.jpg 696w, https:\/\/novice.si\/page\/wp-content\/uploads\/2023\/08\/Roots-31_resize-24x22.jpg 24w, https:\/\/novice.si\/page\/wp-content\/uploads\/2023\/08\/Roots-31_resize-36x33.jpg 36w, https:\/\/novice.si\/page\/wp-content\/uploads\/2023\/08\/Roots-31_resize-48x44.jpg 48w, https:\/\/novice.si\/page\/wp-content\/uploads\/2023\/08\/Roots-31_resize.jpg 764w\" sizes=\"(max-width: 458px) 100vw, 458px\" alt=\"\">\r\n                            <\/a>\r\n                            \r\n                        <\/figure>\r\n                    <\/div>\r\n                    <div class = \"td-slide-item td-item3\">\r\n                        <figure class=\"td-slide-galery-figure td-slide-popup-gallery\">\r\n                            <a class=\"slide-gallery-image-link\" href=\"https:\/\/novice.si\/page\/wp-content\/uploads\/2023\/08\/Roots-41_resize.jpg\" title=\"Roots 41_resize\"  data-caption=\"Obiskovalci lahko pridejo na festival tudi za vse tri dni in na Treh kraljih tudi kampirajo. \"  data-description=\"\" data-gallery>\r\n                                <img decoding=\"async\" src=\"https:\/\/novice.si\/page\/wp-content\/uploads\/2023\/08\/Roots-41_resize-664x420.jpg\" srcset=\"https:\/\/novice.si\/page\/wp-content\/uploads\/2023\/08\/Roots-41_resize-664x420.jpg 664w, https:\/\/novice.si\/page\/wp-content\/uploads\/2023\/08\/Roots-41_resize-600x380.jpg 600w, https:\/\/novice.si\/page\/wp-content\/uploads\/2023\/08\/Roots-41_resize-768x486.jpg 768w, https:\/\/novice.si\/page\/wp-content\/uploads\/2023\/08\/Roots-41_resize-696x441.jpg 696w, https:\/\/novice.si\/page\/wp-content\/uploads\/2023\/08\/Roots-41_resize-24x15.jpg 24w, https:\/\/novice.si\/page\/wp-content\/uploads\/2023\/08\/Roots-41_resize-36x23.jpg 36w, https:\/\/novice.si\/page\/wp-content\/uploads\/2023\/08\/Roots-41_resize-48x30.jpg 48w, https:\/\/novice.si\/page\/wp-content\/uploads\/2023\/08\/Roots-41_resize.jpg 1000w\" sizes=\"(max-width: 664px) 100vw, 664px\" alt=\"\">\r\n                            <\/a>\r\n                            <figcaption class = \"td-slide-caption td-gallery-slide-content\"><div class = \"td-gallery-slide-copywrite\">Obiskovalci lahko pridejo na festival tudi za vse tri dni in na Treh kraljih tudi kampirajo. <\/div><\/figcaption>\r\n                        <\/figure>\r\n                    <\/div>\r\n                    <div class = \"td-slide-item td-item4\">\r\n                        <figure class=\"td-slide-galery-figure td-slide-popup-gallery\">\r\n                            <a class=\"slide-gallery-image-link\" href=\"https:\/\/novice.si\/page\/wp-content\/uploads\/2023\/08\/Roots-61_resize.jpg\" title=\"Roots 61_resize\"  data-caption=\"\"  data-description=\"\" data-gallery>\r\n                                <img decoding=\"async\" src=\"https:\/\/novice.si\/page\/wp-content\/uploads\/2023\/08\/Roots-61_resize-517x420.jpg\" srcset=\"https:\/\/novice.si\/page\/wp-content\/uploads\/2023\/08\/Roots-61_resize-517x420.jpg 517w, https:\/\/novice.si\/page\/wp-content\/uploads\/2023\/08\/Roots-61_resize-600x487.jpg 600w, https:\/\/novice.si\/page\/wp-content\/uploads\/2023\/08\/Roots-61_resize-768x624.jpg 768w, https:\/\/novice.si\/page\/wp-content\/uploads\/2023\/08\/Roots-61_resize-696x565.jpg 696w, https:\/\/novice.si\/page\/wp-content\/uploads\/2023\/08\/Roots-61_resize-24x19.jpg 24w, https:\/\/novice.si\/page\/wp-content\/uploads\/2023\/08\/Roots-61_resize-36x29.jpg 36w, https:\/\/novice.si\/page\/wp-content\/uploads\/2023\/08\/Roots-61_resize-48x39.jpg 48w, https:\/\/novice.si\/page\/wp-content\/uploads\/2023\/08\/Roots-61_resize.jpg 862w\" sizes=\"(max-width: 517px) 100vw, 517px\" alt=\"\">\r\n                            <\/a>\r\n                            \r\n                        <\/figure>\r\n                    <\/div>\r\n                    <div class = \"td-slide-item td-item5\">\r\n                        <figure class=\"td-slide-galery-figure td-slide-popup-gallery\">\r\n                            <a class=\"slide-gallery-image-link\" href=\"https:\/\/novice.si\/page\/wp-content\/uploads\/2023\/08\/Roots-311_resize.jpg\" title=\"Roots 311_resize\"  data-caption=\"Med gostujo\u010dimi glasbeniki bo mnogo zvene\u010dih imen. \"  data-description=\"\" data-gallery>\r\n                                <img decoding=\"async\" src=\"https:\/\/novice.si\/page\/wp-content\/uploads\/2023\/08\/Roots-311_resize-656x420.jpg\" srcset=\"https:\/\/novice.si\/page\/wp-content\/uploads\/2023\/08\/Roots-311_resize-656x420.jpg 656w, https:\/\/novice.si\/page\/wp-content\/uploads\/2023\/08\/Roots-311_resize-600x384.jpg 600w, https:\/\/novice.si\/page\/wp-content\/uploads\/2023\/08\/Roots-311_resize-768x492.jpg 768w, https:\/\/novice.si\/page\/wp-content\/uploads\/2023\/08\/Roots-311_resize-696x445.jpg 696w, https:\/\/novice.si\/page\/wp-content\/uploads\/2023\/08\/Roots-311_resize-24x15.jpg 24w, https:\/\/novice.si\/page\/wp-content\/uploads\/2023\/08\/Roots-311_resize-36x23.jpg 36w, https:\/\/novice.si\/page\/wp-content\/uploads\/2023\/08\/Roots-311_resize-48x31.jpg 48w, https:\/\/novice.si\/page\/wp-content\/uploads\/2023\/08\/Roots-311_resize.jpg 1000w\" sizes=\"(max-width: 656px) 100vw, 656px\" alt=\"\">\r\n                            <\/a>\r\n                            <figcaption class = \"td-slide-caption td-gallery-slide-content\"><div class = \"td-gallery-slide-copywrite\">Med gostujo\u010dimi glasbeniki bo mnogo zvene\u010dih imen. <\/div><\/figcaption>\r\n                        <\/figure>\r\n                    <\/div>\r\n                            <\/div>\r\n                        <\/div>\r\n\r\n                        <div class = \"td-doubleSlider-2\">\r\n                            <div class = \"td-slider\">\r\n                                \r\n                    <div class = \"td-button td-item1\">\r\n                        <div class = \"td-border\"><\/div>\r\n                    <\/div>\r\n                    <div class = \"td-button td-item2\">\r\n                        <div class = \"td-border\"><\/div>\r\n                    <\/div>\r\n                    <div class = \"td-button td-item3\">\r\n                        <div class = \"td-border\"><\/div>\r\n                    <\/div>\r\n                    <div class = \"td-button td-item4\">\r\n                        <div class = \"td-border\"><\/div>\r\n                    <\/div>\r\n                    <div class = \"td-button td-item5\">\r\n                        <div class = \"td-border\"><\/div>\r\n                    <\/div>\r\n                            <\/div>\r\n                        <\/div>\r\n\r\n                    <\/div>\r\n\r\n                <\/div>\r\n                \n<p>&nbsp;<\/p>\n","protected":false},"excerpt":{"rendered":"<p>Na Treh kraljih se danes za\u010denja festival reggae in dub glasbe, Roots in the Woods. Tridnevni festival zdru\u017euje neokrnjeno naravo, vrsto nadarjenih glasbenikov, umetni\u0161ke instalacije, delavnice in druge aktivnosti. \u00bbNamenjen je vsem, ki jih v \u017eivljenju kaj pomeni mir, ljubezen, toleranca do vseh druga\u010dnih in spo\u0161tovanje drug do drugega,\u00ab pravi Andra\u017e Skerbinek iz zre\u0161kega KUD [&hellip;]<\/p>\n","protected":false},"author":8,"featured_media":166592,"comment_status":"closed","ping_status":"closed","sticky":false,"template":"","format":"standard","meta":{"footnotes":""},"categories":[14,32],"tags":[15660,2808,18559,15659,639],"class_list":{"0":"post-166591","1":"post","2":"type-post","3":"status-publish","4":"format-standard","5":"has-post-thumbnail","7":"category-aktualno","8":"category-bistrisko","9":"tag-andraz-skerbinek","10":"tag-festival","11":"tag-kriznar","12":"tag-roots-in-the-woods","13":"tag-trije-kralji"},"yoast_head":"<!-- This site is optimized with the Yoast SEO plugin v27.4 - https:\/\/yoast.com\/product\/yoast-seo-wordpress\/ -->\n<title>Na Treh kraljih se za\u010denja Festival Roots in the Woods - Novice.si<\/title>\n<meta name=\"robots\" content=\"index, follow, max-snippet:-1, max-image-preview:large, max-video-preview:-1\" \/>\n<link rel=\"canonical\" href=\"https:\/\/novice.si\/page\/na-treh-kraljih-se-zacenja-festival-roots-in-the-woods\/\" \/>\n<meta property=\"og:locale\" content=\"sl_SI\" \/>\n<meta property=\"og:type\" content=\"article\" \/>\n<meta property=\"og:title\" content=\"Na Treh kraljih se za\u010denja Festival Roots in the Woods - Novice.si\" \/>\n<meta property=\"og:description\" content=\"Na Treh kraljih se danes za\u010denja festival reggae in dub glasbe, Roots in the Woods. Tridnevni festival zdru\u017euje neokrnjeno naravo, vrsto nadarjenih glasbenikov, umetni\u0161ke instalacije, delavnice in druge aktivnosti. \u00bbNamenjen je vsem, ki jih v \u017eivljenju kaj pomeni mir, ljubezen, toleranca do vseh druga\u010dnih in spo\u0161tovanje drug do drugega,\u00ab pravi Andra\u017e Skerbinek iz zre\u0161kega KUD [&hellip;]\" \/>\n<meta property=\"og:url\" content=\"https:\/\/novice.si\/page\/na-treh-kraljih-se-zacenja-festival-roots-in-the-woods\/\" \/>\n<meta property=\"og:site_name\" content=\"Novice.si\" \/>\n<meta property=\"article:published_time\" content=\"2023-08-24T10:02:45+00:00\" \/>\n<meta property=\"og:image\" content=\"https:\/\/novice.si\/page\/wp-content\/uploads\/2023\/08\/Roots-11_resize.jpg\" \/>\n\t<meta property=\"og:image:width\" content=\"946\" \/>\n\t<meta property=\"og:image:height\" content=\"700\" \/>\n\t<meta property=\"og:image:type\" content=\"image\/jpeg\" \/>\n<meta name=\"author\" content=\"Uredni\u0161tvo Bistri\u0161kih novic\" \/>\n<meta name=\"twitter:card\" content=\"summary_large_image\" \/>\n<meta name=\"twitter:label1\" content=\"Written by\" \/>\n\t<meta name=\"twitter:data1\" content=\"Uredni\u0161tvo Bistri\u0161kih novic\" \/>\n\t<meta name=\"twitter:label2\" content=\"Est. reading time\" \/>\n\t<meta name=\"twitter:data2\" content=\"1 minuta\" \/>\n<script type=\"application\/ld+json\" class=\"yoast-schema-graph\">{\"@context\":\"https:\\\/\\\/schema.org\",\"@graph\":[{\"@type\":\"Article\",\"@id\":\"https:\\\/\\\/novice.si\\\/page\\\/na-treh-kraljih-se-zacenja-festival-roots-in-the-woods\\\/#article\",\"isPartOf\":{\"@id\":\"https:\\\/\\\/novice.si\\\/page\\\/na-treh-kraljih-se-zacenja-festival-roots-in-the-woods\\\/\"},\"author\":{\"name\":\"Uredni\u0161tvo Bistri\u0161kih novic\",\"@id\":\"https:\\\/\\\/novice.si\\\/page\\\/#\\\/schema\\\/person\\\/96b32396deedcde3f7f776c306b4be21\"},\"headline\":\"Na Treh kraljih se za\u010denja Festival Roots in the Woods\",\"datePublished\":\"2023-08-24T10:02:45+00:00\",\"mainEntityOfPage\":{\"@id\":\"https:\\\/\\\/novice.si\\\/page\\\/na-treh-kraljih-se-zacenja-festival-roots-in-the-woods\\\/\"},\"wordCount\":163,\"publisher\":{\"@id\":\"https:\\\/\\\/novice.si\\\/page\\\/#organization\"},\"image\":{\"@id\":\"https:\\\/\\\/novice.si\\\/page\\\/na-treh-kraljih-se-zacenja-festival-roots-in-the-woods\\\/#primaryimage\"},\"thumbnailUrl\":\"https:\\\/\\\/novice.si\\\/page\\\/wp-content\\\/uploads\\\/2023\\\/08\\\/Roots-11_resize.jpg\",\"keywords\":[\"andra\u017e skerbinek\",\"festival\",\"Kri\u017enar\",\"Roots in the woods\",\"Trije Kralji\"],\"articleSection\":[\"Aktualno\",\"Bistri\u0161ko\"],\"inLanguage\":\"sl-SI\"},{\"@type\":\"WebPage\",\"@id\":\"https:\\\/\\\/novice.si\\\/page\\\/na-treh-kraljih-se-zacenja-festival-roots-in-the-woods\\\/\",\"url\":\"https:\\\/\\\/novice.si\\\/page\\\/na-treh-kraljih-se-zacenja-festival-roots-in-the-woods\\\/\",\"name\":\"Na Treh kraljih se za\u010denja Festival Roots in the Woods - Novice.si\",\"isPartOf\":{\"@id\":\"https:\\\/\\\/novice.si\\\/page\\\/#website\"},\"primaryImageOfPage\":{\"@id\":\"https:\\\/\\\/novice.si\\\/page\\\/na-treh-kraljih-se-zacenja-festival-roots-in-the-woods\\\/#primaryimage\"},\"image\":{\"@id\":\"https:\\\/\\\/novice.si\\\/page\\\/na-treh-kraljih-se-zacenja-festival-roots-in-the-woods\\\/#primaryimage\"},\"thumbnailUrl\":\"https:\\\/\\\/novice.si\\\/page\\\/wp-content\\\/uploads\\\/2023\\\/08\\\/Roots-11_resize.jpg\",\"datePublished\":\"2023-08-24T10:02:45+00:00\",\"breadcrumb\":{\"@id\":\"https:\\\/\\\/novice.si\\\/page\\\/na-treh-kraljih-se-zacenja-festival-roots-in-the-woods\\\/#breadcrumb\"},\"inLanguage\":\"sl-SI\",\"potentialAction\":[{\"@type\":\"ReadAction\",\"target\":[\"https:\\\/\\\/novice.si\\\/page\\\/na-treh-kraljih-se-zacenja-festival-roots-in-the-woods\\\/\"]}]},{\"@type\":\"ImageObject\",\"inLanguage\":\"sl-SI\",\"@id\":\"https:\\\/\\\/novice.si\\\/page\\\/na-treh-kraljih-se-zacenja-festival-roots-in-the-woods\\\/#primaryimage\",\"url\":\"https:\\\/\\\/novice.si\\\/page\\\/wp-content\\\/uploads\\\/2023\\\/08\\\/Roots-11_resize.jpg\",\"contentUrl\":\"https:\\\/\\\/novice.si\\\/page\\\/wp-content\\\/uploads\\\/2023\\\/08\\\/Roots-11_resize.jpg\",\"width\":946,\"height\":700},{\"@type\":\"BreadcrumbList\",\"@id\":\"https:\\\/\\\/novice.si\\\/page\\\/na-treh-kraljih-se-zacenja-festival-roots-in-the-woods\\\/#breadcrumb\",\"itemListElement\":[{\"@type\":\"ListItem\",\"position\":1,\"name\":\"Home\",\"item\":\"https:\\\/\\\/novice.si\\\/page\\\/\"},{\"@type\":\"ListItem\",\"position\":2,\"name\":\"Na Treh kraljih se za\u010denja Festival Roots in the Woods\"}]},{\"@type\":\"WebSite\",\"@id\":\"https:\\\/\\\/novice.si\\\/page\\\/#website\",\"url\":\"https:\\\/\\\/novice.si\\\/page\\\/\",\"name\":\"Novice.si\",\"description\":\"\",\"publisher\":{\"@id\":\"https:\\\/\\\/novice.si\\\/page\\\/#organization\"},\"potentialAction\":[{\"@type\":\"SearchAction\",\"target\":{\"@type\":\"EntryPoint\",\"urlTemplate\":\"https:\\\/\\\/novice.si\\\/page\\\/?s={search_term_string}\"},\"query-input\":{\"@type\":\"PropertyValueSpecification\",\"valueRequired\":true,\"valueName\":\"search_term_string\"}}],\"inLanguage\":\"sl-SI\"},{\"@type\":\"Organization\",\"@id\":\"https:\\\/\\\/novice.si\\\/page\\\/#organization\",\"name\":\"Novice.si\",\"url\":\"https:\\\/\\\/novice.si\\\/page\\\/\",\"logo\":{\"@type\":\"ImageObject\",\"inLanguage\":\"sl-SI\",\"@id\":\"https:\\\/\\\/novice.si\\\/page\\\/#\\\/schema\\\/logo\\\/image\\\/\",\"url\":\"https:\\\/\\\/novice.si\\\/page\\\/wp-content\\\/uploads\\\/2023\\\/03\\\/novice_si.png\",\"contentUrl\":\"https:\\\/\\\/novice.si\\\/page\\\/wp-content\\\/uploads\\\/2023\\\/03\\\/novice_si.png\",\"width\":576,\"height\":200,\"caption\":\"Novice.si\"},\"image\":{\"@id\":\"https:\\\/\\\/novice.si\\\/page\\\/#\\\/schema\\\/logo\\\/image\\\/\"}},{\"@type\":\"Person\",\"@id\":\"https:\\\/\\\/novice.si\\\/page\\\/#\\\/schema\\\/person\\\/96b32396deedcde3f7f776c306b4be21\",\"name\":\"Uredni\u0161tvo Bistri\u0161kih novic\",\"image\":{\"@type\":\"ImageObject\",\"inLanguage\":\"sl-SI\",\"@id\":\"https:\\\/\\\/secure.gravatar.com\\\/avatar\\\/26c56c4b10cdb3a21e86442e5f2845a4eafdd0f3605def77ec6cff4aaef32ea4?s=96&d=mm&r=g\",\"url\":\"https:\\\/\\\/secure.gravatar.com\\\/avatar\\\/26c56c4b10cdb3a21e86442e5f2845a4eafdd0f3605def77ec6cff4aaef32ea4?s=96&d=mm&r=g\",\"contentUrl\":\"https:\\\/\\\/secure.gravatar.com\\\/avatar\\\/26c56c4b10cdb3a21e86442e5f2845a4eafdd0f3605def77ec6cff4aaef32ea4?s=96&d=mm&r=g\",\"caption\":\"Uredni\u0161tvo Bistri\u0161kih novic\"},\"url\":\"https:\\\/\\\/novice.si\\\/page\\\/author\\\/bojana\\\/\"}]}<\/script>\n<!-- \/ Yoast SEO plugin. -->","yoast_head_json":{"title":"Na Treh kraljih se za\u010denja Festival Roots in the Woods - Novice.si","robots":{"index":"index","follow":"follow","max-snippet":"max-snippet:-1","max-image-preview":"max-image-preview:large","max-video-preview":"max-video-preview:-1"},"canonical":"https:\/\/novice.si\/page\/na-treh-kraljih-se-zacenja-festival-roots-in-the-woods\/","og_locale":"sl_SI","og_type":"article","og_title":"Na Treh kraljih se za\u010denja Festival Roots in the Woods - Novice.si","og_description":"Na Treh kraljih se danes za\u010denja festival reggae in dub glasbe, Roots in the Woods. Tridnevni festival zdru\u017euje neokrnjeno naravo, vrsto nadarjenih glasbenikov, umetni\u0161ke instalacije, delavnice in druge aktivnosti. \u00bbNamenjen je vsem, ki jih v \u017eivljenju kaj pomeni mir, ljubezen, toleranca do vseh druga\u010dnih in spo\u0161tovanje drug do drugega,\u00ab pravi Andra\u017e Skerbinek iz zre\u0161kega KUD [&hellip;]","og_url":"https:\/\/novice.si\/page\/na-treh-kraljih-se-zacenja-festival-roots-in-the-woods\/","og_site_name":"Novice.si","article_published_time":"2023-08-24T10:02:45+00:00","og_image":[{"width":946,"height":700,"url":"https:\/\/novice.si\/page\/wp-content\/uploads\/2023\/08\/Roots-11_resize.jpg","type":"image\/jpeg"}],"author":"Uredni\u0161tvo Bistri\u0161kih novic","twitter_card":"summary_large_image","twitter_misc":{"Written by":"Uredni\u0161tvo Bistri\u0161kih novic","Est. reading time":"1 minuta"},"schema":{"@context":"https:\/\/schema.org","@graph":[{"@type":"Article","@id":"https:\/\/novice.si\/page\/na-treh-kraljih-se-zacenja-festival-roots-in-the-woods\/#article","isPartOf":{"@id":"https:\/\/novice.si\/page\/na-treh-kraljih-se-zacenja-festival-roots-in-the-woods\/"},"author":{"name":"Uredni\u0161tvo Bistri\u0161kih novic","@id":"https:\/\/novice.si\/page\/#\/schema\/person\/96b32396deedcde3f7f776c306b4be21"},"headline":"Na Treh kraljih se za\u010denja Festival Roots in the Woods","datePublished":"2023-08-24T10:02:45+00:00","mainEntityOfPage":{"@id":"https:\/\/novice.si\/page\/na-treh-kraljih-se-zacenja-festival-roots-in-the-woods\/"},"wordCount":163,"publisher":{"@id":"https:\/\/novice.si\/page\/#organization"},"image":{"@id":"https:\/\/novice.si\/page\/na-treh-kraljih-se-zacenja-festival-roots-in-the-woods\/#primaryimage"},"thumbnailUrl":"https:\/\/novice.si\/page\/wp-content\/uploads\/2023\/08\/Roots-11_resize.jpg","keywords":["andra\u017e skerbinek","festival","Kri\u017enar","Roots in the woods","Trije Kralji"],"articleSection":["Aktualno","Bistri\u0161ko"],"inLanguage":"sl-SI"},{"@type":"WebPage","@id":"https:\/\/novice.si\/page\/na-treh-kraljih-se-zacenja-festival-roots-in-the-woods\/","url":"https:\/\/novice.si\/page\/na-treh-kraljih-se-zacenja-festival-roots-in-the-woods\/","name":"Na Treh kraljih se za\u010denja Festival Roots in the Woods - Novice.si","isPartOf":{"@id":"https:\/\/novice.si\/page\/#website"},"primaryImageOfPage":{"@id":"https:\/\/novice.si\/page\/na-treh-kraljih-se-zacenja-festival-roots-in-the-woods\/#primaryimage"},"image":{"@id":"https:\/\/novice.si\/page\/na-treh-kraljih-se-zacenja-festival-roots-in-the-woods\/#primaryimage"},"thumbnailUrl":"https:\/\/novice.si\/page\/wp-content\/uploads\/2023\/08\/Roots-11_resize.jpg","datePublished":"2023-08-24T10:02:45+00:00","breadcrumb":{"@id":"https:\/\/novice.si\/page\/na-treh-kraljih-se-zacenja-festival-roots-in-the-woods\/#breadcrumb"},"inLanguage":"sl-SI","potentialAction":[{"@type":"ReadAction","target":["https:\/\/novice.si\/page\/na-treh-kraljih-se-zacenja-festival-roots-in-the-woods\/"]}]},{"@type":"ImageObject","inLanguage":"sl-SI","@id":"https:\/\/novice.si\/page\/na-treh-kraljih-se-zacenja-festival-roots-in-the-woods\/#primaryimage","url":"https:\/\/novice.si\/page\/wp-content\/uploads\/2023\/08\/Roots-11_resize.jpg","contentUrl":"https:\/\/novice.si\/page\/wp-content\/uploads\/2023\/08\/Roots-11_resize.jpg","width":946,"height":700},{"@type":"BreadcrumbList","@id":"https:\/\/novice.si\/page\/na-treh-kraljih-se-zacenja-festival-roots-in-the-woods\/#breadcrumb","itemListElement":[{"@type":"ListItem","position":1,"name":"Home","item":"https:\/\/novice.si\/page\/"},{"@type":"ListItem","position":2,"name":"Na Treh kraljih se za\u010denja Festival Roots in the Woods"}]},{"@type":"WebSite","@id":"https:\/\/novice.si\/page\/#website","url":"https:\/\/novice.si\/page\/","name":"Novice.si","description":"","publisher":{"@id":"https:\/\/novice.si\/page\/#organization"},"potentialAction":[{"@type":"SearchAction","target":{"@type":"EntryPoint","urlTemplate":"https:\/\/novice.si\/page\/?s={search_term_string}"},"query-input":{"@type":"PropertyValueSpecification","valueRequired":true,"valueName":"search_term_string"}}],"inLanguage":"sl-SI"},{"@type":"Organization","@id":"https:\/\/novice.si\/page\/#organization","name":"Novice.si","url":"https:\/\/novice.si\/page\/","logo":{"@type":"ImageObject","inLanguage":"sl-SI","@id":"https:\/\/novice.si\/page\/#\/schema\/logo\/image\/","url":"https:\/\/novice.si\/page\/wp-content\/uploads\/2023\/03\/novice_si.png","contentUrl":"https:\/\/novice.si\/page\/wp-content\/uploads\/2023\/03\/novice_si.png","width":576,"height":200,"caption":"Novice.si"},"image":{"@id":"https:\/\/novice.si\/page\/#\/schema\/logo\/image\/"}},{"@type":"Person","@id":"https:\/\/novice.si\/page\/#\/schema\/person\/96b32396deedcde3f7f776c306b4be21","name":"Uredni\u0161tvo Bistri\u0161kih novic","image":{"@type":"ImageObject","inLanguage":"sl-SI","@id":"https:\/\/secure.gravatar.com\/avatar\/26c56c4b10cdb3a21e86442e5f2845a4eafdd0f3605def77ec6cff4aaef32ea4?s=96&d=mm&r=g","url":"https:\/\/secure.gravatar.com\/avatar\/26c56c4b10cdb3a21e86442e5f2845a4eafdd0f3605def77ec6cff4aaef32ea4?s=96&d=mm&r=g","contentUrl":"https:\/\/secure.gravatar.com\/avatar\/26c56c4b10cdb3a21e86442e5f2845a4eafdd0f3605def77ec6cff4aaef32ea4?s=96&d=mm&r=g","caption":"Uredni\u0161tvo Bistri\u0161kih novic"},"url":"https:\/\/novice.si\/page\/author\/bojana\/"}]}},"_links":{"self":[{"href":"https:\/\/novice.si\/page\/wp-json\/wp\/v2\/posts\/166591","targetHints":{"allow":["GET"]}}],"collection":[{"href":"https:\/\/novice.si\/page\/wp-json\/wp\/v2\/posts"}],"about":[{"href":"https:\/\/novice.si\/page\/wp-json\/wp\/v2\/types\/post"}],"author":[{"embeddable":true,"href":"https:\/\/novice.si\/page\/wp-json\/wp\/v2\/users\/8"}],"replies":[{"embeddable":true,"href":"https:\/\/novice.si\/page\/wp-json\/wp\/v2\/comments?post=166591"}],"version-history":[{"count":1,"href":"https:\/\/novice.si\/page\/wp-json\/wp\/v2\/posts\/166591\/revisions"}],"predecessor-version":[{"id":166597,"href":"https:\/\/novice.si\/page\/wp-json\/wp\/v2\/posts\/166591\/revisions\/166597"}],"wp:featuredmedia":[{"embeddable":true,"href":"https:\/\/novice.si\/page\/wp-json\/wp\/v2\/media\/166592"}],"wp:attachment":[{"href":"https:\/\/novice.si\/page\/wp-json\/wp\/v2\/media?parent=166591"}],"wp:term":[{"taxonomy":"category","embeddable":true,"href":"https:\/\/novice.si\/page\/wp-json\/wp\/v2\/categories?post=166591"},{"taxonomy":"post_tag","embeddable":true,"href":"https:\/\/novice.si\/page\/wp-json\/wp\/v2\/tags?post=166591"}],"curies":[{"name":"wp","href":"https:\/\/api.w.org\/{rel}","templated":true}]}}