{"id":166587,"date":"2023-08-24T11:55:33","date_gmt":"2023-08-24T09:55:33","guid":{"rendered":"https:\/\/novice.si\/page\/?p=166587"},"modified":"2023-08-24T11:55:33","modified_gmt":"2023-08-24T09:55:33","slug":"celje-drsalisce-naj-bi-spet-zazivelo-sredi-septembra","status":"publish","type":"post","link":"https:\/\/novice.si\/page\/celje-drsalisce-naj-bi-spet-zazivelo-sredi-septembra\/","title":{"rendered":"CELJE Drsali\u0161\u010de naj bi spet za\u017eivelo sredi septembra"},"content":{"rendered":"<p>V celjskem mestnem parku zaklju\u010dujejo sanacijo osnovne plo\u0161\u010de tamkaj\u0161njega drsali\u0161\u010da, ki <img loading=\"lazy\" decoding=\"async\" class=\"wp-image-166588 alignleft\" src=\"https:\/\/novice.si\/page\/wp-content\/uploads\/2023\/08\/drsalisce-2009-001-600x400.jpg\" alt=\"\" width=\"404\" height=\"269\" srcset=\"https:\/\/novice.si\/page\/wp-content\/uploads\/2023\/08\/drsalisce-2009-001-600x400.jpg 600w, https:\/\/novice.si\/page\/wp-content\/uploads\/2023\/08\/drsalisce-2009-001-1024x683.jpg 1024w, https:\/\/novice.si\/page\/wp-content\/uploads\/2023\/08\/drsalisce-2009-001-768x512.jpg 768w, https:\/\/novice.si\/page\/wp-content\/uploads\/2023\/08\/drsalisce-2009-001-1536x1024.jpg 1536w, https:\/\/novice.si\/page\/wp-content\/uploads\/2023\/08\/drsalisce-2009-001-2048x1365.jpg 2048w, https:\/\/novice.si\/page\/wp-content\/uploads\/2023\/08\/drsalisce-2009-001-696x464.jpg 696w, https:\/\/novice.si\/page\/wp-content\/uploads\/2023\/08\/drsalisce-2009-001-1068x712.jpg 1068w, https:\/\/novice.si\/page\/wp-content\/uploads\/2023\/08\/drsalisce-2009-001-630x420.jpg 630w, https:\/\/novice.si\/page\/wp-content\/uploads\/2023\/08\/drsalisce-2009-001-24x16.jpg 24w, https:\/\/novice.si\/page\/wp-content\/uploads\/2023\/08\/drsalisce-2009-001-36x24.jpg 36w, https:\/\/novice.si\/page\/wp-content\/uploads\/2023\/08\/drsalisce-2009-001-48x32.jpg 48w\" sizes=\"auto, (max-width: 404px) 100vw, 404px\" \/>so jo skupaj s strojnico in pripadajo\u010dimi notranjimi in zunanjimi povr\u0161inami in opremo precej po\u0161kodovale narasle vode.<\/p>\n<p>Predel parka in drsali\u0161\u010da je razlivno obmo\u010dje Savinje, ki je ob nedavnih poplavah bregove najprej prestopila prav tam.<\/p>\n<p>Evidentirane \u0161kode na drsali\u0161\u010du je za blizu pol milijona evrov. Ledeno plo\u0161\u010do naj bi znova postavili sredi prihodnjega meseca, vsekakor pa \u0161e pred prvo tekmo celjskih hokejistov v mednarodni Alpski ligi.<\/p>\n<p>P\u0160<\/p>\n","protected":false},"excerpt":{"rendered":"<p>V celjskem mestnem parku zaklju\u010dujejo sanacijo osnovne plo\u0161\u010de tamkaj\u0161njega drsali\u0161\u010da, ki so jo skupaj s strojnico in pripadajo\u010dimi notranjimi in zunanjimi povr\u0161inami in opremo precej po\u0161kodovale narasle vode. Predel parka in drsali\u0161\u010da je razlivno obmo\u010dje Savinje, ki je ob nedavnih poplavah bregove najprej prestopila prav tam. Evidentirane \u0161kode na drsali\u0161\u010du je za blizu pol milijona [&hellip;]<\/p>\n","protected":false},"author":33,"featured_media":166589,"comment_status":"closed","ping_status":"closed","sticky":false,"template":"","format":"standard","meta":{"footnotes":""},"categories":[17],"tags":[18558,18556,18557,4457,610],"class_list":{"0":"post-166587","1":"post","2":"type-post","3":"status-publish","4":"format-standard","5":"has-post-thumbnail","7":"category-celjsko","8":"tag-alpska-liga","9":"tag-drsalisce-celje","10":"tag-ledena-plosca","11":"tag-sanacija","12":"tag-skoda"},"yoast_head":"<!-- This site is optimized with the Yoast SEO plugin v27.4 - https:\/\/yoast.com\/product\/yoast-seo-wordpress\/ -->\n<title>CELJE Drsali\u0161\u010de naj bi spet za\u017eivelo sredi septembra - Novice.si<\/title>\n<meta name=\"robots\" content=\"index, follow, max-snippet:-1, max-image-preview:large, max-video-preview:-1\" \/>\n<link rel=\"canonical\" href=\"https:\/\/novice.si\/page\/celje-drsalisce-naj-bi-spet-zazivelo-sredi-septembra\/\" \/>\n<meta property=\"og:locale\" content=\"sl_SI\" \/>\n<meta property=\"og:type\" content=\"article\" \/>\n<meta property=\"og:title\" content=\"CELJE Drsali\u0161\u010de naj bi spet za\u017eivelo sredi septembra - Novice.si\" \/>\n<meta property=\"og:description\" content=\"V celjskem mestnem parku zaklju\u010dujejo sanacijo osnovne plo\u0161\u010de tamkaj\u0161njega drsali\u0161\u010da, ki so jo skupaj s strojnico in pripadajo\u010dimi notranjimi in zunanjimi povr\u0161inami in opremo precej po\u0161kodovale narasle vode. Predel parka in drsali\u0161\u010da je razlivno obmo\u010dje Savinje, ki je ob nedavnih poplavah bregove najprej prestopila prav tam. Evidentirane \u0161kode na drsali\u0161\u010du je za blizu pol milijona [&hellip;]\" \/>\n<meta property=\"og:url\" content=\"https:\/\/novice.si\/page\/celje-drsalisce-naj-bi-spet-zazivelo-sredi-septembra\/\" \/>\n<meta property=\"og:site_name\" content=\"Novice.si\" \/>\n<meta property=\"article:published_time\" content=\"2023-08-24T09:55:33+00:00\" \/>\n<meta property=\"og:image\" content=\"https:\/\/novice.si\/page\/wp-content\/uploads\/2023\/08\/drsalisce-celje-zpo.jpg\" \/>\n\t<meta property=\"og:image:width\" content=\"1000\" \/>\n\t<meta property=\"og:image:height\" content=\"667\" \/>\n\t<meta property=\"og:image:type\" content=\"image\/jpeg\" \/>\n<meta name=\"author\" content=\"Uredni\u0161tvo Celjana\" \/>\n<meta name=\"twitter:card\" content=\"summary_large_image\" \/>\n<meta name=\"twitter:label1\" content=\"Written by\" \/>\n\t<meta name=\"twitter:data1\" content=\"Uredni\u0161tvo Celjana\" \/>\n\t<meta name=\"twitter:label2\" content=\"Est. reading time\" \/>\n\t<meta name=\"twitter:data2\" content=\"1 minuta\" \/>\n<script type=\"application\/ld+json\" class=\"yoast-schema-graph\">{\"@context\":\"https:\\\/\\\/schema.org\",\"@graph\":[{\"@type\":\"Article\",\"@id\":\"https:\\\/\\\/novice.si\\\/page\\\/celje-drsalisce-naj-bi-spet-zazivelo-sredi-septembra\\\/#article\",\"isPartOf\":{\"@id\":\"https:\\\/\\\/novice.si\\\/page\\\/celje-drsalisce-naj-bi-spet-zazivelo-sredi-septembra\\\/\"},\"author\":{\"name\":\"Uredni\u0161tvo Celjana\",\"@id\":\"https:\\\/\\\/novice.si\\\/page\\\/#\\\/schema\\\/person\\\/57f25c9642a9541c7349c65d32032c3e\"},\"headline\":\"CELJE Drsali\u0161\u010de naj bi spet za\u017eivelo sredi septembra\",\"datePublished\":\"2023-08-24T09:55:33+00:00\",\"mainEntityOfPage\":{\"@id\":\"https:\\\/\\\/novice.si\\\/page\\\/celje-drsalisce-naj-bi-spet-zazivelo-sredi-septembra\\\/\"},\"wordCount\":99,\"publisher\":{\"@id\":\"https:\\\/\\\/novice.si\\\/page\\\/#organization\"},\"image\":{\"@id\":\"https:\\\/\\\/novice.si\\\/page\\\/celje-drsalisce-naj-bi-spet-zazivelo-sredi-septembra\\\/#primaryimage\"},\"thumbnailUrl\":\"https:\\\/\\\/novice.si\\\/page\\\/wp-content\\\/uploads\\\/2023\\\/08\\\/drsalisce-celje-zpo.jpg\",\"keywords\":[\"alpska liga\",\"drsali\u0161\u010de celje\",\"ledena plo\u0161\u010da\",\"sanacija\",\"\u0161koda\"],\"articleSection\":[\"Celjsko\"],\"inLanguage\":\"sl-SI\"},{\"@type\":\"WebPage\",\"@id\":\"https:\\\/\\\/novice.si\\\/page\\\/celje-drsalisce-naj-bi-spet-zazivelo-sredi-septembra\\\/\",\"url\":\"https:\\\/\\\/novice.si\\\/page\\\/celje-drsalisce-naj-bi-spet-zazivelo-sredi-septembra\\\/\",\"name\":\"CELJE Drsali\u0161\u010de naj bi spet za\u017eivelo sredi septembra - Novice.si\",\"isPartOf\":{\"@id\":\"https:\\\/\\\/novice.si\\\/page\\\/#website\"},\"primaryImageOfPage\":{\"@id\":\"https:\\\/\\\/novice.si\\\/page\\\/celje-drsalisce-naj-bi-spet-zazivelo-sredi-septembra\\\/#primaryimage\"},\"image\":{\"@id\":\"https:\\\/\\\/novice.si\\\/page\\\/celje-drsalisce-naj-bi-spet-zazivelo-sredi-septembra\\\/#primaryimage\"},\"thumbnailUrl\":\"https:\\\/\\\/novice.si\\\/page\\\/wp-content\\\/uploads\\\/2023\\\/08\\\/drsalisce-celje-zpo.jpg\",\"datePublished\":\"2023-08-24T09:55:33+00:00\",\"breadcrumb\":{\"@id\":\"https:\\\/\\\/novice.si\\\/page\\\/celje-drsalisce-naj-bi-spet-zazivelo-sredi-septembra\\\/#breadcrumb\"},\"inLanguage\":\"sl-SI\",\"potentialAction\":[{\"@type\":\"ReadAction\",\"target\":[\"https:\\\/\\\/novice.si\\\/page\\\/celje-drsalisce-naj-bi-spet-zazivelo-sredi-septembra\\\/\"]}]},{\"@type\":\"ImageObject\",\"inLanguage\":\"sl-SI\",\"@id\":\"https:\\\/\\\/novice.si\\\/page\\\/celje-drsalisce-naj-bi-spet-zazivelo-sredi-septembra\\\/#primaryimage\",\"url\":\"https:\\\/\\\/novice.si\\\/page\\\/wp-content\\\/uploads\\\/2023\\\/08\\\/drsalisce-celje-zpo.jpg\",\"contentUrl\":\"https:\\\/\\\/novice.si\\\/page\\\/wp-content\\\/uploads\\\/2023\\\/08\\\/drsalisce-celje-zpo.jpg\",\"width\":1000,\"height\":667},{\"@type\":\"BreadcrumbList\",\"@id\":\"https:\\\/\\\/novice.si\\\/page\\\/celje-drsalisce-naj-bi-spet-zazivelo-sredi-septembra\\\/#breadcrumb\",\"itemListElement\":[{\"@type\":\"ListItem\",\"position\":1,\"name\":\"Home\",\"item\":\"https:\\\/\\\/novice.si\\\/page\\\/\"},{\"@type\":\"ListItem\",\"position\":2,\"name\":\"CELJE Drsali\u0161\u010de naj bi spet za\u017eivelo sredi septembra\"}]},{\"@type\":\"WebSite\",\"@id\":\"https:\\\/\\\/novice.si\\\/page\\\/#website\",\"url\":\"https:\\\/\\\/novice.si\\\/page\\\/\",\"name\":\"Novice.si\",\"description\":\"\",\"publisher\":{\"@id\":\"https:\\\/\\\/novice.si\\\/page\\\/#organization\"},\"potentialAction\":[{\"@type\":\"SearchAction\",\"target\":{\"@type\":\"EntryPoint\",\"urlTemplate\":\"https:\\\/\\\/novice.si\\\/page\\\/?s={search_term_string}\"},\"query-input\":{\"@type\":\"PropertyValueSpecification\",\"valueRequired\":true,\"valueName\":\"search_term_string\"}}],\"inLanguage\":\"sl-SI\"},{\"@type\":\"Organization\",\"@id\":\"https:\\\/\\\/novice.si\\\/page\\\/#organization\",\"name\":\"Novice.si\",\"url\":\"https:\\\/\\\/novice.si\\\/page\\\/\",\"logo\":{\"@type\":\"ImageObject\",\"inLanguage\":\"sl-SI\",\"@id\":\"https:\\\/\\\/novice.si\\\/page\\\/#\\\/schema\\\/logo\\\/image\\\/\",\"url\":\"https:\\\/\\\/novice.si\\\/page\\\/wp-content\\\/uploads\\\/2023\\\/03\\\/novice_si.png\",\"contentUrl\":\"https:\\\/\\\/novice.si\\\/page\\\/wp-content\\\/uploads\\\/2023\\\/03\\\/novice_si.png\",\"width\":576,\"height\":200,\"caption\":\"Novice.si\"},\"image\":{\"@id\":\"https:\\\/\\\/novice.si\\\/page\\\/#\\\/schema\\\/logo\\\/image\\\/\"}},{\"@type\":\"Person\",\"@id\":\"https:\\\/\\\/novice.si\\\/page\\\/#\\\/schema\\\/person\\\/57f25c9642a9541c7349c65d32032c3e\",\"name\":\"Uredni\u0161tvo Celjana\",\"image\":{\"@type\":\"ImageObject\",\"inLanguage\":\"sl-SI\",\"@id\":\"https:\\\/\\\/secure.gravatar.com\\\/avatar\\\/78e52bc4279b65f6df6345e0ef0f7b792d361361f230cf4ffecfe0afe6d5629c?s=96&d=mm&r=g\",\"url\":\"https:\\\/\\\/secure.gravatar.com\\\/avatar\\\/78e52bc4279b65f6df6345e0ef0f7b792d361361f230cf4ffecfe0afe6d5629c?s=96&d=mm&r=g\",\"contentUrl\":\"https:\\\/\\\/secure.gravatar.com\\\/avatar\\\/78e52bc4279b65f6df6345e0ef0f7b792d361361f230cf4ffecfe0afe6d5629c?s=96&d=mm&r=g\",\"caption\":\"Uredni\u0161tvo Celjana\"},\"url\":\"https:\\\/\\\/novice.si\\\/page\\\/author\\\/primoz\\\/\"}]}<\/script>\n<!-- \/ Yoast SEO plugin. -->","yoast_head_json":{"title":"CELJE Drsali\u0161\u010de naj bi spet za\u017eivelo sredi septembra - Novice.si","robots":{"index":"index","follow":"follow","max-snippet":"max-snippet:-1","max-image-preview":"max-image-preview:large","max-video-preview":"max-video-preview:-1"},"canonical":"https:\/\/novice.si\/page\/celje-drsalisce-naj-bi-spet-zazivelo-sredi-septembra\/","og_locale":"sl_SI","og_type":"article","og_title":"CELJE Drsali\u0161\u010de naj bi spet za\u017eivelo sredi septembra - Novice.si","og_description":"V celjskem mestnem parku zaklju\u010dujejo sanacijo osnovne plo\u0161\u010de tamkaj\u0161njega drsali\u0161\u010da, ki so jo skupaj s strojnico in pripadajo\u010dimi notranjimi in zunanjimi povr\u0161inami in opremo precej po\u0161kodovale narasle vode. Predel parka in drsali\u0161\u010da je razlivno obmo\u010dje Savinje, ki je ob nedavnih poplavah bregove najprej prestopila prav tam. Evidentirane \u0161kode na drsali\u0161\u010du je za blizu pol milijona [&hellip;]","og_url":"https:\/\/novice.si\/page\/celje-drsalisce-naj-bi-spet-zazivelo-sredi-septembra\/","og_site_name":"Novice.si","article_published_time":"2023-08-24T09:55:33+00:00","og_image":[{"width":1000,"height":667,"url":"https:\/\/novice.si\/page\/wp-content\/uploads\/2023\/08\/drsalisce-celje-zpo.jpg","type":"image\/jpeg"}],"author":"Uredni\u0161tvo Celjana","twitter_card":"summary_large_image","twitter_misc":{"Written by":"Uredni\u0161tvo Celjana","Est. reading time":"1 minuta"},"schema":{"@context":"https:\/\/schema.org","@graph":[{"@type":"Article","@id":"https:\/\/novice.si\/page\/celje-drsalisce-naj-bi-spet-zazivelo-sredi-septembra\/#article","isPartOf":{"@id":"https:\/\/novice.si\/page\/celje-drsalisce-naj-bi-spet-zazivelo-sredi-septembra\/"},"author":{"name":"Uredni\u0161tvo Celjana","@id":"https:\/\/novice.si\/page\/#\/schema\/person\/57f25c9642a9541c7349c65d32032c3e"},"headline":"CELJE Drsali\u0161\u010de naj bi spet za\u017eivelo sredi septembra","datePublished":"2023-08-24T09:55:33+00:00","mainEntityOfPage":{"@id":"https:\/\/novice.si\/page\/celje-drsalisce-naj-bi-spet-zazivelo-sredi-septembra\/"},"wordCount":99,"publisher":{"@id":"https:\/\/novice.si\/page\/#organization"},"image":{"@id":"https:\/\/novice.si\/page\/celje-drsalisce-naj-bi-spet-zazivelo-sredi-septembra\/#primaryimage"},"thumbnailUrl":"https:\/\/novice.si\/page\/wp-content\/uploads\/2023\/08\/drsalisce-celje-zpo.jpg","keywords":["alpska liga","drsali\u0161\u010de celje","ledena plo\u0161\u010da","sanacija","\u0161koda"],"articleSection":["Celjsko"],"inLanguage":"sl-SI"},{"@type":"WebPage","@id":"https:\/\/novice.si\/page\/celje-drsalisce-naj-bi-spet-zazivelo-sredi-septembra\/","url":"https:\/\/novice.si\/page\/celje-drsalisce-naj-bi-spet-zazivelo-sredi-septembra\/","name":"CELJE Drsali\u0161\u010de naj bi spet za\u017eivelo sredi septembra - Novice.si","isPartOf":{"@id":"https:\/\/novice.si\/page\/#website"},"primaryImageOfPage":{"@id":"https:\/\/novice.si\/page\/celje-drsalisce-naj-bi-spet-zazivelo-sredi-septembra\/#primaryimage"},"image":{"@id":"https:\/\/novice.si\/page\/celje-drsalisce-naj-bi-spet-zazivelo-sredi-septembra\/#primaryimage"},"thumbnailUrl":"https:\/\/novice.si\/page\/wp-content\/uploads\/2023\/08\/drsalisce-celje-zpo.jpg","datePublished":"2023-08-24T09:55:33+00:00","breadcrumb":{"@id":"https:\/\/novice.si\/page\/celje-drsalisce-naj-bi-spet-zazivelo-sredi-septembra\/#breadcrumb"},"inLanguage":"sl-SI","potentialAction":[{"@type":"ReadAction","target":["https:\/\/novice.si\/page\/celje-drsalisce-naj-bi-spet-zazivelo-sredi-septembra\/"]}]},{"@type":"ImageObject","inLanguage":"sl-SI","@id":"https:\/\/novice.si\/page\/celje-drsalisce-naj-bi-spet-zazivelo-sredi-septembra\/#primaryimage","url":"https:\/\/novice.si\/page\/wp-content\/uploads\/2023\/08\/drsalisce-celje-zpo.jpg","contentUrl":"https:\/\/novice.si\/page\/wp-content\/uploads\/2023\/08\/drsalisce-celje-zpo.jpg","width":1000,"height":667},{"@type":"BreadcrumbList","@id":"https:\/\/novice.si\/page\/celje-drsalisce-naj-bi-spet-zazivelo-sredi-septembra\/#breadcrumb","itemListElement":[{"@type":"ListItem","position":1,"name":"Home","item":"https:\/\/novice.si\/page\/"},{"@type":"ListItem","position":2,"name":"CELJE Drsali\u0161\u010de naj bi spet za\u017eivelo sredi septembra"}]},{"@type":"WebSite","@id":"https:\/\/novice.si\/page\/#website","url":"https:\/\/novice.si\/page\/","name":"Novice.si","description":"","publisher":{"@id":"https:\/\/novice.si\/page\/#organization"},"potentialAction":[{"@type":"SearchAction","target":{"@type":"EntryPoint","urlTemplate":"https:\/\/novice.si\/page\/?s={search_term_string}"},"query-input":{"@type":"PropertyValueSpecification","valueRequired":true,"valueName":"search_term_string"}}],"inLanguage":"sl-SI"},{"@type":"Organization","@id":"https:\/\/novice.si\/page\/#organization","name":"Novice.si","url":"https:\/\/novice.si\/page\/","logo":{"@type":"ImageObject","inLanguage":"sl-SI","@id":"https:\/\/novice.si\/page\/#\/schema\/logo\/image\/","url":"https:\/\/novice.si\/page\/wp-content\/uploads\/2023\/03\/novice_si.png","contentUrl":"https:\/\/novice.si\/page\/wp-content\/uploads\/2023\/03\/novice_si.png","width":576,"height":200,"caption":"Novice.si"},"image":{"@id":"https:\/\/novice.si\/page\/#\/schema\/logo\/image\/"}},{"@type":"Person","@id":"https:\/\/novice.si\/page\/#\/schema\/person\/57f25c9642a9541c7349c65d32032c3e","name":"Uredni\u0161tvo Celjana","image":{"@type":"ImageObject","inLanguage":"sl-SI","@id":"https:\/\/secure.gravatar.com\/avatar\/78e52bc4279b65f6df6345e0ef0f7b792d361361f230cf4ffecfe0afe6d5629c?s=96&d=mm&r=g","url":"https:\/\/secure.gravatar.com\/avatar\/78e52bc4279b65f6df6345e0ef0f7b792d361361f230cf4ffecfe0afe6d5629c?s=96&d=mm&r=g","contentUrl":"https:\/\/secure.gravatar.com\/avatar\/78e52bc4279b65f6df6345e0ef0f7b792d361361f230cf4ffecfe0afe6d5629c?s=96&d=mm&r=g","caption":"Uredni\u0161tvo Celjana"},"url":"https:\/\/novice.si\/page\/author\/primoz\/"}]}},"_links":{"self":[{"href":"https:\/\/novice.si\/page\/wp-json\/wp\/v2\/posts\/166587","targetHints":{"allow":["GET"]}}],"collection":[{"href":"https:\/\/novice.si\/page\/wp-json\/wp\/v2\/posts"}],"about":[{"href":"https:\/\/novice.si\/page\/wp-json\/wp\/v2\/types\/post"}],"author":[{"embeddable":true,"href":"https:\/\/novice.si\/page\/wp-json\/wp\/v2\/users\/33"}],"replies":[{"embeddable":true,"href":"https:\/\/novice.si\/page\/wp-json\/wp\/v2\/comments?post=166587"}],"version-history":[{"count":1,"href":"https:\/\/novice.si\/page\/wp-json\/wp\/v2\/posts\/166587\/revisions"}],"predecessor-version":[{"id":166590,"href":"https:\/\/novice.si\/page\/wp-json\/wp\/v2\/posts\/166587\/revisions\/166590"}],"wp:featuredmedia":[{"embeddable":true,"href":"https:\/\/novice.si\/page\/wp-json\/wp\/v2\/media\/166589"}],"wp:attachment":[{"href":"https:\/\/novice.si\/page\/wp-json\/wp\/v2\/media?parent=166587"}],"wp:term":[{"taxonomy":"category","embeddable":true,"href":"https:\/\/novice.si\/page\/wp-json\/wp\/v2\/categories?post=166587"},{"taxonomy":"post_tag","embeddable":true,"href":"https:\/\/novice.si\/page\/wp-json\/wp\/v2\/tags?post=166587"}],"curies":[{"name":"wp","href":"https:\/\/api.w.org\/{rel}","templated":true}]}}