{"id":166504,"date":"2023-08-22T15:37:31","date_gmt":"2023-08-22T13:37:31","guid":{"rendered":"https:\/\/novice.si\/page\/?p=166504"},"modified":"2023-08-22T15:42:28","modified_gmt":"2023-08-22T13:42:28","slug":"celje-na-sojenju-branku-krklecu-zaslisan-celjski-sodni-izvrsitelj","status":"publish","type":"post","link":"https:\/\/novice.si\/page\/celje-na-sojenju-branku-krklecu-zaslisan-celjski-sodni-izvrsitelj\/","title":{"rendered":"CELJE Na sojenju Branku Krklecu zasli\u0161an celjski sodni izvr\u0161itelj"},"content":{"rendered":"<p>V nadaljevanju sojenja 67-letnemu <strong>Branku Krklecu<\/strong>, ki je v \u0160kofiji pri \u0160marju lani ustrelil konji\u0161ka sodna izvr\u0161itelja <strong>Aleksandra Klementa<\/strong> in <strong>Nata\u0161o Zadravec Klement<\/strong>, je sodi\u0161\u010de dopoldne zasli\u0161alo celjskega sodnega izvr\u0161itelja <strong>Bo\u0161tjana Dimca<\/strong>.<\/p>\n<p>Pred petimi leti je sodeloval pri delo\u017eaciji obto\u017eenca iz hi\u0161e v Roga\u0161ki Slatini. Kot je\u00a0<img loading=\"lazy\" decoding=\"async\" class=\"wp-image-166505 alignleft\" src=\"https:\/\/novice.si\/page\/wp-content\/uploads\/2023\/08\/KRKLEC-3-avgust-2023-600x450.jpg\" alt=\"\" width=\"359\" height=\"269\" srcset=\"https:\/\/novice.si\/page\/wp-content\/uploads\/2023\/08\/KRKLEC-3-avgust-2023-600x450.jpg 600w, https:\/\/novice.si\/page\/wp-content\/uploads\/2023\/08\/KRKLEC-3-avgust-2023-1024x768.jpg 1024w, https:\/\/novice.si\/page\/wp-content\/uploads\/2023\/08\/KRKLEC-3-avgust-2023-768x576.jpg 768w, https:\/\/novice.si\/page\/wp-content\/uploads\/2023\/08\/KRKLEC-3-avgust-2023-1536x1152.jpg 1536w, https:\/\/novice.si\/page\/wp-content\/uploads\/2023\/08\/KRKLEC-3-avgust-2023-80x60.jpg 80w, https:\/\/novice.si\/page\/wp-content\/uploads\/2023\/08\/KRKLEC-3-avgust-2023-265x198.jpg 265w, https:\/\/novice.si\/page\/wp-content\/uploads\/2023\/08\/KRKLEC-3-avgust-2023-696x522.jpg 696w, https:\/\/novice.si\/page\/wp-content\/uploads\/2023\/08\/KRKLEC-3-avgust-2023-1068x801.jpg 1068w, https:\/\/novice.si\/page\/wp-content\/uploads\/2023\/08\/KRKLEC-3-avgust-2023-560x420.jpg 560w, https:\/\/novice.si\/page\/wp-content\/uploads\/2023\/08\/KRKLEC-3-avgust-2023-24x18.jpg 24w, https:\/\/novice.si\/page\/wp-content\/uploads\/2023\/08\/KRKLEC-3-avgust-2023-36x27.jpg 36w, https:\/\/novice.si\/page\/wp-content\/uploads\/2023\/08\/KRKLEC-3-avgust-2023-48x36.jpg 48w, https:\/\/novice.si\/page\/wp-content\/uploads\/2023\/08\/KRKLEC-3-avgust-2023.jpg 1984w\" sizes=\"auto, (max-width: 359px) 100vw, 359px\" \/>povedal, je takrat zahteval asistenco policije, saj je pri\u010dakoval te\u017eave, ki pa jih nato ni bilo. Je pa povsem normalno, da ljudje do konca branijo imetje, ki jim ga izvr\u0161itelji nameravajo odvzeti, je menil.<\/p>\n<p>Krklecu, ki se je s pi\u0161tolo uprl zasegu \u017eeninega vozila, s tira pa ga je br\u017e\u010das vrgla reakcija izvr\u0161itelja, ki je vanj spro\u017eil razpr\u0161ilec, grozi dosmrtni zapor.<\/p>\n<p>Sredi septembra sodi\u0161\u010de pripravlja \u0161e soo\u010denje psihiatri\u010dnih izvedencev, ki imata o obto\u017een\u010devi sposobnosti obvladovanja in razumevanja nekoliko razli\u010dna pogleda.<\/p>\n<p>P\u0160<\/p>\n","protected":false},"excerpt":{"rendered":"<p>V nadaljevanju sojenja 67-letnemu Branku Krklecu, ki je v \u0160kofiji pri \u0160marju lani ustrelil konji\u0161ka sodna izvr\u0161itelja Aleksandra Klementa in Nata\u0161o Zadravec Klement, je sodi\u0161\u010de dopoldne zasli\u0161alo celjskega sodnega izvr\u0161itelja Bo\u0161tjana Dimca. Pred petimi leti je sodeloval pri delo\u017eaciji obto\u017eenca iz hi\u0161e v Roga\u0161ki Slatini. Kot je\u00a0povedal, je takrat zahteval asistenco policije, saj je pri\u010dakoval [&hellip;]<\/p>\n","protected":false},"author":33,"featured_media":166505,"comment_status":"closed","ping_status":"closed","sticky":false,"template":"","format":"standard","meta":{"footnotes":""},"categories":[14,17,16,38,29],"tags":[15855,18546,15852,16319,356],"class_list":{"0":"post-166504","1":"post","2":"type-post","3":"status-publish","4":"format-standard","5":"has-post-thumbnail","7":"category-aktualno","8":"category-celjsko","9":"category-konjisko","10":"category-kozjansko","11":"category-kronika","12":"tag-aleksander-klement","13":"tag-bostjan-dimec","14":"tag-branko-krklec","15":"tag-natasa-zadravec-klement","16":"tag-sojenje"},"yoast_head":"<!-- This site is optimized with the Yoast SEO plugin v27.4 - https:\/\/yoast.com\/product\/yoast-seo-wordpress\/ -->\n<title>CELJE Na sojenju Branku Krklecu zasli\u0161an celjski sodni izvr\u0161itelj - Novice.si<\/title>\n<meta name=\"robots\" content=\"index, follow, max-snippet:-1, max-image-preview:large, max-video-preview:-1\" \/>\n<link rel=\"canonical\" href=\"https:\/\/novice.si\/page\/celje-na-sojenju-branku-krklecu-zaslisan-celjski-sodni-izvrsitelj\/\" \/>\n<meta property=\"og:locale\" content=\"sl_SI\" \/>\n<meta property=\"og:type\" content=\"article\" \/>\n<meta property=\"og:title\" content=\"CELJE Na sojenju Branku Krklecu zasli\u0161an celjski sodni izvr\u0161itelj - Novice.si\" \/>\n<meta property=\"og:description\" content=\"V nadaljevanju sojenja 67-letnemu Branku Krklecu, ki je v \u0160kofiji pri \u0160marju lani ustrelil konji\u0161ka sodna izvr\u0161itelja Aleksandra Klementa in Nata\u0161o Zadravec Klement, je sodi\u0161\u010de dopoldne zasli\u0161alo celjskega sodnega izvr\u0161itelja Bo\u0161tjana Dimca. Pred petimi leti je sodeloval pri delo\u017eaciji obto\u017eenca iz hi\u0161e v Roga\u0161ki Slatini. Kot je\u00a0povedal, je takrat zahteval asistenco policije, saj je pri\u010dakoval [&hellip;]\" \/>\n<meta property=\"og:url\" content=\"https:\/\/novice.si\/page\/celje-na-sojenju-branku-krklecu-zaslisan-celjski-sodni-izvrsitelj\/\" \/>\n<meta property=\"og:site_name\" content=\"Novice.si\" \/>\n<meta property=\"article:published_time\" content=\"2023-08-22T13:37:31+00:00\" \/>\n<meta property=\"article:modified_time\" content=\"2023-08-22T13:42:28+00:00\" \/>\n<meta property=\"og:image\" content=\"https:\/\/novice.si\/page\/wp-content\/uploads\/2023\/08\/KRKLEC-3-avgust-2023.jpg\" \/>\n\t<meta property=\"og:image:width\" content=\"1984\" \/>\n\t<meta property=\"og:image:height\" content=\"1488\" \/>\n\t<meta property=\"og:image:type\" content=\"image\/jpeg\" \/>\n<meta name=\"author\" content=\"Uredni\u0161tvo Celjana\" \/>\n<meta name=\"twitter:card\" content=\"summary_large_image\" \/>\n<meta name=\"twitter:label1\" content=\"Written by\" \/>\n\t<meta name=\"twitter:data1\" content=\"Uredni\u0161tvo Celjana\" \/>\n\t<meta name=\"twitter:label2\" content=\"Est. reading time\" \/>\n\t<meta name=\"twitter:data2\" content=\"1 minuta\" \/>\n<script type=\"application\/ld+json\" class=\"yoast-schema-graph\">{\"@context\":\"https:\\\/\\\/schema.org\",\"@graph\":[{\"@type\":\"Article\",\"@id\":\"https:\\\/\\\/novice.si\\\/page\\\/celje-na-sojenju-branku-krklecu-zaslisan-celjski-sodni-izvrsitelj\\\/#article\",\"isPartOf\":{\"@id\":\"https:\\\/\\\/novice.si\\\/page\\\/celje-na-sojenju-branku-krklecu-zaslisan-celjski-sodni-izvrsitelj\\\/\"},\"author\":{\"name\":\"Uredni\u0161tvo Celjana\",\"@id\":\"https:\\\/\\\/novice.si\\\/page\\\/#\\\/schema\\\/person\\\/57f25c9642a9541c7349c65d32032c3e\"},\"headline\":\"CELJE Na sojenju Branku Krklecu zasli\u0161an celjski sodni izvr\u0161itelj\",\"datePublished\":\"2023-08-22T13:37:31+00:00\",\"dateModified\":\"2023-08-22T13:42:28+00:00\",\"mainEntityOfPage\":{\"@id\":\"https:\\\/\\\/novice.si\\\/page\\\/celje-na-sojenju-branku-krklecu-zaslisan-celjski-sodni-izvrsitelj\\\/\"},\"wordCount\":164,\"publisher\":{\"@id\":\"https:\\\/\\\/novice.si\\\/page\\\/#organization\"},\"image\":{\"@id\":\"https:\\\/\\\/novice.si\\\/page\\\/celje-na-sojenju-branku-krklecu-zaslisan-celjski-sodni-izvrsitelj\\\/#primaryimage\"},\"thumbnailUrl\":\"https:\\\/\\\/novice.si\\\/page\\\/wp-content\\\/uploads\\\/2023\\\/08\\\/KRKLEC-3-avgust-2023.jpg\",\"keywords\":[\"Aleksander Klement\",\"bo\u0161tjan dimec\",\"Branko Krklec\",\"Nata\u0161a Zadravec Klement\",\"sojenje\"],\"articleSection\":[\"Aktualno\",\"Celjsko\",\"Konji\u0161ko\",\"Kozjansko\",\"Kronika\"],\"inLanguage\":\"sl-SI\"},{\"@type\":\"WebPage\",\"@id\":\"https:\\\/\\\/novice.si\\\/page\\\/celje-na-sojenju-branku-krklecu-zaslisan-celjski-sodni-izvrsitelj\\\/\",\"url\":\"https:\\\/\\\/novice.si\\\/page\\\/celje-na-sojenju-branku-krklecu-zaslisan-celjski-sodni-izvrsitelj\\\/\",\"name\":\"CELJE Na sojenju Branku Krklecu zasli\u0161an celjski sodni izvr\u0161itelj - Novice.si\",\"isPartOf\":{\"@id\":\"https:\\\/\\\/novice.si\\\/page\\\/#website\"},\"primaryImageOfPage\":{\"@id\":\"https:\\\/\\\/novice.si\\\/page\\\/celje-na-sojenju-branku-krklecu-zaslisan-celjski-sodni-izvrsitelj\\\/#primaryimage\"},\"image\":{\"@id\":\"https:\\\/\\\/novice.si\\\/page\\\/celje-na-sojenju-branku-krklecu-zaslisan-celjski-sodni-izvrsitelj\\\/#primaryimage\"},\"thumbnailUrl\":\"https:\\\/\\\/novice.si\\\/page\\\/wp-content\\\/uploads\\\/2023\\\/08\\\/KRKLEC-3-avgust-2023.jpg\",\"datePublished\":\"2023-08-22T13:37:31+00:00\",\"dateModified\":\"2023-08-22T13:42:28+00:00\",\"breadcrumb\":{\"@id\":\"https:\\\/\\\/novice.si\\\/page\\\/celje-na-sojenju-branku-krklecu-zaslisan-celjski-sodni-izvrsitelj\\\/#breadcrumb\"},\"inLanguage\":\"sl-SI\",\"potentialAction\":[{\"@type\":\"ReadAction\",\"target\":[\"https:\\\/\\\/novice.si\\\/page\\\/celje-na-sojenju-branku-krklecu-zaslisan-celjski-sodni-izvrsitelj\\\/\"]}]},{\"@type\":\"ImageObject\",\"inLanguage\":\"sl-SI\",\"@id\":\"https:\\\/\\\/novice.si\\\/page\\\/celje-na-sojenju-branku-krklecu-zaslisan-celjski-sodni-izvrsitelj\\\/#primaryimage\",\"url\":\"https:\\\/\\\/novice.si\\\/page\\\/wp-content\\\/uploads\\\/2023\\\/08\\\/KRKLEC-3-avgust-2023.jpg\",\"contentUrl\":\"https:\\\/\\\/novice.si\\\/page\\\/wp-content\\\/uploads\\\/2023\\\/08\\\/KRKLEC-3-avgust-2023.jpg\",\"width\":1984,\"height\":1488},{\"@type\":\"BreadcrumbList\",\"@id\":\"https:\\\/\\\/novice.si\\\/page\\\/celje-na-sojenju-branku-krklecu-zaslisan-celjski-sodni-izvrsitelj\\\/#breadcrumb\",\"itemListElement\":[{\"@type\":\"ListItem\",\"position\":1,\"name\":\"Home\",\"item\":\"https:\\\/\\\/novice.si\\\/page\\\/\"},{\"@type\":\"ListItem\",\"position\":2,\"name\":\"CELJE Na sojenju Branku Krklecu zasli\u0161an celjski sodni izvr\u0161itelj\"}]},{\"@type\":\"WebSite\",\"@id\":\"https:\\\/\\\/novice.si\\\/page\\\/#website\",\"url\":\"https:\\\/\\\/novice.si\\\/page\\\/\",\"name\":\"Novice.si\",\"description\":\"\",\"publisher\":{\"@id\":\"https:\\\/\\\/novice.si\\\/page\\\/#organization\"},\"potentialAction\":[{\"@type\":\"SearchAction\",\"target\":{\"@type\":\"EntryPoint\",\"urlTemplate\":\"https:\\\/\\\/novice.si\\\/page\\\/?s={search_term_string}\"},\"query-input\":{\"@type\":\"PropertyValueSpecification\",\"valueRequired\":true,\"valueName\":\"search_term_string\"}}],\"inLanguage\":\"sl-SI\"},{\"@type\":\"Organization\",\"@id\":\"https:\\\/\\\/novice.si\\\/page\\\/#organization\",\"name\":\"Novice.si\",\"url\":\"https:\\\/\\\/novice.si\\\/page\\\/\",\"logo\":{\"@type\":\"ImageObject\",\"inLanguage\":\"sl-SI\",\"@id\":\"https:\\\/\\\/novice.si\\\/page\\\/#\\\/schema\\\/logo\\\/image\\\/\",\"url\":\"https:\\\/\\\/novice.si\\\/page\\\/wp-content\\\/uploads\\\/2023\\\/03\\\/novice_si.png\",\"contentUrl\":\"https:\\\/\\\/novice.si\\\/page\\\/wp-content\\\/uploads\\\/2023\\\/03\\\/novice_si.png\",\"width\":576,\"height\":200,\"caption\":\"Novice.si\"},\"image\":{\"@id\":\"https:\\\/\\\/novice.si\\\/page\\\/#\\\/schema\\\/logo\\\/image\\\/\"}},{\"@type\":\"Person\",\"@id\":\"https:\\\/\\\/novice.si\\\/page\\\/#\\\/schema\\\/person\\\/57f25c9642a9541c7349c65d32032c3e\",\"name\":\"Uredni\u0161tvo Celjana\",\"image\":{\"@type\":\"ImageObject\",\"inLanguage\":\"sl-SI\",\"@id\":\"https:\\\/\\\/secure.gravatar.com\\\/avatar\\\/78e52bc4279b65f6df6345e0ef0f7b792d361361f230cf4ffecfe0afe6d5629c?s=96&d=mm&r=g\",\"url\":\"https:\\\/\\\/secure.gravatar.com\\\/avatar\\\/78e52bc4279b65f6df6345e0ef0f7b792d361361f230cf4ffecfe0afe6d5629c?s=96&d=mm&r=g\",\"contentUrl\":\"https:\\\/\\\/secure.gravatar.com\\\/avatar\\\/78e52bc4279b65f6df6345e0ef0f7b792d361361f230cf4ffecfe0afe6d5629c?s=96&d=mm&r=g\",\"caption\":\"Uredni\u0161tvo Celjana\"},\"url\":\"https:\\\/\\\/novice.si\\\/page\\\/author\\\/primoz\\\/\"}]}<\/script>\n<!-- \/ Yoast SEO plugin. -->","yoast_head_json":{"title":"CELJE Na sojenju Branku Krklecu zasli\u0161an celjski sodni izvr\u0161itelj - Novice.si","robots":{"index":"index","follow":"follow","max-snippet":"max-snippet:-1","max-image-preview":"max-image-preview:large","max-video-preview":"max-video-preview:-1"},"canonical":"https:\/\/novice.si\/page\/celje-na-sojenju-branku-krklecu-zaslisan-celjski-sodni-izvrsitelj\/","og_locale":"sl_SI","og_type":"article","og_title":"CELJE Na sojenju Branku Krklecu zasli\u0161an celjski sodni izvr\u0161itelj - Novice.si","og_description":"V nadaljevanju sojenja 67-letnemu Branku Krklecu, ki je v \u0160kofiji pri \u0160marju lani ustrelil konji\u0161ka sodna izvr\u0161itelja Aleksandra Klementa in Nata\u0161o Zadravec Klement, je sodi\u0161\u010de dopoldne zasli\u0161alo celjskega sodnega izvr\u0161itelja Bo\u0161tjana Dimca. Pred petimi leti je sodeloval pri delo\u017eaciji obto\u017eenca iz hi\u0161e v Roga\u0161ki Slatini. Kot je\u00a0povedal, je takrat zahteval asistenco policije, saj je pri\u010dakoval [&hellip;]","og_url":"https:\/\/novice.si\/page\/celje-na-sojenju-branku-krklecu-zaslisan-celjski-sodni-izvrsitelj\/","og_site_name":"Novice.si","article_published_time":"2023-08-22T13:37:31+00:00","article_modified_time":"2023-08-22T13:42:28+00:00","og_image":[{"width":1984,"height":1488,"url":"https:\/\/novice.si\/page\/wp-content\/uploads\/2023\/08\/KRKLEC-3-avgust-2023.jpg","type":"image\/jpeg"}],"author":"Uredni\u0161tvo Celjana","twitter_card":"summary_large_image","twitter_misc":{"Written by":"Uredni\u0161tvo Celjana","Est. reading time":"1 minuta"},"schema":{"@context":"https:\/\/schema.org","@graph":[{"@type":"Article","@id":"https:\/\/novice.si\/page\/celje-na-sojenju-branku-krklecu-zaslisan-celjski-sodni-izvrsitelj\/#article","isPartOf":{"@id":"https:\/\/novice.si\/page\/celje-na-sojenju-branku-krklecu-zaslisan-celjski-sodni-izvrsitelj\/"},"author":{"name":"Uredni\u0161tvo Celjana","@id":"https:\/\/novice.si\/page\/#\/schema\/person\/57f25c9642a9541c7349c65d32032c3e"},"headline":"CELJE Na sojenju Branku Krklecu zasli\u0161an celjski sodni izvr\u0161itelj","datePublished":"2023-08-22T13:37:31+00:00","dateModified":"2023-08-22T13:42:28+00:00","mainEntityOfPage":{"@id":"https:\/\/novice.si\/page\/celje-na-sojenju-branku-krklecu-zaslisan-celjski-sodni-izvrsitelj\/"},"wordCount":164,"publisher":{"@id":"https:\/\/novice.si\/page\/#organization"},"image":{"@id":"https:\/\/novice.si\/page\/celje-na-sojenju-branku-krklecu-zaslisan-celjski-sodni-izvrsitelj\/#primaryimage"},"thumbnailUrl":"https:\/\/novice.si\/page\/wp-content\/uploads\/2023\/08\/KRKLEC-3-avgust-2023.jpg","keywords":["Aleksander Klement","bo\u0161tjan dimec","Branko Krklec","Nata\u0161a Zadravec Klement","sojenje"],"articleSection":["Aktualno","Celjsko","Konji\u0161ko","Kozjansko","Kronika"],"inLanguage":"sl-SI"},{"@type":"WebPage","@id":"https:\/\/novice.si\/page\/celje-na-sojenju-branku-krklecu-zaslisan-celjski-sodni-izvrsitelj\/","url":"https:\/\/novice.si\/page\/celje-na-sojenju-branku-krklecu-zaslisan-celjski-sodni-izvrsitelj\/","name":"CELJE Na sojenju Branku Krklecu zasli\u0161an celjski sodni izvr\u0161itelj - Novice.si","isPartOf":{"@id":"https:\/\/novice.si\/page\/#website"},"primaryImageOfPage":{"@id":"https:\/\/novice.si\/page\/celje-na-sojenju-branku-krklecu-zaslisan-celjski-sodni-izvrsitelj\/#primaryimage"},"image":{"@id":"https:\/\/novice.si\/page\/celje-na-sojenju-branku-krklecu-zaslisan-celjski-sodni-izvrsitelj\/#primaryimage"},"thumbnailUrl":"https:\/\/novice.si\/page\/wp-content\/uploads\/2023\/08\/KRKLEC-3-avgust-2023.jpg","datePublished":"2023-08-22T13:37:31+00:00","dateModified":"2023-08-22T13:42:28+00:00","breadcrumb":{"@id":"https:\/\/novice.si\/page\/celje-na-sojenju-branku-krklecu-zaslisan-celjski-sodni-izvrsitelj\/#breadcrumb"},"inLanguage":"sl-SI","potentialAction":[{"@type":"ReadAction","target":["https:\/\/novice.si\/page\/celje-na-sojenju-branku-krklecu-zaslisan-celjski-sodni-izvrsitelj\/"]}]},{"@type":"ImageObject","inLanguage":"sl-SI","@id":"https:\/\/novice.si\/page\/celje-na-sojenju-branku-krklecu-zaslisan-celjski-sodni-izvrsitelj\/#primaryimage","url":"https:\/\/novice.si\/page\/wp-content\/uploads\/2023\/08\/KRKLEC-3-avgust-2023.jpg","contentUrl":"https:\/\/novice.si\/page\/wp-content\/uploads\/2023\/08\/KRKLEC-3-avgust-2023.jpg","width":1984,"height":1488},{"@type":"BreadcrumbList","@id":"https:\/\/novice.si\/page\/celje-na-sojenju-branku-krklecu-zaslisan-celjski-sodni-izvrsitelj\/#breadcrumb","itemListElement":[{"@type":"ListItem","position":1,"name":"Home","item":"https:\/\/novice.si\/page\/"},{"@type":"ListItem","position":2,"name":"CELJE Na sojenju Branku Krklecu zasli\u0161an celjski sodni izvr\u0161itelj"}]},{"@type":"WebSite","@id":"https:\/\/novice.si\/page\/#website","url":"https:\/\/novice.si\/page\/","name":"Novice.si","description":"","publisher":{"@id":"https:\/\/novice.si\/page\/#organization"},"potentialAction":[{"@type":"SearchAction","target":{"@type":"EntryPoint","urlTemplate":"https:\/\/novice.si\/page\/?s={search_term_string}"},"query-input":{"@type":"PropertyValueSpecification","valueRequired":true,"valueName":"search_term_string"}}],"inLanguage":"sl-SI"},{"@type":"Organization","@id":"https:\/\/novice.si\/page\/#organization","name":"Novice.si","url":"https:\/\/novice.si\/page\/","logo":{"@type":"ImageObject","inLanguage":"sl-SI","@id":"https:\/\/novice.si\/page\/#\/schema\/logo\/image\/","url":"https:\/\/novice.si\/page\/wp-content\/uploads\/2023\/03\/novice_si.png","contentUrl":"https:\/\/novice.si\/page\/wp-content\/uploads\/2023\/03\/novice_si.png","width":576,"height":200,"caption":"Novice.si"},"image":{"@id":"https:\/\/novice.si\/page\/#\/schema\/logo\/image\/"}},{"@type":"Person","@id":"https:\/\/novice.si\/page\/#\/schema\/person\/57f25c9642a9541c7349c65d32032c3e","name":"Uredni\u0161tvo Celjana","image":{"@type":"ImageObject","inLanguage":"sl-SI","@id":"https:\/\/secure.gravatar.com\/avatar\/78e52bc4279b65f6df6345e0ef0f7b792d361361f230cf4ffecfe0afe6d5629c?s=96&d=mm&r=g","url":"https:\/\/secure.gravatar.com\/avatar\/78e52bc4279b65f6df6345e0ef0f7b792d361361f230cf4ffecfe0afe6d5629c?s=96&d=mm&r=g","contentUrl":"https:\/\/secure.gravatar.com\/avatar\/78e52bc4279b65f6df6345e0ef0f7b792d361361f230cf4ffecfe0afe6d5629c?s=96&d=mm&r=g","caption":"Uredni\u0161tvo Celjana"},"url":"https:\/\/novice.si\/page\/author\/primoz\/"}]}},"_links":{"self":[{"href":"https:\/\/novice.si\/page\/wp-json\/wp\/v2\/posts\/166504","targetHints":{"allow":["GET"]}}],"collection":[{"href":"https:\/\/novice.si\/page\/wp-json\/wp\/v2\/posts"}],"about":[{"href":"https:\/\/novice.si\/page\/wp-json\/wp\/v2\/types\/post"}],"author":[{"embeddable":true,"href":"https:\/\/novice.si\/page\/wp-json\/wp\/v2\/users\/33"}],"replies":[{"embeddable":true,"href":"https:\/\/novice.si\/page\/wp-json\/wp\/v2\/comments?post=166504"}],"version-history":[{"count":3,"href":"https:\/\/novice.si\/page\/wp-json\/wp\/v2\/posts\/166504\/revisions"}],"predecessor-version":[{"id":166508,"href":"https:\/\/novice.si\/page\/wp-json\/wp\/v2\/posts\/166504\/revisions\/166508"}],"wp:featuredmedia":[{"embeddable":true,"href":"https:\/\/novice.si\/page\/wp-json\/wp\/v2\/media\/166505"}],"wp:attachment":[{"href":"https:\/\/novice.si\/page\/wp-json\/wp\/v2\/media?parent=166504"}],"wp:term":[{"taxonomy":"category","embeddable":true,"href":"https:\/\/novice.si\/page\/wp-json\/wp\/v2\/categories?post=166504"},{"taxonomy":"post_tag","embeddable":true,"href":"https:\/\/novice.si\/page\/wp-json\/wp\/v2\/tags?post=166504"}],"curies":[{"name":"wp","href":"https:\/\/api.w.org\/{rel}","templated":true}]}}