{"id":166417,"date":"2023-08-19T17:21:08","date_gmt":"2023-08-19T15:21:08","guid":{"rendered":"https:\/\/novice.si\/page\/?p=166417"},"modified":"2023-08-19T17:21:08","modified_gmt":"2023-08-19T15:21:08","slug":"sp-v-atletiki-v-budimpesti-sest-clanov-celjskega-kladivarja","status":"publish","type":"post","link":"https:\/\/novice.si\/page\/sp-v-atletiki-v-budimpesti-sest-clanov-celjskega-kladivarja\/","title":{"rendered":"SP v atletiki: v Budimpe\u0161ti \u0161est \u010dlanov celjskega Kladivarja"},"content":{"rendered":"<p class=\"T\"><img loading=\"lazy\" decoding=\"async\" class=\"alignnone size-medium wp-image-166418\" src=\"https:\/\/novice.si\/page\/wp-content\/uploads\/2023\/08\/atletika-SP-Budimpesta-foto-Facebook-600x400.jpg\" alt=\"\" width=\"600\" height=\"400\" srcset=\"https:\/\/novice.si\/page\/wp-content\/uploads\/2023\/08\/atletika-SP-Budimpesta-foto-Facebook-600x400.jpg 600w, https:\/\/novice.si\/page\/wp-content\/uploads\/2023\/08\/atletika-SP-Budimpesta-foto-Facebook-1024x682.jpg 1024w, https:\/\/novice.si\/page\/wp-content\/uploads\/2023\/08\/atletika-SP-Budimpesta-foto-Facebook-768x512.jpg 768w, https:\/\/novice.si\/page\/wp-content\/uploads\/2023\/08\/atletika-SP-Budimpesta-foto-Facebook-696x464.jpg 696w, https:\/\/novice.si\/page\/wp-content\/uploads\/2023\/08\/atletika-SP-Budimpesta-foto-Facebook-1068x712.jpg 1068w, https:\/\/novice.si\/page\/wp-content\/uploads\/2023\/08\/atletika-SP-Budimpesta-foto-Facebook-630x420.jpg 630w, https:\/\/novice.si\/page\/wp-content\/uploads\/2023\/08\/atletika-SP-Budimpesta-foto-Facebook-24x16.jpg 24w, https:\/\/novice.si\/page\/wp-content\/uploads\/2023\/08\/atletika-SP-Budimpesta-foto-Facebook-36x24.jpg 36w, https:\/\/novice.si\/page\/wp-content\/uploads\/2023\/08\/atletika-SP-Budimpesta-foto-Facebook-48x32.jpg 48w, https:\/\/novice.si\/page\/wp-content\/uploads\/2023\/08\/atletika-SP-Budimpesta-foto-Facebook.jpg 1136w\" sizes=\"auto, (max-width: 600px) 100vw, 600px\" \/><br \/>\nV Budimpe\u0161ti se je danes za\u010delo svetovno prvenstvo v atletiki. Na vrhuncu atletske sezone bo nastopilo trinajst Slovenk in Slovencev, od tega kar \u0161est \u010dlanov celjskega Kladivarja. Poleg skakalke s palico <b>Tine \u0160utej<\/b>, ki bo ena od kandidatk za medalje, bodo med svetovno elito tekmovali \u0161e <b>Neja Kr\u0161inar<\/b> v maratonu, <b>Klara Lukan<\/b> na 5.000 metrov, <b>Eva Pepelnak<\/b> v troskoku, <b>Martina Ratej<\/b> v metu kopja in <b>Matic Ian Gu\u010dek<\/b> na 400 metrov z ovirami. Prvo ime slovenske reprezentance pa bo Ptuj\u010dan<b> Kristjan \u010ceh<\/b>. Prav branilec naslova svetovnega prvaka v metu diska bo tudi danes odprl slovenske nastope \u2013 kvalifikacije ga \u010dakajo v ve\u010dernem programu. Kvalifikacijska norma za neposredno uvrstitev v ponedeljkov finale je 66,50 metra.<br \/>\nZa prvi komplet medalj so se v mad\u017earski prestolnici pomerili tekmovalci v hitri hoji na 20 kilometrov. Svetovni prvak je postal \u0160panec <strong>Alvaro Martin<\/strong>. (Jure Mernik)<br \/>\nFoto: Facebook, World Athletics Championships Budapest 23<\/p>\n","protected":false},"excerpt":{"rendered":"<p>V Budimpe\u0161ti se je danes za\u010delo svetovno prvenstvo v atletiki. Na vrhuncu atletske sezone bo nastopilo trinajst Slovenk in Slovencev, od tega kar \u0161est \u010dlanov celjskega Kladivarja. Poleg skakalke s palico Tine \u0160utej, ki bo ena od kandidatk za medalje, bodo med svetovno elito tekmovali \u0161e Neja Kr\u0161inar v maratonu, Klara Lukan na 5.000 metrov, [&hellip;]<\/p>\n","protected":false},"author":7,"featured_media":166418,"comment_status":"closed","ping_status":"closed","sticky":false,"template":"","format":"standard","meta":{"footnotes":""},"categories":[14,17,16,68],"tags":[10890,18531],"class_list":{"0":"post-166417","1":"post","2":"type-post","3":"status-publish","4":"format-standard","5":"has-post-thumbnail","7":"category-aktualno","8":"category-celjsko","9":"category-konjisko","10":"category-sport","11":"tag-budimpesta","12":"tag-svetovno-prvenstvo-v-atletiki"},"yoast_head":"<!-- This site is optimized with the Yoast SEO plugin v27.4 - https:\/\/yoast.com\/product\/yoast-seo-wordpress\/ -->\n<title>SP v atletiki: v Budimpe\u0161ti \u0161est \u010dlanov celjskega Kladivarja - Novice.si<\/title>\n<meta name=\"robots\" content=\"index, follow, max-snippet:-1, max-image-preview:large, max-video-preview:-1\" \/>\n<link rel=\"canonical\" href=\"https:\/\/novice.si\/page\/sp-v-atletiki-v-budimpesti-sest-clanov-celjskega-kladivarja\/\" \/>\n<meta property=\"og:locale\" content=\"sl_SI\" \/>\n<meta property=\"og:type\" content=\"article\" \/>\n<meta property=\"og:title\" content=\"SP v atletiki: v Budimpe\u0161ti \u0161est \u010dlanov celjskega Kladivarja - Novice.si\" \/>\n<meta property=\"og:description\" content=\"V Budimpe\u0161ti se je danes za\u010delo svetovno prvenstvo v atletiki. Na vrhuncu atletske sezone bo nastopilo trinajst Slovenk in Slovencev, od tega kar \u0161est \u010dlanov celjskega Kladivarja. Poleg skakalke s palico Tine \u0160utej, ki bo ena od kandidatk za medalje, bodo med svetovno elito tekmovali \u0161e Neja Kr\u0161inar v maratonu, Klara Lukan na 5.000 metrov, [&hellip;]\" \/>\n<meta property=\"og:url\" content=\"https:\/\/novice.si\/page\/sp-v-atletiki-v-budimpesti-sest-clanov-celjskega-kladivarja\/\" \/>\n<meta property=\"og:site_name\" content=\"Novice.si\" \/>\n<meta property=\"article:published_time\" content=\"2023-08-19T15:21:08+00:00\" \/>\n<meta property=\"og:image\" content=\"https:\/\/novice.si\/page\/wp-content\/uploads\/2023\/08\/atletika-SP-Budimpesta-foto-Facebook.jpg\" \/>\n\t<meta property=\"og:image:width\" content=\"1136\" \/>\n\t<meta property=\"og:image:height\" content=\"757\" \/>\n\t<meta property=\"og:image:type\" content=\"image\/jpeg\" \/>\n<meta name=\"author\" content=\"Uredni\u0161tvo Novic\" \/>\n<meta name=\"twitter:card\" content=\"summary_large_image\" \/>\n<meta name=\"twitter:label1\" content=\"Written by\" \/>\n\t<meta name=\"twitter:data1\" content=\"Uredni\u0161tvo Novic\" \/>\n\t<meta name=\"twitter:label2\" content=\"Est. reading time\" \/>\n\t<meta name=\"twitter:data2\" content=\"2 minuti\" \/>\n<script type=\"application\/ld+json\" class=\"yoast-schema-graph\">{\"@context\":\"https:\\\/\\\/schema.org\",\"@graph\":[{\"@type\":\"Article\",\"@id\":\"https:\\\/\\\/novice.si\\\/page\\\/sp-v-atletiki-v-budimpesti-sest-clanov-celjskega-kladivarja\\\/#article\",\"isPartOf\":{\"@id\":\"https:\\\/\\\/novice.si\\\/page\\\/sp-v-atletiki-v-budimpesti-sest-clanov-celjskega-kladivarja\\\/\"},\"author\":{\"name\":\"Uredni\u0161tvo Novic\",\"@id\":\"https:\\\/\\\/novice.si\\\/page\\\/#\\\/schema\\\/person\\\/a877dbb8680d441357ce27663beb35ca\"},\"headline\":\"SP v atletiki: v Budimpe\u0161ti \u0161est \u010dlanov celjskega Kladivarja\",\"datePublished\":\"2023-08-19T15:21:08+00:00\",\"mainEntityOfPage\":{\"@id\":\"https:\\\/\\\/novice.si\\\/page\\\/sp-v-atletiki-v-budimpesti-sest-clanov-celjskega-kladivarja\\\/\"},\"wordCount\":158,\"publisher\":{\"@id\":\"https:\\\/\\\/novice.si\\\/page\\\/#organization\"},\"image\":{\"@id\":\"https:\\\/\\\/novice.si\\\/page\\\/sp-v-atletiki-v-budimpesti-sest-clanov-celjskega-kladivarja\\\/#primaryimage\"},\"thumbnailUrl\":\"https:\\\/\\\/novice.si\\\/page\\\/wp-content\\\/uploads\\\/2023\\\/08\\\/atletika-SP-Budimpesta-foto-Facebook.jpg\",\"keywords\":[\"Budimpe\u0161ta\",\"svetovno prvenstvo v atletiki\"],\"articleSection\":[\"Aktualno\",\"Celjsko\",\"Konji\u0161ko\",\"\u0160port\"],\"inLanguage\":\"sl-SI\"},{\"@type\":\"WebPage\",\"@id\":\"https:\\\/\\\/novice.si\\\/page\\\/sp-v-atletiki-v-budimpesti-sest-clanov-celjskega-kladivarja\\\/\",\"url\":\"https:\\\/\\\/novice.si\\\/page\\\/sp-v-atletiki-v-budimpesti-sest-clanov-celjskega-kladivarja\\\/\",\"name\":\"SP v atletiki: v Budimpe\u0161ti \u0161est \u010dlanov celjskega Kladivarja - Novice.si\",\"isPartOf\":{\"@id\":\"https:\\\/\\\/novice.si\\\/page\\\/#website\"},\"primaryImageOfPage\":{\"@id\":\"https:\\\/\\\/novice.si\\\/page\\\/sp-v-atletiki-v-budimpesti-sest-clanov-celjskega-kladivarja\\\/#primaryimage\"},\"image\":{\"@id\":\"https:\\\/\\\/novice.si\\\/page\\\/sp-v-atletiki-v-budimpesti-sest-clanov-celjskega-kladivarja\\\/#primaryimage\"},\"thumbnailUrl\":\"https:\\\/\\\/novice.si\\\/page\\\/wp-content\\\/uploads\\\/2023\\\/08\\\/atletika-SP-Budimpesta-foto-Facebook.jpg\",\"datePublished\":\"2023-08-19T15:21:08+00:00\",\"breadcrumb\":{\"@id\":\"https:\\\/\\\/novice.si\\\/page\\\/sp-v-atletiki-v-budimpesti-sest-clanov-celjskega-kladivarja\\\/#breadcrumb\"},\"inLanguage\":\"sl-SI\",\"potentialAction\":[{\"@type\":\"ReadAction\",\"target\":[\"https:\\\/\\\/novice.si\\\/page\\\/sp-v-atletiki-v-budimpesti-sest-clanov-celjskega-kladivarja\\\/\"]}]},{\"@type\":\"ImageObject\",\"inLanguage\":\"sl-SI\",\"@id\":\"https:\\\/\\\/novice.si\\\/page\\\/sp-v-atletiki-v-budimpesti-sest-clanov-celjskega-kladivarja\\\/#primaryimage\",\"url\":\"https:\\\/\\\/novice.si\\\/page\\\/wp-content\\\/uploads\\\/2023\\\/08\\\/atletika-SP-Budimpesta-foto-Facebook.jpg\",\"contentUrl\":\"https:\\\/\\\/novice.si\\\/page\\\/wp-content\\\/uploads\\\/2023\\\/08\\\/atletika-SP-Budimpesta-foto-Facebook.jpg\",\"width\":1136,\"height\":757},{\"@type\":\"BreadcrumbList\",\"@id\":\"https:\\\/\\\/novice.si\\\/page\\\/sp-v-atletiki-v-budimpesti-sest-clanov-celjskega-kladivarja\\\/#breadcrumb\",\"itemListElement\":[{\"@type\":\"ListItem\",\"position\":1,\"name\":\"Home\",\"item\":\"https:\\\/\\\/novice.si\\\/page\\\/\"},{\"@type\":\"ListItem\",\"position\":2,\"name\":\"SP v atletiki: v Budimpe\u0161ti \u0161est \u010dlanov celjskega Kladivarja\"}]},{\"@type\":\"WebSite\",\"@id\":\"https:\\\/\\\/novice.si\\\/page\\\/#website\",\"url\":\"https:\\\/\\\/novice.si\\\/page\\\/\",\"name\":\"Novice.si\",\"description\":\"\",\"publisher\":{\"@id\":\"https:\\\/\\\/novice.si\\\/page\\\/#organization\"},\"potentialAction\":[{\"@type\":\"SearchAction\",\"target\":{\"@type\":\"EntryPoint\",\"urlTemplate\":\"https:\\\/\\\/novice.si\\\/page\\\/?s={search_term_string}\"},\"query-input\":{\"@type\":\"PropertyValueSpecification\",\"valueRequired\":true,\"valueName\":\"search_term_string\"}}],\"inLanguage\":\"sl-SI\"},{\"@type\":\"Organization\",\"@id\":\"https:\\\/\\\/novice.si\\\/page\\\/#organization\",\"name\":\"Novice.si\",\"url\":\"https:\\\/\\\/novice.si\\\/page\\\/\",\"logo\":{\"@type\":\"ImageObject\",\"inLanguage\":\"sl-SI\",\"@id\":\"https:\\\/\\\/novice.si\\\/page\\\/#\\\/schema\\\/logo\\\/image\\\/\",\"url\":\"https:\\\/\\\/novice.si\\\/page\\\/wp-content\\\/uploads\\\/2023\\\/03\\\/novice_si.png\",\"contentUrl\":\"https:\\\/\\\/novice.si\\\/page\\\/wp-content\\\/uploads\\\/2023\\\/03\\\/novice_si.png\",\"width\":576,\"height\":200,\"caption\":\"Novice.si\"},\"image\":{\"@id\":\"https:\\\/\\\/novice.si\\\/page\\\/#\\\/schema\\\/logo\\\/image\\\/\"}},{\"@type\":\"Person\",\"@id\":\"https:\\\/\\\/novice.si\\\/page\\\/#\\\/schema\\\/person\\\/a877dbb8680d441357ce27663beb35ca\",\"name\":\"Uredni\u0161tvo Novic\",\"image\":{\"@type\":\"ImageObject\",\"inLanguage\":\"sl-SI\",\"@id\":\"https:\\\/\\\/secure.gravatar.com\\\/avatar\\\/f19c0ae874706cc9ba19d2f6da5f74a5a5ee7674f283fed29ce0ad16a9f1893e?s=96&d=mm&r=g\",\"url\":\"https:\\\/\\\/secure.gravatar.com\\\/avatar\\\/f19c0ae874706cc9ba19d2f6da5f74a5a5ee7674f283fed29ce0ad16a9f1893e?s=96&d=mm&r=g\",\"contentUrl\":\"https:\\\/\\\/secure.gravatar.com\\\/avatar\\\/f19c0ae874706cc9ba19d2f6da5f74a5a5ee7674f283fed29ce0ad16a9f1893e?s=96&d=mm&r=g\",\"caption\":\"Uredni\u0161tvo Novic\"},\"url\":\"https:\\\/\\\/novice.si\\\/page\\\/author\\\/jure\\\/\"}]}<\/script>\n<!-- \/ Yoast SEO plugin. -->","yoast_head_json":{"title":"SP v atletiki: v Budimpe\u0161ti \u0161est \u010dlanov celjskega Kladivarja - Novice.si","robots":{"index":"index","follow":"follow","max-snippet":"max-snippet:-1","max-image-preview":"max-image-preview:large","max-video-preview":"max-video-preview:-1"},"canonical":"https:\/\/novice.si\/page\/sp-v-atletiki-v-budimpesti-sest-clanov-celjskega-kladivarja\/","og_locale":"sl_SI","og_type":"article","og_title":"SP v atletiki: v Budimpe\u0161ti \u0161est \u010dlanov celjskega Kladivarja - Novice.si","og_description":"V Budimpe\u0161ti se je danes za\u010delo svetovno prvenstvo v atletiki. Na vrhuncu atletske sezone bo nastopilo trinajst Slovenk in Slovencev, od tega kar \u0161est \u010dlanov celjskega Kladivarja. Poleg skakalke s palico Tine \u0160utej, ki bo ena od kandidatk za medalje, bodo med svetovno elito tekmovali \u0161e Neja Kr\u0161inar v maratonu, Klara Lukan na 5.000 metrov, [&hellip;]","og_url":"https:\/\/novice.si\/page\/sp-v-atletiki-v-budimpesti-sest-clanov-celjskega-kladivarja\/","og_site_name":"Novice.si","article_published_time":"2023-08-19T15:21:08+00:00","og_image":[{"width":1136,"height":757,"url":"https:\/\/novice.si\/page\/wp-content\/uploads\/2023\/08\/atletika-SP-Budimpesta-foto-Facebook.jpg","type":"image\/jpeg"}],"author":"Uredni\u0161tvo Novic","twitter_card":"summary_large_image","twitter_misc":{"Written by":"Uredni\u0161tvo Novic","Est. reading time":"2 minuti"},"schema":{"@context":"https:\/\/schema.org","@graph":[{"@type":"Article","@id":"https:\/\/novice.si\/page\/sp-v-atletiki-v-budimpesti-sest-clanov-celjskega-kladivarja\/#article","isPartOf":{"@id":"https:\/\/novice.si\/page\/sp-v-atletiki-v-budimpesti-sest-clanov-celjskega-kladivarja\/"},"author":{"name":"Uredni\u0161tvo Novic","@id":"https:\/\/novice.si\/page\/#\/schema\/person\/a877dbb8680d441357ce27663beb35ca"},"headline":"SP v atletiki: v Budimpe\u0161ti \u0161est \u010dlanov celjskega Kladivarja","datePublished":"2023-08-19T15:21:08+00:00","mainEntityOfPage":{"@id":"https:\/\/novice.si\/page\/sp-v-atletiki-v-budimpesti-sest-clanov-celjskega-kladivarja\/"},"wordCount":158,"publisher":{"@id":"https:\/\/novice.si\/page\/#organization"},"image":{"@id":"https:\/\/novice.si\/page\/sp-v-atletiki-v-budimpesti-sest-clanov-celjskega-kladivarja\/#primaryimage"},"thumbnailUrl":"https:\/\/novice.si\/page\/wp-content\/uploads\/2023\/08\/atletika-SP-Budimpesta-foto-Facebook.jpg","keywords":["Budimpe\u0161ta","svetovno prvenstvo v atletiki"],"articleSection":["Aktualno","Celjsko","Konji\u0161ko","\u0160port"],"inLanguage":"sl-SI"},{"@type":"WebPage","@id":"https:\/\/novice.si\/page\/sp-v-atletiki-v-budimpesti-sest-clanov-celjskega-kladivarja\/","url":"https:\/\/novice.si\/page\/sp-v-atletiki-v-budimpesti-sest-clanov-celjskega-kladivarja\/","name":"SP v atletiki: v Budimpe\u0161ti \u0161est \u010dlanov celjskega Kladivarja - Novice.si","isPartOf":{"@id":"https:\/\/novice.si\/page\/#website"},"primaryImageOfPage":{"@id":"https:\/\/novice.si\/page\/sp-v-atletiki-v-budimpesti-sest-clanov-celjskega-kladivarja\/#primaryimage"},"image":{"@id":"https:\/\/novice.si\/page\/sp-v-atletiki-v-budimpesti-sest-clanov-celjskega-kladivarja\/#primaryimage"},"thumbnailUrl":"https:\/\/novice.si\/page\/wp-content\/uploads\/2023\/08\/atletika-SP-Budimpesta-foto-Facebook.jpg","datePublished":"2023-08-19T15:21:08+00:00","breadcrumb":{"@id":"https:\/\/novice.si\/page\/sp-v-atletiki-v-budimpesti-sest-clanov-celjskega-kladivarja\/#breadcrumb"},"inLanguage":"sl-SI","potentialAction":[{"@type":"ReadAction","target":["https:\/\/novice.si\/page\/sp-v-atletiki-v-budimpesti-sest-clanov-celjskega-kladivarja\/"]}]},{"@type":"ImageObject","inLanguage":"sl-SI","@id":"https:\/\/novice.si\/page\/sp-v-atletiki-v-budimpesti-sest-clanov-celjskega-kladivarja\/#primaryimage","url":"https:\/\/novice.si\/page\/wp-content\/uploads\/2023\/08\/atletika-SP-Budimpesta-foto-Facebook.jpg","contentUrl":"https:\/\/novice.si\/page\/wp-content\/uploads\/2023\/08\/atletika-SP-Budimpesta-foto-Facebook.jpg","width":1136,"height":757},{"@type":"BreadcrumbList","@id":"https:\/\/novice.si\/page\/sp-v-atletiki-v-budimpesti-sest-clanov-celjskega-kladivarja\/#breadcrumb","itemListElement":[{"@type":"ListItem","position":1,"name":"Home","item":"https:\/\/novice.si\/page\/"},{"@type":"ListItem","position":2,"name":"SP v atletiki: v Budimpe\u0161ti \u0161est \u010dlanov celjskega Kladivarja"}]},{"@type":"WebSite","@id":"https:\/\/novice.si\/page\/#website","url":"https:\/\/novice.si\/page\/","name":"Novice.si","description":"","publisher":{"@id":"https:\/\/novice.si\/page\/#organization"},"potentialAction":[{"@type":"SearchAction","target":{"@type":"EntryPoint","urlTemplate":"https:\/\/novice.si\/page\/?s={search_term_string}"},"query-input":{"@type":"PropertyValueSpecification","valueRequired":true,"valueName":"search_term_string"}}],"inLanguage":"sl-SI"},{"@type":"Organization","@id":"https:\/\/novice.si\/page\/#organization","name":"Novice.si","url":"https:\/\/novice.si\/page\/","logo":{"@type":"ImageObject","inLanguage":"sl-SI","@id":"https:\/\/novice.si\/page\/#\/schema\/logo\/image\/","url":"https:\/\/novice.si\/page\/wp-content\/uploads\/2023\/03\/novice_si.png","contentUrl":"https:\/\/novice.si\/page\/wp-content\/uploads\/2023\/03\/novice_si.png","width":576,"height":200,"caption":"Novice.si"},"image":{"@id":"https:\/\/novice.si\/page\/#\/schema\/logo\/image\/"}},{"@type":"Person","@id":"https:\/\/novice.si\/page\/#\/schema\/person\/a877dbb8680d441357ce27663beb35ca","name":"Uredni\u0161tvo Novic","image":{"@type":"ImageObject","inLanguage":"sl-SI","@id":"https:\/\/secure.gravatar.com\/avatar\/f19c0ae874706cc9ba19d2f6da5f74a5a5ee7674f283fed29ce0ad16a9f1893e?s=96&d=mm&r=g","url":"https:\/\/secure.gravatar.com\/avatar\/f19c0ae874706cc9ba19d2f6da5f74a5a5ee7674f283fed29ce0ad16a9f1893e?s=96&d=mm&r=g","contentUrl":"https:\/\/secure.gravatar.com\/avatar\/f19c0ae874706cc9ba19d2f6da5f74a5a5ee7674f283fed29ce0ad16a9f1893e?s=96&d=mm&r=g","caption":"Uredni\u0161tvo Novic"},"url":"https:\/\/novice.si\/page\/author\/jure\/"}]}},"_links":{"self":[{"href":"https:\/\/novice.si\/page\/wp-json\/wp\/v2\/posts\/166417","targetHints":{"allow":["GET"]}}],"collection":[{"href":"https:\/\/novice.si\/page\/wp-json\/wp\/v2\/posts"}],"about":[{"href":"https:\/\/novice.si\/page\/wp-json\/wp\/v2\/types\/post"}],"author":[{"embeddable":true,"href":"https:\/\/novice.si\/page\/wp-json\/wp\/v2\/users\/7"}],"replies":[{"embeddable":true,"href":"https:\/\/novice.si\/page\/wp-json\/wp\/v2\/comments?post=166417"}],"version-history":[{"count":1,"href":"https:\/\/novice.si\/page\/wp-json\/wp\/v2\/posts\/166417\/revisions"}],"predecessor-version":[{"id":166419,"href":"https:\/\/novice.si\/page\/wp-json\/wp\/v2\/posts\/166417\/revisions\/166419"}],"wp:featuredmedia":[{"embeddable":true,"href":"https:\/\/novice.si\/page\/wp-json\/wp\/v2\/media\/166418"}],"wp:attachment":[{"href":"https:\/\/novice.si\/page\/wp-json\/wp\/v2\/media?parent=166417"}],"wp:term":[{"taxonomy":"category","embeddable":true,"href":"https:\/\/novice.si\/page\/wp-json\/wp\/v2\/categories?post=166417"},{"taxonomy":"post_tag","embeddable":true,"href":"https:\/\/novice.si\/page\/wp-json\/wp\/v2\/tags?post=166417"}],"curies":[{"name":"wp","href":"https:\/\/api.w.org\/{rel}","templated":true}]}}