{"id":166413,"date":"2023-08-19T11:05:50","date_gmt":"2023-08-19T09:05:50","guid":{"rendered":"https:\/\/novice.si\/page\/?p=166413"},"modified":"2023-08-19T11:02:42","modified_gmt":"2023-08-19T09:02:42","slug":"danes-odprtje-prenovljene-poslovalnice-deichmann-v-slovenski-bistrici","status":"publish","type":"post","link":"https:\/\/novice.si\/page\/danes-odprtje-prenovljene-poslovalnice-deichmann-v-slovenski-bistrici\/","title":{"rendered":"Danes odprtje prenovljene poslovalnice Deichmann\u00a0 v Slovenski Bistrici"},"content":{"rendered":"<p>Danes, 19. avgusta, odpira vrata prenovljena poslovalnica Deichmann v Slovenski Bistrici. Obiskovalci bodo lahko preverili novo ponudbo in se sprehodili po prenovljenem prostoru, ki odseva novo vizijo podjetja. Prvih petsto kupcev bo prejelo ekskluzivno darilo, prav tako pa bodo kupci lahko do torka izkoristili tudi akcijske popuste ob nakupu ve\u010d izdelkov.<br \/>\nGotovo bodo o\u010di vpete v vse nove artikle, ki so \u017ee na voljo \u2013 med njimi je aktualna kolekcija superg Back to school. Tik pred prihodom je kolekcija, ki opeva trende preteklosti, \u0161e posebej 70-ta, prav tako pa bodo nazaj pri\u0161li slavni \u00bbchunky\u00ab \u0161kornji z debelimi podplati ter jesensko-zimska kolekcija \u2026<\/p>\n<p><strong>Nov koncept poslovalnic<br \/>\n<\/strong>Deichmann sicer v Sloveniji letos obele\u017euje \u017ee 16. leto poslovanja. Prav v Slovenski Bistrici so tedaj odprli svojo prvo poslovalnico. Zdaj jih imajo v Sloveniji 30 in postopno bodo prenovili tudi druge.<br \/>\nNova podoba poslovalnic zajema sodoben videz, prostornost, prilagojeno pohi\u0161tvo in barvne poudarke. Med pomembnej\u0161imi spremembami je tudi prostoren oddelek \u0161portnih \u010devljev za mo\u0161ke in \u017eenske, vklju\u010dno s prepoznavno steno za superge \u0161tevilnih blagovnih znamk.<\/p>\n<figure id=\"attachment_166414\" aria-describedby=\"caption-attachment-166414\" style=\"width: 600px\" class=\"wp-caption alignnone\"><img loading=\"lazy\" decoding=\"async\" class=\"wp-image-166414 size-medium\" src=\"https:\/\/novice.si\/page\/wp-content\/uploads\/2023\/08\/Deichmann-BTS_adidas_Woman_1-1_resize-600x428.jpg\" alt=\"\" width=\"600\" height=\"428\" srcset=\"https:\/\/novice.si\/page\/wp-content\/uploads\/2023\/08\/Deichmann-BTS_adidas_Woman_1-1_resize-600x428.jpg 600w, https:\/\/novice.si\/page\/wp-content\/uploads\/2023\/08\/Deichmann-BTS_adidas_Woman_1-1_resize-768x547.jpg 768w, https:\/\/novice.si\/page\/wp-content\/uploads\/2023\/08\/Deichmann-BTS_adidas_Woman_1-1_resize-100x70.jpg 100w, https:\/\/novice.si\/page\/wp-content\/uploads\/2023\/08\/Deichmann-BTS_adidas_Woman_1-1_resize-696x496.jpg 696w, https:\/\/novice.si\/page\/wp-content\/uploads\/2023\/08\/Deichmann-BTS_adidas_Woman_1-1_resize-589x420.jpg 589w, https:\/\/novice.si\/page\/wp-content\/uploads\/2023\/08\/Deichmann-BTS_adidas_Woman_1-1_resize-24x17.jpg 24w, https:\/\/novice.si\/page\/wp-content\/uploads\/2023\/08\/Deichmann-BTS_adidas_Woman_1-1_resize-36x26.jpg 36w, https:\/\/novice.si\/page\/wp-content\/uploads\/2023\/08\/Deichmann-BTS_adidas_Woman_1-1_resize-48x34.jpg 48w, https:\/\/novice.si\/page\/wp-content\/uploads\/2023\/08\/Deichmann-BTS_adidas_Woman_1-1_resize.jpg 982w\" sizes=\"auto, (max-width: 600px) 100vw, 600px\" \/><figcaption id=\"caption-attachment-166414\" class=\"wp-caption-text\">V prenovljeni poslovalnice Deichmann v Slovenski Bistrici najdete prostoren oddelek \u0161portnih \u010devljev<\/figcaption><\/figure>\n<p><strong>Rast podjetja<br \/>\n<\/strong>Kot so med drugim sporo\u010dili za na\u0161e medije, je trgovec z obutvijo Deichmann preteklo poslovno leto 2022 zaklju\u010dil s 25-odstotno rastjo prodaje; promet je v letu 2022 zna\u0161al 32,2 milijona evrov, prodali pa so pribli\u017eno 1,1 milijona parov \u010devljev v svojih 30 poslovalnicah v Sloveniji. V podjetju je zaposlenih 266 ljudi.<br \/>\nSicer pa je bilo podjetje DEICHMANN SE s sede\u017eem v Essnu (Nem\u010dija) ustanovljeno leta 1913 in je v 100-odstotni dru\u017einski lasti. Gre za vodilno podjetje evropskih prodajalcev \u010devljev, ki je prisotno v 31 dr\u017eavah po vsem svetu. Zaposluje ve\u010d kot 48.000 sodelavcev in posluje z ve\u010d kot 4.500 poslovalnicami in z 41 spletnimi trgovinami. Poleg formata DEICHMANN ima podjetje v lasti \u0161e druge koncepte.<\/p>\n<p>&nbsp;<\/p>\n","protected":false},"excerpt":{"rendered":"<p>Danes, 19. avgusta, odpira vrata prenovljena poslovalnica Deichmann v Slovenski Bistrici. Obiskovalci bodo lahko preverili novo ponudbo in se sprehodili po prenovljenem prostoru, ki odseva novo vizijo podjetja. Prvih petsto kupcev bo prejelo ekskluzivno darilo, prav tako pa bodo kupci lahko do torka izkoristili tudi akcijske popuste ob nakupu ve\u010d izdelkov. Gotovo bodo o\u010di vpete [&hellip;]<\/p>\n","protected":false},"author":8,"featured_media":166414,"comment_status":"closed","ping_status":"closed","sticky":false,"template":"","format":"standard","meta":{"footnotes":""},"categories":[14,32],"tags":[18529,18530,4038,171],"class_list":{"0":"post-166413","1":"post","2":"type-post","3":"status-publish","4":"format-standard","5":"has-post-thumbnail","7":"category-aktualno","8":"category-bistrisko","9":"tag-deichmann","10":"tag-obutev","11":"tag-prenova","12":"tag-slovenska-bistrica"},"yoast_head":"<!-- This site is optimized with the Yoast SEO plugin v27.4 - https:\/\/yoast.com\/product\/yoast-seo-wordpress\/ -->\n<title>Danes odprtje prenovljene poslovalnice Deichmann\u00a0 v Slovenski Bistrici - Novice.si<\/title>\n<meta name=\"robots\" content=\"index, follow, max-snippet:-1, max-image-preview:large, max-video-preview:-1\" \/>\n<link rel=\"canonical\" href=\"https:\/\/novice.si\/page\/danes-odprtje-prenovljene-poslovalnice-deichmann-v-slovenski-bistrici\/\" \/>\n<meta property=\"og:locale\" content=\"sl_SI\" \/>\n<meta property=\"og:type\" content=\"article\" \/>\n<meta property=\"og:title\" content=\"Danes odprtje prenovljene poslovalnice Deichmann\u00a0 v Slovenski Bistrici - Novice.si\" \/>\n<meta property=\"og:description\" content=\"Danes, 19. avgusta, odpira vrata prenovljena poslovalnica Deichmann v Slovenski Bistrici. Obiskovalci bodo lahko preverili novo ponudbo in se sprehodili po prenovljenem prostoru, ki odseva novo vizijo podjetja. Prvih petsto kupcev bo prejelo ekskluzivno darilo, prav tako pa bodo kupci lahko do torka izkoristili tudi akcijske popuste ob nakupu ve\u010d izdelkov. Gotovo bodo o\u010di vpete [&hellip;]\" \/>\n<meta property=\"og:url\" content=\"https:\/\/novice.si\/page\/danes-odprtje-prenovljene-poslovalnice-deichmann-v-slovenski-bistrici\/\" \/>\n<meta property=\"og:site_name\" content=\"Novice.si\" \/>\n<meta property=\"article:published_time\" content=\"2023-08-19T09:05:50+00:00\" \/>\n<meta property=\"og:image\" content=\"https:\/\/novice.si\/page\/wp-content\/uploads\/2023\/08\/Deichmann-BTS_adidas_Woman_1-1_resize.jpg\" \/>\n\t<meta property=\"og:image:width\" content=\"982\" \/>\n\t<meta property=\"og:image:height\" content=\"700\" \/>\n\t<meta property=\"og:image:type\" content=\"image\/jpeg\" \/>\n<meta name=\"author\" content=\"Uredni\u0161tvo Bistri\u0161kih novic\" \/>\n<meta name=\"twitter:card\" content=\"summary_large_image\" \/>\n<meta name=\"twitter:label1\" content=\"Written by\" \/>\n\t<meta name=\"twitter:data1\" content=\"Uredni\u0161tvo Bistri\u0161kih novic\" \/>\n\t<meta name=\"twitter:label2\" content=\"Est. reading time\" \/>\n\t<meta name=\"twitter:data2\" content=\"2 minuti\" \/>\n<script type=\"application\/ld+json\" class=\"yoast-schema-graph\">{\"@context\":\"https:\\\/\\\/schema.org\",\"@graph\":[{\"@type\":\"Article\",\"@id\":\"https:\\\/\\\/novice.si\\\/page\\\/danes-odprtje-prenovljene-poslovalnice-deichmann-v-slovenski-bistrici\\\/#article\",\"isPartOf\":{\"@id\":\"https:\\\/\\\/novice.si\\\/page\\\/danes-odprtje-prenovljene-poslovalnice-deichmann-v-slovenski-bistrici\\\/\"},\"author\":{\"name\":\"Uredni\u0161tvo Bistri\u0161kih novic\",\"@id\":\"https:\\\/\\\/novice.si\\\/page\\\/#\\\/schema\\\/person\\\/96b32396deedcde3f7f776c306b4be21\"},\"headline\":\"Danes odprtje prenovljene poslovalnice Deichmann\u00a0 v Slovenski Bistrici\",\"datePublished\":\"2023-08-19T09:05:50+00:00\",\"mainEntityOfPage\":{\"@id\":\"https:\\\/\\\/novice.si\\\/page\\\/danes-odprtje-prenovljene-poslovalnice-deichmann-v-slovenski-bistrici\\\/\"},\"wordCount\":316,\"publisher\":{\"@id\":\"https:\\\/\\\/novice.si\\\/page\\\/#organization\"},\"image\":{\"@id\":\"https:\\\/\\\/novice.si\\\/page\\\/danes-odprtje-prenovljene-poslovalnice-deichmann-v-slovenski-bistrici\\\/#primaryimage\"},\"thumbnailUrl\":\"https:\\\/\\\/novice.si\\\/page\\\/wp-content\\\/uploads\\\/2023\\\/08\\\/Deichmann-BTS_adidas_Woman_1-1_resize.jpg\",\"keywords\":[\"deichmann\",\"obutev\",\"prenova\",\"Slovenska Bistrica\"],\"articleSection\":[\"Aktualno\",\"Bistri\u0161ko\"],\"inLanguage\":\"sl-SI\"},{\"@type\":\"WebPage\",\"@id\":\"https:\\\/\\\/novice.si\\\/page\\\/danes-odprtje-prenovljene-poslovalnice-deichmann-v-slovenski-bistrici\\\/\",\"url\":\"https:\\\/\\\/novice.si\\\/page\\\/danes-odprtje-prenovljene-poslovalnice-deichmann-v-slovenski-bistrici\\\/\",\"name\":\"Danes odprtje prenovljene poslovalnice Deichmann\u00a0 v Slovenski Bistrici - Novice.si\",\"isPartOf\":{\"@id\":\"https:\\\/\\\/novice.si\\\/page\\\/#website\"},\"primaryImageOfPage\":{\"@id\":\"https:\\\/\\\/novice.si\\\/page\\\/danes-odprtje-prenovljene-poslovalnice-deichmann-v-slovenski-bistrici\\\/#primaryimage\"},\"image\":{\"@id\":\"https:\\\/\\\/novice.si\\\/page\\\/danes-odprtje-prenovljene-poslovalnice-deichmann-v-slovenski-bistrici\\\/#primaryimage\"},\"thumbnailUrl\":\"https:\\\/\\\/novice.si\\\/page\\\/wp-content\\\/uploads\\\/2023\\\/08\\\/Deichmann-BTS_adidas_Woman_1-1_resize.jpg\",\"datePublished\":\"2023-08-19T09:05:50+00:00\",\"breadcrumb\":{\"@id\":\"https:\\\/\\\/novice.si\\\/page\\\/danes-odprtje-prenovljene-poslovalnice-deichmann-v-slovenski-bistrici\\\/#breadcrumb\"},\"inLanguage\":\"sl-SI\",\"potentialAction\":[{\"@type\":\"ReadAction\",\"target\":[\"https:\\\/\\\/novice.si\\\/page\\\/danes-odprtje-prenovljene-poslovalnice-deichmann-v-slovenski-bistrici\\\/\"]}]},{\"@type\":\"ImageObject\",\"inLanguage\":\"sl-SI\",\"@id\":\"https:\\\/\\\/novice.si\\\/page\\\/danes-odprtje-prenovljene-poslovalnice-deichmann-v-slovenski-bistrici\\\/#primaryimage\",\"url\":\"https:\\\/\\\/novice.si\\\/page\\\/wp-content\\\/uploads\\\/2023\\\/08\\\/Deichmann-BTS_adidas_Woman_1-1_resize.jpg\",\"contentUrl\":\"https:\\\/\\\/novice.si\\\/page\\\/wp-content\\\/uploads\\\/2023\\\/08\\\/Deichmann-BTS_adidas_Woman_1-1_resize.jpg\",\"width\":982,\"height\":700},{\"@type\":\"BreadcrumbList\",\"@id\":\"https:\\\/\\\/novice.si\\\/page\\\/danes-odprtje-prenovljene-poslovalnice-deichmann-v-slovenski-bistrici\\\/#breadcrumb\",\"itemListElement\":[{\"@type\":\"ListItem\",\"position\":1,\"name\":\"Home\",\"item\":\"https:\\\/\\\/novice.si\\\/page\\\/\"},{\"@type\":\"ListItem\",\"position\":2,\"name\":\"Danes odprtje prenovljene poslovalnice Deichmann\u00a0 v Slovenski Bistrici\"}]},{\"@type\":\"WebSite\",\"@id\":\"https:\\\/\\\/novice.si\\\/page\\\/#website\",\"url\":\"https:\\\/\\\/novice.si\\\/page\\\/\",\"name\":\"Novice.si\",\"description\":\"\",\"publisher\":{\"@id\":\"https:\\\/\\\/novice.si\\\/page\\\/#organization\"},\"potentialAction\":[{\"@type\":\"SearchAction\",\"target\":{\"@type\":\"EntryPoint\",\"urlTemplate\":\"https:\\\/\\\/novice.si\\\/page\\\/?s={search_term_string}\"},\"query-input\":{\"@type\":\"PropertyValueSpecification\",\"valueRequired\":true,\"valueName\":\"search_term_string\"}}],\"inLanguage\":\"sl-SI\"},{\"@type\":\"Organization\",\"@id\":\"https:\\\/\\\/novice.si\\\/page\\\/#organization\",\"name\":\"Novice.si\",\"url\":\"https:\\\/\\\/novice.si\\\/page\\\/\",\"logo\":{\"@type\":\"ImageObject\",\"inLanguage\":\"sl-SI\",\"@id\":\"https:\\\/\\\/novice.si\\\/page\\\/#\\\/schema\\\/logo\\\/image\\\/\",\"url\":\"https:\\\/\\\/novice.si\\\/page\\\/wp-content\\\/uploads\\\/2023\\\/03\\\/novice_si.png\",\"contentUrl\":\"https:\\\/\\\/novice.si\\\/page\\\/wp-content\\\/uploads\\\/2023\\\/03\\\/novice_si.png\",\"width\":576,\"height\":200,\"caption\":\"Novice.si\"},\"image\":{\"@id\":\"https:\\\/\\\/novice.si\\\/page\\\/#\\\/schema\\\/logo\\\/image\\\/\"}},{\"@type\":\"Person\",\"@id\":\"https:\\\/\\\/novice.si\\\/page\\\/#\\\/schema\\\/person\\\/96b32396deedcde3f7f776c306b4be21\",\"name\":\"Uredni\u0161tvo Bistri\u0161kih novic\",\"image\":{\"@type\":\"ImageObject\",\"inLanguage\":\"sl-SI\",\"@id\":\"https:\\\/\\\/secure.gravatar.com\\\/avatar\\\/26c56c4b10cdb3a21e86442e5f2845a4eafdd0f3605def77ec6cff4aaef32ea4?s=96&d=mm&r=g\",\"url\":\"https:\\\/\\\/secure.gravatar.com\\\/avatar\\\/26c56c4b10cdb3a21e86442e5f2845a4eafdd0f3605def77ec6cff4aaef32ea4?s=96&d=mm&r=g\",\"contentUrl\":\"https:\\\/\\\/secure.gravatar.com\\\/avatar\\\/26c56c4b10cdb3a21e86442e5f2845a4eafdd0f3605def77ec6cff4aaef32ea4?s=96&d=mm&r=g\",\"caption\":\"Uredni\u0161tvo Bistri\u0161kih novic\"},\"url\":\"https:\\\/\\\/novice.si\\\/page\\\/author\\\/bojana\\\/\"}]}<\/script>\n<!-- \/ Yoast SEO plugin. -->","yoast_head_json":{"title":"Danes odprtje prenovljene poslovalnice Deichmann\u00a0 v Slovenski Bistrici - Novice.si","robots":{"index":"index","follow":"follow","max-snippet":"max-snippet:-1","max-image-preview":"max-image-preview:large","max-video-preview":"max-video-preview:-1"},"canonical":"https:\/\/novice.si\/page\/danes-odprtje-prenovljene-poslovalnice-deichmann-v-slovenski-bistrici\/","og_locale":"sl_SI","og_type":"article","og_title":"Danes odprtje prenovljene poslovalnice Deichmann\u00a0 v Slovenski Bistrici - Novice.si","og_description":"Danes, 19. avgusta, odpira vrata prenovljena poslovalnica Deichmann v Slovenski Bistrici. Obiskovalci bodo lahko preverili novo ponudbo in se sprehodili po prenovljenem prostoru, ki odseva novo vizijo podjetja. Prvih petsto kupcev bo prejelo ekskluzivno darilo, prav tako pa bodo kupci lahko do torka izkoristili tudi akcijske popuste ob nakupu ve\u010d izdelkov. Gotovo bodo o\u010di vpete [&hellip;]","og_url":"https:\/\/novice.si\/page\/danes-odprtje-prenovljene-poslovalnice-deichmann-v-slovenski-bistrici\/","og_site_name":"Novice.si","article_published_time":"2023-08-19T09:05:50+00:00","og_image":[{"width":982,"height":700,"url":"https:\/\/novice.si\/page\/wp-content\/uploads\/2023\/08\/Deichmann-BTS_adidas_Woman_1-1_resize.jpg","type":"image\/jpeg"}],"author":"Uredni\u0161tvo Bistri\u0161kih novic","twitter_card":"summary_large_image","twitter_misc":{"Written by":"Uredni\u0161tvo Bistri\u0161kih novic","Est. reading time":"2 minuti"},"schema":{"@context":"https:\/\/schema.org","@graph":[{"@type":"Article","@id":"https:\/\/novice.si\/page\/danes-odprtje-prenovljene-poslovalnice-deichmann-v-slovenski-bistrici\/#article","isPartOf":{"@id":"https:\/\/novice.si\/page\/danes-odprtje-prenovljene-poslovalnice-deichmann-v-slovenski-bistrici\/"},"author":{"name":"Uredni\u0161tvo Bistri\u0161kih novic","@id":"https:\/\/novice.si\/page\/#\/schema\/person\/96b32396deedcde3f7f776c306b4be21"},"headline":"Danes odprtje prenovljene poslovalnice Deichmann\u00a0 v Slovenski Bistrici","datePublished":"2023-08-19T09:05:50+00:00","mainEntityOfPage":{"@id":"https:\/\/novice.si\/page\/danes-odprtje-prenovljene-poslovalnice-deichmann-v-slovenski-bistrici\/"},"wordCount":316,"publisher":{"@id":"https:\/\/novice.si\/page\/#organization"},"image":{"@id":"https:\/\/novice.si\/page\/danes-odprtje-prenovljene-poslovalnice-deichmann-v-slovenski-bistrici\/#primaryimage"},"thumbnailUrl":"https:\/\/novice.si\/page\/wp-content\/uploads\/2023\/08\/Deichmann-BTS_adidas_Woman_1-1_resize.jpg","keywords":["deichmann","obutev","prenova","Slovenska Bistrica"],"articleSection":["Aktualno","Bistri\u0161ko"],"inLanguage":"sl-SI"},{"@type":"WebPage","@id":"https:\/\/novice.si\/page\/danes-odprtje-prenovljene-poslovalnice-deichmann-v-slovenski-bistrici\/","url":"https:\/\/novice.si\/page\/danes-odprtje-prenovljene-poslovalnice-deichmann-v-slovenski-bistrici\/","name":"Danes odprtje prenovljene poslovalnice Deichmann\u00a0 v Slovenski Bistrici - Novice.si","isPartOf":{"@id":"https:\/\/novice.si\/page\/#website"},"primaryImageOfPage":{"@id":"https:\/\/novice.si\/page\/danes-odprtje-prenovljene-poslovalnice-deichmann-v-slovenski-bistrici\/#primaryimage"},"image":{"@id":"https:\/\/novice.si\/page\/danes-odprtje-prenovljene-poslovalnice-deichmann-v-slovenski-bistrici\/#primaryimage"},"thumbnailUrl":"https:\/\/novice.si\/page\/wp-content\/uploads\/2023\/08\/Deichmann-BTS_adidas_Woman_1-1_resize.jpg","datePublished":"2023-08-19T09:05:50+00:00","breadcrumb":{"@id":"https:\/\/novice.si\/page\/danes-odprtje-prenovljene-poslovalnice-deichmann-v-slovenski-bistrici\/#breadcrumb"},"inLanguage":"sl-SI","potentialAction":[{"@type":"ReadAction","target":["https:\/\/novice.si\/page\/danes-odprtje-prenovljene-poslovalnice-deichmann-v-slovenski-bistrici\/"]}]},{"@type":"ImageObject","inLanguage":"sl-SI","@id":"https:\/\/novice.si\/page\/danes-odprtje-prenovljene-poslovalnice-deichmann-v-slovenski-bistrici\/#primaryimage","url":"https:\/\/novice.si\/page\/wp-content\/uploads\/2023\/08\/Deichmann-BTS_adidas_Woman_1-1_resize.jpg","contentUrl":"https:\/\/novice.si\/page\/wp-content\/uploads\/2023\/08\/Deichmann-BTS_adidas_Woman_1-1_resize.jpg","width":982,"height":700},{"@type":"BreadcrumbList","@id":"https:\/\/novice.si\/page\/danes-odprtje-prenovljene-poslovalnice-deichmann-v-slovenski-bistrici\/#breadcrumb","itemListElement":[{"@type":"ListItem","position":1,"name":"Home","item":"https:\/\/novice.si\/page\/"},{"@type":"ListItem","position":2,"name":"Danes odprtje prenovljene poslovalnice Deichmann\u00a0 v Slovenski Bistrici"}]},{"@type":"WebSite","@id":"https:\/\/novice.si\/page\/#website","url":"https:\/\/novice.si\/page\/","name":"Novice.si","description":"","publisher":{"@id":"https:\/\/novice.si\/page\/#organization"},"potentialAction":[{"@type":"SearchAction","target":{"@type":"EntryPoint","urlTemplate":"https:\/\/novice.si\/page\/?s={search_term_string}"},"query-input":{"@type":"PropertyValueSpecification","valueRequired":true,"valueName":"search_term_string"}}],"inLanguage":"sl-SI"},{"@type":"Organization","@id":"https:\/\/novice.si\/page\/#organization","name":"Novice.si","url":"https:\/\/novice.si\/page\/","logo":{"@type":"ImageObject","inLanguage":"sl-SI","@id":"https:\/\/novice.si\/page\/#\/schema\/logo\/image\/","url":"https:\/\/novice.si\/page\/wp-content\/uploads\/2023\/03\/novice_si.png","contentUrl":"https:\/\/novice.si\/page\/wp-content\/uploads\/2023\/03\/novice_si.png","width":576,"height":200,"caption":"Novice.si"},"image":{"@id":"https:\/\/novice.si\/page\/#\/schema\/logo\/image\/"}},{"@type":"Person","@id":"https:\/\/novice.si\/page\/#\/schema\/person\/96b32396deedcde3f7f776c306b4be21","name":"Uredni\u0161tvo Bistri\u0161kih novic","image":{"@type":"ImageObject","inLanguage":"sl-SI","@id":"https:\/\/secure.gravatar.com\/avatar\/26c56c4b10cdb3a21e86442e5f2845a4eafdd0f3605def77ec6cff4aaef32ea4?s=96&d=mm&r=g","url":"https:\/\/secure.gravatar.com\/avatar\/26c56c4b10cdb3a21e86442e5f2845a4eafdd0f3605def77ec6cff4aaef32ea4?s=96&d=mm&r=g","contentUrl":"https:\/\/secure.gravatar.com\/avatar\/26c56c4b10cdb3a21e86442e5f2845a4eafdd0f3605def77ec6cff4aaef32ea4?s=96&d=mm&r=g","caption":"Uredni\u0161tvo Bistri\u0161kih novic"},"url":"https:\/\/novice.si\/page\/author\/bojana\/"}]}},"_links":{"self":[{"href":"https:\/\/novice.si\/page\/wp-json\/wp\/v2\/posts\/166413","targetHints":{"allow":["GET"]}}],"collection":[{"href":"https:\/\/novice.si\/page\/wp-json\/wp\/v2\/posts"}],"about":[{"href":"https:\/\/novice.si\/page\/wp-json\/wp\/v2\/types\/post"}],"author":[{"embeddable":true,"href":"https:\/\/novice.si\/page\/wp-json\/wp\/v2\/users\/8"}],"replies":[{"embeddable":true,"href":"https:\/\/novice.si\/page\/wp-json\/wp\/v2\/comments?post=166413"}],"version-history":[{"count":1,"href":"https:\/\/novice.si\/page\/wp-json\/wp\/v2\/posts\/166413\/revisions"}],"predecessor-version":[{"id":166415,"href":"https:\/\/novice.si\/page\/wp-json\/wp\/v2\/posts\/166413\/revisions\/166415"}],"wp:featuredmedia":[{"embeddable":true,"href":"https:\/\/novice.si\/page\/wp-json\/wp\/v2\/media\/166414"}],"wp:attachment":[{"href":"https:\/\/novice.si\/page\/wp-json\/wp\/v2\/media?parent=166413"}],"wp:term":[{"taxonomy":"category","embeddable":true,"href":"https:\/\/novice.si\/page\/wp-json\/wp\/v2\/categories?post=166413"},{"taxonomy":"post_tag","embeddable":true,"href":"https:\/\/novice.si\/page\/wp-json\/wp\/v2\/tags?post=166413"}],"curies":[{"name":"wp","href":"https:\/\/api.w.org\/{rel}","templated":true}]}}