{"id":166272,"date":"2023-08-16T14:05:47","date_gmt":"2023-08-16T12:05:47","guid":{"rendered":"https:\/\/novice.si\/page\/?p=166272"},"modified":"2023-08-16T14:05:47","modified_gmt":"2023-08-16T12:05:47","slug":"bo-celje-dobilo-ulico-otrok","status":"publish","type":"post","link":"https:\/\/novice.si\/page\/bo-celje-dobilo-ulico-otrok\/","title":{"rendered":"Bo Celje dobilo ulico otrok?"},"content":{"rendered":"<p><em><img loading=\"lazy\" decoding=\"async\" class=\"size-medium wp-image-166273 alignright\" src=\"https:\/\/novice.si\/page\/wp-content\/uploads\/2023\/08\/child-817371_1920-416x600.jpg\" alt=\"ulica otrok\" width=\"416\" height=\"600\" srcset=\"https:\/\/novice.si\/page\/wp-content\/uploads\/2023\/08\/child-817371_1920-416x600.jpg 416w, https:\/\/novice.si\/page\/wp-content\/uploads\/2023\/08\/child-817371_1920-710x1024.jpg 710w, https:\/\/novice.si\/page\/wp-content\/uploads\/2023\/08\/child-817371_1920-768x1107.jpg 768w, https:\/\/novice.si\/page\/wp-content\/uploads\/2023\/08\/child-817371_1920-1066x1536.jpg 1066w, https:\/\/novice.si\/page\/wp-content\/uploads\/2023\/08\/child-817371_1920-696x1003.jpg 696w, https:\/\/novice.si\/page\/wp-content\/uploads\/2023\/08\/child-817371_1920-1068x1539.jpg 1068w, https:\/\/novice.si\/page\/wp-content\/uploads\/2023\/08\/child-817371_1920-291x420.jpg 291w, https:\/\/novice.si\/page\/wp-content\/uploads\/2023\/08\/child-817371_1920-17x24.jpg 17w, https:\/\/novice.si\/page\/wp-content\/uploads\/2023\/08\/child-817371_1920-25x36.jpg 25w, https:\/\/novice.si\/page\/wp-content\/uploads\/2023\/08\/child-817371_1920-33x48.jpg 33w, https:\/\/novice.si\/page\/wp-content\/uploads\/2023\/08\/child-817371_1920.jpg 1332w\" sizes=\"auto, (max-width: 416px) 100vw, 416px\" \/>Konzulka slovenske otro\u0161ke ambasade, Celjanka <strong>Ljubica Tanko<\/strong>, bo na Mestno ob\u010dino Celje v teh dneh naslovila predlog za poimenovanje ene od ulic po otrocih. S tem bo mesto ob Savinji postalo prvo v EU, ki bo imelo ulico s tak\u0161nim imenom.<\/em><\/p>\n<p>Predlagateljica ima v mislih tri predloge. \u00bbUlica otrok Slovenije, Ulica otrok Evrope ali Ulica otrok sveta. Naj ima prav vsako mesto v Sloveniji svojo ulico otrok, Celje pa naj bo prvo. To je nekak\u0161na lokalna pozitivna pobuda,\u00ab je prepri\u010dana konzulka.<\/p>\n<p>Kot smo \u017ee pisali, bo Celje osmega in devetega septembra gostilo tudi otro\u0161ko olimpijado, Ljubica Tanko pa se pridru\u017euje aktualni pobudi za ustanovitev nove funkcije varuha otrokovih pravic. Te so trenutno v domeni ombudsmanovega namestnika, dr. <strong>Jureta Rupar\u010di\u010da<\/strong>.<\/p>\n<p>\u00bbTe\u010de javna obravnava za ustanovitev instituta varuha otrokovih pravic, zato na tem mestu izra\u017eam podporo ombudsmanu <strong>Petru Svetini<\/strong> ter njegovi predhodnici <strong>Vlasti Nusdorfer<\/strong>. Otro\u0161kega ombudsmana imajo na Hrva\u0161kem, v BIH in Srbiji, pri nas \u0161e ne.\u00ab Svetino in Nusdorferjevo bodo povabili tudi na otro\u0161ko olimpijado, s celjskim \u017eupanom <strong>Matijo Kova\u010dem<\/strong> pa se kanijo \u0161e pogovoriti, kak\u0161na in kolik\u0161na bo njegova vloga pri tej manifestaciji.<\/p>\n<p>Pobudo o poimenovanju ulice otrok naj bi pristojna ob\u010dinska komisija po predvidevanju predlagateljice obravnavala \u0161e pred za\u010detkom otro\u0161ke olimpijade.<\/p>\n","protected":false},"excerpt":{"rendered":"<p>Konzulka slovenske otro\u0161ke ambasade, Celjanka Ljubica Tanko, bo na Mestno ob\u010dino Celje v teh dneh naslovila predlog za poimenovanje ene od ulic po otrocih. S tem bo mesto ob Savinji postalo prvo v EU, ki bo imelo ulico s tak\u0161nim imenom. Predlagateljica ima v mislih tri predloge. \u00bbUlica otrok Slovenije, Ulica otrok Evrope ali Ulica [&hellip;]<\/p>\n","protected":false},"author":55,"featured_media":166273,"comment_status":"closed","ping_status":"closed","sticky":false,"template":"","format":"standard","meta":{"footnotes":""},"categories":[14,142,17],"tags":[],"class_list":{"0":"post-166272","1":"post","2":"type-post","3":"status-publish","4":"format-standard","5":"has-post-thumbnail","7":"category-aktualno","8":"category-celjan","9":"category-celjsko"},"yoast_head":"<!-- This site is optimized with the Yoast SEO plugin v27.4 - https:\/\/yoast.com\/product\/yoast-seo-wordpress\/ -->\n<title>Bo Celje dobilo ulico otrok? - Novice.si<\/title>\n<meta name=\"robots\" content=\"index, follow, max-snippet:-1, max-image-preview:large, max-video-preview:-1\" \/>\n<link rel=\"canonical\" href=\"https:\/\/novice.si\/page\/bo-celje-dobilo-ulico-otrok\/\" \/>\n<meta property=\"og:locale\" content=\"sl_SI\" \/>\n<meta property=\"og:type\" content=\"article\" \/>\n<meta property=\"og:title\" content=\"Bo Celje dobilo ulico otrok? - Novice.si\" \/>\n<meta property=\"og:description\" content=\"Konzulka slovenske otro\u0161ke ambasade, Celjanka Ljubica Tanko, bo na Mestno ob\u010dino Celje v teh dneh naslovila predlog za poimenovanje ene od ulic po otrocih. S tem bo mesto ob Savinji postalo prvo v EU, ki bo imelo ulico s tak\u0161nim imenom. Predlagateljica ima v mislih tri predloge. \u00bbUlica otrok Slovenije, Ulica otrok Evrope ali Ulica [&hellip;]\" \/>\n<meta property=\"og:url\" content=\"https:\/\/novice.si\/page\/bo-celje-dobilo-ulico-otrok\/\" \/>\n<meta property=\"og:site_name\" content=\"Novice.si\" \/>\n<meta property=\"article:published_time\" content=\"2023-08-16T12:05:47+00:00\" \/>\n<meta property=\"og:image\" content=\"https:\/\/novice.si\/page\/wp-content\/uploads\/2023\/08\/child-817371_1920.jpg\" \/>\n\t<meta property=\"og:image:width\" content=\"1332\" \/>\n\t<meta property=\"og:image:height\" content=\"1920\" \/>\n\t<meta property=\"og:image:type\" content=\"image\/jpeg\" \/>\n<meta name=\"author\" content=\"Uredni\u0161tvo Celjana\" \/>\n<meta name=\"twitter:card\" content=\"summary_large_image\" \/>\n<meta name=\"twitter:label1\" content=\"Written by\" \/>\n\t<meta name=\"twitter:data1\" content=\"Uredni\u0161tvo Celjana\" \/>\n\t<meta name=\"twitter:label2\" content=\"Est. reading time\" \/>\n\t<meta name=\"twitter:data2\" content=\"2 minuti\" \/>\n<script type=\"application\/ld+json\" class=\"yoast-schema-graph\">{\"@context\":\"https:\\\/\\\/schema.org\",\"@graph\":[{\"@type\":\"Article\",\"@id\":\"https:\\\/\\\/novice.si\\\/page\\\/bo-celje-dobilo-ulico-otrok\\\/#article\",\"isPartOf\":{\"@id\":\"https:\\\/\\\/novice.si\\\/page\\\/bo-celje-dobilo-ulico-otrok\\\/\"},\"author\":{\"name\":\"Uredni\u0161tvo Celjana\",\"@id\":\"https:\\\/\\\/novice.si\\\/page\\\/#\\\/schema\\\/person\\\/a49f233ef2777ec7b2e8d0662325bb48\"},\"headline\":\"Bo Celje dobilo ulico otrok?\",\"datePublished\":\"2023-08-16T12:05:47+00:00\",\"mainEntityOfPage\":{\"@id\":\"https:\\\/\\\/novice.si\\\/page\\\/bo-celje-dobilo-ulico-otrok\\\/\"},\"wordCount\":227,\"publisher\":{\"@id\":\"https:\\\/\\\/novice.si\\\/page\\\/#organization\"},\"image\":{\"@id\":\"https:\\\/\\\/novice.si\\\/page\\\/bo-celje-dobilo-ulico-otrok\\\/#primaryimage\"},\"thumbnailUrl\":\"https:\\\/\\\/novice.si\\\/page\\\/wp-content\\\/uploads\\\/2023\\\/08\\\/child-817371_1920.jpg\",\"articleSection\":[\"Aktualno\",\"Celjan\",\"Celjsko\"],\"inLanguage\":\"sl-SI\"},{\"@type\":\"WebPage\",\"@id\":\"https:\\\/\\\/novice.si\\\/page\\\/bo-celje-dobilo-ulico-otrok\\\/\",\"url\":\"https:\\\/\\\/novice.si\\\/page\\\/bo-celje-dobilo-ulico-otrok\\\/\",\"name\":\"Bo Celje dobilo ulico otrok? - Novice.si\",\"isPartOf\":{\"@id\":\"https:\\\/\\\/novice.si\\\/page\\\/#website\"},\"primaryImageOfPage\":{\"@id\":\"https:\\\/\\\/novice.si\\\/page\\\/bo-celje-dobilo-ulico-otrok\\\/#primaryimage\"},\"image\":{\"@id\":\"https:\\\/\\\/novice.si\\\/page\\\/bo-celje-dobilo-ulico-otrok\\\/#primaryimage\"},\"thumbnailUrl\":\"https:\\\/\\\/novice.si\\\/page\\\/wp-content\\\/uploads\\\/2023\\\/08\\\/child-817371_1920.jpg\",\"datePublished\":\"2023-08-16T12:05:47+00:00\",\"breadcrumb\":{\"@id\":\"https:\\\/\\\/novice.si\\\/page\\\/bo-celje-dobilo-ulico-otrok\\\/#breadcrumb\"},\"inLanguage\":\"sl-SI\",\"potentialAction\":[{\"@type\":\"ReadAction\",\"target\":[\"https:\\\/\\\/novice.si\\\/page\\\/bo-celje-dobilo-ulico-otrok\\\/\"]}]},{\"@type\":\"ImageObject\",\"inLanguage\":\"sl-SI\",\"@id\":\"https:\\\/\\\/novice.si\\\/page\\\/bo-celje-dobilo-ulico-otrok\\\/#primaryimage\",\"url\":\"https:\\\/\\\/novice.si\\\/page\\\/wp-content\\\/uploads\\\/2023\\\/08\\\/child-817371_1920.jpg\",\"contentUrl\":\"https:\\\/\\\/novice.si\\\/page\\\/wp-content\\\/uploads\\\/2023\\\/08\\\/child-817371_1920.jpg\",\"width\":1332,\"height\":1920,\"caption\":\"ulica otrok\"},{\"@type\":\"BreadcrumbList\",\"@id\":\"https:\\\/\\\/novice.si\\\/page\\\/bo-celje-dobilo-ulico-otrok\\\/#breadcrumb\",\"itemListElement\":[{\"@type\":\"ListItem\",\"position\":1,\"name\":\"Home\",\"item\":\"https:\\\/\\\/novice.si\\\/page\\\/\"},{\"@type\":\"ListItem\",\"position\":2,\"name\":\"Bo Celje dobilo ulico otrok?\"}]},{\"@type\":\"WebSite\",\"@id\":\"https:\\\/\\\/novice.si\\\/page\\\/#website\",\"url\":\"https:\\\/\\\/novice.si\\\/page\\\/\",\"name\":\"Novice.si\",\"description\":\"\",\"publisher\":{\"@id\":\"https:\\\/\\\/novice.si\\\/page\\\/#organization\"},\"potentialAction\":[{\"@type\":\"SearchAction\",\"target\":{\"@type\":\"EntryPoint\",\"urlTemplate\":\"https:\\\/\\\/novice.si\\\/page\\\/?s={search_term_string}\"},\"query-input\":{\"@type\":\"PropertyValueSpecification\",\"valueRequired\":true,\"valueName\":\"search_term_string\"}}],\"inLanguage\":\"sl-SI\"},{\"@type\":\"Organization\",\"@id\":\"https:\\\/\\\/novice.si\\\/page\\\/#organization\",\"name\":\"Novice.si\",\"url\":\"https:\\\/\\\/novice.si\\\/page\\\/\",\"logo\":{\"@type\":\"ImageObject\",\"inLanguage\":\"sl-SI\",\"@id\":\"https:\\\/\\\/novice.si\\\/page\\\/#\\\/schema\\\/logo\\\/image\\\/\",\"url\":\"https:\\\/\\\/novice.si\\\/page\\\/wp-content\\\/uploads\\\/2023\\\/03\\\/novice_si.png\",\"contentUrl\":\"https:\\\/\\\/novice.si\\\/page\\\/wp-content\\\/uploads\\\/2023\\\/03\\\/novice_si.png\",\"width\":576,\"height\":200,\"caption\":\"Novice.si\"},\"image\":{\"@id\":\"https:\\\/\\\/novice.si\\\/page\\\/#\\\/schema\\\/logo\\\/image\\\/\"}},{\"@type\":\"Person\",\"@id\":\"https:\\\/\\\/novice.si\\\/page\\\/#\\\/schema\\\/person\\\/a49f233ef2777ec7b2e8d0662325bb48\",\"name\":\"Uredni\u0161tvo Celjana\",\"image\":{\"@type\":\"ImageObject\",\"inLanguage\":\"sl-SI\",\"@id\":\"https:\\\/\\\/secure.gravatar.com\\\/avatar\\\/7f7863e616af8f92806c638dd1db3f1a238d83d1cc2ec3100afc06fbb7eb303f?s=96&d=mm&r=g\",\"url\":\"https:\\\/\\\/secure.gravatar.com\\\/avatar\\\/7f7863e616af8f92806c638dd1db3f1a238d83d1cc2ec3100afc06fbb7eb303f?s=96&d=mm&r=g\",\"contentUrl\":\"https:\\\/\\\/secure.gravatar.com\\\/avatar\\\/7f7863e616af8f92806c638dd1db3f1a238d83d1cc2ec3100afc06fbb7eb303f?s=96&d=mm&r=g\",\"caption\":\"Uredni\u0161tvo Celjana\"},\"url\":\"https:\\\/\\\/novice.si\\\/page\\\/author\\\/maja\\\/\"}]}<\/script>\n<!-- \/ Yoast SEO plugin. -->","yoast_head_json":{"title":"Bo Celje dobilo ulico otrok? - Novice.si","robots":{"index":"index","follow":"follow","max-snippet":"max-snippet:-1","max-image-preview":"max-image-preview:large","max-video-preview":"max-video-preview:-1"},"canonical":"https:\/\/novice.si\/page\/bo-celje-dobilo-ulico-otrok\/","og_locale":"sl_SI","og_type":"article","og_title":"Bo Celje dobilo ulico otrok? - Novice.si","og_description":"Konzulka slovenske otro\u0161ke ambasade, Celjanka Ljubica Tanko, bo na Mestno ob\u010dino Celje v teh dneh naslovila predlog za poimenovanje ene od ulic po otrocih. S tem bo mesto ob Savinji postalo prvo v EU, ki bo imelo ulico s tak\u0161nim imenom. Predlagateljica ima v mislih tri predloge. \u00bbUlica otrok Slovenije, Ulica otrok Evrope ali Ulica [&hellip;]","og_url":"https:\/\/novice.si\/page\/bo-celje-dobilo-ulico-otrok\/","og_site_name":"Novice.si","article_published_time":"2023-08-16T12:05:47+00:00","og_image":[{"width":1332,"height":1920,"url":"https:\/\/novice.si\/page\/wp-content\/uploads\/2023\/08\/child-817371_1920.jpg","type":"image\/jpeg"}],"author":"Uredni\u0161tvo Celjana","twitter_card":"summary_large_image","twitter_misc":{"Written by":"Uredni\u0161tvo Celjana","Est. reading time":"2 minuti"},"schema":{"@context":"https:\/\/schema.org","@graph":[{"@type":"Article","@id":"https:\/\/novice.si\/page\/bo-celje-dobilo-ulico-otrok\/#article","isPartOf":{"@id":"https:\/\/novice.si\/page\/bo-celje-dobilo-ulico-otrok\/"},"author":{"name":"Uredni\u0161tvo Celjana","@id":"https:\/\/novice.si\/page\/#\/schema\/person\/a49f233ef2777ec7b2e8d0662325bb48"},"headline":"Bo Celje dobilo ulico otrok?","datePublished":"2023-08-16T12:05:47+00:00","mainEntityOfPage":{"@id":"https:\/\/novice.si\/page\/bo-celje-dobilo-ulico-otrok\/"},"wordCount":227,"publisher":{"@id":"https:\/\/novice.si\/page\/#organization"},"image":{"@id":"https:\/\/novice.si\/page\/bo-celje-dobilo-ulico-otrok\/#primaryimage"},"thumbnailUrl":"https:\/\/novice.si\/page\/wp-content\/uploads\/2023\/08\/child-817371_1920.jpg","articleSection":["Aktualno","Celjan","Celjsko"],"inLanguage":"sl-SI"},{"@type":"WebPage","@id":"https:\/\/novice.si\/page\/bo-celje-dobilo-ulico-otrok\/","url":"https:\/\/novice.si\/page\/bo-celje-dobilo-ulico-otrok\/","name":"Bo Celje dobilo ulico otrok? - Novice.si","isPartOf":{"@id":"https:\/\/novice.si\/page\/#website"},"primaryImageOfPage":{"@id":"https:\/\/novice.si\/page\/bo-celje-dobilo-ulico-otrok\/#primaryimage"},"image":{"@id":"https:\/\/novice.si\/page\/bo-celje-dobilo-ulico-otrok\/#primaryimage"},"thumbnailUrl":"https:\/\/novice.si\/page\/wp-content\/uploads\/2023\/08\/child-817371_1920.jpg","datePublished":"2023-08-16T12:05:47+00:00","breadcrumb":{"@id":"https:\/\/novice.si\/page\/bo-celje-dobilo-ulico-otrok\/#breadcrumb"},"inLanguage":"sl-SI","potentialAction":[{"@type":"ReadAction","target":["https:\/\/novice.si\/page\/bo-celje-dobilo-ulico-otrok\/"]}]},{"@type":"ImageObject","inLanguage":"sl-SI","@id":"https:\/\/novice.si\/page\/bo-celje-dobilo-ulico-otrok\/#primaryimage","url":"https:\/\/novice.si\/page\/wp-content\/uploads\/2023\/08\/child-817371_1920.jpg","contentUrl":"https:\/\/novice.si\/page\/wp-content\/uploads\/2023\/08\/child-817371_1920.jpg","width":1332,"height":1920,"caption":"ulica otrok"},{"@type":"BreadcrumbList","@id":"https:\/\/novice.si\/page\/bo-celje-dobilo-ulico-otrok\/#breadcrumb","itemListElement":[{"@type":"ListItem","position":1,"name":"Home","item":"https:\/\/novice.si\/page\/"},{"@type":"ListItem","position":2,"name":"Bo Celje dobilo ulico otrok?"}]},{"@type":"WebSite","@id":"https:\/\/novice.si\/page\/#website","url":"https:\/\/novice.si\/page\/","name":"Novice.si","description":"","publisher":{"@id":"https:\/\/novice.si\/page\/#organization"},"potentialAction":[{"@type":"SearchAction","target":{"@type":"EntryPoint","urlTemplate":"https:\/\/novice.si\/page\/?s={search_term_string}"},"query-input":{"@type":"PropertyValueSpecification","valueRequired":true,"valueName":"search_term_string"}}],"inLanguage":"sl-SI"},{"@type":"Organization","@id":"https:\/\/novice.si\/page\/#organization","name":"Novice.si","url":"https:\/\/novice.si\/page\/","logo":{"@type":"ImageObject","inLanguage":"sl-SI","@id":"https:\/\/novice.si\/page\/#\/schema\/logo\/image\/","url":"https:\/\/novice.si\/page\/wp-content\/uploads\/2023\/03\/novice_si.png","contentUrl":"https:\/\/novice.si\/page\/wp-content\/uploads\/2023\/03\/novice_si.png","width":576,"height":200,"caption":"Novice.si"},"image":{"@id":"https:\/\/novice.si\/page\/#\/schema\/logo\/image\/"}},{"@type":"Person","@id":"https:\/\/novice.si\/page\/#\/schema\/person\/a49f233ef2777ec7b2e8d0662325bb48","name":"Uredni\u0161tvo Celjana","image":{"@type":"ImageObject","inLanguage":"sl-SI","@id":"https:\/\/secure.gravatar.com\/avatar\/7f7863e616af8f92806c638dd1db3f1a238d83d1cc2ec3100afc06fbb7eb303f?s=96&d=mm&r=g","url":"https:\/\/secure.gravatar.com\/avatar\/7f7863e616af8f92806c638dd1db3f1a238d83d1cc2ec3100afc06fbb7eb303f?s=96&d=mm&r=g","contentUrl":"https:\/\/secure.gravatar.com\/avatar\/7f7863e616af8f92806c638dd1db3f1a238d83d1cc2ec3100afc06fbb7eb303f?s=96&d=mm&r=g","caption":"Uredni\u0161tvo Celjana"},"url":"https:\/\/novice.si\/page\/author\/maja\/"}]}},"_links":{"self":[{"href":"https:\/\/novice.si\/page\/wp-json\/wp\/v2\/posts\/166272","targetHints":{"allow":["GET"]}}],"collection":[{"href":"https:\/\/novice.si\/page\/wp-json\/wp\/v2\/posts"}],"about":[{"href":"https:\/\/novice.si\/page\/wp-json\/wp\/v2\/types\/post"}],"author":[{"embeddable":true,"href":"https:\/\/novice.si\/page\/wp-json\/wp\/v2\/users\/55"}],"replies":[{"embeddable":true,"href":"https:\/\/novice.si\/page\/wp-json\/wp\/v2\/comments?post=166272"}],"version-history":[{"count":1,"href":"https:\/\/novice.si\/page\/wp-json\/wp\/v2\/posts\/166272\/revisions"}],"predecessor-version":[{"id":166274,"href":"https:\/\/novice.si\/page\/wp-json\/wp\/v2\/posts\/166272\/revisions\/166274"}],"wp:featuredmedia":[{"embeddable":true,"href":"https:\/\/novice.si\/page\/wp-json\/wp\/v2\/media\/166273"}],"wp:attachment":[{"href":"https:\/\/novice.si\/page\/wp-json\/wp\/v2\/media?parent=166272"}],"wp:term":[{"taxonomy":"category","embeddable":true,"href":"https:\/\/novice.si\/page\/wp-json\/wp\/v2\/categories?post=166272"},{"taxonomy":"post_tag","embeddable":true,"href":"https:\/\/novice.si\/page\/wp-json\/wp\/v2\/tags?post=166272"}],"curies":[{"name":"wp","href":"https:\/\/api.w.org\/{rel}","templated":true}]}}