{"id":166196,"date":"2023-08-15T21:07:14","date_gmt":"2023-08-15T19:07:14","guid":{"rendered":"https:\/\/novice.si\/page\/?p=166196"},"modified":"2023-08-15T21:07:14","modified_gmt":"2023-08-15T19:07:14","slug":"aurednik-plezalni-center-tudi-kot-prostor-za-prezivljanje-prostega-casa","status":"publish","type":"post","link":"https:\/\/novice.si\/page\/aurednik-plezalni-center-tudi-kot-prostor-za-prezivljanje-prostega-casa\/","title":{"rendered":"Aurednik: Plezalni center tudi kot prostor za pre\u017eivljanje prostega \u010dasa"},"content":{"rendered":"<p>Tomislav Aurednik je Bistri\u010dan, mnogim sicer znan kot alpinist in predsednik Alpinisti\u010dnega kluba Impol Slovenska Bistrica, a tudi uspe\u0161en podjetnik. Pred leti je kot diplomirani in\u017eenir ra\u010dunalni\u0161tva in informatike odprl svoj s. p., ki je z leti prerasel v d. o. o. Njegovo podjetje 8000plus je imelo do leto\u0161njega leta svoje prostore v spodnjem nadstropju doma\u010de hi\u0161e na Kajuhovi ulici. A na obzorju so spremembe, selitev v nov objekt na Ulici Pohorskega bataljona: <em>\u00bbPo \u0161tevilu zaposlenih in obsegu dela smo prerasli sedanje prostore. Vsa ra\u010dunalni\u0161ka oprema in pet redno zaposlenih sodelavcev nujno potrebujemo ve\u010d prostora,<\/em>\u00ab pravi Aurednik.<\/p>\n<p>Podjetje 8000plus je programersko orientirano podjetje. Ukvarjajo se predvsem z izdelavo informacijskih re\u0161itev, ki podjetjem pomagajo pri digitalizaciji poslovanja. Eden izmed njihovih najbolj prepoznavnih lastnih produktov je spletna platforma 3clik, ki upravljavcem spletnih trgovin omogo\u010da optimizirano upravljanje vseh procesov od povpra\u0161evanja, naro\u010dila pa vse do e-odpreme in izdaje ra\u010dunov. Ob tem se podjetje 8000plus ukvarja z digitalnimi preobrazbami podjetij, vpeljavo e-poslovanja ter izobra\u017eevanji. Aktivni pa so tudi na podro\u010dju kibernetske varnosti, ki postaja vse bolj pere\u010da te\u017eava.<\/p>\n\r\n                <style type=\"text\/css\">\r\n                    \r\n                    #tdi_1  .td-doubleSlider-2 .td-item1 {\r\n                        background: url(https:\/\/novice.si\/page\/wp-content\/uploads\/2023\/08\/Slika4-80x60.jpg) 0 0 no-repeat;\r\n                    }\r\n                    #tdi_1  .td-doubleSlider-2 .td-item2 {\r\n                        background: url(https:\/\/novice.si\/page\/wp-content\/uploads\/2023\/08\/Slika3-80x60.jpg) 0 0 no-repeat;\r\n                    }\r\n                    #tdi_1  .td-doubleSlider-2 .td-item3 {\r\n                        background: url(https:\/\/novice.si\/page\/wp-content\/uploads\/2023\/08\/Slika1-80x60.jpg) 0 0 no-repeat;\r\n                    }\r\n                <\/style>\r\n\r\n                <div id=\"tdi_1\" class=\"td-gallery td-slide-on-2-columns\">\r\n                    <div class=\"post_td_gallery\">\r\n                        <div class=\"td-gallery-slide-top\">\r\n                           <div class=\"td-gallery-title\"><\/div>\r\n\r\n                            <div class=\"td-gallery-controls-wrapper\">\r\n                                <div class=\"td-gallery-slide-count\"><span class=\"td-gallery-slide-item-focus\">1<\/span> od 3<\/div>\r\n                                <div class=\"td-gallery-slide-prev-next-but\">\r\n                                    <i class = \"td-icon-left doubleSliderPrevButton\"><\/i>\r\n                                    <i class = \"td-icon-right doubleSliderNextButton\"><\/i>\r\n                                <\/div>\r\n                            <\/div>\r\n                        <\/div>\r\n\r\n                        <div class = \"td-doubleSlider-1 \">\r\n                            <div class = \"td-slider\">\r\n                                \r\n                    <div class = \"td-slide-item td-item1\">\r\n                        <figure class=\"td-slide-galery-figure td-slide-popup-gallery\">\r\n                            <a class=\"slide-gallery-image-link\" href=\"https:\/\/novice.si\/page\/wp-content\/uploads\/2023\/08\/Slika4.jpg\" title=\"Slika4\"  data-caption=\"Tomislav Aurednik. (Foto: Luka Zorko)\"  data-description=\"\" data-gallery>\r\n                                <img decoding=\"async\" src=\"https:\/\/novice.si\/page\/wp-content\/uploads\/2023\/08\/Slika4-312x420.jpg\" srcset=\"https:\/\/novice.si\/page\/wp-content\/uploads\/2023\/08\/Slika4-312x420.jpg 312w, https:\/\/novice.si\/page\/wp-content\/uploads\/2023\/08\/Slika4-445x600.jpg 445w, https:\/\/novice.si\/page\/wp-content\/uploads\/2023\/08\/Slika4-18x24.jpg 18w, https:\/\/novice.si\/page\/wp-content\/uploads\/2023\/08\/Slika4-27x36.jpg 27w, https:\/\/novice.si\/page\/wp-content\/uploads\/2023\/08\/Slika4-36x48.jpg 36w, https:\/\/novice.si\/page\/wp-content\/uploads\/2023\/08\/Slika4.jpg 602w\" sizes=\"(max-width: 312px) 100vw, 312px\" alt=\"\">\r\n                            <\/a>\r\n                            <figcaption class = \"td-slide-caption td-gallery-slide-content\"><div class = \"td-gallery-slide-copywrite\">Tomislav Aurednik. (Foto: Luka Zorko)<\/div><\/figcaption>\r\n                        <\/figure>\r\n                    <\/div>\r\n                    <div class = \"td-slide-item td-item2\">\r\n                        <figure class=\"td-slide-galery-figure td-slide-popup-gallery\">\r\n                            <a class=\"slide-gallery-image-link\" href=\"https:\/\/novice.si\/page\/wp-content\/uploads\/2023\/08\/Slika3.jpg\" title=\"Slika3\"  data-caption=\"Nov poslovni objekt. \"  data-description=\"\" data-gallery>\r\n                                <img decoding=\"async\" src=\"https:\/\/novice.si\/page\/wp-content\/uploads\/2023\/08\/Slika3-560x420.jpg\" srcset=\"https:\/\/novice.si\/page\/wp-content\/uploads\/2023\/08\/Slika3-560x420.jpg 560w, https:\/\/novice.si\/page\/wp-content\/uploads\/2023\/08\/Slika3-600x450.jpg 600w, https:\/\/novice.si\/page\/wp-content\/uploads\/2023\/08\/Slika3-768x576.jpg 768w, https:\/\/novice.si\/page\/wp-content\/uploads\/2023\/08\/Slika3-80x60.jpg 80w, https:\/\/novice.si\/page\/wp-content\/uploads\/2023\/08\/Slika3-265x198.jpg 265w, https:\/\/novice.si\/page\/wp-content\/uploads\/2023\/08\/Slika3-696x522.jpg 696w, https:\/\/novice.si\/page\/wp-content\/uploads\/2023\/08\/Slika3-24x18.jpg 24w, https:\/\/novice.si\/page\/wp-content\/uploads\/2023\/08\/Slika3-36x27.jpg 36w, https:\/\/novice.si\/page\/wp-content\/uploads\/2023\/08\/Slika3-48x36.jpg 48w, https:\/\/novice.si\/page\/wp-content\/uploads\/2023\/08\/Slika3.jpg 940w\" sizes=\"(max-width: 560px) 100vw, 560px\" alt=\"\">\r\n                            <\/a>\r\n                            <figcaption class = \"td-slide-caption td-gallery-slide-content\"><div class = \"td-gallery-slide-copywrite\">Nov poslovni objekt. <\/div><\/figcaption>\r\n                        <\/figure>\r\n                    <\/div>\r\n                    <div class = \"td-slide-item td-item3\">\r\n                        <figure class=\"td-slide-galery-figure td-slide-popup-gallery\">\r\n                            <a class=\"slide-gallery-image-link\" href=\"https:\/\/novice.si\/page\/wp-content\/uploads\/2023\/08\/Slika1.jpg\" title=\"Slika1\"  data-caption=\"Notranjost plezalnega centra. Arhiv AKSB \"  data-description=\"\" data-gallery>\r\n                                <img decoding=\"async\" src=\"https:\/\/novice.si\/page\/wp-content\/uploads\/2023\/08\/Slika1-752x420.jpg\" srcset=\"https:\/\/novice.si\/page\/wp-content\/uploads\/2023\/08\/Slika1-752x420.jpg 752w, https:\/\/novice.si\/page\/wp-content\/uploads\/2023\/08\/Slika1-600x335.jpg 600w, https:\/\/novice.si\/page\/wp-content\/uploads\/2023\/08\/Slika1-768x429.jpg 768w, https:\/\/novice.si\/page\/wp-content\/uploads\/2023\/08\/Slika1-696x389.jpg 696w, https:\/\/novice.si\/page\/wp-content\/uploads\/2023\/08\/Slika1-24x13.jpg 24w, https:\/\/novice.si\/page\/wp-content\/uploads\/2023\/08\/Slika1-36x20.jpg 36w, https:\/\/novice.si\/page\/wp-content\/uploads\/2023\/08\/Slika1-48x27.jpg 48w, https:\/\/novice.si\/page\/wp-content\/uploads\/2023\/08\/Slika1.jpg 940w\" sizes=\"(max-width: 752px) 100vw, 752px\" alt=\"\">\r\n                            <\/a>\r\n                            <figcaption class = \"td-slide-caption td-gallery-slide-content\"><div class = \"td-gallery-slide-copywrite\">Notranjost plezalnega centra. Arhiv AKSB <\/div><\/figcaption>\r\n                        <\/figure>\r\n                    <\/div>\r\n                            <\/div>\r\n                        <\/div>\r\n\r\n                        <div class = \"td-doubleSlider-2\">\r\n                            <div class = \"td-slider\">\r\n                                \r\n                    <div class = \"td-button td-item1\">\r\n                        <div class = \"td-border\"><\/div>\r\n                    <\/div>\r\n                    <div class = \"td-button td-item2\">\r\n                        <div class = \"td-border\"><\/div>\r\n                    <\/div>\r\n                    <div class = \"td-button td-item3\">\r\n                        <div class = \"td-border\"><\/div>\r\n                    <\/div>\r\n                            <\/div>\r\n                        <\/div>\r\n\r\n                    <\/div>\r\n\r\n                <\/div>\r\n                \n<p>Bistri\u0161ki podjetnik je eden izmed tistih, ki so aktivni na \u0161tevilnih podro\u010djih. Zraven podjetja vodi tudi Alpinisti\u010dni klub Impol Slovenska Bistrica in to vse od njegove odcepitve od Planinskega dru\u0161tva Slovenska Bistrica, leta 2006. Letos sicer bistri\u0161ki plezalci obele\u017eujejo 50-letnico kontinuiranega delovanja kluba, od ustanovitve kluba pa je minulo \u017ee 74 let, pravi Aurednik. Klub je z uradnim delovanjem za\u010del leta 1949, a je zaradi nesre\u010de v \u0160piku za nekaj let vmes prenehal delovati.<\/p>\n<p>Da bi vso zgodovino in sedanjost kluba zajeli v eno knjigo, bistri\u0161ki alpinisti pripravljajo zbornik. Kdaj bo na voljo? \u00bb<em>Za to je potrebno veliko dela, vsi ki delamo, pa delamo prostovoljno. Trenutno nam \u010das pobira plezalni center. Zaradi tega predvidevamo, da ga bomo uspeli izdati drugo leto, ob 75-letnici ustanovitve kluba. To so na\u0161a predvidevanja, se pa k temu ne zavezujemo, pomembnej\u0161e se nam zdi, kako bomo zagnali plezalni center,<\/em>\u00ab pojasni. Tomi v pogovoru ve\u010dkrat omeni, da je \u010dasa premalo \u2013 predvsem odkar so se aktivno lotili izgradnje novega plezalnega centra. Ta bo kmalu odprt. <em>\u00bbOdprtje mora potrditi investitor, to je Ob\u010dina Slovenska Bistrica. Na\u0161a \u017eelja je, da bi to bilo najkasneje v oktobru.\u00ab<\/em><\/p>\n<p>Plezalni center ne bo namenjen le \u010dlanom bistri\u0161kega kluba, ampak bo odprt za vse, tudi za tiste, ki plezanja ne trenirajo. <em>\u00bbZrastel je res zaradi potrebe samega kluba, saj trenutno pri nas trenira 180 otrok in \u0161e nekje 40 jih je na \u010dakalni listi. Trenutno nam obstoje\u010da infrastruktura ne omogo\u010da ve\u010d kot to,\u00ab<\/em> pravi Aurednik in dodaja, da bo center deloma namenjen zadostitvi potrebam kluba, drugi del pa bo komercialno naravnan. <em>\u00bbSam plezalni center rad primerjam s kopali\u0161\u010di. To je prostor, kamor gredo dru\u017eine pre\u017eivljat svoj prosti \u010das. V zahodni Evropi je rekreativno plezanje \u017ee zelo popularno,\u00ab<\/em> razmi\u0161lja Tomislav. Aurednik pojasnjuje, da je pri tej obliki rekreacije, enako kot pri plavanju predpogoj, da posameznik zna plezati. Zato bodo nudili tudi te\u010daje plezanja.<\/p>\n<p>Ve\u010d o najnovej\u0161em plezalnem centru pa v aktualni \u0161tevilki Bistri\u0161kih novic. (A. Sobo\u010dan)<\/p>\n","protected":false},"excerpt":{"rendered":"<p>Tomislav Aurednik je Bistri\u010dan, mnogim sicer znan kot alpinist in predsednik Alpinisti\u010dnega kluba Impol Slovenska Bistrica, a tudi uspe\u0161en podjetnik. Pred leti je kot diplomirani in\u017eenir ra\u010dunalni\u0161tva in informatike odprl svoj s. p., ki je z leti prerasel v d. o. o. Njegovo podjetje 8000plus je imelo do leto\u0161njega leta svoje prostore v spodnjem nadstropju [&hellip;]<\/p>\n","protected":false},"author":12,"featured_media":166200,"comment_status":"closed","ping_status":"closed","sticky":false,"template":"","format":"standard","meta":{"footnotes":""},"categories":[14,32],"tags":[18505,18506,18504,11687,18503],"class_list":{"0":"post-166196","1":"post","2":"type-post","3":"status-publish","4":"format-standard","5":"has-post-thumbnail","7":"category-aktualno","8":"category-bistrisko","9":"tag-8000plus","10":"tag-alpinisticni-klub-impol-slovenska-bistrica","11":"tag-plezalni-center","12":"tag-plezalni-center-slovenska-bistrica","13":"tag-tomislav-aurednik"},"yoast_head":"<!-- This site is optimized with the Yoast SEO plugin v27.4 - https:\/\/yoast.com\/product\/yoast-seo-wordpress\/ -->\n<title>Aurednik: Plezalni center tudi kot prostor za pre\u017eivljanje prostega \u010dasa - Novice.si<\/title>\n<meta name=\"robots\" content=\"index, follow, max-snippet:-1, max-image-preview:large, max-video-preview:-1\" \/>\n<link rel=\"canonical\" href=\"https:\/\/novice.si\/page\/aurednik-plezalni-center-tudi-kot-prostor-za-prezivljanje-prostega-casa\/\" \/>\n<meta property=\"og:locale\" content=\"sl_SI\" \/>\n<meta property=\"og:type\" content=\"article\" \/>\n<meta property=\"og:title\" content=\"Aurednik: Plezalni center tudi kot prostor za pre\u017eivljanje prostega \u010dasa - Novice.si\" \/>\n<meta property=\"og:description\" content=\"Tomislav Aurednik je Bistri\u010dan, mnogim sicer znan kot alpinist in predsednik Alpinisti\u010dnega kluba Impol Slovenska Bistrica, a tudi uspe\u0161en podjetnik. Pred leti je kot diplomirani in\u017eenir ra\u010dunalni\u0161tva in informatike odprl svoj s. p., ki je z leti prerasel v d. o. o. Njegovo podjetje 8000plus je imelo do leto\u0161njega leta svoje prostore v spodnjem nadstropju [&hellip;]\" \/>\n<meta property=\"og:url\" content=\"https:\/\/novice.si\/page\/aurednik-plezalni-center-tudi-kot-prostor-za-prezivljanje-prostega-casa\/\" \/>\n<meta property=\"og:site_name\" content=\"Novice.si\" \/>\n<meta property=\"article:published_time\" content=\"2023-08-15T19:07:14+00:00\" \/>\n<meta property=\"og:image\" content=\"https:\/\/novice.si\/page\/wp-content\/uploads\/2023\/08\/Slika1.jpg\" \/>\n\t<meta property=\"og:image:width\" content=\"940\" \/>\n\t<meta property=\"og:image:height\" content=\"525\" \/>\n\t<meta property=\"og:image:type\" content=\"image\/jpeg\" \/>\n<meta name=\"author\" content=\"Uredni\u0161tvo Celjana\" \/>\n<meta name=\"twitter:card\" content=\"summary_large_image\" \/>\n<meta name=\"twitter:label1\" content=\"Written by\" \/>\n\t<meta name=\"twitter:data1\" content=\"Uredni\u0161tvo Celjana\" \/>\n\t<meta name=\"twitter:label2\" content=\"Est. reading time\" \/>\n\t<meta name=\"twitter:data2\" content=\"3 minute\" \/>\n<script type=\"application\/ld+json\" class=\"yoast-schema-graph\">{\"@context\":\"https:\\\/\\\/schema.org\",\"@graph\":[{\"@type\":\"Article\",\"@id\":\"https:\\\/\\\/novice.si\\\/page\\\/aurednik-plezalni-center-tudi-kot-prostor-za-prezivljanje-prostega-casa\\\/#article\",\"isPartOf\":{\"@id\":\"https:\\\/\\\/novice.si\\\/page\\\/aurednik-plezalni-center-tudi-kot-prostor-za-prezivljanje-prostega-casa\\\/\"},\"author\":{\"name\":\"Uredni\u0161tvo Celjana\",\"@id\":\"https:\\\/\\\/novice.si\\\/page\\\/#\\\/schema\\\/person\\\/51903923b50fefb075bc1cd24fe4d065\"},\"headline\":\"Aurednik: Plezalni center tudi kot prostor za pre\u017eivljanje prostega \u010dasa\",\"datePublished\":\"2023-08-15T19:07:14+00:00\",\"mainEntityOfPage\":{\"@id\":\"https:\\\/\\\/novice.si\\\/page\\\/aurednik-plezalni-center-tudi-kot-prostor-za-prezivljanje-prostega-casa\\\/\"},\"wordCount\":554,\"publisher\":{\"@id\":\"https:\\\/\\\/novice.si\\\/page\\\/#organization\"},\"image\":{\"@id\":\"https:\\\/\\\/novice.si\\\/page\\\/aurednik-plezalni-center-tudi-kot-prostor-za-prezivljanje-prostega-casa\\\/#primaryimage\"},\"thumbnailUrl\":\"https:\\\/\\\/novice.si\\\/page\\\/wp-content\\\/uploads\\\/2023\\\/08\\\/Slika1.jpg\",\"keywords\":[\"8000plus\",\"Alpinisti\u010dni klub Impol Slovenska Bistrica\",\"plezalni center\",\"Plezalni center Slovenska Bistrica\",\"Tomislav Aurednik\"],\"articleSection\":[\"Aktualno\",\"Bistri\u0161ko\"],\"inLanguage\":\"sl-SI\"},{\"@type\":\"WebPage\",\"@id\":\"https:\\\/\\\/novice.si\\\/page\\\/aurednik-plezalni-center-tudi-kot-prostor-za-prezivljanje-prostega-casa\\\/\",\"url\":\"https:\\\/\\\/novice.si\\\/page\\\/aurednik-plezalni-center-tudi-kot-prostor-za-prezivljanje-prostega-casa\\\/\",\"name\":\"Aurednik: Plezalni center tudi kot prostor za pre\u017eivljanje prostega \u010dasa - Novice.si\",\"isPartOf\":{\"@id\":\"https:\\\/\\\/novice.si\\\/page\\\/#website\"},\"primaryImageOfPage\":{\"@id\":\"https:\\\/\\\/novice.si\\\/page\\\/aurednik-plezalni-center-tudi-kot-prostor-za-prezivljanje-prostega-casa\\\/#primaryimage\"},\"image\":{\"@id\":\"https:\\\/\\\/novice.si\\\/page\\\/aurednik-plezalni-center-tudi-kot-prostor-za-prezivljanje-prostega-casa\\\/#primaryimage\"},\"thumbnailUrl\":\"https:\\\/\\\/novice.si\\\/page\\\/wp-content\\\/uploads\\\/2023\\\/08\\\/Slika1.jpg\",\"datePublished\":\"2023-08-15T19:07:14+00:00\",\"breadcrumb\":{\"@id\":\"https:\\\/\\\/novice.si\\\/page\\\/aurednik-plezalni-center-tudi-kot-prostor-za-prezivljanje-prostega-casa\\\/#breadcrumb\"},\"inLanguage\":\"sl-SI\",\"potentialAction\":[{\"@type\":\"ReadAction\",\"target\":[\"https:\\\/\\\/novice.si\\\/page\\\/aurednik-plezalni-center-tudi-kot-prostor-za-prezivljanje-prostega-casa\\\/\"]}]},{\"@type\":\"ImageObject\",\"inLanguage\":\"sl-SI\",\"@id\":\"https:\\\/\\\/novice.si\\\/page\\\/aurednik-plezalni-center-tudi-kot-prostor-za-prezivljanje-prostega-casa\\\/#primaryimage\",\"url\":\"https:\\\/\\\/novice.si\\\/page\\\/wp-content\\\/uploads\\\/2023\\\/08\\\/Slika1.jpg\",\"contentUrl\":\"https:\\\/\\\/novice.si\\\/page\\\/wp-content\\\/uploads\\\/2023\\\/08\\\/Slika1.jpg\",\"width\":940,\"height\":525,\"caption\":\"Notranjost plezalnega centra. Arhiv AKSB\"},{\"@type\":\"BreadcrumbList\",\"@id\":\"https:\\\/\\\/novice.si\\\/page\\\/aurednik-plezalni-center-tudi-kot-prostor-za-prezivljanje-prostega-casa\\\/#breadcrumb\",\"itemListElement\":[{\"@type\":\"ListItem\",\"position\":1,\"name\":\"Home\",\"item\":\"https:\\\/\\\/novice.si\\\/page\\\/\"},{\"@type\":\"ListItem\",\"position\":2,\"name\":\"Aurednik: Plezalni center tudi kot prostor za pre\u017eivljanje prostega \u010dasa\"}]},{\"@type\":\"WebSite\",\"@id\":\"https:\\\/\\\/novice.si\\\/page\\\/#website\",\"url\":\"https:\\\/\\\/novice.si\\\/page\\\/\",\"name\":\"Novice.si\",\"description\":\"\",\"publisher\":{\"@id\":\"https:\\\/\\\/novice.si\\\/page\\\/#organization\"},\"potentialAction\":[{\"@type\":\"SearchAction\",\"target\":{\"@type\":\"EntryPoint\",\"urlTemplate\":\"https:\\\/\\\/novice.si\\\/page\\\/?s={search_term_string}\"},\"query-input\":{\"@type\":\"PropertyValueSpecification\",\"valueRequired\":true,\"valueName\":\"search_term_string\"}}],\"inLanguage\":\"sl-SI\"},{\"@type\":\"Organization\",\"@id\":\"https:\\\/\\\/novice.si\\\/page\\\/#organization\",\"name\":\"Novice.si\",\"url\":\"https:\\\/\\\/novice.si\\\/page\\\/\",\"logo\":{\"@type\":\"ImageObject\",\"inLanguage\":\"sl-SI\",\"@id\":\"https:\\\/\\\/novice.si\\\/page\\\/#\\\/schema\\\/logo\\\/image\\\/\",\"url\":\"https:\\\/\\\/novice.si\\\/page\\\/wp-content\\\/uploads\\\/2023\\\/03\\\/novice_si.png\",\"contentUrl\":\"https:\\\/\\\/novice.si\\\/page\\\/wp-content\\\/uploads\\\/2023\\\/03\\\/novice_si.png\",\"width\":576,\"height\":200,\"caption\":\"Novice.si\"},\"image\":{\"@id\":\"https:\\\/\\\/novice.si\\\/page\\\/#\\\/schema\\\/logo\\\/image\\\/\"}},{\"@type\":\"Person\",\"@id\":\"https:\\\/\\\/novice.si\\\/page\\\/#\\\/schema\\\/person\\\/51903923b50fefb075bc1cd24fe4d065\",\"name\":\"Uredni\u0161tvo Celjana\",\"image\":{\"@type\":\"ImageObject\",\"inLanguage\":\"sl-SI\",\"@id\":\"https:\\\/\\\/secure.gravatar.com\\\/avatar\\\/b516f102aa90b53619e09722b8ea56721c99bfcb4f1035f9b333d99f52330226?s=96&d=mm&r=g\",\"url\":\"https:\\\/\\\/secure.gravatar.com\\\/avatar\\\/b516f102aa90b53619e09722b8ea56721c99bfcb4f1035f9b333d99f52330226?s=96&d=mm&r=g\",\"contentUrl\":\"https:\\\/\\\/secure.gravatar.com\\\/avatar\\\/b516f102aa90b53619e09722b8ea56721c99bfcb4f1035f9b333d99f52330226?s=96&d=mm&r=g\",\"caption\":\"Uredni\u0161tvo Celjana\"},\"url\":\"https:\\\/\\\/novice.si\\\/page\\\/author\\\/nejc\\\/\"}]}<\/script>\n<!-- \/ Yoast SEO plugin. -->","yoast_head_json":{"title":"Aurednik: Plezalni center tudi kot prostor za pre\u017eivljanje prostega \u010dasa - Novice.si","robots":{"index":"index","follow":"follow","max-snippet":"max-snippet:-1","max-image-preview":"max-image-preview:large","max-video-preview":"max-video-preview:-1"},"canonical":"https:\/\/novice.si\/page\/aurednik-plezalni-center-tudi-kot-prostor-za-prezivljanje-prostega-casa\/","og_locale":"sl_SI","og_type":"article","og_title":"Aurednik: Plezalni center tudi kot prostor za pre\u017eivljanje prostega \u010dasa - Novice.si","og_description":"Tomislav Aurednik je Bistri\u010dan, mnogim sicer znan kot alpinist in predsednik Alpinisti\u010dnega kluba Impol Slovenska Bistrica, a tudi uspe\u0161en podjetnik. Pred leti je kot diplomirani in\u017eenir ra\u010dunalni\u0161tva in informatike odprl svoj s. p., ki je z leti prerasel v d. o. o. Njegovo podjetje 8000plus je imelo do leto\u0161njega leta svoje prostore v spodnjem nadstropju [&hellip;]","og_url":"https:\/\/novice.si\/page\/aurednik-plezalni-center-tudi-kot-prostor-za-prezivljanje-prostega-casa\/","og_site_name":"Novice.si","article_published_time":"2023-08-15T19:07:14+00:00","og_image":[{"width":940,"height":525,"url":"https:\/\/novice.si\/page\/wp-content\/uploads\/2023\/08\/Slika1.jpg","type":"image\/jpeg"}],"author":"Uredni\u0161tvo Celjana","twitter_card":"summary_large_image","twitter_misc":{"Written by":"Uredni\u0161tvo Celjana","Est. reading time":"3 minute"},"schema":{"@context":"https:\/\/schema.org","@graph":[{"@type":"Article","@id":"https:\/\/novice.si\/page\/aurednik-plezalni-center-tudi-kot-prostor-za-prezivljanje-prostega-casa\/#article","isPartOf":{"@id":"https:\/\/novice.si\/page\/aurednik-plezalni-center-tudi-kot-prostor-za-prezivljanje-prostega-casa\/"},"author":{"name":"Uredni\u0161tvo Celjana","@id":"https:\/\/novice.si\/page\/#\/schema\/person\/51903923b50fefb075bc1cd24fe4d065"},"headline":"Aurednik: Plezalni center tudi kot prostor za pre\u017eivljanje prostega \u010dasa","datePublished":"2023-08-15T19:07:14+00:00","mainEntityOfPage":{"@id":"https:\/\/novice.si\/page\/aurednik-plezalni-center-tudi-kot-prostor-za-prezivljanje-prostega-casa\/"},"wordCount":554,"publisher":{"@id":"https:\/\/novice.si\/page\/#organization"},"image":{"@id":"https:\/\/novice.si\/page\/aurednik-plezalni-center-tudi-kot-prostor-za-prezivljanje-prostega-casa\/#primaryimage"},"thumbnailUrl":"https:\/\/novice.si\/page\/wp-content\/uploads\/2023\/08\/Slika1.jpg","keywords":["8000plus","Alpinisti\u010dni klub Impol Slovenska Bistrica","plezalni center","Plezalni center Slovenska Bistrica","Tomislav Aurednik"],"articleSection":["Aktualno","Bistri\u0161ko"],"inLanguage":"sl-SI"},{"@type":"WebPage","@id":"https:\/\/novice.si\/page\/aurednik-plezalni-center-tudi-kot-prostor-za-prezivljanje-prostega-casa\/","url":"https:\/\/novice.si\/page\/aurednik-plezalni-center-tudi-kot-prostor-za-prezivljanje-prostega-casa\/","name":"Aurednik: Plezalni center tudi kot prostor za pre\u017eivljanje prostega \u010dasa - Novice.si","isPartOf":{"@id":"https:\/\/novice.si\/page\/#website"},"primaryImageOfPage":{"@id":"https:\/\/novice.si\/page\/aurednik-plezalni-center-tudi-kot-prostor-za-prezivljanje-prostega-casa\/#primaryimage"},"image":{"@id":"https:\/\/novice.si\/page\/aurednik-plezalni-center-tudi-kot-prostor-za-prezivljanje-prostega-casa\/#primaryimage"},"thumbnailUrl":"https:\/\/novice.si\/page\/wp-content\/uploads\/2023\/08\/Slika1.jpg","datePublished":"2023-08-15T19:07:14+00:00","breadcrumb":{"@id":"https:\/\/novice.si\/page\/aurednik-plezalni-center-tudi-kot-prostor-za-prezivljanje-prostega-casa\/#breadcrumb"},"inLanguage":"sl-SI","potentialAction":[{"@type":"ReadAction","target":["https:\/\/novice.si\/page\/aurednik-plezalni-center-tudi-kot-prostor-za-prezivljanje-prostega-casa\/"]}]},{"@type":"ImageObject","inLanguage":"sl-SI","@id":"https:\/\/novice.si\/page\/aurednik-plezalni-center-tudi-kot-prostor-za-prezivljanje-prostega-casa\/#primaryimage","url":"https:\/\/novice.si\/page\/wp-content\/uploads\/2023\/08\/Slika1.jpg","contentUrl":"https:\/\/novice.si\/page\/wp-content\/uploads\/2023\/08\/Slika1.jpg","width":940,"height":525,"caption":"Notranjost plezalnega centra. Arhiv AKSB"},{"@type":"BreadcrumbList","@id":"https:\/\/novice.si\/page\/aurednik-plezalni-center-tudi-kot-prostor-za-prezivljanje-prostega-casa\/#breadcrumb","itemListElement":[{"@type":"ListItem","position":1,"name":"Home","item":"https:\/\/novice.si\/page\/"},{"@type":"ListItem","position":2,"name":"Aurednik: Plezalni center tudi kot prostor za pre\u017eivljanje prostega \u010dasa"}]},{"@type":"WebSite","@id":"https:\/\/novice.si\/page\/#website","url":"https:\/\/novice.si\/page\/","name":"Novice.si","description":"","publisher":{"@id":"https:\/\/novice.si\/page\/#organization"},"potentialAction":[{"@type":"SearchAction","target":{"@type":"EntryPoint","urlTemplate":"https:\/\/novice.si\/page\/?s={search_term_string}"},"query-input":{"@type":"PropertyValueSpecification","valueRequired":true,"valueName":"search_term_string"}}],"inLanguage":"sl-SI"},{"@type":"Organization","@id":"https:\/\/novice.si\/page\/#organization","name":"Novice.si","url":"https:\/\/novice.si\/page\/","logo":{"@type":"ImageObject","inLanguage":"sl-SI","@id":"https:\/\/novice.si\/page\/#\/schema\/logo\/image\/","url":"https:\/\/novice.si\/page\/wp-content\/uploads\/2023\/03\/novice_si.png","contentUrl":"https:\/\/novice.si\/page\/wp-content\/uploads\/2023\/03\/novice_si.png","width":576,"height":200,"caption":"Novice.si"},"image":{"@id":"https:\/\/novice.si\/page\/#\/schema\/logo\/image\/"}},{"@type":"Person","@id":"https:\/\/novice.si\/page\/#\/schema\/person\/51903923b50fefb075bc1cd24fe4d065","name":"Uredni\u0161tvo Celjana","image":{"@type":"ImageObject","inLanguage":"sl-SI","@id":"https:\/\/secure.gravatar.com\/avatar\/b516f102aa90b53619e09722b8ea56721c99bfcb4f1035f9b333d99f52330226?s=96&d=mm&r=g","url":"https:\/\/secure.gravatar.com\/avatar\/b516f102aa90b53619e09722b8ea56721c99bfcb4f1035f9b333d99f52330226?s=96&d=mm&r=g","contentUrl":"https:\/\/secure.gravatar.com\/avatar\/b516f102aa90b53619e09722b8ea56721c99bfcb4f1035f9b333d99f52330226?s=96&d=mm&r=g","caption":"Uredni\u0161tvo Celjana"},"url":"https:\/\/novice.si\/page\/author\/nejc\/"}]}},"_links":{"self":[{"href":"https:\/\/novice.si\/page\/wp-json\/wp\/v2\/posts\/166196","targetHints":{"allow":["GET"]}}],"collection":[{"href":"https:\/\/novice.si\/page\/wp-json\/wp\/v2\/posts"}],"about":[{"href":"https:\/\/novice.si\/page\/wp-json\/wp\/v2\/types\/post"}],"author":[{"embeddable":true,"href":"https:\/\/novice.si\/page\/wp-json\/wp\/v2\/users\/12"}],"replies":[{"embeddable":true,"href":"https:\/\/novice.si\/page\/wp-json\/wp\/v2\/comments?post=166196"}],"version-history":[{"count":2,"href":"https:\/\/novice.si\/page\/wp-json\/wp\/v2\/posts\/166196\/revisions"}],"predecessor-version":[{"id":166201,"href":"https:\/\/novice.si\/page\/wp-json\/wp\/v2\/posts\/166196\/revisions\/166201"}],"wp:featuredmedia":[{"embeddable":true,"href":"https:\/\/novice.si\/page\/wp-json\/wp\/v2\/media\/166200"}],"wp:attachment":[{"href":"https:\/\/novice.si\/page\/wp-json\/wp\/v2\/media?parent=166196"}],"wp:term":[{"taxonomy":"category","embeddable":true,"href":"https:\/\/novice.si\/page\/wp-json\/wp\/v2\/categories?post=166196"},{"taxonomy":"post_tag","embeddable":true,"href":"https:\/\/novice.si\/page\/wp-json\/wp\/v2\/tags?post=166196"}],"curies":[{"name":"wp","href":"https:\/\/api.w.org\/{rel}","templated":true}]}}