{"id":166073,"date":"2023-08-09T17:39:05","date_gmt":"2023-08-09T15:39:05","guid":{"rendered":"https:\/\/novice.si\/page\/?p=166073"},"modified":"2023-08-09T17:43:30","modified_gmt":"2023-08-09T15:43:30","slug":"166073-2","status":"publish","type":"post","link":"https:\/\/novice.si\/page\/166073-2\/","title":{"rendered":"Simbijevi zbirni centri za odpadke bodo odprti tudi med prazniki"},"content":{"rendered":"<p><strong>Ve\u010dina zbirnih centrov v upravljanju dru\u017ebe Simbio bo odprta med vikendom in prazniki. <\/strong><br \/>\n<strong>V ponedeljek poteka odvoz odpadkov iz gospodinjstev po rednem urniku, skladno z letnim urnikom pa odvoza odpadkov na prazni\u010dni torek, 15. avgusta, ne bo, ampak bo ta \u017ee v soboto, 12. avgusta.<\/strong><br \/>\n<strong>Vsi, ki jim je poplava odnesla zabojnike za odpadke, naj to sporo\u010dijo Simbiu in do dostave novih zabojnikov lo\u010deno zbirajo odpadke v vre\u010dkah.<\/strong><\/p>\n<p><strong>ZBIRNI CENTRI<\/strong><br \/>\n<strong>ZC Bukov\u017elak<\/strong><br \/>\nV \u010detrtek in petek bo odprt po rednem odpiralnem \u010dasu: 6.00 do 20.00.<br \/>\nOdprt: sobota, 12. 8., nedelja, 13. 8., ponedeljek, 14. 8., torek, 15. 8.<br \/>\nUra: 7.00\u201316.00<br \/>\n<strong>ZC \u017dalec<\/strong><br \/>\nOdprt: \u010detrtek, 10. 8., petek, 11. 8., sobota, 12. 8., nedelja, 13. 8., ponedeljek, 14. 8., torek, 15. 8.<br \/>\nUra: 10.00\u201317.00<br \/>\n<strong>ZC Prebold<\/strong><br \/>\nOdprt: \u010detrtek, 10. 8., petek, 11. 8., sobota, 12. 8., nedelja, 13. 8., ponedeljek, 14. 8., torek, 15. 8.<br \/>\nUra: 8.00\u201312.00<br \/>\n<strong>ZC Braslov\u010de<\/strong><br \/>\nOdprt: \u010detrtek, 10. 8., petek, 11. 8., sobota, 12. 8., nedelja, 13. 8., ponedeljek, 14. 8., torek, 15. 8.<br \/>\nUra: 7.00\u201313.00<br \/>\n<strong>ZC Polzela &#8211; Andra\u017e<\/strong><br \/>\n\u010cetrtek, 10. 8., in petek, 11. 8.: 10.00\u201316.00<br \/>\nSobota, 12. 8.: 8.00\u201314.00<br \/>\nNedelja, 13. 8., ponedeljek, 14. 8., in torek, 15. 8.: 8.00\u201314.00<br \/>\nOstala zbirna centra \u2013 <strong>Vojnik in Vransko<\/strong> &#8211; bosta odprta po rednem urniku.<\/p>\n<p><strong>ODVOZ ODPADKOV MED PRAZNIKI<\/strong><br \/>\nVse uporabnike storitev, ki imajo odvoz odpadkov ob torkih, obve\u0161\u010damo, da bo odvoz zaradi praznika, Marijinega vnebovzetja, potekal \u017ee v soboto, 12. avgusta, namesto na prazni\u010dni torek, 15. avgusta. Prosimo, da pripravite va\u0161e zabojnike za odpadke \u017ee v soboto, kot jih obi\u010dajno na dan odvoza!<br \/>\nV ponedeljek, 14. avgusta, pa bo odvoz potekal po rednem letnem urniku kljub novemu prazniku dnevu solidarnosti.<\/p>\n<p><strong>ZABOJNIKI, KI JIH JE ODNESLA POPLAVA<\/strong><br \/>\nVsa gospodinjstva, ki jim je povodenj uni\u010dila ali po\u0161kodovala zabojnike, nam lahko po\u0161ljejo e-sporo\u010dilo s podatki o vrsti zabojnika in naslovu ali nas pokli\u010dejo za dostavo novih.<br \/>\nPosku\u0161ali jih bomo dostaviti v najkraj\u0161em mo\u017enem \u010dasu, vendar zaradi pove\u010danega obsega dela prosimo za razumevanje. V \u010dasu do dostave novih zabojnikov lo\u010deno zbirajte odpadke v vre\u010dkah in jih na dan rednega odvoza oddajte na odjemno mesto (mesto, kjer so pred tem stali zabojniki).<\/p>\n\r\n                <style type=\"text\/css\">\r\n                    \r\n                    #tdi_1  .td-doubleSlider-2 .td-item1 {\r\n                        background: url(https:\/\/novice.si\/page\/wp-content\/uploads\/2023\/08\/v-poplavah-unicene-stvari-80x60.jpg) 0 0 no-repeat;\r\n                    }\r\n                    #tdi_1  .td-doubleSlider-2 .td-item2 {\r\n                        background: url(https:\/\/novice.si\/page\/wp-content\/uploads\/2023\/08\/poplave-odpadki-1-80x60.jpg) 0 0 no-repeat;\r\n                    }\r\n                    #tdi_1  .td-doubleSlider-2 .td-item3 {\r\n                        background: url(https:\/\/novice.si\/page\/wp-content\/uploads\/2023\/08\/poplave-nalaganje-odpadkov-v-kontejner-80x60.jpg) 0 0 no-repeat;\r\n                    }\r\n                <\/style>\r\n\r\n                <div id=\"tdi_1\" class=\"td-gallery td-slide-on-2-columns\">\r\n                    <div class=\"post_td_gallery\">\r\n                        <div class=\"td-gallery-slide-top\">\r\n                           <div class=\"td-gallery-title\"><\/div>\r\n\r\n                            <div class=\"td-gallery-controls-wrapper\">\r\n                                <div class=\"td-gallery-slide-count\"><span class=\"td-gallery-slide-item-focus\">1<\/span> od 3<\/div>\r\n                                <div class=\"td-gallery-slide-prev-next-but\">\r\n                                    <i class = \"td-icon-left doubleSliderPrevButton\"><\/i>\r\n                                    <i class = \"td-icon-right doubleSliderNextButton\"><\/i>\r\n                                <\/div>\r\n                            <\/div>\r\n                        <\/div>\r\n\r\n                        <div class = \"td-doubleSlider-1 \">\r\n                            <div class = \"td-slider\">\r\n                                \r\n                    <div class = \"td-slide-item td-item1\">\r\n                        <figure class=\"td-slide-galery-figure td-slide-popup-gallery\">\r\n                            <a class=\"slide-gallery-image-link\" href=\"https:\/\/novice.si\/page\/wp-content\/uploads\/2023\/08\/v-poplavah-unicene-stvari.jpg\" title=\"v poplavah uni\u010dene stvari\"  data-caption=\"\"  data-description=\"\" data-gallery>\r\n                                <img decoding=\"async\" src=\"https:\/\/novice.si\/page\/wp-content\/uploads\/2023\/08\/v-poplavah-unicene-stvari-747x420.jpg\" srcset=\"https:\/\/novice.si\/page\/wp-content\/uploads\/2023\/08\/v-poplavah-unicene-stvari-747x420.jpg 747w, https:\/\/novice.si\/page\/wp-content\/uploads\/2023\/08\/v-poplavah-unicene-stvari-600x338.jpg 600w, https:\/\/novice.si\/page\/wp-content\/uploads\/2023\/08\/v-poplavah-unicene-stvari-768x432.jpg 768w, https:\/\/novice.si\/page\/wp-content\/uploads\/2023\/08\/v-poplavah-unicene-stvari-696x392.jpg 696w, https:\/\/novice.si\/page\/wp-content\/uploads\/2023\/08\/v-poplavah-unicene-stvari-24x14.jpg 24w, https:\/\/novice.si\/page\/wp-content\/uploads\/2023\/08\/v-poplavah-unicene-stvari-36x20.jpg 36w, https:\/\/novice.si\/page\/wp-content\/uploads\/2023\/08\/v-poplavah-unicene-stvari-48x27.jpg 48w, https:\/\/novice.si\/page\/wp-content\/uploads\/2023\/08\/v-poplavah-unicene-stvari.jpg 1024w\" sizes=\"(max-width: 747px) 100vw, 747px\" alt=\"\">\r\n                            <\/a>\r\n                            \r\n                        <\/figure>\r\n                    <\/div>\r\n                    <div class = \"td-slide-item td-item2\">\r\n                        <figure class=\"td-slide-galery-figure td-slide-popup-gallery\">\r\n                            <a class=\"slide-gallery-image-link\" href=\"https:\/\/novice.si\/page\/wp-content\/uploads\/2023\/08\/poplave-odpadki-1.jpg\" title=\"poplave odpadki\"  data-caption=\"\"  data-description=\"\" data-gallery>\r\n                                <img decoding=\"async\" src=\"https:\/\/novice.si\/page\/wp-content\/uploads\/2023\/08\/poplave-odpadki-1-560x420.jpg\" srcset=\"https:\/\/novice.si\/page\/wp-content\/uploads\/2023\/08\/poplave-odpadki-1-560x420.jpg 560w, https:\/\/novice.si\/page\/wp-content\/uploads\/2023\/08\/poplave-odpadki-1-600x450.jpg 600w, https:\/\/novice.si\/page\/wp-content\/uploads\/2023\/08\/poplave-odpadki-1-1024x768.jpg 1024w, https:\/\/novice.si\/page\/wp-content\/uploads\/2023\/08\/poplave-odpadki-1-768x576.jpg 768w, https:\/\/novice.si\/page\/wp-content\/uploads\/2023\/08\/poplave-odpadki-1-1536x1152.jpg 1536w, https:\/\/novice.si\/page\/wp-content\/uploads\/2023\/08\/poplave-odpadki-1-80x60.jpg 80w, https:\/\/novice.si\/page\/wp-content\/uploads\/2023\/08\/poplave-odpadki-1-265x198.jpg 265w, https:\/\/novice.si\/page\/wp-content\/uploads\/2023\/08\/poplave-odpadki-1-696x522.jpg 696w, https:\/\/novice.si\/page\/wp-content\/uploads\/2023\/08\/poplave-odpadki-1-1068x801.jpg 1068w, https:\/\/novice.si\/page\/wp-content\/uploads\/2023\/08\/poplave-odpadki-1-24x18.jpg 24w, https:\/\/novice.si\/page\/wp-content\/uploads\/2023\/08\/poplave-odpadki-1-36x27.jpg 36w, https:\/\/novice.si\/page\/wp-content\/uploads\/2023\/08\/poplave-odpadki-1-48x36.jpg 48w, https:\/\/novice.si\/page\/wp-content\/uploads\/2023\/08\/poplave-odpadki-1.jpg 2048w\" sizes=\"(max-width: 560px) 100vw, 560px\" alt=\"\">\r\n                            <\/a>\r\n                            \r\n                        <\/figure>\r\n                    <\/div>\r\n                    <div class = \"td-slide-item td-item3\">\r\n                        <figure class=\"td-slide-galery-figure td-slide-popup-gallery\">\r\n                            <a class=\"slide-gallery-image-link\" href=\"https:\/\/novice.si\/page\/wp-content\/uploads\/2023\/08\/poplave-nalaganje-odpadkov-v-kontejner.jpg\" title=\"poplave nalaganje odpadkov v kontejner\"  data-caption=\"\"  data-description=\"\" data-gallery>\r\n                                <img decoding=\"async\" src=\"https:\/\/novice.si\/page\/wp-content\/uploads\/2023\/08\/poplave-nalaganje-odpadkov-v-kontejner-236x420.jpg\" srcset=\"https:\/\/novice.si\/page\/wp-content\/uploads\/2023\/08\/poplave-nalaganje-odpadkov-v-kontejner-236x420.jpg 236w, https:\/\/novice.si\/page\/wp-content\/uploads\/2023\/08\/poplave-nalaganje-odpadkov-v-kontejner-338x600.jpg 338w, https:\/\/novice.si\/page\/wp-content\/uploads\/2023\/08\/poplave-nalaganje-odpadkov-v-kontejner-14x24.jpg 14w, https:\/\/novice.si\/page\/wp-content\/uploads\/2023\/08\/poplave-nalaganje-odpadkov-v-kontejner-20x36.jpg 20w, https:\/\/novice.si\/page\/wp-content\/uploads\/2023\/08\/poplave-nalaganje-odpadkov-v-kontejner-27x48.jpg 27w, https:\/\/novice.si\/page\/wp-content\/uploads\/2023\/08\/poplave-nalaganje-odpadkov-v-kontejner.jpg 576w\" sizes=\"(max-width: 236px) 100vw, 236px\" alt=\"\">\r\n                            <\/a>\r\n                            \r\n                        <\/figure>\r\n                    <\/div>\r\n                            <\/div>\r\n                        <\/div>\r\n\r\n                        <div class = \"td-doubleSlider-2\">\r\n                            <div class = \"td-slider\">\r\n                                \r\n                    <div class = \"td-button td-item1\">\r\n                        <div class = \"td-border\"><\/div>\r\n                    <\/div>\r\n                    <div class = \"td-button td-item2\">\r\n                        <div class = \"td-border\"><\/div>\r\n                    <\/div>\r\n                    <div class = \"td-button td-item3\">\r\n                        <div class = \"td-border\"><\/div>\r\n                    <\/div>\r\n                            <\/div>\r\n                        <\/div>\r\n\r\n                    <\/div>\r\n\r\n                <\/div>\r\n                \n","protected":false},"excerpt":{"rendered":"<p>Ve\u010dina zbirnih centrov v upravljanju dru\u017ebe Simbio bo odprta med vikendom in prazniki. V ponedeljek poteka odvoz odpadkov iz gospodinjstev po rednem urniku, skladno z letnim urnikom pa odvoza odpadkov na prazni\u010dni torek, 15. avgusta, ne bo, ampak bo ta \u017ee v soboto, 12. avgusta. Vsi, ki jim je poplava odnesla zabojnike za odpadke, naj [&hellip;]<\/p>\n","protected":false},"author":5,"featured_media":166074,"comment_status":"closed","ping_status":"closed","sticky":false,"template":"","format":"standard","meta":{"footnotes":""},"categories":[14,17],"tags":[619,4799,8968],"class_list":{"0":"post-166073","1":"post","2":"type-post","3":"status-publish","4":"format-standard","5":"has-post-thumbnail","7":"category-aktualno","8":"category-celjsko","9":"tag-poplave","10":"tag-simbio","11":"tag-zbirni-centri"},"yoast_head":"<!-- This site is optimized with the Yoast SEO plugin v27.4 - https:\/\/yoast.com\/product\/yoast-seo-wordpress\/ -->\n<title>Simbijevi zbirni centri za odpadke bodo odprti tudi med prazniki - Novice.si<\/title>\n<meta name=\"robots\" content=\"index, follow, max-snippet:-1, max-image-preview:large, max-video-preview:-1\" \/>\n<link rel=\"canonical\" href=\"https:\/\/novice.si\/page\/166073-2\/\" \/>\n<meta property=\"og:locale\" content=\"sl_SI\" \/>\n<meta property=\"og:type\" content=\"article\" \/>\n<meta property=\"og:title\" content=\"Simbijevi zbirni centri za odpadke bodo odprti tudi med prazniki - Novice.si\" \/>\n<meta property=\"og:description\" content=\"Ve\u010dina zbirnih centrov v upravljanju dru\u017ebe Simbio bo odprta med vikendom in prazniki. V ponedeljek poteka odvoz odpadkov iz gospodinjstev po rednem urniku, skladno z letnim urnikom pa odvoza odpadkov na prazni\u010dni torek, 15. avgusta, ne bo, ampak bo ta \u017ee v soboto, 12. avgusta. Vsi, ki jim je poplava odnesla zabojnike za odpadke, naj [&hellip;]\" \/>\n<meta property=\"og:url\" content=\"https:\/\/novice.si\/page\/166073-2\/\" \/>\n<meta property=\"og:site_name\" content=\"Novice.si\" \/>\n<meta property=\"article:published_time\" content=\"2023-08-09T15:39:05+00:00\" \/>\n<meta property=\"article:modified_time\" content=\"2023-08-09T15:43:30+00:00\" \/>\n<meta property=\"og:image\" content=\"https:\/\/novice.si\/page\/wp-content\/uploads\/2023\/08\/poplave-odpadki.jpg\" \/>\n\t<meta property=\"og:image:width\" content=\"2048\" \/>\n\t<meta property=\"og:image:height\" content=\"1536\" \/>\n\t<meta property=\"og:image:type\" content=\"image\/jpeg\" \/>\n<meta name=\"author\" content=\"Uredni\u0161tvo Radia Rogla\" \/>\n<meta name=\"twitter:card\" content=\"summary_large_image\" \/>\n<meta name=\"twitter:label1\" content=\"Written by\" \/>\n\t<meta name=\"twitter:data1\" content=\"Uredni\u0161tvo Radia Rogla\" \/>\n\t<meta name=\"twitter:label2\" content=\"Est. reading time\" \/>\n\t<meta name=\"twitter:data2\" content=\"2 minuti\" \/>\n<script type=\"application\/ld+json\" class=\"yoast-schema-graph\">{\"@context\":\"https:\\\/\\\/schema.org\",\"@graph\":[{\"@type\":\"Article\",\"@id\":\"https:\\\/\\\/novice.si\\\/page\\\/166073-2\\\/#article\",\"isPartOf\":{\"@id\":\"https:\\\/\\\/novice.si\\\/page\\\/166073-2\\\/\"},\"author\":{\"name\":\"Uredni\u0161tvo Radia Rogla\",\"@id\":\"https:\\\/\\\/novice.si\\\/page\\\/#\\\/schema\\\/person\\\/25f5278da029e7b6f1e1c5653d7152a6\"},\"headline\":\"Simbijevi zbirni centri za odpadke bodo odprti tudi med prazniki\",\"datePublished\":\"2023-08-09T15:39:05+00:00\",\"dateModified\":\"2023-08-09T15:43:30+00:00\",\"mainEntityOfPage\":{\"@id\":\"https:\\\/\\\/novice.si\\\/page\\\/166073-2\\\/\"},\"wordCount\":321,\"publisher\":{\"@id\":\"https:\\\/\\\/novice.si\\\/page\\\/#organization\"},\"image\":{\"@id\":\"https:\\\/\\\/novice.si\\\/page\\\/166073-2\\\/#primaryimage\"},\"thumbnailUrl\":\"https:\\\/\\\/novice.si\\\/page\\\/wp-content\\\/uploads\\\/2023\\\/08\\\/poplave-odpadki.jpg\",\"keywords\":[\"poplave\",\"Simbio\",\"zbirni centri\"],\"articleSection\":[\"Aktualno\",\"Celjsko\"],\"inLanguage\":\"sl-SI\"},{\"@type\":\"WebPage\",\"@id\":\"https:\\\/\\\/novice.si\\\/page\\\/166073-2\\\/\",\"url\":\"https:\\\/\\\/novice.si\\\/page\\\/166073-2\\\/\",\"name\":\"Simbijevi zbirni centri za odpadke bodo odprti tudi med prazniki - Novice.si\",\"isPartOf\":{\"@id\":\"https:\\\/\\\/novice.si\\\/page\\\/#website\"},\"primaryImageOfPage\":{\"@id\":\"https:\\\/\\\/novice.si\\\/page\\\/166073-2\\\/#primaryimage\"},\"image\":{\"@id\":\"https:\\\/\\\/novice.si\\\/page\\\/166073-2\\\/#primaryimage\"},\"thumbnailUrl\":\"https:\\\/\\\/novice.si\\\/page\\\/wp-content\\\/uploads\\\/2023\\\/08\\\/poplave-odpadki.jpg\",\"datePublished\":\"2023-08-09T15:39:05+00:00\",\"dateModified\":\"2023-08-09T15:43:30+00:00\",\"breadcrumb\":{\"@id\":\"https:\\\/\\\/novice.si\\\/page\\\/166073-2\\\/#breadcrumb\"},\"inLanguage\":\"sl-SI\",\"potentialAction\":[{\"@type\":\"ReadAction\",\"target\":[\"https:\\\/\\\/novice.si\\\/page\\\/166073-2\\\/\"]}]},{\"@type\":\"ImageObject\",\"inLanguage\":\"sl-SI\",\"@id\":\"https:\\\/\\\/novice.si\\\/page\\\/166073-2\\\/#primaryimage\",\"url\":\"https:\\\/\\\/novice.si\\\/page\\\/wp-content\\\/uploads\\\/2023\\\/08\\\/poplave-odpadki.jpg\",\"contentUrl\":\"https:\\\/\\\/novice.si\\\/page\\\/wp-content\\\/uploads\\\/2023\\\/08\\\/poplave-odpadki.jpg\",\"width\":2048,\"height\":1536},{\"@type\":\"BreadcrumbList\",\"@id\":\"https:\\\/\\\/novice.si\\\/page\\\/166073-2\\\/#breadcrumb\",\"itemListElement\":[{\"@type\":\"ListItem\",\"position\":1,\"name\":\"Home\",\"item\":\"https:\\\/\\\/novice.si\\\/page\\\/\"},{\"@type\":\"ListItem\",\"position\":2,\"name\":\"Simbijevi zbirni centri za odpadke bodo odprti tudi med prazniki\"}]},{\"@type\":\"WebSite\",\"@id\":\"https:\\\/\\\/novice.si\\\/page\\\/#website\",\"url\":\"https:\\\/\\\/novice.si\\\/page\\\/\",\"name\":\"Novice.si\",\"description\":\"\",\"publisher\":{\"@id\":\"https:\\\/\\\/novice.si\\\/page\\\/#organization\"},\"potentialAction\":[{\"@type\":\"SearchAction\",\"target\":{\"@type\":\"EntryPoint\",\"urlTemplate\":\"https:\\\/\\\/novice.si\\\/page\\\/?s={search_term_string}\"},\"query-input\":{\"@type\":\"PropertyValueSpecification\",\"valueRequired\":true,\"valueName\":\"search_term_string\"}}],\"inLanguage\":\"sl-SI\"},{\"@type\":\"Organization\",\"@id\":\"https:\\\/\\\/novice.si\\\/page\\\/#organization\",\"name\":\"Novice.si\",\"url\":\"https:\\\/\\\/novice.si\\\/page\\\/\",\"logo\":{\"@type\":\"ImageObject\",\"inLanguage\":\"sl-SI\",\"@id\":\"https:\\\/\\\/novice.si\\\/page\\\/#\\\/schema\\\/logo\\\/image\\\/\",\"url\":\"https:\\\/\\\/novice.si\\\/page\\\/wp-content\\\/uploads\\\/2023\\\/03\\\/novice_si.png\",\"contentUrl\":\"https:\\\/\\\/novice.si\\\/page\\\/wp-content\\\/uploads\\\/2023\\\/03\\\/novice_si.png\",\"width\":576,\"height\":200,\"caption\":\"Novice.si\"},\"image\":{\"@id\":\"https:\\\/\\\/novice.si\\\/page\\\/#\\\/schema\\\/logo\\\/image\\\/\"}},{\"@type\":\"Person\",\"@id\":\"https:\\\/\\\/novice.si\\\/page\\\/#\\\/schema\\\/person\\\/25f5278da029e7b6f1e1c5653d7152a6\",\"name\":\"Uredni\u0161tvo Radia Rogla\",\"image\":{\"@type\":\"ImageObject\",\"inLanguage\":\"sl-SI\",\"@id\":\"https:\\\/\\\/secure.gravatar.com\\\/avatar\\\/eade8259eacc27e89cb0948c57c4cbe46b0f16ea634156f167415ac94c5b03e3?s=96&d=mm&r=g\",\"url\":\"https:\\\/\\\/secure.gravatar.com\\\/avatar\\\/eade8259eacc27e89cb0948c57c4cbe46b0f16ea634156f167415ac94c5b03e3?s=96&d=mm&r=g\",\"contentUrl\":\"https:\\\/\\\/secure.gravatar.com\\\/avatar\\\/eade8259eacc27e89cb0948c57c4cbe46b0f16ea634156f167415ac94c5b03e3?s=96&d=mm&r=g\",\"caption\":\"Uredni\u0161tvo Radia Rogla\"},\"url\":\"https:\\\/\\\/novice.si\\\/page\\\/author\\\/valerija\\\/\"}]}<\/script>\n<!-- \/ Yoast SEO plugin. -->","yoast_head_json":{"title":"Simbijevi zbirni centri za odpadke bodo odprti tudi med prazniki - Novice.si","robots":{"index":"index","follow":"follow","max-snippet":"max-snippet:-1","max-image-preview":"max-image-preview:large","max-video-preview":"max-video-preview:-1"},"canonical":"https:\/\/novice.si\/page\/166073-2\/","og_locale":"sl_SI","og_type":"article","og_title":"Simbijevi zbirni centri za odpadke bodo odprti tudi med prazniki - Novice.si","og_description":"Ve\u010dina zbirnih centrov v upravljanju dru\u017ebe Simbio bo odprta med vikendom in prazniki. V ponedeljek poteka odvoz odpadkov iz gospodinjstev po rednem urniku, skladno z letnim urnikom pa odvoza odpadkov na prazni\u010dni torek, 15. avgusta, ne bo, ampak bo ta \u017ee v soboto, 12. avgusta. Vsi, ki jim je poplava odnesla zabojnike za odpadke, naj [&hellip;]","og_url":"https:\/\/novice.si\/page\/166073-2\/","og_site_name":"Novice.si","article_published_time":"2023-08-09T15:39:05+00:00","article_modified_time":"2023-08-09T15:43:30+00:00","og_image":[{"width":2048,"height":1536,"url":"https:\/\/novice.si\/page\/wp-content\/uploads\/2023\/08\/poplave-odpadki.jpg","type":"image\/jpeg"}],"author":"Uredni\u0161tvo Radia Rogla","twitter_card":"summary_large_image","twitter_misc":{"Written by":"Uredni\u0161tvo Radia Rogla","Est. reading time":"2 minuti"},"schema":{"@context":"https:\/\/schema.org","@graph":[{"@type":"Article","@id":"https:\/\/novice.si\/page\/166073-2\/#article","isPartOf":{"@id":"https:\/\/novice.si\/page\/166073-2\/"},"author":{"name":"Uredni\u0161tvo Radia Rogla","@id":"https:\/\/novice.si\/page\/#\/schema\/person\/25f5278da029e7b6f1e1c5653d7152a6"},"headline":"Simbijevi zbirni centri za odpadke bodo odprti tudi med prazniki","datePublished":"2023-08-09T15:39:05+00:00","dateModified":"2023-08-09T15:43:30+00:00","mainEntityOfPage":{"@id":"https:\/\/novice.si\/page\/166073-2\/"},"wordCount":321,"publisher":{"@id":"https:\/\/novice.si\/page\/#organization"},"image":{"@id":"https:\/\/novice.si\/page\/166073-2\/#primaryimage"},"thumbnailUrl":"https:\/\/novice.si\/page\/wp-content\/uploads\/2023\/08\/poplave-odpadki.jpg","keywords":["poplave","Simbio","zbirni centri"],"articleSection":["Aktualno","Celjsko"],"inLanguage":"sl-SI"},{"@type":"WebPage","@id":"https:\/\/novice.si\/page\/166073-2\/","url":"https:\/\/novice.si\/page\/166073-2\/","name":"Simbijevi zbirni centri za odpadke bodo odprti tudi med prazniki - Novice.si","isPartOf":{"@id":"https:\/\/novice.si\/page\/#website"},"primaryImageOfPage":{"@id":"https:\/\/novice.si\/page\/166073-2\/#primaryimage"},"image":{"@id":"https:\/\/novice.si\/page\/166073-2\/#primaryimage"},"thumbnailUrl":"https:\/\/novice.si\/page\/wp-content\/uploads\/2023\/08\/poplave-odpadki.jpg","datePublished":"2023-08-09T15:39:05+00:00","dateModified":"2023-08-09T15:43:30+00:00","breadcrumb":{"@id":"https:\/\/novice.si\/page\/166073-2\/#breadcrumb"},"inLanguage":"sl-SI","potentialAction":[{"@type":"ReadAction","target":["https:\/\/novice.si\/page\/166073-2\/"]}]},{"@type":"ImageObject","inLanguage":"sl-SI","@id":"https:\/\/novice.si\/page\/166073-2\/#primaryimage","url":"https:\/\/novice.si\/page\/wp-content\/uploads\/2023\/08\/poplave-odpadki.jpg","contentUrl":"https:\/\/novice.si\/page\/wp-content\/uploads\/2023\/08\/poplave-odpadki.jpg","width":2048,"height":1536},{"@type":"BreadcrumbList","@id":"https:\/\/novice.si\/page\/166073-2\/#breadcrumb","itemListElement":[{"@type":"ListItem","position":1,"name":"Home","item":"https:\/\/novice.si\/page\/"},{"@type":"ListItem","position":2,"name":"Simbijevi zbirni centri za odpadke bodo odprti tudi med prazniki"}]},{"@type":"WebSite","@id":"https:\/\/novice.si\/page\/#website","url":"https:\/\/novice.si\/page\/","name":"Novice.si","description":"","publisher":{"@id":"https:\/\/novice.si\/page\/#organization"},"potentialAction":[{"@type":"SearchAction","target":{"@type":"EntryPoint","urlTemplate":"https:\/\/novice.si\/page\/?s={search_term_string}"},"query-input":{"@type":"PropertyValueSpecification","valueRequired":true,"valueName":"search_term_string"}}],"inLanguage":"sl-SI"},{"@type":"Organization","@id":"https:\/\/novice.si\/page\/#organization","name":"Novice.si","url":"https:\/\/novice.si\/page\/","logo":{"@type":"ImageObject","inLanguage":"sl-SI","@id":"https:\/\/novice.si\/page\/#\/schema\/logo\/image\/","url":"https:\/\/novice.si\/page\/wp-content\/uploads\/2023\/03\/novice_si.png","contentUrl":"https:\/\/novice.si\/page\/wp-content\/uploads\/2023\/03\/novice_si.png","width":576,"height":200,"caption":"Novice.si"},"image":{"@id":"https:\/\/novice.si\/page\/#\/schema\/logo\/image\/"}},{"@type":"Person","@id":"https:\/\/novice.si\/page\/#\/schema\/person\/25f5278da029e7b6f1e1c5653d7152a6","name":"Uredni\u0161tvo Radia Rogla","image":{"@type":"ImageObject","inLanguage":"sl-SI","@id":"https:\/\/secure.gravatar.com\/avatar\/eade8259eacc27e89cb0948c57c4cbe46b0f16ea634156f167415ac94c5b03e3?s=96&d=mm&r=g","url":"https:\/\/secure.gravatar.com\/avatar\/eade8259eacc27e89cb0948c57c4cbe46b0f16ea634156f167415ac94c5b03e3?s=96&d=mm&r=g","contentUrl":"https:\/\/secure.gravatar.com\/avatar\/eade8259eacc27e89cb0948c57c4cbe46b0f16ea634156f167415ac94c5b03e3?s=96&d=mm&r=g","caption":"Uredni\u0161tvo Radia Rogla"},"url":"https:\/\/novice.si\/page\/author\/valerija\/"}]}},"_links":{"self":[{"href":"https:\/\/novice.si\/page\/wp-json\/wp\/v2\/posts\/166073","targetHints":{"allow":["GET"]}}],"collection":[{"href":"https:\/\/novice.si\/page\/wp-json\/wp\/v2\/posts"}],"about":[{"href":"https:\/\/novice.si\/page\/wp-json\/wp\/v2\/types\/post"}],"author":[{"embeddable":true,"href":"https:\/\/novice.si\/page\/wp-json\/wp\/v2\/users\/5"}],"replies":[{"embeddable":true,"href":"https:\/\/novice.si\/page\/wp-json\/wp\/v2\/comments?post=166073"}],"version-history":[{"count":3,"href":"https:\/\/novice.si\/page\/wp-json\/wp\/v2\/posts\/166073\/revisions"}],"predecessor-version":[{"id":166086,"href":"https:\/\/novice.si\/page\/wp-json\/wp\/v2\/posts\/166073\/revisions\/166086"}],"wp:featuredmedia":[{"embeddable":true,"href":"https:\/\/novice.si\/page\/wp-json\/wp\/v2\/media\/166074"}],"wp:attachment":[{"href":"https:\/\/novice.si\/page\/wp-json\/wp\/v2\/media?parent=166073"}],"wp:term":[{"taxonomy":"category","embeddable":true,"href":"https:\/\/novice.si\/page\/wp-json\/wp\/v2\/categories?post=166073"},{"taxonomy":"post_tag","embeddable":true,"href":"https:\/\/novice.si\/page\/wp-json\/wp\/v2\/tags?post=166073"}],"curies":[{"name":"wp","href":"https:\/\/api.w.org\/{rel}","templated":true}]}}