{"id":166051,"date":"2023-08-09T15:42:40","date_gmt":"2023-08-09T13:42:40","guid":{"rendered":"https:\/\/novice.si\/page\/?p=166051"},"modified":"2023-08-09T17:21:57","modified_gmt":"2023-08-09T15:21:57","slug":"z-avgustom-drazje-parkiranje","status":"publish","type":"post","link":"https:\/\/novice.si\/page\/z-avgustom-drazje-parkiranje\/","title":{"rendered":"Celje: Z avgustom dra\u017eje parkiranje"},"content":{"rendered":"<p><em><img loading=\"lazy\" decoding=\"async\" class=\" wp-image-166052 alignleft\" src=\"https:\/\/novice.si\/page\/wp-content\/uploads\/2023\/08\/Cz-parkiranje-600x400.jpg\" alt=\"parkirni avtomat\" width=\"413\" height=\"275\" srcset=\"https:\/\/novice.si\/page\/wp-content\/uploads\/2023\/08\/Cz-parkiranje-600x400.jpg 600w, https:\/\/novice.si\/page\/wp-content\/uploads\/2023\/08\/Cz-parkiranje-1024x683.jpg 1024w, https:\/\/novice.si\/page\/wp-content\/uploads\/2023\/08\/Cz-parkiranje-768x512.jpg 768w, https:\/\/novice.si\/page\/wp-content\/uploads\/2023\/08\/Cz-parkiranje-1536x1024.jpg 1536w, https:\/\/novice.si\/page\/wp-content\/uploads\/2023\/08\/Cz-parkiranje-696x464.jpg 696w, https:\/\/novice.si\/page\/wp-content\/uploads\/2023\/08\/Cz-parkiranje-1068x712.jpg 1068w, https:\/\/novice.si\/page\/wp-content\/uploads\/2023\/08\/Cz-parkiranje-630x420.jpg 630w, https:\/\/novice.si\/page\/wp-content\/uploads\/2023\/08\/Cz-parkiranje-24x16.jpg 24w, https:\/\/novice.si\/page\/wp-content\/uploads\/2023\/08\/Cz-parkiranje-36x24.jpg 36w, https:\/\/novice.si\/page\/wp-content\/uploads\/2023\/08\/Cz-parkiranje-48x32.jpg 48w, https:\/\/novice.si\/page\/wp-content\/uploads\/2023\/08\/Cz-parkiranje.jpg 1728w\" sizes=\"auto, (max-width: 413px) 100vw, 413px\" \/>V celjskih modrih conah je z avgustom parkiranje dra\u017eje za deset centov. Za uro parkiranja je treba od\u0161teti en evro, namesto dosedanjih 90 centov. Najdalj\u0161i mo\u017een \u010das parkiranja na obmo\u010dju modre cone v Celju pa je dve uri, je zapisano na spletnih straneh celjske ob\u010dine.<\/em><\/p>\n<p>Na zadnji predpo\u010ditni\u0161ki seji celjski mestni svetniki predloga, da bi se podalj\u0161al \u010das pla\u010devanja parkiranja v modri coni za dve uri, kar pomeni do 18. ure, niso podprli. V modro cono je odslej vklju\u010deno tudi parkiri\u0161\u010de ob celjski bolni\u0161nici.<\/p>\n<p><strong>Parkiranje pri lekarni neurejeno?<\/strong><\/p>\n<p>Svetniki so ob tem opozorili na neurejenost parkiranja ob novi de\u017eurni lekarni ob Ljubljanski cesti, ki po letu dni \u0161e vedno nima ustrezne re\u0161itve za\u010dasnega nekajminutnega parkiranja.<\/p>\n<p>Kot je takrat dejal svetnik Celjske \u017eupanove liste <strong>Bojan \u0160rot<\/strong>, je izgovor, da prostorski akt tega ne omogo\u010da, po njegovem mnenju privle\u010den za lase, saj ga je mogo\u010de spremeniti.<\/p>\n<p>Zanj re\u0161itev z bli\u017enjim parkiri\u0161\u010dem za lesenimi hi\u0161kami ni prava. Po njegovih besedah ljudje parkirajo povsod okrog lekarne in se prito\u017eujejo. \u00bbPotrebovali bi dve ali tri mesta za kratkotrajno parkiranje,\u00ab je takrat \u0161e dejal \u0160rot.<\/p>\n","protected":false},"excerpt":{"rendered":"<p>V celjskih modrih conah je z avgustom parkiranje dra\u017eje za deset centov. Za uro parkiranja je treba od\u0161teti en evro, namesto dosedanjih 90 centov. Najdalj\u0161i mo\u017een \u010das parkiranja na obmo\u010dju modre cone v Celju pa je dve uri, je zapisano na spletnih straneh celjske ob\u010dine. Na zadnji predpo\u010ditni\u0161ki seji celjski mestni svetniki predloga, da bi [&hellip;]<\/p>\n","protected":false},"author":55,"featured_media":166052,"comment_status":"closed","ping_status":"closed","sticky":false,"template":"","format":"standard","meta":{"footnotes":""},"categories":[14,142,17],"tags":[],"class_list":{"0":"post-166051","1":"post","2":"type-post","3":"status-publish","4":"format-standard","5":"has-post-thumbnail","7":"category-aktualno","8":"category-celjan","9":"category-celjsko"},"yoast_head":"<!-- This site is optimized with the Yoast SEO plugin v27.4 - https:\/\/yoast.com\/product\/yoast-seo-wordpress\/ -->\n<title>Celje: Z avgustom dra\u017eje parkiranje - Novice.si<\/title>\n<meta name=\"robots\" content=\"index, follow, max-snippet:-1, max-image-preview:large, max-video-preview:-1\" \/>\n<link rel=\"canonical\" href=\"https:\/\/novice.si\/page\/z-avgustom-drazje-parkiranje\/\" \/>\n<meta property=\"og:locale\" content=\"sl_SI\" \/>\n<meta property=\"og:type\" content=\"article\" \/>\n<meta property=\"og:title\" content=\"Celje: Z avgustom dra\u017eje parkiranje - Novice.si\" \/>\n<meta property=\"og:description\" content=\"V celjskih modrih conah je z avgustom parkiranje dra\u017eje za deset centov. Za uro parkiranja je treba od\u0161teti en evro, namesto dosedanjih 90 centov. Najdalj\u0161i mo\u017een \u010das parkiranja na obmo\u010dju modre cone v Celju pa je dve uri, je zapisano na spletnih straneh celjske ob\u010dine. Na zadnji predpo\u010ditni\u0161ki seji celjski mestni svetniki predloga, da bi [&hellip;]\" \/>\n<meta property=\"og:url\" content=\"https:\/\/novice.si\/page\/z-avgustom-drazje-parkiranje\/\" \/>\n<meta property=\"og:site_name\" content=\"Novice.si\" \/>\n<meta property=\"article:published_time\" content=\"2023-08-09T13:42:40+00:00\" \/>\n<meta property=\"article:modified_time\" content=\"2023-08-09T15:21:57+00:00\" \/>\n<meta property=\"og:image\" content=\"https:\/\/novice.si\/page\/wp-content\/uploads\/2023\/08\/Cz-parkiranje.jpg\" \/>\n\t<meta property=\"og:image:width\" content=\"1728\" \/>\n\t<meta property=\"og:image:height\" content=\"1152\" \/>\n\t<meta property=\"og:image:type\" content=\"image\/jpeg\" \/>\n<meta name=\"author\" content=\"Uredni\u0161tvo Celjana\" \/>\n<meta name=\"twitter:card\" content=\"summary_large_image\" \/>\n<meta name=\"twitter:label1\" content=\"Written by\" \/>\n\t<meta name=\"twitter:data1\" content=\"Uredni\u0161tvo Celjana\" \/>\n\t<meta name=\"twitter:label2\" content=\"Est. reading time\" \/>\n\t<meta name=\"twitter:data2\" content=\"2 minuti\" \/>\n<script type=\"application\/ld+json\" class=\"yoast-schema-graph\">{\"@context\":\"https:\\\/\\\/schema.org\",\"@graph\":[{\"@type\":\"Article\",\"@id\":\"https:\\\/\\\/novice.si\\\/page\\\/z-avgustom-drazje-parkiranje\\\/#article\",\"isPartOf\":{\"@id\":\"https:\\\/\\\/novice.si\\\/page\\\/z-avgustom-drazje-parkiranje\\\/\"},\"author\":{\"name\":\"Uredni\u0161tvo Celjana\",\"@id\":\"https:\\\/\\\/novice.si\\\/page\\\/#\\\/schema\\\/person\\\/a49f233ef2777ec7b2e8d0662325bb48\"},\"headline\":\"Celje: Z avgustom dra\u017eje parkiranje\",\"datePublished\":\"2023-08-09T13:42:40+00:00\",\"dateModified\":\"2023-08-09T15:21:57+00:00\",\"mainEntityOfPage\":{\"@id\":\"https:\\\/\\\/novice.si\\\/page\\\/z-avgustom-drazje-parkiranje\\\/\"},\"wordCount\":207,\"publisher\":{\"@id\":\"https:\\\/\\\/novice.si\\\/page\\\/#organization\"},\"image\":{\"@id\":\"https:\\\/\\\/novice.si\\\/page\\\/z-avgustom-drazje-parkiranje\\\/#primaryimage\"},\"thumbnailUrl\":\"https:\\\/\\\/novice.si\\\/page\\\/wp-content\\\/uploads\\\/2023\\\/08\\\/Cz-parkiranje.jpg\",\"articleSection\":[\"Aktualno\",\"Celjan\",\"Celjsko\"],\"inLanguage\":\"sl-SI\"},{\"@type\":\"WebPage\",\"@id\":\"https:\\\/\\\/novice.si\\\/page\\\/z-avgustom-drazje-parkiranje\\\/\",\"url\":\"https:\\\/\\\/novice.si\\\/page\\\/z-avgustom-drazje-parkiranje\\\/\",\"name\":\"Celje: Z avgustom dra\u017eje parkiranje - Novice.si\",\"isPartOf\":{\"@id\":\"https:\\\/\\\/novice.si\\\/page\\\/#website\"},\"primaryImageOfPage\":{\"@id\":\"https:\\\/\\\/novice.si\\\/page\\\/z-avgustom-drazje-parkiranje\\\/#primaryimage\"},\"image\":{\"@id\":\"https:\\\/\\\/novice.si\\\/page\\\/z-avgustom-drazje-parkiranje\\\/#primaryimage\"},\"thumbnailUrl\":\"https:\\\/\\\/novice.si\\\/page\\\/wp-content\\\/uploads\\\/2023\\\/08\\\/Cz-parkiranje.jpg\",\"datePublished\":\"2023-08-09T13:42:40+00:00\",\"dateModified\":\"2023-08-09T15:21:57+00:00\",\"breadcrumb\":{\"@id\":\"https:\\\/\\\/novice.si\\\/page\\\/z-avgustom-drazje-parkiranje\\\/#breadcrumb\"},\"inLanguage\":\"sl-SI\",\"potentialAction\":[{\"@type\":\"ReadAction\",\"target\":[\"https:\\\/\\\/novice.si\\\/page\\\/z-avgustom-drazje-parkiranje\\\/\"]}]},{\"@type\":\"ImageObject\",\"inLanguage\":\"sl-SI\",\"@id\":\"https:\\\/\\\/novice.si\\\/page\\\/z-avgustom-drazje-parkiranje\\\/#primaryimage\",\"url\":\"https:\\\/\\\/novice.si\\\/page\\\/wp-content\\\/uploads\\\/2023\\\/08\\\/Cz-parkiranje.jpg\",\"contentUrl\":\"https:\\\/\\\/novice.si\\\/page\\\/wp-content\\\/uploads\\\/2023\\\/08\\\/Cz-parkiranje.jpg\",\"width\":1728,\"height\":1152,\"caption\":\"parkirni avtomat\"},{\"@type\":\"BreadcrumbList\",\"@id\":\"https:\\\/\\\/novice.si\\\/page\\\/z-avgustom-drazje-parkiranje\\\/#breadcrumb\",\"itemListElement\":[{\"@type\":\"ListItem\",\"position\":1,\"name\":\"Home\",\"item\":\"https:\\\/\\\/novice.si\\\/page\\\/\"},{\"@type\":\"ListItem\",\"position\":2,\"name\":\"Celje: Z avgustom dra\u017eje parkiranje\"}]},{\"@type\":\"WebSite\",\"@id\":\"https:\\\/\\\/novice.si\\\/page\\\/#website\",\"url\":\"https:\\\/\\\/novice.si\\\/page\\\/\",\"name\":\"Novice.si\",\"description\":\"\",\"publisher\":{\"@id\":\"https:\\\/\\\/novice.si\\\/page\\\/#organization\"},\"potentialAction\":[{\"@type\":\"SearchAction\",\"target\":{\"@type\":\"EntryPoint\",\"urlTemplate\":\"https:\\\/\\\/novice.si\\\/page\\\/?s={search_term_string}\"},\"query-input\":{\"@type\":\"PropertyValueSpecification\",\"valueRequired\":true,\"valueName\":\"search_term_string\"}}],\"inLanguage\":\"sl-SI\"},{\"@type\":\"Organization\",\"@id\":\"https:\\\/\\\/novice.si\\\/page\\\/#organization\",\"name\":\"Novice.si\",\"url\":\"https:\\\/\\\/novice.si\\\/page\\\/\",\"logo\":{\"@type\":\"ImageObject\",\"inLanguage\":\"sl-SI\",\"@id\":\"https:\\\/\\\/novice.si\\\/page\\\/#\\\/schema\\\/logo\\\/image\\\/\",\"url\":\"https:\\\/\\\/novice.si\\\/page\\\/wp-content\\\/uploads\\\/2023\\\/03\\\/novice_si.png\",\"contentUrl\":\"https:\\\/\\\/novice.si\\\/page\\\/wp-content\\\/uploads\\\/2023\\\/03\\\/novice_si.png\",\"width\":576,\"height\":200,\"caption\":\"Novice.si\"},\"image\":{\"@id\":\"https:\\\/\\\/novice.si\\\/page\\\/#\\\/schema\\\/logo\\\/image\\\/\"}},{\"@type\":\"Person\",\"@id\":\"https:\\\/\\\/novice.si\\\/page\\\/#\\\/schema\\\/person\\\/a49f233ef2777ec7b2e8d0662325bb48\",\"name\":\"Uredni\u0161tvo Celjana\",\"image\":{\"@type\":\"ImageObject\",\"inLanguage\":\"sl-SI\",\"@id\":\"https:\\\/\\\/secure.gravatar.com\\\/avatar\\\/7f7863e616af8f92806c638dd1db3f1a238d83d1cc2ec3100afc06fbb7eb303f?s=96&d=mm&r=g\",\"url\":\"https:\\\/\\\/secure.gravatar.com\\\/avatar\\\/7f7863e616af8f92806c638dd1db3f1a238d83d1cc2ec3100afc06fbb7eb303f?s=96&d=mm&r=g\",\"contentUrl\":\"https:\\\/\\\/secure.gravatar.com\\\/avatar\\\/7f7863e616af8f92806c638dd1db3f1a238d83d1cc2ec3100afc06fbb7eb303f?s=96&d=mm&r=g\",\"caption\":\"Uredni\u0161tvo Celjana\"},\"url\":\"https:\\\/\\\/novice.si\\\/page\\\/author\\\/maja\\\/\"}]}<\/script>\n<!-- \/ Yoast SEO plugin. -->","yoast_head_json":{"title":"Celje: Z avgustom dra\u017eje parkiranje - Novice.si","robots":{"index":"index","follow":"follow","max-snippet":"max-snippet:-1","max-image-preview":"max-image-preview:large","max-video-preview":"max-video-preview:-1"},"canonical":"https:\/\/novice.si\/page\/z-avgustom-drazje-parkiranje\/","og_locale":"sl_SI","og_type":"article","og_title":"Celje: Z avgustom dra\u017eje parkiranje - Novice.si","og_description":"V celjskih modrih conah je z avgustom parkiranje dra\u017eje za deset centov. Za uro parkiranja je treba od\u0161teti en evro, namesto dosedanjih 90 centov. Najdalj\u0161i mo\u017een \u010das parkiranja na obmo\u010dju modre cone v Celju pa je dve uri, je zapisano na spletnih straneh celjske ob\u010dine. Na zadnji predpo\u010ditni\u0161ki seji celjski mestni svetniki predloga, da bi [&hellip;]","og_url":"https:\/\/novice.si\/page\/z-avgustom-drazje-parkiranje\/","og_site_name":"Novice.si","article_published_time":"2023-08-09T13:42:40+00:00","article_modified_time":"2023-08-09T15:21:57+00:00","og_image":[{"width":1728,"height":1152,"url":"https:\/\/novice.si\/page\/wp-content\/uploads\/2023\/08\/Cz-parkiranje.jpg","type":"image\/jpeg"}],"author":"Uredni\u0161tvo Celjana","twitter_card":"summary_large_image","twitter_misc":{"Written by":"Uredni\u0161tvo Celjana","Est. reading time":"2 minuti"},"schema":{"@context":"https:\/\/schema.org","@graph":[{"@type":"Article","@id":"https:\/\/novice.si\/page\/z-avgustom-drazje-parkiranje\/#article","isPartOf":{"@id":"https:\/\/novice.si\/page\/z-avgustom-drazje-parkiranje\/"},"author":{"name":"Uredni\u0161tvo Celjana","@id":"https:\/\/novice.si\/page\/#\/schema\/person\/a49f233ef2777ec7b2e8d0662325bb48"},"headline":"Celje: Z avgustom dra\u017eje parkiranje","datePublished":"2023-08-09T13:42:40+00:00","dateModified":"2023-08-09T15:21:57+00:00","mainEntityOfPage":{"@id":"https:\/\/novice.si\/page\/z-avgustom-drazje-parkiranje\/"},"wordCount":207,"publisher":{"@id":"https:\/\/novice.si\/page\/#organization"},"image":{"@id":"https:\/\/novice.si\/page\/z-avgustom-drazje-parkiranje\/#primaryimage"},"thumbnailUrl":"https:\/\/novice.si\/page\/wp-content\/uploads\/2023\/08\/Cz-parkiranje.jpg","articleSection":["Aktualno","Celjan","Celjsko"],"inLanguage":"sl-SI"},{"@type":"WebPage","@id":"https:\/\/novice.si\/page\/z-avgustom-drazje-parkiranje\/","url":"https:\/\/novice.si\/page\/z-avgustom-drazje-parkiranje\/","name":"Celje: Z avgustom dra\u017eje parkiranje - Novice.si","isPartOf":{"@id":"https:\/\/novice.si\/page\/#website"},"primaryImageOfPage":{"@id":"https:\/\/novice.si\/page\/z-avgustom-drazje-parkiranje\/#primaryimage"},"image":{"@id":"https:\/\/novice.si\/page\/z-avgustom-drazje-parkiranje\/#primaryimage"},"thumbnailUrl":"https:\/\/novice.si\/page\/wp-content\/uploads\/2023\/08\/Cz-parkiranje.jpg","datePublished":"2023-08-09T13:42:40+00:00","dateModified":"2023-08-09T15:21:57+00:00","breadcrumb":{"@id":"https:\/\/novice.si\/page\/z-avgustom-drazje-parkiranje\/#breadcrumb"},"inLanguage":"sl-SI","potentialAction":[{"@type":"ReadAction","target":["https:\/\/novice.si\/page\/z-avgustom-drazje-parkiranje\/"]}]},{"@type":"ImageObject","inLanguage":"sl-SI","@id":"https:\/\/novice.si\/page\/z-avgustom-drazje-parkiranje\/#primaryimage","url":"https:\/\/novice.si\/page\/wp-content\/uploads\/2023\/08\/Cz-parkiranje.jpg","contentUrl":"https:\/\/novice.si\/page\/wp-content\/uploads\/2023\/08\/Cz-parkiranje.jpg","width":1728,"height":1152,"caption":"parkirni avtomat"},{"@type":"BreadcrumbList","@id":"https:\/\/novice.si\/page\/z-avgustom-drazje-parkiranje\/#breadcrumb","itemListElement":[{"@type":"ListItem","position":1,"name":"Home","item":"https:\/\/novice.si\/page\/"},{"@type":"ListItem","position":2,"name":"Celje: Z avgustom dra\u017eje parkiranje"}]},{"@type":"WebSite","@id":"https:\/\/novice.si\/page\/#website","url":"https:\/\/novice.si\/page\/","name":"Novice.si","description":"","publisher":{"@id":"https:\/\/novice.si\/page\/#organization"},"potentialAction":[{"@type":"SearchAction","target":{"@type":"EntryPoint","urlTemplate":"https:\/\/novice.si\/page\/?s={search_term_string}"},"query-input":{"@type":"PropertyValueSpecification","valueRequired":true,"valueName":"search_term_string"}}],"inLanguage":"sl-SI"},{"@type":"Organization","@id":"https:\/\/novice.si\/page\/#organization","name":"Novice.si","url":"https:\/\/novice.si\/page\/","logo":{"@type":"ImageObject","inLanguage":"sl-SI","@id":"https:\/\/novice.si\/page\/#\/schema\/logo\/image\/","url":"https:\/\/novice.si\/page\/wp-content\/uploads\/2023\/03\/novice_si.png","contentUrl":"https:\/\/novice.si\/page\/wp-content\/uploads\/2023\/03\/novice_si.png","width":576,"height":200,"caption":"Novice.si"},"image":{"@id":"https:\/\/novice.si\/page\/#\/schema\/logo\/image\/"}},{"@type":"Person","@id":"https:\/\/novice.si\/page\/#\/schema\/person\/a49f233ef2777ec7b2e8d0662325bb48","name":"Uredni\u0161tvo Celjana","image":{"@type":"ImageObject","inLanguage":"sl-SI","@id":"https:\/\/secure.gravatar.com\/avatar\/7f7863e616af8f92806c638dd1db3f1a238d83d1cc2ec3100afc06fbb7eb303f?s=96&d=mm&r=g","url":"https:\/\/secure.gravatar.com\/avatar\/7f7863e616af8f92806c638dd1db3f1a238d83d1cc2ec3100afc06fbb7eb303f?s=96&d=mm&r=g","contentUrl":"https:\/\/secure.gravatar.com\/avatar\/7f7863e616af8f92806c638dd1db3f1a238d83d1cc2ec3100afc06fbb7eb303f?s=96&d=mm&r=g","caption":"Uredni\u0161tvo Celjana"},"url":"https:\/\/novice.si\/page\/author\/maja\/"}]}},"_links":{"self":[{"href":"https:\/\/novice.si\/page\/wp-json\/wp\/v2\/posts\/166051","targetHints":{"allow":["GET"]}}],"collection":[{"href":"https:\/\/novice.si\/page\/wp-json\/wp\/v2\/posts"}],"about":[{"href":"https:\/\/novice.si\/page\/wp-json\/wp\/v2\/types\/post"}],"author":[{"embeddable":true,"href":"https:\/\/novice.si\/page\/wp-json\/wp\/v2\/users\/55"}],"replies":[{"embeddable":true,"href":"https:\/\/novice.si\/page\/wp-json\/wp\/v2\/comments?post=166051"}],"version-history":[{"count":2,"href":"https:\/\/novice.si\/page\/wp-json\/wp\/v2\/posts\/166051\/revisions"}],"predecessor-version":[{"id":166071,"href":"https:\/\/novice.si\/page\/wp-json\/wp\/v2\/posts\/166051\/revisions\/166071"}],"wp:featuredmedia":[{"embeddable":true,"href":"https:\/\/novice.si\/page\/wp-json\/wp\/v2\/media\/166052"}],"wp:attachment":[{"href":"https:\/\/novice.si\/page\/wp-json\/wp\/v2\/media?parent=166051"}],"wp:term":[{"taxonomy":"category","embeddable":true,"href":"https:\/\/novice.si\/page\/wp-json\/wp\/v2\/categories?post=166051"},{"taxonomy":"post_tag","embeddable":true,"href":"https:\/\/novice.si\/page\/wp-json\/wp\/v2\/tags?post=166051"}],"curies":[{"name":"wp","href":"https:\/\/api.w.org\/{rel}","templated":true}]}}