{"id":166018,"date":"2023-08-08T14:21:39","date_gmt":"2023-08-08T12:21:39","guid":{"rendered":"https:\/\/novice.si\/page\/?p=166018"},"modified":"2023-08-08T14:21:39","modified_gmt":"2023-08-08T12:21:39","slug":"regija-v-zgornji-savinjski-je-se-hudo-danes-jim-pomaga-60-celjskih-prostovoljcev","status":"publish","type":"post","link":"https:\/\/novice.si\/page\/regija-v-zgornji-savinjski-je-se-hudo-danes-jim-pomaga-60-celjskih-prostovoljcev\/","title":{"rendered":"REGIJA V Zgornji Savinjski je \u0161e hudo, danes jim pomaga 60 celjskih prostovoljcev"},"content":{"rendered":"<p>Kakor so povedali na opoldanski konferenci za javnost, ki jo je pripravil \u0160tab civilne za\u0161\u010dite Zahodno \u0160tajerske regije, v Celju z okolico v zadnjih dnevih ni bilo ve\u010d te\u017eav. So pa te \u0161e vedno velike v Zgornji Savinjski, kamor se zdaj usmerja pomo\u010d in kamor prihajajo tehni\u010dne ekipe z v<img loading=\"lazy\" decoding=\"async\" class=\"wp-image-166021 alignleft\" src=\"https:\/\/novice.si\/page\/wp-content\/uploads\/2023\/08\/alenka-zupancic-600x523.jpg\" alt=\"\" width=\"267\" height=\"233\" srcset=\"https:\/\/novice.si\/page\/wp-content\/uploads\/2023\/08\/alenka-zupancic-600x523.jpg 600w, https:\/\/novice.si\/page\/wp-content\/uploads\/2023\/08\/alenka-zupancic-1024x893.jpg 1024w, https:\/\/novice.si\/page\/wp-content\/uploads\/2023\/08\/alenka-zupancic-768x670.jpg 768w, https:\/\/novice.si\/page\/wp-content\/uploads\/2023\/08\/alenka-zupancic-1536x1339.jpg 1536w, https:\/\/novice.si\/page\/wp-content\/uploads\/2023\/08\/alenka-zupancic-696x607.jpg 696w, https:\/\/novice.si\/page\/wp-content\/uploads\/2023\/08\/alenka-zupancic-1068x931.jpg 1068w, https:\/\/novice.si\/page\/wp-content\/uploads\/2023\/08\/alenka-zupancic-482x420.jpg 482w, https:\/\/novice.si\/page\/wp-content\/uploads\/2023\/08\/alenka-zupancic-24x21.jpg 24w, https:\/\/novice.si\/page\/wp-content\/uploads\/2023\/08\/alenka-zupancic-36x31.jpg 36w, https:\/\/novice.si\/page\/wp-content\/uploads\/2023\/08\/alenka-zupancic-48x42.jpg 48w, https:\/\/novice.si\/page\/wp-content\/uploads\/2023\/08\/alenka-zupancic.jpg 1657w\" sizes=\"auto, (max-width: 267px) 100vw, 267px\" \/>se Evrope.<\/p>\n<p>V tem delu regije je vsakodnevno ve\u010d kot 250 gasilcev in okoli sto vojakov, na pomo\u010d je prihitela nem\u0161ka tehni\u010dna ekipa, ki se ji bosta danes pridru\u017eili \u0161e hrva\u0161ka in francoska, jutri tudi slova\u0161ka. Do Lu\u010d, kjer Savinja namesto po strugi te\u010de po cesti, je zdaj mogo\u010de po povezavi \u010dez \u010crnivec.<\/p>\n<p><strong>Alenka Zupan\u010di\u010d <\/strong>(slika levo), predstavnica direkcije za vode, je v Zgornji Savinjski le te ozna\u010dila za petstoletne, medtem ko je v Celju maksimalni pretok Savinje dosegel 1300 kubi\u010dnih metrov na sekundo, kar je za sto kubikov ve\u010d, kot predvidevajo protipoplavni ukrepi.<\/p>\n<p>Na obmo\u010dju Elektra Celje je brez oskrbe z elektriko dopoldne bilo \u0161e 700 ljudi, od tega 500 v Zgornji Savinjski, kjer je aktiviranih 50 od 70 gasilskih dru\u0161tev tamkaj\u0161nje gasilske<img loading=\"lazy\" decoding=\"async\" class=\"wp-image-166022 alignright\" src=\"https:\/\/novice.si\/page\/wp-content\/uploads\/2023\/08\/natalija-plemenitas-fuchs-497x600.jpg\" alt=\"\" width=\"249\" height=\"301\" srcset=\"https:\/\/novice.si\/page\/wp-content\/uploads\/2023\/08\/natalija-plemenitas-fuchs-497x600.jpg 497w, https:\/\/novice.si\/page\/wp-content\/uploads\/2023\/08\/natalija-plemenitas-fuchs-848x1024.jpg 848w, https:\/\/novice.si\/page\/wp-content\/uploads\/2023\/08\/natalija-plemenitas-fuchs-768x927.jpg 768w, https:\/\/novice.si\/page\/wp-content\/uploads\/2023\/08\/natalija-plemenitas-fuchs-696x841.jpg 696w, https:\/\/novice.si\/page\/wp-content\/uploads\/2023\/08\/natalija-plemenitas-fuchs-1068x1290.jpg 1068w, https:\/\/novice.si\/page\/wp-content\/uploads\/2023\/08\/natalija-plemenitas-fuchs-348x420.jpg 348w, https:\/\/novice.si\/page\/wp-content\/uploads\/2023\/08\/natalija-plemenitas-fuchs-20x24.jpg 20w, https:\/\/novice.si\/page\/wp-content\/uploads\/2023\/08\/natalija-plemenitas-fuchs-30x36.jpg 30w, https:\/\/novice.si\/page\/wp-content\/uploads\/2023\/08\/natalija-plemenitas-fuchs-40x48.jpg 40w, https:\/\/novice.si\/page\/wp-content\/uploads\/2023\/08\/natalija-plemenitas-fuchs.jpg 1252w\" sizes=\"auto, (max-width: 249px) 100vw, 249px\" \/>\u00a0zveze. Pomaga jim pribli\u017eno sto prostovoljcev, danes se jih je iz Celja tja napotilo 60, celjska ob\u010dina pa je za njihove otroke zdaj uredila brezpla\u010dno varstvo.<\/p>\n<p>Celjski regijski center dnevno prejema do 3000 klicev ob\u010danov, kar je stokrat ve\u010d od dnevnega povpre\u010dja, pove <strong>Natalija Plemenita\u0161 Fuchs <\/strong>(slika desno), vodja regijske izpostave URSZR.<\/p>\n<p>Poveljnik civilne za\u0161\u010dite za Zahodno \u0160tajersko <strong>Janez Melan\u0161ek<\/strong> (naslovna slika) pa je povedal, da so v petek s predela Zgornje Savinjske re\u0161ili 1500 turistov, ve\u010dinoma so jih namestili v re\u010di\u0161ko osnovno \u0161olo in okoli\u0161ke gasilske domove, 65 ljudi so re\u0161ili s helikopterjem, 30 pa potegnili iz strug.<\/p>\n<p>P\u0160<\/p>\n","protected":false},"excerpt":{"rendered":"<p>Kakor so povedali na opoldanski konferenci za javnost, ki jo je pripravil \u0160tab civilne za\u0161\u010dite Zahodno \u0160tajerske regije, v Celju z okolico v zadnjih dnevih ni bilo ve\u010d te\u017eav. So pa te \u0161e vedno velike v Zgornji Savinjski, kamor se zdaj usmerja pomo\u010d in kamor prihajajo tehni\u010dne ekipe z vse Evrope. V tem delu regije [&hellip;]<\/p>\n","protected":false},"author":33,"featured_media":166020,"comment_status":"closed","ping_status":"closed","sticky":false,"template":"","format":"standard","meta":{"footnotes":""},"categories":[14,17],"tags":[18482,3681,6535,679,619,13816],"class_list":{"0":"post-166018","1":"post","2":"type-post","3":"status-publish","4":"format-standard","5":"has-post-thumbnail","7":"category-aktualno","8":"category-celjsko","9":"tag-alenka-zupancic","10":"tag-izpostava-urszr-celje","11":"tag-janez-melansek","12":"tag-natalija-plemenitas-fuchs","13":"tag-poplave","14":"tag-zgornja-savinjska"},"yoast_head":"<!-- This site is optimized with the Yoast SEO plugin v27.4 - https:\/\/yoast.com\/product\/yoast-seo-wordpress\/ -->\n<title>REGIJA V Zgornji Savinjski je \u0161e hudo, danes jim pomaga 60 celjskih prostovoljcev - Novice.si<\/title>\n<meta name=\"robots\" content=\"index, follow, max-snippet:-1, max-image-preview:large, max-video-preview:-1\" \/>\n<link rel=\"canonical\" href=\"https:\/\/novice.si\/page\/regija-v-zgornji-savinjski-je-se-hudo-danes-jim-pomaga-60-celjskih-prostovoljcev\/\" \/>\n<meta property=\"og:locale\" content=\"sl_SI\" \/>\n<meta property=\"og:type\" content=\"article\" \/>\n<meta property=\"og:title\" content=\"REGIJA V Zgornji Savinjski je \u0161e hudo, danes jim pomaga 60 celjskih prostovoljcev - Novice.si\" \/>\n<meta property=\"og:description\" content=\"Kakor so povedali na opoldanski konferenci za javnost, ki jo je pripravil \u0160tab civilne za\u0161\u010dite Zahodno \u0160tajerske regije, v Celju z okolico v zadnjih dnevih ni bilo ve\u010d te\u017eav. So pa te \u0161e vedno velike v Zgornji Savinjski, kamor se zdaj usmerja pomo\u010d in kamor prihajajo tehni\u010dne ekipe z vse Evrope. V tem delu regije [&hellip;]\" \/>\n<meta property=\"og:url\" content=\"https:\/\/novice.si\/page\/regija-v-zgornji-savinjski-je-se-hudo-danes-jim-pomaga-60-celjskih-prostovoljcev\/\" \/>\n<meta property=\"og:site_name\" content=\"Novice.si\" \/>\n<meta property=\"article:published_time\" content=\"2023-08-08T12:21:39+00:00\" \/>\n<meta property=\"og:image\" content=\"https:\/\/novice.si\/page\/wp-content\/uploads\/2023\/08\/janez-melansek-1-scaled.jpg\" \/>\n\t<meta property=\"og:image:width\" content=\"2560\" \/>\n\t<meta property=\"og:image:height\" content=\"1826\" \/>\n\t<meta property=\"og:image:type\" content=\"image\/jpeg\" \/>\n<meta name=\"author\" content=\"Uredni\u0161tvo Celjana\" \/>\n<meta name=\"twitter:card\" content=\"summary_large_image\" \/>\n<meta name=\"twitter:label1\" content=\"Written by\" \/>\n\t<meta name=\"twitter:data1\" content=\"Uredni\u0161tvo Celjana\" \/>\n\t<meta name=\"twitter:label2\" content=\"Est. reading time\" \/>\n\t<meta name=\"twitter:data2\" content=\"2 minuti\" \/>\n<script type=\"application\/ld+json\" class=\"yoast-schema-graph\">{\"@context\":\"https:\\\/\\\/schema.org\",\"@graph\":[{\"@type\":\"Article\",\"@id\":\"https:\\\/\\\/novice.si\\\/page\\\/regija-v-zgornji-savinjski-je-se-hudo-danes-jim-pomaga-60-celjskih-prostovoljcev\\\/#article\",\"isPartOf\":{\"@id\":\"https:\\\/\\\/novice.si\\\/page\\\/regija-v-zgornji-savinjski-je-se-hudo-danes-jim-pomaga-60-celjskih-prostovoljcev\\\/\"},\"author\":{\"name\":\"Uredni\u0161tvo Celjana\",\"@id\":\"https:\\\/\\\/novice.si\\\/page\\\/#\\\/schema\\\/person\\\/57f25c9642a9541c7349c65d32032c3e\"},\"headline\":\"REGIJA V Zgornji Savinjski je \u0161e hudo, danes jim pomaga 60 celjskih prostovoljcev\",\"datePublished\":\"2023-08-08T12:21:39+00:00\",\"mainEntityOfPage\":{\"@id\":\"https:\\\/\\\/novice.si\\\/page\\\/regija-v-zgornji-savinjski-je-se-hudo-danes-jim-pomaga-60-celjskih-prostovoljcev\\\/\"},\"wordCount\":303,\"publisher\":{\"@id\":\"https:\\\/\\\/novice.si\\\/page\\\/#organization\"},\"image\":{\"@id\":\"https:\\\/\\\/novice.si\\\/page\\\/regija-v-zgornji-savinjski-je-se-hudo-danes-jim-pomaga-60-celjskih-prostovoljcev\\\/#primaryimage\"},\"thumbnailUrl\":\"https:\\\/\\\/novice.si\\\/page\\\/wp-content\\\/uploads\\\/2023\\\/08\\\/janez-melansek-1-scaled.jpg\",\"keywords\":[\"alenka zupan\u010di\u010d\",\"izpostava URSZR Celje\",\"janez melan\u0161ek\",\"Natalija Plemenita\u0161 Fuchs\",\"poplave\",\"Zgornja Savinjska\"],\"articleSection\":[\"Aktualno\",\"Celjsko\"],\"inLanguage\":\"sl-SI\"},{\"@type\":\"WebPage\",\"@id\":\"https:\\\/\\\/novice.si\\\/page\\\/regija-v-zgornji-savinjski-je-se-hudo-danes-jim-pomaga-60-celjskih-prostovoljcev\\\/\",\"url\":\"https:\\\/\\\/novice.si\\\/page\\\/regija-v-zgornji-savinjski-je-se-hudo-danes-jim-pomaga-60-celjskih-prostovoljcev\\\/\",\"name\":\"REGIJA V Zgornji Savinjski je \u0161e hudo, danes jim pomaga 60 celjskih prostovoljcev - Novice.si\",\"isPartOf\":{\"@id\":\"https:\\\/\\\/novice.si\\\/page\\\/#website\"},\"primaryImageOfPage\":{\"@id\":\"https:\\\/\\\/novice.si\\\/page\\\/regija-v-zgornji-savinjski-je-se-hudo-danes-jim-pomaga-60-celjskih-prostovoljcev\\\/#primaryimage\"},\"image\":{\"@id\":\"https:\\\/\\\/novice.si\\\/page\\\/regija-v-zgornji-savinjski-je-se-hudo-danes-jim-pomaga-60-celjskih-prostovoljcev\\\/#primaryimage\"},\"thumbnailUrl\":\"https:\\\/\\\/novice.si\\\/page\\\/wp-content\\\/uploads\\\/2023\\\/08\\\/janez-melansek-1-scaled.jpg\",\"datePublished\":\"2023-08-08T12:21:39+00:00\",\"breadcrumb\":{\"@id\":\"https:\\\/\\\/novice.si\\\/page\\\/regija-v-zgornji-savinjski-je-se-hudo-danes-jim-pomaga-60-celjskih-prostovoljcev\\\/#breadcrumb\"},\"inLanguage\":\"sl-SI\",\"potentialAction\":[{\"@type\":\"ReadAction\",\"target\":[\"https:\\\/\\\/novice.si\\\/page\\\/regija-v-zgornji-savinjski-je-se-hudo-danes-jim-pomaga-60-celjskih-prostovoljcev\\\/\"]}]},{\"@type\":\"ImageObject\",\"inLanguage\":\"sl-SI\",\"@id\":\"https:\\\/\\\/novice.si\\\/page\\\/regija-v-zgornji-savinjski-je-se-hudo-danes-jim-pomaga-60-celjskih-prostovoljcev\\\/#primaryimage\",\"url\":\"https:\\\/\\\/novice.si\\\/page\\\/wp-content\\\/uploads\\\/2023\\\/08\\\/janez-melansek-1-scaled.jpg\",\"contentUrl\":\"https:\\\/\\\/novice.si\\\/page\\\/wp-content\\\/uploads\\\/2023\\\/08\\\/janez-melansek-1-scaled.jpg\",\"width\":2560,\"height\":1826},{\"@type\":\"BreadcrumbList\",\"@id\":\"https:\\\/\\\/novice.si\\\/page\\\/regija-v-zgornji-savinjski-je-se-hudo-danes-jim-pomaga-60-celjskih-prostovoljcev\\\/#breadcrumb\",\"itemListElement\":[{\"@type\":\"ListItem\",\"position\":1,\"name\":\"Home\",\"item\":\"https:\\\/\\\/novice.si\\\/page\\\/\"},{\"@type\":\"ListItem\",\"position\":2,\"name\":\"REGIJA V Zgornji Savinjski je \u0161e hudo, danes jim pomaga 60 celjskih prostovoljcev\"}]},{\"@type\":\"WebSite\",\"@id\":\"https:\\\/\\\/novice.si\\\/page\\\/#website\",\"url\":\"https:\\\/\\\/novice.si\\\/page\\\/\",\"name\":\"Novice.si\",\"description\":\"\",\"publisher\":{\"@id\":\"https:\\\/\\\/novice.si\\\/page\\\/#organization\"},\"potentialAction\":[{\"@type\":\"SearchAction\",\"target\":{\"@type\":\"EntryPoint\",\"urlTemplate\":\"https:\\\/\\\/novice.si\\\/page\\\/?s={search_term_string}\"},\"query-input\":{\"@type\":\"PropertyValueSpecification\",\"valueRequired\":true,\"valueName\":\"search_term_string\"}}],\"inLanguage\":\"sl-SI\"},{\"@type\":\"Organization\",\"@id\":\"https:\\\/\\\/novice.si\\\/page\\\/#organization\",\"name\":\"Novice.si\",\"url\":\"https:\\\/\\\/novice.si\\\/page\\\/\",\"logo\":{\"@type\":\"ImageObject\",\"inLanguage\":\"sl-SI\",\"@id\":\"https:\\\/\\\/novice.si\\\/page\\\/#\\\/schema\\\/logo\\\/image\\\/\",\"url\":\"https:\\\/\\\/novice.si\\\/page\\\/wp-content\\\/uploads\\\/2023\\\/03\\\/novice_si.png\",\"contentUrl\":\"https:\\\/\\\/novice.si\\\/page\\\/wp-content\\\/uploads\\\/2023\\\/03\\\/novice_si.png\",\"width\":576,\"height\":200,\"caption\":\"Novice.si\"},\"image\":{\"@id\":\"https:\\\/\\\/novice.si\\\/page\\\/#\\\/schema\\\/logo\\\/image\\\/\"}},{\"@type\":\"Person\",\"@id\":\"https:\\\/\\\/novice.si\\\/page\\\/#\\\/schema\\\/person\\\/57f25c9642a9541c7349c65d32032c3e\",\"name\":\"Uredni\u0161tvo Celjana\",\"image\":{\"@type\":\"ImageObject\",\"inLanguage\":\"sl-SI\",\"@id\":\"https:\\\/\\\/secure.gravatar.com\\\/avatar\\\/78e52bc4279b65f6df6345e0ef0f7b792d361361f230cf4ffecfe0afe6d5629c?s=96&d=mm&r=g\",\"url\":\"https:\\\/\\\/secure.gravatar.com\\\/avatar\\\/78e52bc4279b65f6df6345e0ef0f7b792d361361f230cf4ffecfe0afe6d5629c?s=96&d=mm&r=g\",\"contentUrl\":\"https:\\\/\\\/secure.gravatar.com\\\/avatar\\\/78e52bc4279b65f6df6345e0ef0f7b792d361361f230cf4ffecfe0afe6d5629c?s=96&d=mm&r=g\",\"caption\":\"Uredni\u0161tvo Celjana\"},\"url\":\"https:\\\/\\\/novice.si\\\/page\\\/author\\\/primoz\\\/\"}]}<\/script>\n<!-- \/ Yoast SEO plugin. -->","yoast_head_json":{"title":"REGIJA V Zgornji Savinjski je \u0161e hudo, danes jim pomaga 60 celjskih prostovoljcev - Novice.si","robots":{"index":"index","follow":"follow","max-snippet":"max-snippet:-1","max-image-preview":"max-image-preview:large","max-video-preview":"max-video-preview:-1"},"canonical":"https:\/\/novice.si\/page\/regija-v-zgornji-savinjski-je-se-hudo-danes-jim-pomaga-60-celjskih-prostovoljcev\/","og_locale":"sl_SI","og_type":"article","og_title":"REGIJA V Zgornji Savinjski je \u0161e hudo, danes jim pomaga 60 celjskih prostovoljcev - Novice.si","og_description":"Kakor so povedali na opoldanski konferenci za javnost, ki jo je pripravil \u0160tab civilne za\u0161\u010dite Zahodno \u0160tajerske regije, v Celju z okolico v zadnjih dnevih ni bilo ve\u010d te\u017eav. So pa te \u0161e vedno velike v Zgornji Savinjski, kamor se zdaj usmerja pomo\u010d in kamor prihajajo tehni\u010dne ekipe z vse Evrope. V tem delu regije [&hellip;]","og_url":"https:\/\/novice.si\/page\/regija-v-zgornji-savinjski-je-se-hudo-danes-jim-pomaga-60-celjskih-prostovoljcev\/","og_site_name":"Novice.si","article_published_time":"2023-08-08T12:21:39+00:00","og_image":[{"width":2560,"height":1826,"url":"https:\/\/novice.si\/page\/wp-content\/uploads\/2023\/08\/janez-melansek-1-scaled.jpg","type":"image\/jpeg"}],"author":"Uredni\u0161tvo Celjana","twitter_card":"summary_large_image","twitter_misc":{"Written by":"Uredni\u0161tvo Celjana","Est. reading time":"2 minuti"},"schema":{"@context":"https:\/\/schema.org","@graph":[{"@type":"Article","@id":"https:\/\/novice.si\/page\/regija-v-zgornji-savinjski-je-se-hudo-danes-jim-pomaga-60-celjskih-prostovoljcev\/#article","isPartOf":{"@id":"https:\/\/novice.si\/page\/regija-v-zgornji-savinjski-je-se-hudo-danes-jim-pomaga-60-celjskih-prostovoljcev\/"},"author":{"name":"Uredni\u0161tvo Celjana","@id":"https:\/\/novice.si\/page\/#\/schema\/person\/57f25c9642a9541c7349c65d32032c3e"},"headline":"REGIJA V Zgornji Savinjski je \u0161e hudo, danes jim pomaga 60 celjskih prostovoljcev","datePublished":"2023-08-08T12:21:39+00:00","mainEntityOfPage":{"@id":"https:\/\/novice.si\/page\/regija-v-zgornji-savinjski-je-se-hudo-danes-jim-pomaga-60-celjskih-prostovoljcev\/"},"wordCount":303,"publisher":{"@id":"https:\/\/novice.si\/page\/#organization"},"image":{"@id":"https:\/\/novice.si\/page\/regija-v-zgornji-savinjski-je-se-hudo-danes-jim-pomaga-60-celjskih-prostovoljcev\/#primaryimage"},"thumbnailUrl":"https:\/\/novice.si\/page\/wp-content\/uploads\/2023\/08\/janez-melansek-1-scaled.jpg","keywords":["alenka zupan\u010di\u010d","izpostava URSZR Celje","janez melan\u0161ek","Natalija Plemenita\u0161 Fuchs","poplave","Zgornja Savinjska"],"articleSection":["Aktualno","Celjsko"],"inLanguage":"sl-SI"},{"@type":"WebPage","@id":"https:\/\/novice.si\/page\/regija-v-zgornji-savinjski-je-se-hudo-danes-jim-pomaga-60-celjskih-prostovoljcev\/","url":"https:\/\/novice.si\/page\/regija-v-zgornji-savinjski-je-se-hudo-danes-jim-pomaga-60-celjskih-prostovoljcev\/","name":"REGIJA V Zgornji Savinjski je \u0161e hudo, danes jim pomaga 60 celjskih prostovoljcev - Novice.si","isPartOf":{"@id":"https:\/\/novice.si\/page\/#website"},"primaryImageOfPage":{"@id":"https:\/\/novice.si\/page\/regija-v-zgornji-savinjski-je-se-hudo-danes-jim-pomaga-60-celjskih-prostovoljcev\/#primaryimage"},"image":{"@id":"https:\/\/novice.si\/page\/regija-v-zgornji-savinjski-je-se-hudo-danes-jim-pomaga-60-celjskih-prostovoljcev\/#primaryimage"},"thumbnailUrl":"https:\/\/novice.si\/page\/wp-content\/uploads\/2023\/08\/janez-melansek-1-scaled.jpg","datePublished":"2023-08-08T12:21:39+00:00","breadcrumb":{"@id":"https:\/\/novice.si\/page\/regija-v-zgornji-savinjski-je-se-hudo-danes-jim-pomaga-60-celjskih-prostovoljcev\/#breadcrumb"},"inLanguage":"sl-SI","potentialAction":[{"@type":"ReadAction","target":["https:\/\/novice.si\/page\/regija-v-zgornji-savinjski-je-se-hudo-danes-jim-pomaga-60-celjskih-prostovoljcev\/"]}]},{"@type":"ImageObject","inLanguage":"sl-SI","@id":"https:\/\/novice.si\/page\/regija-v-zgornji-savinjski-je-se-hudo-danes-jim-pomaga-60-celjskih-prostovoljcev\/#primaryimage","url":"https:\/\/novice.si\/page\/wp-content\/uploads\/2023\/08\/janez-melansek-1-scaled.jpg","contentUrl":"https:\/\/novice.si\/page\/wp-content\/uploads\/2023\/08\/janez-melansek-1-scaled.jpg","width":2560,"height":1826},{"@type":"BreadcrumbList","@id":"https:\/\/novice.si\/page\/regija-v-zgornji-savinjski-je-se-hudo-danes-jim-pomaga-60-celjskih-prostovoljcev\/#breadcrumb","itemListElement":[{"@type":"ListItem","position":1,"name":"Home","item":"https:\/\/novice.si\/page\/"},{"@type":"ListItem","position":2,"name":"REGIJA V Zgornji Savinjski je \u0161e hudo, danes jim pomaga 60 celjskih prostovoljcev"}]},{"@type":"WebSite","@id":"https:\/\/novice.si\/page\/#website","url":"https:\/\/novice.si\/page\/","name":"Novice.si","description":"","publisher":{"@id":"https:\/\/novice.si\/page\/#organization"},"potentialAction":[{"@type":"SearchAction","target":{"@type":"EntryPoint","urlTemplate":"https:\/\/novice.si\/page\/?s={search_term_string}"},"query-input":{"@type":"PropertyValueSpecification","valueRequired":true,"valueName":"search_term_string"}}],"inLanguage":"sl-SI"},{"@type":"Organization","@id":"https:\/\/novice.si\/page\/#organization","name":"Novice.si","url":"https:\/\/novice.si\/page\/","logo":{"@type":"ImageObject","inLanguage":"sl-SI","@id":"https:\/\/novice.si\/page\/#\/schema\/logo\/image\/","url":"https:\/\/novice.si\/page\/wp-content\/uploads\/2023\/03\/novice_si.png","contentUrl":"https:\/\/novice.si\/page\/wp-content\/uploads\/2023\/03\/novice_si.png","width":576,"height":200,"caption":"Novice.si"},"image":{"@id":"https:\/\/novice.si\/page\/#\/schema\/logo\/image\/"}},{"@type":"Person","@id":"https:\/\/novice.si\/page\/#\/schema\/person\/57f25c9642a9541c7349c65d32032c3e","name":"Uredni\u0161tvo Celjana","image":{"@type":"ImageObject","inLanguage":"sl-SI","@id":"https:\/\/secure.gravatar.com\/avatar\/78e52bc4279b65f6df6345e0ef0f7b792d361361f230cf4ffecfe0afe6d5629c?s=96&d=mm&r=g","url":"https:\/\/secure.gravatar.com\/avatar\/78e52bc4279b65f6df6345e0ef0f7b792d361361f230cf4ffecfe0afe6d5629c?s=96&d=mm&r=g","contentUrl":"https:\/\/secure.gravatar.com\/avatar\/78e52bc4279b65f6df6345e0ef0f7b792d361361f230cf4ffecfe0afe6d5629c?s=96&d=mm&r=g","caption":"Uredni\u0161tvo Celjana"},"url":"https:\/\/novice.si\/page\/author\/primoz\/"}]}},"_links":{"self":[{"href":"https:\/\/novice.si\/page\/wp-json\/wp\/v2\/posts\/166018","targetHints":{"allow":["GET"]}}],"collection":[{"href":"https:\/\/novice.si\/page\/wp-json\/wp\/v2\/posts"}],"about":[{"href":"https:\/\/novice.si\/page\/wp-json\/wp\/v2\/types\/post"}],"author":[{"embeddable":true,"href":"https:\/\/novice.si\/page\/wp-json\/wp\/v2\/users\/33"}],"replies":[{"embeddable":true,"href":"https:\/\/novice.si\/page\/wp-json\/wp\/v2\/comments?post=166018"}],"version-history":[{"count":1,"href":"https:\/\/novice.si\/page\/wp-json\/wp\/v2\/posts\/166018\/revisions"}],"predecessor-version":[{"id":166023,"href":"https:\/\/novice.si\/page\/wp-json\/wp\/v2\/posts\/166018\/revisions\/166023"}],"wp:featuredmedia":[{"embeddable":true,"href":"https:\/\/novice.si\/page\/wp-json\/wp\/v2\/media\/166020"}],"wp:attachment":[{"href":"https:\/\/novice.si\/page\/wp-json\/wp\/v2\/media?parent=166018"}],"wp:term":[{"taxonomy":"category","embeddable":true,"href":"https:\/\/novice.si\/page\/wp-json\/wp\/v2\/categories?post=166018"},{"taxonomy":"post_tag","embeddable":true,"href":"https:\/\/novice.si\/page\/wp-json\/wp\/v2\/tags?post=166018"}],"curies":[{"name":"wp","href":"https:\/\/api.w.org\/{rel}","templated":true}]}}