{"id":165893,"date":"2023-08-05T09:58:52","date_gmt":"2023-08-05T07:58:52","guid":{"rendered":"https:\/\/novice.si\/page\/?p=165893"},"modified":"2023-08-05T11:07:32","modified_gmt":"2023-08-05T09:07:32","slug":"situacija-po-vcerajsnji-katastrofi-se-pocasi-umirja","status":"publish","type":"post","link":"https:\/\/novice.si\/page\/situacija-po-vcerajsnji-katastrofi-se-pocasi-umirja\/","title":{"rendered":"Vremenska ujma: Situacija po v\u010deraj\u0161nji katastrofi se po\u010dasi umirja (foto in video)"},"content":{"rendered":"<p><strong>Situacija v Celju se umirja<br \/>\n<\/strong>Stanje na obmo\u010dju Celja je to jutro umirjeno. Savinja je navkljub no\u010dnemu de\u017eevju upadla za pribli\u017eno tri metre, nekoliko manj pa njen pritok Lo\u017enica.<br \/>\nV\u010deraj so z najbolj ogro\u017eenih obmo\u010dij v ju\u017enem delu mesta evakuirali okoli 4000 prebivalcev, ki pa se bodo danes verjetno \u017ee lahko vrnili na domove, to pa \u017ee lahko storijo stanovalci Malgajeve, Kajuhove in starega mestnega jedra. Evakuirance so za\u010dasno nastanili v Celjskem mladinskem centru, dvorani Zlatorog in Alminem domu na Svetini, te\u017eko pokretne so sprejeli v Domu Svetega Jo\u017eefa.<br \/>\nVe\u010dina mostov \u010dez Savinjo ni ve\u010d ogro\u017eenih, ekipe na terenu \u0161e preverjajo stanje, pri\u010dakovati je, da bodo v kratkem tudi prevozni. Do nadaljnega ostaja zaprt Splavarski most, \u0161e naprej velja ukrep prepovedi zadr\u017eevanja v bli\u017eini mostov in naraslih vodotokov. Ceste v Celju in bli\u017enji okolici so normalno prevozne, \u0161e vedno pa je prekinjena prometna povezava z La\u0161kim, nekaj te\u017eav je \u0161e na nekaterih lokalnih cestah v Spodnji Savinjski dolini, prekinjen je promet na \u0160tajerski avtocesti med \u017dalcem in Vranskim.<br \/>\nVe\u010d podrobnosti bo znanih po novinarski konferenci Civilne za\u0161\u010dite.<br \/>\n<strong><br \/>\nV La\u0161kem tak\u0161nih poplav ne pomnijo, cesta v La\u0161ko in iz njega \u0161e zaprta<br \/>\n<\/strong>V La\u0161kem tako silovitih poplav ne pomnijo. Visoke vode z zelo mo\u010dnim pretokom so v\u010deraj poplavile mesto in ga povsem odrezale od sveta. Vodostaj reke je k sre\u010di upadel.<br \/>\nPripadniki civilne za\u0161\u010dite in gasilci so v\u010deraj in \u010dez no\u010d na soboto skupaj evakuirali okoli 20 oseb in jih namestili v okoli\u0161ke hotele. Pono\u010di so \u0161tiri ljudi evakuirali iz hi\u0161e na obmo\u010dju Breznega, ki jo ogro\u017ea ve\u010dji plaz, danes zjutraj pa so iz poplavljenega stanovanja re\u0161ili \u0161e stanovalca Valvasorjeve ulice, je za Radio Rogla povedal poveljnik civilne za\u0161\u010dite Bojan \u0160piler.<br \/>\nVoda iz javnega vodovoda je v La\u0161kem vseskozi neopore\u010dna in varna za uporabo, so nam potrdili zjutraj. Savinja je sicer po za\u010dela upadati in v La\u0161kem upajo, da je najhuj\u0161e mimo.<br \/>\nCesta v La\u0161ko in iz njega \u0161e ostaja zaprta, polna je naplavin in mulja. Gasilci in delavci komunale za\u010denjajo s \u010di\u0161\u010denjem obmo\u010dij, kjer vode ve\u010d ni, pri sanaciji glavne prometnice pa ra\u010dunajo na pomo\u010d podjetja VOC Celje, ki je pristojno za urejanje te dr\u017eavne ceste. V La\u0161kem je namre\u010d tudi veliko turistov, ki so bili zjutraj \u0161e ujeti v mestu, zato si \u017eelijo, da bi \u010dim prej vzpostavili prevoznost in omogo\u010dili promet do La\u0161kega in iz njega.<br \/>\nVsekakor pa bo \u0161koda izjemno visoka, tako na zasebnem premo\u017eenju kot javni infrastrukturi. Posledice se bodo pokazale \u0161ele, ko bo voda odtekla.<br \/>\nIz Thermane La\u0161ko, ki so jo vode prav tako zalile, so sporo\u010dili, da so v\u010deraj na varno umaknili vse nujne stvari, opremo, hrano, avtomobile, vzpostavili so mobilno enoto kuhinje v gornjih nadstropjih hotela Zdravili\u0161\u010de La\u0161ko, kjer je poplavilo kuhinjo. \u00bbPoskrbeli smo tudi za nastanitev gostov, ki so se vrnili nazaj v hotele zaradi situacije in neprevoznosti cest, ter pomagali pri iskanju za\u010dasnih nastanitev gostom, ki so bili na poti k nam. Za vse goste, ki so v tem \u010dasu nastanjeni pri nas, je ustrezno in v celoti poskrbljeno,\u00ab je sporo\u010dila predsednica uprave dru\u017ebe Thermana Mojca Leskovar in dodala, da so za dnevne obiskovalce do nadaljnjega zaprti.<br \/>\nTrenutno je v Domu starej\u0161ih 165 stanovalcev, 595 gostov je v obeh hotelih. \u00bbPoskrbeli smo za njihovo varnost, prehrano. Ekipa zaposlenih je \u010dez no\u010d ostala v hotelih in skrbela za varno po\u010dutje vseh. Voda bivanjskih prostorov stanovalcev ni zajela.\u00ab<\/p>\n<p><strong>Na Konji\u0161kem je bila no\u010d relativno mirna<br \/>\n<\/strong>Na Konji\u0161kem je bila no\u010d mirna. Predsednik Gasilske zveze Slovenske Konjice <strong>Toma\u017e Pahole<\/strong> je povedal, da je voda povsod usahnila in da so danes vse ceste znova prevozne. Kot ka\u017ee zdaj, ve\u010djih te\u017eav v nadaljevanju dneva ne pri\u010dakujejo. De\u017eevalo sicer \u0161e bo, vendar bi naj bilo padavin malo.<br \/>\nPozno zve\u010der so z delom kon\u010dali gasilci na Zre\u0161kem. Ti so \u010dez dan posredovali predvsem tam, kjer je voda zalivala objekte- vodo si iz\u010drpali in postavljali protipoplavne vre\u010de. \u010cistili so tudi obre\u017eje v Radani vasi zaradi bolj\u0161ega pretoka vode. Spro\u017eilo se je ve\u010d plazov, tudi v Koro\u0161ki vasi na Pohorju, kjer plaz ogro\u017ea cesto.<br \/>\nNeurje ni prizaneslo niti prebivalcem vitanjske ob\u010dine. Operativna enota tamkaj\u0161njih gasilcev je predvsem pomagala pri prekrivanju plazov, ki so se spro\u017eili na ve\u010d lokacijah. Zaradi podrtega drevja je bila sino\u010di zaprta cesta Vitanje Spodnji Doli\u010d.<br \/>\n<strong><br \/>\nNa Bistri\u0161kem je bila minula no\u010d na sre\u010do dokaj mirna<br \/>\n<\/strong>Na Bistri\u0161kem je bila minula no\u010d na sre\u010do dokaj mirna. So pa napovedi za dopoldne malo slab\u0161e. Kot smo izvedeli v \u0161tabu Civilne za\u0161\u010dite na obmo\u010dju ob\u010dine Slovenska Bistrica v\u010deraj in minulo no\u010d zaradi hudih neurij ni bilo niti ene intervencije. So pa izvedli kar nekaj preventivnih ukrepov: zaprli so eno cesto proti naselju Tirgot, namestili ve\u010d protipoplavnih za\u0161\u010dit. Napolnili so tudi preko 1200 protipoplavnih vre\u010d in jih polovico razdelili vsem gasilskim dru\u0161tvom, kjer so jih nato delili krajanom. Gasilci so \u0161e v pripravljenosti, spremljajo razmere.<br \/>\nV Polj\u010danah pa so imeli gasilci dve intervenciji \u2013 pono\u010di so \u010drpali vodo iz kletnih prostorov, zjutraj so re\u0161evali eno vozilo, ki je za\u0161lo na poplavljeno cesto. Zaradi narasle Dravinje je zaprtih nekaj cest. Poveljnica \u0161taba civilne za\u0161\u010dite Ob\u010dine Polj\u010dane <strong>Laura Slaten\u0161ek<\/strong>: &#8220;<em>Reka Dravinja je precej presegla mejo bregov in se je razlila. Tri ceste imamo zaprte, to so Lu\u0161e\u010dka vas \u2013 Ljubi\u010dna, Zg. in Sp. Polj\u010dane in most do Krasne. Drugih posebnosti ni. Po spremljanju pretokov v postajah Lo\u010de in Makole je pono\u010di bil padec vode. Do sino\u010di do 20. ure je nara\u0161\u010dalo in se bli\u017ealo meji, ki jo poznamo kot najvi\u0161jo. Trenutno pa voda pada in je \u017ee padla in je pribli\u017eno na meji, pri kateri se pri nas gasilci za\u010dnejo pripravljat. Gasilci so \u0161e vedno v pripravljenosti, a upamo, da se bo stanje umirilo, da ne bo nara\u0161\u010danja. Nismo ve\u010d v rde\u010di fazi.&#8221;<br \/>\n<\/em>Makole naj bi bile odrezane od sveta, vse ceste naj bi bile poplavljene.<br \/>\n<strong><br \/>\nNa kratko od drugod<br \/>\n<\/strong>Sporo\u010dilo ob\u010dana ob\u010dine Pod\u010detrtek: &#8220;Pri nas na sre\u010do \u0161e vse ok, tudi Mestinj\u0161\u010dica, ki se prva razliva po poljih in njivah, je \u0161e v svojih mejah. Upajmo, da tako ostane.&#8221;<br \/>\nNa Gorenjskem in Koro\u0161kem ter na obmo\u010dju Idrijskega, \u0160kofjelo\u0161kega in Polhograjskega hribovja so se tudi pono\u010di pojavljali mo\u010dnej\u0161i nalivi, zato se hudourni\u0161ke poplave ve\u010djega obsega na teh obmo\u010djih \u0161e vedno stopnjujejo. Nara\u0161\u010dajo reke v ju\u017eni Sloveniji in se ponekod razlivajo. \u0160tevilne ceste ostajajo zaprte.<br \/>\nMestna ob\u010dina Velenje: prekuhavanje vode je \u0161e vedno potrebno na podro\u010dju vodovoda Bele vode. V ostalih vodovodnih sistemih za oskrbo \u0160ale\u0161ke doline (Grmov vrh, R! Velenje in Mazej) je voda pitna.&#8221;<\/p>\n<p><strong>Prevoznost cest<br \/>\n<\/strong>\u0160tevilne ceste na Severnoprimorskem, Gorenjskem, Koro\u0161kem, \u0160tajerskem in v osrednji Sloveniji ostajajo zaprte. \u0160tajerska avtocesta je po podatkih prometnoinformacijskega centra zaprta med \u017dalcem in Vranskim proti Ljubljani ter med Blagovico in \u0160empetrom proti Mariboru. Zaprti so tudi uvozi Blagovica, Trojane in Vransko proti Mariboru.<br \/>\nPot med Ljubljano in Mariborom je v obe smeri mo\u017ena samo prek dolenjske avtoceste ter po cesti Kr\u0161ko-Bizeljsko-Mestinje-\u0160entjur-Dramlje, Kr\u0161ko-Bizeljsko-Mestinje-Podplat-Polj\u010dane-Slovenska Bistrica ali prek Zagreba, Gru\u0161kovja in Ptuja.<\/p>\n<p><strong>Foto in video iz Celja:<br \/>\n<\/strong><\/p>\n<p><iframe loading=\"lazy\" title=\"Celje, Savinja, sobota, 8. 8. 2023\" width=\"696\" height=\"392\" src=\"https:\/\/www.youtube.com\/embed\/SxFYwxHqsMY?feature=oembed\" frameborder=\"0\" allow=\"accelerometer; autoplay; clipboard-write; encrypted-media; gyroscope; picture-in-picture; web-share\" allowfullscreen><\/iframe><\/p>\n<p>&nbsp;<\/p>\n\r\n                <style type=\"text\/css\">\r\n                    \r\n                    #tdi_1  .td-doubleSlider-2 .td-item1 {\r\n                        background: url(https:\/\/novice.si\/page\/wp-content\/uploads\/2023\/08\/celje-1-80x60.jpg) 0 0 no-repeat;\r\n                    }\r\n                    #tdi_1  .td-doubleSlider-2 .td-item2 {\r\n                        background: url(https:\/\/novice.si\/page\/wp-content\/uploads\/2023\/08\/celje-2-80x60.jpg) 0 0 no-repeat;\r\n                    }\r\n                    #tdi_1  .td-doubleSlider-2 .td-item3 {\r\n                        background: url(https:\/\/novice.si\/page\/wp-content\/uploads\/2023\/08\/celje-3-80x60.jpg) 0 0 no-repeat;\r\n                    }\r\n                    #tdi_1  .td-doubleSlider-2 .td-item4 {\r\n                        background: url(https:\/\/novice.si\/page\/wp-content\/uploads\/2023\/08\/celje-4-80x60.jpg) 0 0 no-repeat;\r\n                    }\r\n                <\/style>\r\n\r\n                <div id=\"tdi_1\" class=\"td-gallery td-slide-on-2-columns\">\r\n                    <div class=\"post_td_gallery\">\r\n                        <div class=\"td-gallery-slide-top\">\r\n                           <div class=\"td-gallery-title\"><\/div>\r\n\r\n                            <div class=\"td-gallery-controls-wrapper\">\r\n                                <div class=\"td-gallery-slide-count\"><span class=\"td-gallery-slide-item-focus\">1<\/span> od 4<\/div>\r\n                                <div class=\"td-gallery-slide-prev-next-but\">\r\n                                    <i class = \"td-icon-left doubleSliderPrevButton\"><\/i>\r\n                                    <i class = \"td-icon-right doubleSliderNextButton\"><\/i>\r\n                                <\/div>\r\n                            <\/div>\r\n                        <\/div>\r\n\r\n                        <div class = \"td-doubleSlider-1 \">\r\n                            <div class = \"td-slider\">\r\n                                \r\n                    <div class = \"td-slide-item td-item1\">\r\n                        <figure class=\"td-slide-galery-figure td-slide-popup-gallery\">\r\n                            <a class=\"slide-gallery-image-link\" href=\"https:\/\/novice.si\/page\/wp-content\/uploads\/2023\/08\/celje-1.jpg\" title=\"celje 1\"  data-caption=\"\"  data-description=\"\" data-gallery>\r\n                                <img decoding=\"async\" src=\"https:\/\/novice.si\/page\/wp-content\/uploads\/2023\/08\/celje-1-560x420.jpg\" srcset=\"https:\/\/novice.si\/page\/wp-content\/uploads\/2023\/08\/celje-1-560x420.jpg 560w, https:\/\/novice.si\/page\/wp-content\/uploads\/2023\/08\/celje-1-600x450.jpg 600w, https:\/\/novice.si\/page\/wp-content\/uploads\/2023\/08\/celje-1-1024x768.jpg 1024w, https:\/\/novice.si\/page\/wp-content\/uploads\/2023\/08\/celje-1-768x576.jpg 768w, https:\/\/novice.si\/page\/wp-content\/uploads\/2023\/08\/celje-1-1536x1152.jpg 1536w, https:\/\/novice.si\/page\/wp-content\/uploads\/2023\/08\/celje-1-80x60.jpg 80w, https:\/\/novice.si\/page\/wp-content\/uploads\/2023\/08\/celje-1-265x198.jpg 265w, https:\/\/novice.si\/page\/wp-content\/uploads\/2023\/08\/celje-1-696x522.jpg 696w, https:\/\/novice.si\/page\/wp-content\/uploads\/2023\/08\/celje-1-1068x801.jpg 1068w, https:\/\/novice.si\/page\/wp-content\/uploads\/2023\/08\/celje-1-24x18.jpg 24w, https:\/\/novice.si\/page\/wp-content\/uploads\/2023\/08\/celje-1-36x27.jpg 36w, https:\/\/novice.si\/page\/wp-content\/uploads\/2023\/08\/celje-1-48x36.jpg 48w, https:\/\/novice.si\/page\/wp-content\/uploads\/2023\/08\/celje-1.jpg 1600w\" sizes=\"(max-width: 560px) 100vw, 560px\" alt=\"\">\r\n                            <\/a>\r\n                            \r\n                        <\/figure>\r\n                    <\/div>\r\n                    <div class = \"td-slide-item td-item2\">\r\n                        <figure class=\"td-slide-galery-figure td-slide-popup-gallery\">\r\n                            <a class=\"slide-gallery-image-link\" href=\"https:\/\/novice.si\/page\/wp-content\/uploads\/2023\/08\/celje-2.jpg\" title=\"celje 2\"  data-caption=\"\"  data-description=\"Fto: Boris Vrabec\" data-gallery>\r\n                                <img decoding=\"async\" src=\"https:\/\/novice.si\/page\/wp-content\/uploads\/2023\/08\/celje-2-560x420.jpg\" srcset=\"https:\/\/novice.si\/page\/wp-content\/uploads\/2023\/08\/celje-2-560x420.jpg 560w, https:\/\/novice.si\/page\/wp-content\/uploads\/2023\/08\/celje-2-600x450.jpg 600w, https:\/\/novice.si\/page\/wp-content\/uploads\/2023\/08\/celje-2-1024x768.jpg 1024w, https:\/\/novice.si\/page\/wp-content\/uploads\/2023\/08\/celje-2-768x576.jpg 768w, https:\/\/novice.si\/page\/wp-content\/uploads\/2023\/08\/celje-2-1536x1152.jpg 1536w, https:\/\/novice.si\/page\/wp-content\/uploads\/2023\/08\/celje-2-80x60.jpg 80w, https:\/\/novice.si\/page\/wp-content\/uploads\/2023\/08\/celje-2-265x198.jpg 265w, https:\/\/novice.si\/page\/wp-content\/uploads\/2023\/08\/celje-2-696x522.jpg 696w, https:\/\/novice.si\/page\/wp-content\/uploads\/2023\/08\/celje-2-1068x801.jpg 1068w, https:\/\/novice.si\/page\/wp-content\/uploads\/2023\/08\/celje-2-24x18.jpg 24w, https:\/\/novice.si\/page\/wp-content\/uploads\/2023\/08\/celje-2-36x27.jpg 36w, https:\/\/novice.si\/page\/wp-content\/uploads\/2023\/08\/celje-2-48x36.jpg 48w, https:\/\/novice.si\/page\/wp-content\/uploads\/2023\/08\/celje-2.jpg 1600w\" sizes=\"(max-width: 560px) 100vw, 560px\" alt=\"\">\r\n                            <\/a>\r\n                            <figcaption class = \"td-slide-caption td-gallery-slide-content\"><span>Fto: Boris Vrabec<\/span><\/figcaption>\r\n                        <\/figure>\r\n                    <\/div>\r\n                    <div class = \"td-slide-item td-item3\">\r\n                        <figure class=\"td-slide-galery-figure td-slide-popup-gallery\">\r\n                            <a class=\"slide-gallery-image-link\" href=\"https:\/\/novice.si\/page\/wp-content\/uploads\/2023\/08\/celje-3.jpg\" title=\"celje 3\"  data-caption=\"\"  data-description=\"\" data-gallery>\r\n                                <img decoding=\"async\" src=\"https:\/\/novice.si\/page\/wp-content\/uploads\/2023\/08\/celje-3-560x420.jpg\" srcset=\"https:\/\/novice.si\/page\/wp-content\/uploads\/2023\/08\/celje-3-560x420.jpg 560w, https:\/\/novice.si\/page\/wp-content\/uploads\/2023\/08\/celje-3-600x450.jpg 600w, https:\/\/novice.si\/page\/wp-content\/uploads\/2023\/08\/celje-3-1024x768.jpg 1024w, https:\/\/novice.si\/page\/wp-content\/uploads\/2023\/08\/celje-3-768x576.jpg 768w, https:\/\/novice.si\/page\/wp-content\/uploads\/2023\/08\/celje-3-1536x1152.jpg 1536w, https:\/\/novice.si\/page\/wp-content\/uploads\/2023\/08\/celje-3-80x60.jpg 80w, https:\/\/novice.si\/page\/wp-content\/uploads\/2023\/08\/celje-3-265x198.jpg 265w, https:\/\/novice.si\/page\/wp-content\/uploads\/2023\/08\/celje-3-696x522.jpg 696w, https:\/\/novice.si\/page\/wp-content\/uploads\/2023\/08\/celje-3-1068x801.jpg 1068w, https:\/\/novice.si\/page\/wp-content\/uploads\/2023\/08\/celje-3-24x18.jpg 24w, https:\/\/novice.si\/page\/wp-content\/uploads\/2023\/08\/celje-3-36x27.jpg 36w, https:\/\/novice.si\/page\/wp-content\/uploads\/2023\/08\/celje-3-48x36.jpg 48w, https:\/\/novice.si\/page\/wp-content\/uploads\/2023\/08\/celje-3.jpg 1600w\" sizes=\"(max-width: 560px) 100vw, 560px\" alt=\"\">\r\n                            <\/a>\r\n                            \r\n                        <\/figure>\r\n                    <\/div>\r\n                    <div class = \"td-slide-item td-item4\">\r\n                        <figure class=\"td-slide-galery-figure td-slide-popup-gallery\">\r\n                            <a class=\"slide-gallery-image-link\" href=\"https:\/\/novice.si\/page\/wp-content\/uploads\/2023\/08\/celje-4.jpg\" title=\"celje 4\"  data-caption=\"\"  data-description=\"\" data-gallery>\r\n                                <img decoding=\"async\" src=\"https:\/\/novice.si\/page\/wp-content\/uploads\/2023\/08\/celje-4-560x420.jpg\" srcset=\"https:\/\/novice.si\/page\/wp-content\/uploads\/2023\/08\/celje-4-560x420.jpg 560w, https:\/\/novice.si\/page\/wp-content\/uploads\/2023\/08\/celje-4-600x450.jpg 600w, https:\/\/novice.si\/page\/wp-content\/uploads\/2023\/08\/celje-4-1024x768.jpg 1024w, https:\/\/novice.si\/page\/wp-content\/uploads\/2023\/08\/celje-4-768x576.jpg 768w, https:\/\/novice.si\/page\/wp-content\/uploads\/2023\/08\/celje-4-1536x1152.jpg 1536w, https:\/\/novice.si\/page\/wp-content\/uploads\/2023\/08\/celje-4-80x60.jpg 80w, https:\/\/novice.si\/page\/wp-content\/uploads\/2023\/08\/celje-4-265x198.jpg 265w, https:\/\/novice.si\/page\/wp-content\/uploads\/2023\/08\/celje-4-696x522.jpg 696w, https:\/\/novice.si\/page\/wp-content\/uploads\/2023\/08\/celje-4-1068x801.jpg 1068w, https:\/\/novice.si\/page\/wp-content\/uploads\/2023\/08\/celje-4-24x18.jpg 24w, https:\/\/novice.si\/page\/wp-content\/uploads\/2023\/08\/celje-4-36x27.jpg 36w, https:\/\/novice.si\/page\/wp-content\/uploads\/2023\/08\/celje-4-48x36.jpg 48w, https:\/\/novice.si\/page\/wp-content\/uploads\/2023\/08\/celje-4.jpg 1600w\" sizes=\"(max-width: 560px) 100vw, 560px\" alt=\"\">\r\n                            <\/a>\r\n                            \r\n                        <\/figure>\r\n                    <\/div>\r\n                            <\/div>\r\n                        <\/div>\r\n\r\n                        <div class = \"td-doubleSlider-2\">\r\n                            <div class = \"td-slider\">\r\n                                \r\n                    <div class = \"td-button td-item1\">\r\n                        <div class = \"td-border\"><\/div>\r\n                    <\/div>\r\n                    <div class = \"td-button td-item2\">\r\n                        <div class = \"td-border\"><\/div>\r\n                    <\/div>\r\n                    <div class = \"td-button td-item3\">\r\n                        <div class = \"td-border\"><\/div>\r\n                    <\/div>\r\n                    <div class = \"td-button td-item4\">\r\n                        <div class = \"td-border\"><\/div>\r\n                    <\/div>\r\n                            <\/div>\r\n                        <\/div>\r\n\r\n                    <\/div>\r\n\r\n                <\/div>\r\n                \n<p>Fotografije iz La\u0161kega:<\/p>\n\r\n                <style type=\"text\/css\">\r\n                    \r\n                    #tdi_2  .td-doubleSlider-2 .td-item1 {\r\n                        background: url(https:\/\/novice.si\/page\/wp-content\/uploads\/2023\/08\/lasko-1-1-80x60.jpg) 0 0 no-repeat;\r\n                    }\r\n                    #tdi_2  .td-doubleSlider-2 .td-item2 {\r\n                        background: url(https:\/\/novice.si\/page\/wp-content\/uploads\/2023\/08\/lasko-2-2-80x60.jpg) 0 0 no-repeat;\r\n                    }\r\n                    #tdi_2  .td-doubleSlider-2 .td-item3 {\r\n                        background: url(https:\/\/novice.si\/page\/wp-content\/uploads\/2023\/08\/lasko-3-1-80x60.jpg) 0 0 no-repeat;\r\n                    }\r\n                <\/style>\r\n\r\n                <div id=\"tdi_2\" class=\"td-gallery td-slide-on-2-columns\">\r\n                    <div class=\"post_td_gallery\">\r\n                        <div class=\"td-gallery-slide-top\">\r\n                           <div class=\"td-gallery-title\"><\/div>\r\n\r\n                            <div class=\"td-gallery-controls-wrapper\">\r\n                                <div class=\"td-gallery-slide-count\"><span class=\"td-gallery-slide-item-focus\">1<\/span> od 3<\/div>\r\n                                <div class=\"td-gallery-slide-prev-next-but\">\r\n                                    <i class = \"td-icon-left doubleSliderPrevButton\"><\/i>\r\n                                    <i class = \"td-icon-right doubleSliderNextButton\"><\/i>\r\n                                <\/div>\r\n                            <\/div>\r\n                        <\/div>\r\n\r\n                        <div class = \"td-doubleSlider-1 \">\r\n                            <div class = \"td-slider\">\r\n                                \r\n                    <div class = \"td-slide-item td-item1\">\r\n                        <figure class=\"td-slide-galery-figure td-slide-popup-gallery\">\r\n                            <a class=\"slide-gallery-image-link\" href=\"https:\/\/novice.si\/page\/wp-content\/uploads\/2023\/08\/lasko-1-1.jpg\" title=\"lasko 1\"  data-caption=\"foto Boris Vrabec\"  data-description=\"\" data-gallery>\r\n                                <img decoding=\"async\" src=\"https:\/\/novice.si\/page\/wp-content\/uploads\/2023\/08\/lasko-1-1-560x420.jpg\" srcset=\"https:\/\/novice.si\/page\/wp-content\/uploads\/2023\/08\/lasko-1-1-560x420.jpg 560w, https:\/\/novice.si\/page\/wp-content\/uploads\/2023\/08\/lasko-1-1-600x450.jpg 600w, https:\/\/novice.si\/page\/wp-content\/uploads\/2023\/08\/lasko-1-1-1024x768.jpg 1024w, https:\/\/novice.si\/page\/wp-content\/uploads\/2023\/08\/lasko-1-1-768x576.jpg 768w, https:\/\/novice.si\/page\/wp-content\/uploads\/2023\/08\/lasko-1-1-1536x1152.jpg 1536w, https:\/\/novice.si\/page\/wp-content\/uploads\/2023\/08\/lasko-1-1-80x60.jpg 80w, https:\/\/novice.si\/page\/wp-content\/uploads\/2023\/08\/lasko-1-1-265x198.jpg 265w, https:\/\/novice.si\/page\/wp-content\/uploads\/2023\/08\/lasko-1-1-696x522.jpg 696w, https:\/\/novice.si\/page\/wp-content\/uploads\/2023\/08\/lasko-1-1-1068x801.jpg 1068w, https:\/\/novice.si\/page\/wp-content\/uploads\/2023\/08\/lasko-1-1-24x18.jpg 24w, https:\/\/novice.si\/page\/wp-content\/uploads\/2023\/08\/lasko-1-1-36x27.jpg 36w, https:\/\/novice.si\/page\/wp-content\/uploads\/2023\/08\/lasko-1-1-48x36.jpg 48w, https:\/\/novice.si\/page\/wp-content\/uploads\/2023\/08\/lasko-1-1.jpg 1600w\" sizes=\"(max-width: 560px) 100vw, 560px\" alt=\"\">\r\n                            <\/a>\r\n                            <figcaption class = \"td-slide-caption td-gallery-slide-content\"><div class = \"td-gallery-slide-copywrite\">foto Boris Vrabec<\/div><\/figcaption>\r\n                        <\/figure>\r\n                    <\/div>\r\n                    <div class = \"td-slide-item td-item2\">\r\n                        <figure class=\"td-slide-galery-figure td-slide-popup-gallery\">\r\n                            <a class=\"slide-gallery-image-link\" href=\"https:\/\/novice.si\/page\/wp-content\/uploads\/2023\/08\/lasko-2-2.jpg\" title=\"lasko 2\"  data-caption=\"foto Boris Vrabec\"  data-description=\"\" data-gallery>\r\n                                <img decoding=\"async\" src=\"https:\/\/novice.si\/page\/wp-content\/uploads\/2023\/08\/lasko-2-2-560x420.jpg\" srcset=\"https:\/\/novice.si\/page\/wp-content\/uploads\/2023\/08\/lasko-2-2-560x420.jpg 560w, https:\/\/novice.si\/page\/wp-content\/uploads\/2023\/08\/lasko-2-2-600x450.jpg 600w, https:\/\/novice.si\/page\/wp-content\/uploads\/2023\/08\/lasko-2-2-1024x768.jpg 1024w, https:\/\/novice.si\/page\/wp-content\/uploads\/2023\/08\/lasko-2-2-768x576.jpg 768w, https:\/\/novice.si\/page\/wp-content\/uploads\/2023\/08\/lasko-2-2-1536x1152.jpg 1536w, https:\/\/novice.si\/page\/wp-content\/uploads\/2023\/08\/lasko-2-2-80x60.jpg 80w, https:\/\/novice.si\/page\/wp-content\/uploads\/2023\/08\/lasko-2-2-265x198.jpg 265w, https:\/\/novice.si\/page\/wp-content\/uploads\/2023\/08\/lasko-2-2-696x522.jpg 696w, https:\/\/novice.si\/page\/wp-content\/uploads\/2023\/08\/lasko-2-2-1068x801.jpg 1068w, https:\/\/novice.si\/page\/wp-content\/uploads\/2023\/08\/lasko-2-2-24x18.jpg 24w, https:\/\/novice.si\/page\/wp-content\/uploads\/2023\/08\/lasko-2-2-36x27.jpg 36w, https:\/\/novice.si\/page\/wp-content\/uploads\/2023\/08\/lasko-2-2-48x36.jpg 48w, https:\/\/novice.si\/page\/wp-content\/uploads\/2023\/08\/lasko-2-2.jpg 1600w\" sizes=\"(max-width: 560px) 100vw, 560px\" alt=\"\">\r\n                            <\/a>\r\n                            <figcaption class = \"td-slide-caption td-gallery-slide-content\"><div class = \"td-gallery-slide-copywrite\">foto Boris Vrabec<\/div><\/figcaption>\r\n                        <\/figure>\r\n                    <\/div>\r\n                    <div class = \"td-slide-item td-item3\">\r\n                        <figure class=\"td-slide-galery-figure td-slide-popup-gallery\">\r\n                            <a class=\"slide-gallery-image-link\" href=\"https:\/\/novice.si\/page\/wp-content\/uploads\/2023\/08\/lasko-3-1.jpg\" title=\"lasko 3\"  data-caption=\"\"  data-description=\"\" data-gallery>\r\n                                <img decoding=\"async\" src=\"https:\/\/novice.si\/page\/wp-content\/uploads\/2023\/08\/lasko-3-1-560x420.jpg\" srcset=\"https:\/\/novice.si\/page\/wp-content\/uploads\/2023\/08\/lasko-3-1-560x420.jpg 560w, https:\/\/novice.si\/page\/wp-content\/uploads\/2023\/08\/lasko-3-1-600x450.jpg 600w, https:\/\/novice.si\/page\/wp-content\/uploads\/2023\/08\/lasko-3-1-1024x768.jpg 1024w, https:\/\/novice.si\/page\/wp-content\/uploads\/2023\/08\/lasko-3-1-768x576.jpg 768w, https:\/\/novice.si\/page\/wp-content\/uploads\/2023\/08\/lasko-3-1-1536x1152.jpg 1536w, https:\/\/novice.si\/page\/wp-content\/uploads\/2023\/08\/lasko-3-1-80x60.jpg 80w, https:\/\/novice.si\/page\/wp-content\/uploads\/2023\/08\/lasko-3-1-265x198.jpg 265w, https:\/\/novice.si\/page\/wp-content\/uploads\/2023\/08\/lasko-3-1-696x522.jpg 696w, https:\/\/novice.si\/page\/wp-content\/uploads\/2023\/08\/lasko-3-1-1068x801.jpg 1068w, https:\/\/novice.si\/page\/wp-content\/uploads\/2023\/08\/lasko-3-1-24x18.jpg 24w, https:\/\/novice.si\/page\/wp-content\/uploads\/2023\/08\/lasko-3-1-36x27.jpg 36w, https:\/\/novice.si\/page\/wp-content\/uploads\/2023\/08\/lasko-3-1-48x36.jpg 48w, https:\/\/novice.si\/page\/wp-content\/uploads\/2023\/08\/lasko-3-1.jpg 2048w\" sizes=\"(max-width: 560px) 100vw, 560px\" alt=\"\">\r\n                            <\/a>\r\n                            \r\n                        <\/figure>\r\n                    <\/div>\r\n                            <\/div>\r\n                        <\/div>\r\n\r\n                        <div class = \"td-doubleSlider-2\">\r\n                            <div class = \"td-slider\">\r\n                                \r\n                    <div class = \"td-button td-item1\">\r\n                        <div class = \"td-border\"><\/div>\r\n                    <\/div>\r\n                    <div class = \"td-button td-item2\">\r\n                        <div class = \"td-border\"><\/div>\r\n                    <\/div>\r\n                    <div class = \"td-button td-item3\">\r\n                        <div class = \"td-border\"><\/div>\r\n                    <\/div>\r\n                            <\/div>\r\n                        <\/div>\r\n\r\n                    <\/div>\r\n\r\n                <\/div>\r\n                \n<p>&nbsp;<\/p>\n<p>Fotografije iz Vitanja:<\/p>\n\r\n                <style type=\"text\/css\">\r\n                    \r\n                    #tdi_3  .td-doubleSlider-2 .td-item1 {\r\n                        background: url(https:\/\/novice.si\/page\/wp-content\/uploads\/2023\/08\/vitanje-1-80x60.jpg) 0 0 no-repeat;\r\n                    }\r\n                    #tdi_3  .td-doubleSlider-2 .td-item2 {\r\n                        background: url(https:\/\/novice.si\/page\/wp-content\/uploads\/2023\/08\/vitanje-2-80x60.jpg) 0 0 no-repeat;\r\n                    }\r\n                    #tdi_3  .td-doubleSlider-2 .td-item3 {\r\n                        background: url(https:\/\/novice.si\/page\/wp-content\/uploads\/2023\/08\/vitanje-3-80x60.jpg) 0 0 no-repeat;\r\n                    }\r\n                <\/style>\r\n\r\n                <div id=\"tdi_3\" class=\"td-gallery td-slide-on-2-columns\">\r\n                    <div class=\"post_td_gallery\">\r\n                        <div class=\"td-gallery-slide-top\">\r\n                           <div class=\"td-gallery-title\"><\/div>\r\n\r\n                            <div class=\"td-gallery-controls-wrapper\">\r\n                                <div class=\"td-gallery-slide-count\"><span class=\"td-gallery-slide-item-focus\">1<\/span> od 3<\/div>\r\n                                <div class=\"td-gallery-slide-prev-next-but\">\r\n                                    <i class = \"td-icon-left doubleSliderPrevButton\"><\/i>\r\n                                    <i class = \"td-icon-right doubleSliderNextButton\"><\/i>\r\n                                <\/div>\r\n                            <\/div>\r\n                        <\/div>\r\n\r\n                        <div class = \"td-doubleSlider-1 \">\r\n                            <div class = \"td-slider\">\r\n                                \r\n                    <div class = \"td-slide-item td-item1\">\r\n                        <figure class=\"td-slide-galery-figure td-slide-popup-gallery\">\r\n                            <a class=\"slide-gallery-image-link\" href=\"https:\/\/novice.si\/page\/wp-content\/uploads\/2023\/08\/vitanje-1.jpg\" title=\"vitanje 1\"  data-caption=\"\"  data-description=\"\" data-gallery>\r\n                                <img decoding=\"async\" src=\"https:\/\/novice.si\/page\/wp-content\/uploads\/2023\/08\/vitanje-1-315x420.jpg\" srcset=\"https:\/\/novice.si\/page\/wp-content\/uploads\/2023\/08\/vitanje-1-315x420.jpg 315w, https:\/\/novice.si\/page\/wp-content\/uploads\/2023\/08\/vitanje-1-450x600.jpg 450w, https:\/\/novice.si\/page\/wp-content\/uploads\/2023\/08\/vitanje-1-768x1024.jpg 768w, https:\/\/novice.si\/page\/wp-content\/uploads\/2023\/08\/vitanje-1-1152x1536.jpg 1152w, https:\/\/novice.si\/page\/wp-content\/uploads\/2023\/08\/vitanje-1-696x928.jpg 696w, https:\/\/novice.si\/page\/wp-content\/uploads\/2023\/08\/vitanje-1-1068x1424.jpg 1068w, https:\/\/novice.si\/page\/wp-content\/uploads\/2023\/08\/vitanje-1-18x24.jpg 18w, https:\/\/novice.si\/page\/wp-content\/uploads\/2023\/08\/vitanje-1-27x36.jpg 27w, https:\/\/novice.si\/page\/wp-content\/uploads\/2023\/08\/vitanje-1-36x48.jpg 36w, https:\/\/novice.si\/page\/wp-content\/uploads\/2023\/08\/vitanje-1.jpg 1536w\" sizes=\"(max-width: 315px) 100vw, 315px\" alt=\"\">\r\n                            <\/a>\r\n                            \r\n                        <\/figure>\r\n                    <\/div>\r\n                    <div class = \"td-slide-item td-item2\">\r\n                        <figure class=\"td-slide-galery-figure td-slide-popup-gallery\">\r\n                            <a class=\"slide-gallery-image-link\" href=\"https:\/\/novice.si\/page\/wp-content\/uploads\/2023\/08\/vitanje-2.jpg\" title=\"vitanje 2\"  data-caption=\"\"  data-description=\"\" data-gallery>\r\n                                <img decoding=\"async\" src=\"https:\/\/novice.si\/page\/wp-content\/uploads\/2023\/08\/vitanje-2-315x420.jpg\" srcset=\"https:\/\/novice.si\/page\/wp-content\/uploads\/2023\/08\/vitanje-2-315x420.jpg 315w, https:\/\/novice.si\/page\/wp-content\/uploads\/2023\/08\/vitanje-2-450x600.jpg 450w, https:\/\/novice.si\/page\/wp-content\/uploads\/2023\/08\/vitanje-2-768x1024.jpg 768w, https:\/\/novice.si\/page\/wp-content\/uploads\/2023\/08\/vitanje-2-1152x1536.jpg 1152w, https:\/\/novice.si\/page\/wp-content\/uploads\/2023\/08\/vitanje-2-696x928.jpg 696w, https:\/\/novice.si\/page\/wp-content\/uploads\/2023\/08\/vitanje-2-1068x1424.jpg 1068w, https:\/\/novice.si\/page\/wp-content\/uploads\/2023\/08\/vitanje-2-18x24.jpg 18w, https:\/\/novice.si\/page\/wp-content\/uploads\/2023\/08\/vitanje-2-27x36.jpg 27w, https:\/\/novice.si\/page\/wp-content\/uploads\/2023\/08\/vitanje-2-36x48.jpg 36w, https:\/\/novice.si\/page\/wp-content\/uploads\/2023\/08\/vitanje-2.jpg 1536w\" sizes=\"(max-width: 315px) 100vw, 315px\" alt=\"\">\r\n                            <\/a>\r\n                            \r\n                        <\/figure>\r\n                    <\/div>\r\n                    <div class = \"td-slide-item td-item3\">\r\n                        <figure class=\"td-slide-galery-figure td-slide-popup-gallery\">\r\n                            <a class=\"slide-gallery-image-link\" href=\"https:\/\/novice.si\/page\/wp-content\/uploads\/2023\/08\/vitanje-3.jpg\" title=\"vitanje 3\"  data-caption=\"\"  data-description=\"\" data-gallery>\r\n                                <img decoding=\"async\" src=\"https:\/\/novice.si\/page\/wp-content\/uploads\/2023\/08\/vitanje-3-315x420.jpg\" srcset=\"https:\/\/novice.si\/page\/wp-content\/uploads\/2023\/08\/vitanje-3-315x420.jpg 315w, https:\/\/novice.si\/page\/wp-content\/uploads\/2023\/08\/vitanje-3-450x600.jpg 450w, https:\/\/novice.si\/page\/wp-content\/uploads\/2023\/08\/vitanje-3-768x1024.jpg 768w, https:\/\/novice.si\/page\/wp-content\/uploads\/2023\/08\/vitanje-3-1152x1536.jpg 1152w, https:\/\/novice.si\/page\/wp-content\/uploads\/2023\/08\/vitanje-3-696x928.jpg 696w, https:\/\/novice.si\/page\/wp-content\/uploads\/2023\/08\/vitanje-3-1068x1424.jpg 1068w, https:\/\/novice.si\/page\/wp-content\/uploads\/2023\/08\/vitanje-3-18x24.jpg 18w, https:\/\/novice.si\/page\/wp-content\/uploads\/2023\/08\/vitanje-3-27x36.jpg 27w, https:\/\/novice.si\/page\/wp-content\/uploads\/2023\/08\/vitanje-3-36x48.jpg 36w, https:\/\/novice.si\/page\/wp-content\/uploads\/2023\/08\/vitanje-3.jpg 1536w\" sizes=\"(max-width: 315px) 100vw, 315px\" alt=\"\">\r\n                            <\/a>\r\n                            \r\n                        <\/figure>\r\n                    <\/div>\r\n                            <\/div>\r\n                        <\/div>\r\n\r\n                        <div class = \"td-doubleSlider-2\">\r\n                            <div class = \"td-slider\">\r\n                                \r\n                    <div class = \"td-button td-item1\">\r\n                        <div class = \"td-border\"><\/div>\r\n                    <\/div>\r\n                    <div class = \"td-button td-item2\">\r\n                        <div class = \"td-border\"><\/div>\r\n                    <\/div>\r\n                    <div class = \"td-button td-item3\">\r\n                        <div class = \"td-border\"><\/div>\r\n                    <\/div>\r\n                            <\/div>\r\n                        <\/div>\r\n\r\n                    <\/div>\r\n\r\n                <\/div>\r\n                \n<p>&nbsp;<\/p>\n<div><\/div>\n<div><\/div>\n<div><\/div>\n<div><\/div>\n<div><\/div>\n<div><\/div>\n<div><\/div>\n<div><\/div>\n<div><\/div>\n<div><\/div>\n","protected":false},"excerpt":{"rendered":"<p>Situacija v Celju se umirja Stanje na obmo\u010dju Celja je to jutro umirjeno. Savinja je navkljub no\u010dnemu de\u017eevju upadla za pribli\u017eno tri metre, nekoliko manj pa njen pritok Lo\u017enica. V\u010deraj so z najbolj ogro\u017eenih obmo\u010dij v ju\u017enem delu mesta evakuirali okoli 4000 prebivalcev, ki pa se bodo danes verjetno \u017ee lahko vrnili na domove, to [&hellip;]<\/p>\n","protected":false},"author":13,"featured_media":165895,"comment_status":"closed","ping_status":"closed","sticky":false,"template":"","format":"standard","meta":{"footnotes":""},"categories":[14,32,17,16,1],"tags":[],"class_list":{"0":"post-165893","1":"post","2":"type-post","3":"status-publish","4":"format-standard","5":"has-post-thumbnail","7":"category-aktualno","8":"category-bistrisko","9":"category-celjsko","10":"category-konjisko","11":"category-nekategorizirano"},"yoast_head":"<!-- This site is optimized with the Yoast SEO plugin v27.4 - https:\/\/yoast.com\/product\/yoast-seo-wordpress\/ -->\n<title>Vremenska ujma: Situacija po v\u010deraj\u0161nji katastrofi se po\u010dasi umirja (foto in video) - Novice.si<\/title>\n<meta name=\"robots\" content=\"index, follow, max-snippet:-1, max-image-preview:large, max-video-preview:-1\" \/>\n<link rel=\"canonical\" href=\"https:\/\/novice.si\/page\/situacija-po-vcerajsnji-katastrofi-se-pocasi-umirja\/\" \/>\n<meta property=\"og:locale\" content=\"sl_SI\" \/>\n<meta property=\"og:type\" content=\"article\" \/>\n<meta property=\"og:title\" content=\"Vremenska ujma: Situacija po v\u010deraj\u0161nji katastrofi se po\u010dasi umirja (foto in video) - Novice.si\" \/>\n<meta property=\"og:description\" content=\"Situacija v Celju se umirja Stanje na obmo\u010dju Celja je to jutro umirjeno. Savinja je navkljub no\u010dnemu de\u017eevju upadla za pribli\u017eno tri metre, nekoliko manj pa njen pritok Lo\u017enica. V\u010deraj so z najbolj ogro\u017eenih obmo\u010dij v ju\u017enem delu mesta evakuirali okoli 4000 prebivalcev, ki pa se bodo danes verjetno \u017ee lahko vrnili na domove, to [&hellip;]\" \/>\n<meta property=\"og:url\" content=\"https:\/\/novice.si\/page\/situacija-po-vcerajsnji-katastrofi-se-pocasi-umirja\/\" \/>\n<meta property=\"og:site_name\" content=\"Novice.si\" \/>\n<meta property=\"article:published_time\" content=\"2023-08-05T07:58:52+00:00\" \/>\n<meta property=\"article:modified_time\" content=\"2023-08-05T09:07:32+00:00\" \/>\n<meta property=\"og:image\" content=\"https:\/\/novice.si\/page\/wp-content\/uploads\/2023\/08\/celje-2.jpg\" \/>\n\t<meta property=\"og:image:width\" content=\"1600\" \/>\n\t<meta property=\"og:image:height\" content=\"1200\" \/>\n\t<meta property=\"og:image:type\" content=\"image\/jpeg\" \/>\n<meta name=\"author\" content=\"Uredni\u0161tvo Novic\" \/>\n<meta name=\"twitter:card\" content=\"summary_large_image\" \/>\n<meta name=\"twitter:label1\" content=\"Written by\" \/>\n\t<meta name=\"twitter:data1\" content=\"Uredni\u0161tvo Novic\" \/>\n\t<meta name=\"twitter:label2\" content=\"Est. reading time\" \/>\n\t<meta name=\"twitter:data2\" content=\"7 minut\" \/>\n<script type=\"application\/ld+json\" class=\"yoast-schema-graph\">{\"@context\":\"https:\\\/\\\/schema.org\",\"@graph\":[{\"@type\":\"Article\",\"@id\":\"https:\\\/\\\/novice.si\\\/page\\\/situacija-po-vcerajsnji-katastrofi-se-pocasi-umirja\\\/#article\",\"isPartOf\":{\"@id\":\"https:\\\/\\\/novice.si\\\/page\\\/situacija-po-vcerajsnji-katastrofi-se-pocasi-umirja\\\/\"},\"author\":{\"name\":\"Uredni\u0161tvo Novic\",\"@id\":\"https:\\\/\\\/novice.si\\\/page\\\/#\\\/schema\\\/person\\\/8eec8929580e8366a3f3d087c9226230\"},\"headline\":\"Vremenska ujma: Situacija po v\u010deraj\u0161nji katastrofi se po\u010dasi umirja (foto in video)\",\"datePublished\":\"2023-08-05T07:58:52+00:00\",\"dateModified\":\"2023-08-05T09:07:32+00:00\",\"mainEntityOfPage\":{\"@id\":\"https:\\\/\\\/novice.si\\\/page\\\/situacija-po-vcerajsnji-katastrofi-se-pocasi-umirja\\\/\"},\"wordCount\":1328,\"publisher\":{\"@id\":\"https:\\\/\\\/novice.si\\\/page\\\/#organization\"},\"image\":{\"@id\":\"https:\\\/\\\/novice.si\\\/page\\\/situacija-po-vcerajsnji-katastrofi-se-pocasi-umirja\\\/#primaryimage\"},\"thumbnailUrl\":\"https:\\\/\\\/novice.si\\\/page\\\/wp-content\\\/uploads\\\/2023\\\/08\\\/celje-2.jpg\",\"articleSection\":[\"Aktualno\",\"Bistri\u0161ko\",\"Celjsko\",\"Konji\u0161ko\",\"Nerazvr\u0161\u010deno\"],\"inLanguage\":\"sl-SI\"},{\"@type\":\"WebPage\",\"@id\":\"https:\\\/\\\/novice.si\\\/page\\\/situacija-po-vcerajsnji-katastrofi-se-pocasi-umirja\\\/\",\"url\":\"https:\\\/\\\/novice.si\\\/page\\\/situacija-po-vcerajsnji-katastrofi-se-pocasi-umirja\\\/\",\"name\":\"Vremenska ujma: Situacija po v\u010deraj\u0161nji katastrofi se po\u010dasi umirja (foto in video) - Novice.si\",\"isPartOf\":{\"@id\":\"https:\\\/\\\/novice.si\\\/page\\\/#website\"},\"primaryImageOfPage\":{\"@id\":\"https:\\\/\\\/novice.si\\\/page\\\/situacija-po-vcerajsnji-katastrofi-se-pocasi-umirja\\\/#primaryimage\"},\"image\":{\"@id\":\"https:\\\/\\\/novice.si\\\/page\\\/situacija-po-vcerajsnji-katastrofi-se-pocasi-umirja\\\/#primaryimage\"},\"thumbnailUrl\":\"https:\\\/\\\/novice.si\\\/page\\\/wp-content\\\/uploads\\\/2023\\\/08\\\/celje-2.jpg\",\"datePublished\":\"2023-08-05T07:58:52+00:00\",\"dateModified\":\"2023-08-05T09:07:32+00:00\",\"breadcrumb\":{\"@id\":\"https:\\\/\\\/novice.si\\\/page\\\/situacija-po-vcerajsnji-katastrofi-se-pocasi-umirja\\\/#breadcrumb\"},\"inLanguage\":\"sl-SI\",\"potentialAction\":[{\"@type\":\"ReadAction\",\"target\":[\"https:\\\/\\\/novice.si\\\/page\\\/situacija-po-vcerajsnji-katastrofi-se-pocasi-umirja\\\/\"]}]},{\"@type\":\"ImageObject\",\"inLanguage\":\"sl-SI\",\"@id\":\"https:\\\/\\\/novice.si\\\/page\\\/situacija-po-vcerajsnji-katastrofi-se-pocasi-umirja\\\/#primaryimage\",\"url\":\"https:\\\/\\\/novice.si\\\/page\\\/wp-content\\\/uploads\\\/2023\\\/08\\\/celje-2.jpg\",\"contentUrl\":\"https:\\\/\\\/novice.si\\\/page\\\/wp-content\\\/uploads\\\/2023\\\/08\\\/celje-2.jpg\",\"width\":1600,\"height\":1200},{\"@type\":\"BreadcrumbList\",\"@id\":\"https:\\\/\\\/novice.si\\\/page\\\/situacija-po-vcerajsnji-katastrofi-se-pocasi-umirja\\\/#breadcrumb\",\"itemListElement\":[{\"@type\":\"ListItem\",\"position\":1,\"name\":\"Home\",\"item\":\"https:\\\/\\\/novice.si\\\/page\\\/\"},{\"@type\":\"ListItem\",\"position\":2,\"name\":\"Vremenska ujma: Situacija po v\u010deraj\u0161nji katastrofi se po\u010dasi umirja (foto in video)\"}]},{\"@type\":\"WebSite\",\"@id\":\"https:\\\/\\\/novice.si\\\/page\\\/#website\",\"url\":\"https:\\\/\\\/novice.si\\\/page\\\/\",\"name\":\"Novice.si\",\"description\":\"\",\"publisher\":{\"@id\":\"https:\\\/\\\/novice.si\\\/page\\\/#organization\"},\"potentialAction\":[{\"@type\":\"SearchAction\",\"target\":{\"@type\":\"EntryPoint\",\"urlTemplate\":\"https:\\\/\\\/novice.si\\\/page\\\/?s={search_term_string}\"},\"query-input\":{\"@type\":\"PropertyValueSpecification\",\"valueRequired\":true,\"valueName\":\"search_term_string\"}}],\"inLanguage\":\"sl-SI\"},{\"@type\":\"Organization\",\"@id\":\"https:\\\/\\\/novice.si\\\/page\\\/#organization\",\"name\":\"Novice.si\",\"url\":\"https:\\\/\\\/novice.si\\\/page\\\/\",\"logo\":{\"@type\":\"ImageObject\",\"inLanguage\":\"sl-SI\",\"@id\":\"https:\\\/\\\/novice.si\\\/page\\\/#\\\/schema\\\/logo\\\/image\\\/\",\"url\":\"https:\\\/\\\/novice.si\\\/page\\\/wp-content\\\/uploads\\\/2023\\\/03\\\/novice_si.png\",\"contentUrl\":\"https:\\\/\\\/novice.si\\\/page\\\/wp-content\\\/uploads\\\/2023\\\/03\\\/novice_si.png\",\"width\":576,\"height\":200,\"caption\":\"Novice.si\"},\"image\":{\"@id\":\"https:\\\/\\\/novice.si\\\/page\\\/#\\\/schema\\\/logo\\\/image\\\/\"}},{\"@type\":\"Person\",\"@id\":\"https:\\\/\\\/novice.si\\\/page\\\/#\\\/schema\\\/person\\\/8eec8929580e8366a3f3d087c9226230\",\"name\":\"Uredni\u0161tvo Novic\",\"image\":{\"@type\":\"ImageObject\",\"inLanguage\":\"sl-SI\",\"@id\":\"https:\\\/\\\/secure.gravatar.com\\\/avatar\\\/7fb0cf2a4c0d8a98851a9fe960bd1d0e9f2248a000534ab13a57640063f53b5a?s=96&d=mm&r=g\",\"url\":\"https:\\\/\\\/secure.gravatar.com\\\/avatar\\\/7fb0cf2a4c0d8a98851a9fe960bd1d0e9f2248a000534ab13a57640063f53b5a?s=96&d=mm&r=g\",\"contentUrl\":\"https:\\\/\\\/secure.gravatar.com\\\/avatar\\\/7fb0cf2a4c0d8a98851a9fe960bd1d0e9f2248a000534ab13a57640063f53b5a?s=96&d=mm&r=g\",\"caption\":\"Uredni\u0161tvo Novic\"},\"url\":\"https:\\\/\\\/novice.si\\\/page\\\/author\\\/ales\\\/\"}]}<\/script>\n<!-- \/ Yoast SEO plugin. -->","yoast_head_json":{"title":"Vremenska ujma: Situacija po v\u010deraj\u0161nji katastrofi se po\u010dasi umirja (foto in video) - Novice.si","robots":{"index":"index","follow":"follow","max-snippet":"max-snippet:-1","max-image-preview":"max-image-preview:large","max-video-preview":"max-video-preview:-1"},"canonical":"https:\/\/novice.si\/page\/situacija-po-vcerajsnji-katastrofi-se-pocasi-umirja\/","og_locale":"sl_SI","og_type":"article","og_title":"Vremenska ujma: Situacija po v\u010deraj\u0161nji katastrofi se po\u010dasi umirja (foto in video) - Novice.si","og_description":"Situacija v Celju se umirja Stanje na obmo\u010dju Celja je to jutro umirjeno. Savinja je navkljub no\u010dnemu de\u017eevju upadla za pribli\u017eno tri metre, nekoliko manj pa njen pritok Lo\u017enica. V\u010deraj so z najbolj ogro\u017eenih obmo\u010dij v ju\u017enem delu mesta evakuirali okoli 4000 prebivalcev, ki pa se bodo danes verjetno \u017ee lahko vrnili na domove, to [&hellip;]","og_url":"https:\/\/novice.si\/page\/situacija-po-vcerajsnji-katastrofi-se-pocasi-umirja\/","og_site_name":"Novice.si","article_published_time":"2023-08-05T07:58:52+00:00","article_modified_time":"2023-08-05T09:07:32+00:00","og_image":[{"width":1600,"height":1200,"url":"https:\/\/novice.si\/page\/wp-content\/uploads\/2023\/08\/celje-2.jpg","type":"image\/jpeg"}],"author":"Uredni\u0161tvo Novic","twitter_card":"summary_large_image","twitter_misc":{"Written by":"Uredni\u0161tvo Novic","Est. reading time":"7 minut"},"schema":{"@context":"https:\/\/schema.org","@graph":[{"@type":"Article","@id":"https:\/\/novice.si\/page\/situacija-po-vcerajsnji-katastrofi-se-pocasi-umirja\/#article","isPartOf":{"@id":"https:\/\/novice.si\/page\/situacija-po-vcerajsnji-katastrofi-se-pocasi-umirja\/"},"author":{"name":"Uredni\u0161tvo Novic","@id":"https:\/\/novice.si\/page\/#\/schema\/person\/8eec8929580e8366a3f3d087c9226230"},"headline":"Vremenska ujma: Situacija po v\u010deraj\u0161nji katastrofi se po\u010dasi umirja (foto in video)","datePublished":"2023-08-05T07:58:52+00:00","dateModified":"2023-08-05T09:07:32+00:00","mainEntityOfPage":{"@id":"https:\/\/novice.si\/page\/situacija-po-vcerajsnji-katastrofi-se-pocasi-umirja\/"},"wordCount":1328,"publisher":{"@id":"https:\/\/novice.si\/page\/#organization"},"image":{"@id":"https:\/\/novice.si\/page\/situacija-po-vcerajsnji-katastrofi-se-pocasi-umirja\/#primaryimage"},"thumbnailUrl":"https:\/\/novice.si\/page\/wp-content\/uploads\/2023\/08\/celje-2.jpg","articleSection":["Aktualno","Bistri\u0161ko","Celjsko","Konji\u0161ko","Nerazvr\u0161\u010deno"],"inLanguage":"sl-SI"},{"@type":"WebPage","@id":"https:\/\/novice.si\/page\/situacija-po-vcerajsnji-katastrofi-se-pocasi-umirja\/","url":"https:\/\/novice.si\/page\/situacija-po-vcerajsnji-katastrofi-se-pocasi-umirja\/","name":"Vremenska ujma: Situacija po v\u010deraj\u0161nji katastrofi se po\u010dasi umirja (foto in video) - Novice.si","isPartOf":{"@id":"https:\/\/novice.si\/page\/#website"},"primaryImageOfPage":{"@id":"https:\/\/novice.si\/page\/situacija-po-vcerajsnji-katastrofi-se-pocasi-umirja\/#primaryimage"},"image":{"@id":"https:\/\/novice.si\/page\/situacija-po-vcerajsnji-katastrofi-se-pocasi-umirja\/#primaryimage"},"thumbnailUrl":"https:\/\/novice.si\/page\/wp-content\/uploads\/2023\/08\/celje-2.jpg","datePublished":"2023-08-05T07:58:52+00:00","dateModified":"2023-08-05T09:07:32+00:00","breadcrumb":{"@id":"https:\/\/novice.si\/page\/situacija-po-vcerajsnji-katastrofi-se-pocasi-umirja\/#breadcrumb"},"inLanguage":"sl-SI","potentialAction":[{"@type":"ReadAction","target":["https:\/\/novice.si\/page\/situacija-po-vcerajsnji-katastrofi-se-pocasi-umirja\/"]}]},{"@type":"ImageObject","inLanguage":"sl-SI","@id":"https:\/\/novice.si\/page\/situacija-po-vcerajsnji-katastrofi-se-pocasi-umirja\/#primaryimage","url":"https:\/\/novice.si\/page\/wp-content\/uploads\/2023\/08\/celje-2.jpg","contentUrl":"https:\/\/novice.si\/page\/wp-content\/uploads\/2023\/08\/celje-2.jpg","width":1600,"height":1200},{"@type":"BreadcrumbList","@id":"https:\/\/novice.si\/page\/situacija-po-vcerajsnji-katastrofi-se-pocasi-umirja\/#breadcrumb","itemListElement":[{"@type":"ListItem","position":1,"name":"Home","item":"https:\/\/novice.si\/page\/"},{"@type":"ListItem","position":2,"name":"Vremenska ujma: Situacija po v\u010deraj\u0161nji katastrofi se po\u010dasi umirja (foto in video)"}]},{"@type":"WebSite","@id":"https:\/\/novice.si\/page\/#website","url":"https:\/\/novice.si\/page\/","name":"Novice.si","description":"","publisher":{"@id":"https:\/\/novice.si\/page\/#organization"},"potentialAction":[{"@type":"SearchAction","target":{"@type":"EntryPoint","urlTemplate":"https:\/\/novice.si\/page\/?s={search_term_string}"},"query-input":{"@type":"PropertyValueSpecification","valueRequired":true,"valueName":"search_term_string"}}],"inLanguage":"sl-SI"},{"@type":"Organization","@id":"https:\/\/novice.si\/page\/#organization","name":"Novice.si","url":"https:\/\/novice.si\/page\/","logo":{"@type":"ImageObject","inLanguage":"sl-SI","@id":"https:\/\/novice.si\/page\/#\/schema\/logo\/image\/","url":"https:\/\/novice.si\/page\/wp-content\/uploads\/2023\/03\/novice_si.png","contentUrl":"https:\/\/novice.si\/page\/wp-content\/uploads\/2023\/03\/novice_si.png","width":576,"height":200,"caption":"Novice.si"},"image":{"@id":"https:\/\/novice.si\/page\/#\/schema\/logo\/image\/"}},{"@type":"Person","@id":"https:\/\/novice.si\/page\/#\/schema\/person\/8eec8929580e8366a3f3d087c9226230","name":"Uredni\u0161tvo Novic","image":{"@type":"ImageObject","inLanguage":"sl-SI","@id":"https:\/\/secure.gravatar.com\/avatar\/7fb0cf2a4c0d8a98851a9fe960bd1d0e9f2248a000534ab13a57640063f53b5a?s=96&d=mm&r=g","url":"https:\/\/secure.gravatar.com\/avatar\/7fb0cf2a4c0d8a98851a9fe960bd1d0e9f2248a000534ab13a57640063f53b5a?s=96&d=mm&r=g","contentUrl":"https:\/\/secure.gravatar.com\/avatar\/7fb0cf2a4c0d8a98851a9fe960bd1d0e9f2248a000534ab13a57640063f53b5a?s=96&d=mm&r=g","caption":"Uredni\u0161tvo Novic"},"url":"https:\/\/novice.si\/page\/author\/ales\/"}]}},"_links":{"self":[{"href":"https:\/\/novice.si\/page\/wp-json\/wp\/v2\/posts\/165893","targetHints":{"allow":["GET"]}}],"collection":[{"href":"https:\/\/novice.si\/page\/wp-json\/wp\/v2\/posts"}],"about":[{"href":"https:\/\/novice.si\/page\/wp-json\/wp\/v2\/types\/post"}],"author":[{"embeddable":true,"href":"https:\/\/novice.si\/page\/wp-json\/wp\/v2\/users\/13"}],"replies":[{"embeddable":true,"href":"https:\/\/novice.si\/page\/wp-json\/wp\/v2\/comments?post=165893"}],"version-history":[{"count":11,"href":"https:\/\/novice.si\/page\/wp-json\/wp\/v2\/posts\/165893\/revisions"}],"predecessor-version":[{"id":165915,"href":"https:\/\/novice.si\/page\/wp-json\/wp\/v2\/posts\/165893\/revisions\/165915"}],"wp:featuredmedia":[{"embeddable":true,"href":"https:\/\/novice.si\/page\/wp-json\/wp\/v2\/media\/165895"}],"wp:attachment":[{"href":"https:\/\/novice.si\/page\/wp-json\/wp\/v2\/media?parent=165893"}],"wp:term":[{"taxonomy":"category","embeddable":true,"href":"https:\/\/novice.si\/page\/wp-json\/wp\/v2\/categories?post=165893"},{"taxonomy":"post_tag","embeddable":true,"href":"https:\/\/novice.si\/page\/wp-json\/wp\/v2\/tags?post=165893"}],"curies":[{"name":"wp","href":"https:\/\/api.w.org\/{rel}","templated":true}]}}