{"id":165888,"date":"2023-08-04T21:57:23","date_gmt":"2023-08-04T19:57:23","guid":{"rendered":"https:\/\/novice.si\/page\/?p=165888"},"modified":"2023-08-04T21:59:57","modified_gmt":"2023-08-04T19:59:57","slug":"celje-stanje-je-resno-se-pa-stvari-umirjajo","status":"publish","type":"post","link":"https:\/\/novice.si\/page\/celje-stanje-je-resno-se-pa-stvari-umirjajo\/","title":{"rendered":"Celje: Stanje je resno, se pa stvari umirjajo"},"content":{"rendered":"<p><em>Objavljeno (21:59)<\/em><\/p>\n<p>Razmere v Celju so potem, ko je ves dan grozilo razlitje Savinje, zdaj pod nadzorom. Ta je zaradi vala, ki je prihajal iz Zgornje in Spodnje Savinjske doline, prestopila bregove na celotni trasi skozi Celje, ogro\u017een pa je bil zgolj ju\u017eni del mesta od \u0160pice in Lisc preko Trubarjeve in Malgajeve ulice do Brega in Polul, od koder je bila tudi odrejena evakuacija. Na varno so spravili ve\u010d kot 4000 prebivalcev, izpraznjena stanovanja in hi\u0161e zdaj varuje policija, da ne bi prihajalo do vlomov.<\/p>\n<p>Savinja in Lo\u017enica navkljub de\u017eevju, ki se je okrepilo, vsaj ne nara\u0161\u010data ve\u010d, vendar padavine upo\u010dasnjujejo njuno upadanje, tako naj bi ostalo tudi preko no\u010di, ki bo po napovedih sicer te\u017eka, ne pa kriti\u010dna.<\/p>\n<p>Na celjskih cestah in ulicah ni vode, mostovi \u010dez Savinjo pa so v Celju, \u017dalcu in La\u0161kem zaprti, kajti visok vodostaj in naplavine jih \u0161e ogro\u017eajo. Zaprta je tudi \u017eelezni\u0161ka povezava iz Celja proti Zidanem mostu.<\/p>\n<p>Pretok Savinje v spodnjem toku se je ustalil pri okoli 1500 m3\/s.<br \/>\nDravinja nara\u0161\u010da.<\/p>\n<p>Ukrep prekuhavanja vode v ob\u010dinah Celje, Vojnik in \u0160tore, velja do preklica (ena do tri minute vretja).<\/p>\n<p>Vsi mostovi \u010dez Savinjo so zaprti.<\/p>\n<p>Na evakuiranih obmo\u010djih v Celju so izklopljeni elektrika in plin.<\/p>\n<p>Splo\u0161na bolni\u0161nica Celje znova prosi, da urgentni center obi\u0161\u010dejo le osebe, ki nujno potrebujejo pomo\u010d.<\/p>\n<p>Klicni center za pomo\u010d ob\u010danom v Celju je dosegljiv na \u0161tevilki 03 428 09 00 in na e-naslovu civilna.zascita@celje.si, v nujnih primerih pa ostaja enotna \u0161tevilka 112.<\/p>\n<p>Policijske patrulje bodo pono\u010di tudi na nabre\u017ejih Savinje, tako da ob\u010danke in ob\u010dane ponovno pozivajo, da se ne pribli\u017eujejo vodotokom in naj ne hodijo v evakuirana podro\u010dja.<\/p>\n<p><strong>PROMET:<\/strong><\/p>\n<p>\u0160tajerska avtocesta je zaprta med \u017dalcem in \u0160entrupertom proti Ljubljani ter med \u0160entrupertom in \u0160empetrom proti Mariboru. Zaprta sta tudi uvoz Blagovica in uvoz Vransko proti Mariboru. Zastoj je nastal od Lukovice do Vranskega proti Mariboru ter na vseh vzporednih cestah, poro\u010da prometnoinformacijski center.<\/p>\n<p>Pri Trojanah in Podmilju poteka re\u0161evanje ujetih, ki jih preusmerjajo nazaj proti Ljubljani. Predor Trojane zaradi ujetih vozil ob\u010dasno zapirajo, prav tako je na Trojanah zaprt uvoz v smeri Maribora.<\/p>\n<p>Vozniki, ki so namenjeni iz Ljubljane proti Mariboru, naj se preusmerijo proti Dolenjski ter po cesti Kr\u0161ko-Kozje-\u0160entjur-Dramlje ali preko Zagreba proti Gru\u0161kovju in Ptuju ter obratno iz Maribora proti Ljubljani, svetujejo<\/p>\n<p>&nbsp;<\/p>\n<p><strong>Preberite tudi:<\/strong><\/p>\n<blockquote class=\"wp-embedded-content\" data-secret=\"E9cSkjCfVT\"><p><a href=\"https:\/\/novice.si\/page\/alarmantno-na-stajerskem-neurje-foto-in-video\/\">Alarmantno na \u0160tajerskem &#8211; neurje (foto in video)<\/a><\/p><\/blockquote>\n<p><iframe loading=\"lazy\" class=\"wp-embedded-content\" sandbox=\"allow-scripts\" security=\"restricted\" style=\"position: absolute; clip: rect(1px, 1px, 1px, 1px);\" title=\"&#8220;Alarmantno na \u0160tajerskem &#8211; neurje (foto in video)&#8221; &#8212; Novice.si\" src=\"https:\/\/novice.si\/page\/alarmantno-na-stajerskem-neurje-foto-in-video\/embed\/#?secret=dRzpTB9CMt#?secret=E9cSkjCfVT\" data-secret=\"E9cSkjCfVT\" width=\"600\" height=\"338\" frameborder=\"0\" marginwidth=\"0\" marginheight=\"0\" scrolling=\"no\"><\/iframe><\/p>\n<blockquote class=\"wp-embedded-content\" data-secret=\"s6bFCMbHpN\"><p><a href=\"https:\/\/novice.si\/page\/kako-ravnamo-ob-poplavi\/\">Kako ravnamo ob poplavi?<\/a><\/p><\/blockquote>\n<p><iframe loading=\"lazy\" class=\"wp-embedded-content\" sandbox=\"allow-scripts\" security=\"restricted\" style=\"position: absolute; clip: rect(1px, 1px, 1px, 1px);\" title=\"&#8220;Kako ravnamo ob poplavi?&#8221; &#8212; Novice.si\" src=\"https:\/\/novice.si\/page\/kako-ravnamo-ob-poplavi\/embed\/#?secret=pIJuD2fDJL#?secret=s6bFCMbHpN\" data-secret=\"s6bFCMbHpN\" width=\"600\" height=\"338\" frameborder=\"0\" marginwidth=\"0\" marginheight=\"0\" scrolling=\"no\"><\/iframe><\/p>\n<blockquote class=\"wp-embedded-content\" data-secret=\"a3DFY3d85b\"><p><a href=\"https:\/\/novice.si\/page\/kako-pravilno-prekuhavamo-dezinfekciramo-vodo\/\">Kako pravilno dezinfekciramo vodo? Nujno za Celje, \u0160tore, Vojnik &#8230;<\/a><\/p><\/blockquote>\n<p><iframe loading=\"lazy\" class=\"wp-embedded-content\" sandbox=\"allow-scripts\" security=\"restricted\" style=\"position: absolute; clip: rect(1px, 1px, 1px, 1px);\" title=\"&#8220;Kako pravilno dezinfekciramo vodo? Nujno za Celje, \u0160tore, Vojnik &#8230;&#8221; &#8212; Novice.si\" src=\"https:\/\/novice.si\/page\/kako-pravilno-prekuhavamo-dezinfekciramo-vodo\/embed\/#?secret=RemS7TaxQR#?secret=a3DFY3d85b\" data-secret=\"a3DFY3d85b\" width=\"600\" height=\"338\" frameborder=\"0\" marginwidth=\"0\" marginheight=\"0\" scrolling=\"no\"><\/iframe><\/p>\n","protected":false},"excerpt":{"rendered":"<p>Objavljeno (21:59) Razmere v Celju so potem, ko je ves dan grozilo razlitje Savinje, zdaj pod nadzorom. Ta je zaradi vala, ki je prihajal iz Zgornje in Spodnje Savinjske doline, prestopila bregove na celotni trasi skozi Celje, ogro\u017een pa je bil zgolj ju\u017eni del mesta od \u0160pice in Lisc preko Trubarjeve in Malgajeve ulice do [&hellip;]<\/p>\n","protected":false},"author":12,"featured_media":165732,"comment_status":"closed","ping_status":"closed","sticky":false,"template":"","format":"standard","meta":{"footnotes":""},"categories":[14,17],"tags":[22,619],"class_list":{"0":"post-165888","1":"post","2":"type-post","3":"status-publish","4":"format-standard","5":"has-post-thumbnail","7":"category-aktualno","8":"category-celjsko","9":"tag-celje","10":"tag-poplave"},"yoast_head":"<!-- This site is optimized with the Yoast SEO plugin v27.4 - https:\/\/yoast.com\/product\/yoast-seo-wordpress\/ -->\n<title>Celje: Stanje je resno, se pa stvari umirjajo - Novice.si<\/title>\n<meta name=\"robots\" content=\"index, follow, max-snippet:-1, max-image-preview:large, max-video-preview:-1\" \/>\n<link rel=\"canonical\" href=\"https:\/\/novice.si\/page\/celje-stanje-je-resno-se-pa-stvari-umirjajo\/\" \/>\n<meta property=\"og:locale\" content=\"sl_SI\" \/>\n<meta property=\"og:type\" content=\"article\" \/>\n<meta property=\"og:title\" content=\"Celje: Stanje je resno, se pa stvari umirjajo - Novice.si\" \/>\n<meta property=\"og:description\" content=\"Objavljeno (21:59) Razmere v Celju so potem, ko je ves dan grozilo razlitje Savinje, zdaj pod nadzorom. Ta je zaradi vala, ki je prihajal iz Zgornje in Spodnje Savinjske doline, prestopila bregove na celotni trasi skozi Celje, ogro\u017een pa je bil zgolj ju\u017eni del mesta od \u0160pice in Lisc preko Trubarjeve in Malgajeve ulice do [&hellip;]\" \/>\n<meta property=\"og:url\" content=\"https:\/\/novice.si\/page\/celje-stanje-je-resno-se-pa-stvari-umirjajo\/\" \/>\n<meta property=\"og:site_name\" content=\"Novice.si\" \/>\n<meta property=\"article:published_time\" content=\"2023-08-04T19:57:23+00:00\" \/>\n<meta property=\"article:modified_time\" content=\"2023-08-04T19:59:57+00:00\" \/>\n<meta property=\"og:image\" content=\"https:\/\/novice.si\/page\/wp-content\/uploads\/2023\/08\/Celje-5-Medium.jpg\" \/>\n\t<meta property=\"og:image:width\" content=\"1024\" \/>\n\t<meta property=\"og:image:height\" content=\"768\" \/>\n\t<meta property=\"og:image:type\" content=\"image\/jpeg\" \/>\n<meta name=\"author\" content=\"Uredni\u0161tvo Celjana\" \/>\n<meta name=\"twitter:card\" content=\"summary_large_image\" \/>\n<meta name=\"twitter:label1\" content=\"Written by\" \/>\n\t<meta name=\"twitter:data1\" content=\"Uredni\u0161tvo Celjana\" \/>\n\t<meta name=\"twitter:label2\" content=\"Est. reading time\" \/>\n\t<meta name=\"twitter:data2\" content=\"2 minuti\" \/>\n<script type=\"application\/ld+json\" class=\"yoast-schema-graph\">{\"@context\":\"https:\\\/\\\/schema.org\",\"@graph\":[{\"@type\":\"Article\",\"@id\":\"https:\\\/\\\/novice.si\\\/page\\\/celje-stanje-je-resno-se-pa-stvari-umirjajo\\\/#article\",\"isPartOf\":{\"@id\":\"https:\\\/\\\/novice.si\\\/page\\\/celje-stanje-je-resno-se-pa-stvari-umirjajo\\\/\"},\"author\":{\"name\":\"Uredni\u0161tvo Celjana\",\"@id\":\"https:\\\/\\\/novice.si\\\/page\\\/#\\\/schema\\\/person\\\/51903923b50fefb075bc1cd24fe4d065\"},\"headline\":\"Celje: Stanje je resno, se pa stvari umirjajo\",\"datePublished\":\"2023-08-04T19:57:23+00:00\",\"dateModified\":\"2023-08-04T19:59:57+00:00\",\"mainEntityOfPage\":{\"@id\":\"https:\\\/\\\/novice.si\\\/page\\\/celje-stanje-je-resno-se-pa-stvari-umirjajo\\\/\"},\"wordCount\":438,\"publisher\":{\"@id\":\"https:\\\/\\\/novice.si\\\/page\\\/#organization\"},\"image\":{\"@id\":\"https:\\\/\\\/novice.si\\\/page\\\/celje-stanje-je-resno-se-pa-stvari-umirjajo\\\/#primaryimage\"},\"thumbnailUrl\":\"https:\\\/\\\/novice.si\\\/page\\\/wp-content\\\/uploads\\\/2023\\\/08\\\/Celje-5-Medium.jpg\",\"keywords\":[\"Celje\",\"poplave\"],\"articleSection\":[\"Aktualno\",\"Celjsko\"],\"inLanguage\":\"sl-SI\"},{\"@type\":\"WebPage\",\"@id\":\"https:\\\/\\\/novice.si\\\/page\\\/celje-stanje-je-resno-se-pa-stvari-umirjajo\\\/\",\"url\":\"https:\\\/\\\/novice.si\\\/page\\\/celje-stanje-je-resno-se-pa-stvari-umirjajo\\\/\",\"name\":\"Celje: Stanje je resno, se pa stvari umirjajo - Novice.si\",\"isPartOf\":{\"@id\":\"https:\\\/\\\/novice.si\\\/page\\\/#website\"},\"primaryImageOfPage\":{\"@id\":\"https:\\\/\\\/novice.si\\\/page\\\/celje-stanje-je-resno-se-pa-stvari-umirjajo\\\/#primaryimage\"},\"image\":{\"@id\":\"https:\\\/\\\/novice.si\\\/page\\\/celje-stanje-je-resno-se-pa-stvari-umirjajo\\\/#primaryimage\"},\"thumbnailUrl\":\"https:\\\/\\\/novice.si\\\/page\\\/wp-content\\\/uploads\\\/2023\\\/08\\\/Celje-5-Medium.jpg\",\"datePublished\":\"2023-08-04T19:57:23+00:00\",\"dateModified\":\"2023-08-04T19:59:57+00:00\",\"breadcrumb\":{\"@id\":\"https:\\\/\\\/novice.si\\\/page\\\/celje-stanje-je-resno-se-pa-stvari-umirjajo\\\/#breadcrumb\"},\"inLanguage\":\"sl-SI\",\"potentialAction\":[{\"@type\":\"ReadAction\",\"target\":[\"https:\\\/\\\/novice.si\\\/page\\\/celje-stanje-je-resno-se-pa-stvari-umirjajo\\\/\"]}]},{\"@type\":\"ImageObject\",\"inLanguage\":\"sl-SI\",\"@id\":\"https:\\\/\\\/novice.si\\\/page\\\/celje-stanje-je-resno-se-pa-stvari-umirjajo\\\/#primaryimage\",\"url\":\"https:\\\/\\\/novice.si\\\/page\\\/wp-content\\\/uploads\\\/2023\\\/08\\\/Celje-5-Medium.jpg\",\"contentUrl\":\"https:\\\/\\\/novice.si\\\/page\\\/wp-content\\\/uploads\\\/2023\\\/08\\\/Celje-5-Medium.jpg\",\"width\":1024,\"height\":768},{\"@type\":\"BreadcrumbList\",\"@id\":\"https:\\\/\\\/novice.si\\\/page\\\/celje-stanje-je-resno-se-pa-stvari-umirjajo\\\/#breadcrumb\",\"itemListElement\":[{\"@type\":\"ListItem\",\"position\":1,\"name\":\"Home\",\"item\":\"https:\\\/\\\/novice.si\\\/page\\\/\"},{\"@type\":\"ListItem\",\"position\":2,\"name\":\"Celje: Stanje je resno, se pa stvari umirjajo\"}]},{\"@type\":\"WebSite\",\"@id\":\"https:\\\/\\\/novice.si\\\/page\\\/#website\",\"url\":\"https:\\\/\\\/novice.si\\\/page\\\/\",\"name\":\"Novice.si\",\"description\":\"\",\"publisher\":{\"@id\":\"https:\\\/\\\/novice.si\\\/page\\\/#organization\"},\"potentialAction\":[{\"@type\":\"SearchAction\",\"target\":{\"@type\":\"EntryPoint\",\"urlTemplate\":\"https:\\\/\\\/novice.si\\\/page\\\/?s={search_term_string}\"},\"query-input\":{\"@type\":\"PropertyValueSpecification\",\"valueRequired\":true,\"valueName\":\"search_term_string\"}}],\"inLanguage\":\"sl-SI\"},{\"@type\":\"Organization\",\"@id\":\"https:\\\/\\\/novice.si\\\/page\\\/#organization\",\"name\":\"Novice.si\",\"url\":\"https:\\\/\\\/novice.si\\\/page\\\/\",\"logo\":{\"@type\":\"ImageObject\",\"inLanguage\":\"sl-SI\",\"@id\":\"https:\\\/\\\/novice.si\\\/page\\\/#\\\/schema\\\/logo\\\/image\\\/\",\"url\":\"https:\\\/\\\/novice.si\\\/page\\\/wp-content\\\/uploads\\\/2023\\\/03\\\/novice_si.png\",\"contentUrl\":\"https:\\\/\\\/novice.si\\\/page\\\/wp-content\\\/uploads\\\/2023\\\/03\\\/novice_si.png\",\"width\":576,\"height\":200,\"caption\":\"Novice.si\"},\"image\":{\"@id\":\"https:\\\/\\\/novice.si\\\/page\\\/#\\\/schema\\\/logo\\\/image\\\/\"}},{\"@type\":\"Person\",\"@id\":\"https:\\\/\\\/novice.si\\\/page\\\/#\\\/schema\\\/person\\\/51903923b50fefb075bc1cd24fe4d065\",\"name\":\"Uredni\u0161tvo Celjana\",\"image\":{\"@type\":\"ImageObject\",\"inLanguage\":\"sl-SI\",\"@id\":\"https:\\\/\\\/secure.gravatar.com\\\/avatar\\\/b516f102aa90b53619e09722b8ea56721c99bfcb4f1035f9b333d99f52330226?s=96&d=mm&r=g\",\"url\":\"https:\\\/\\\/secure.gravatar.com\\\/avatar\\\/b516f102aa90b53619e09722b8ea56721c99bfcb4f1035f9b333d99f52330226?s=96&d=mm&r=g\",\"contentUrl\":\"https:\\\/\\\/secure.gravatar.com\\\/avatar\\\/b516f102aa90b53619e09722b8ea56721c99bfcb4f1035f9b333d99f52330226?s=96&d=mm&r=g\",\"caption\":\"Uredni\u0161tvo Celjana\"},\"url\":\"https:\\\/\\\/novice.si\\\/page\\\/author\\\/nejc\\\/\"}]}<\/script>\n<!-- \/ Yoast SEO plugin. -->","yoast_head_json":{"title":"Celje: Stanje je resno, se pa stvari umirjajo - Novice.si","robots":{"index":"index","follow":"follow","max-snippet":"max-snippet:-1","max-image-preview":"max-image-preview:large","max-video-preview":"max-video-preview:-1"},"canonical":"https:\/\/novice.si\/page\/celje-stanje-je-resno-se-pa-stvari-umirjajo\/","og_locale":"sl_SI","og_type":"article","og_title":"Celje: Stanje je resno, se pa stvari umirjajo - Novice.si","og_description":"Objavljeno (21:59) Razmere v Celju so potem, ko je ves dan grozilo razlitje Savinje, zdaj pod nadzorom. Ta je zaradi vala, ki je prihajal iz Zgornje in Spodnje Savinjske doline, prestopila bregove na celotni trasi skozi Celje, ogro\u017een pa je bil zgolj ju\u017eni del mesta od \u0160pice in Lisc preko Trubarjeve in Malgajeve ulice do [&hellip;]","og_url":"https:\/\/novice.si\/page\/celje-stanje-je-resno-se-pa-stvari-umirjajo\/","og_site_name":"Novice.si","article_published_time":"2023-08-04T19:57:23+00:00","article_modified_time":"2023-08-04T19:59:57+00:00","og_image":[{"width":1024,"height":768,"url":"https:\/\/novice.si\/page\/wp-content\/uploads\/2023\/08\/Celje-5-Medium.jpg","type":"image\/jpeg"}],"author":"Uredni\u0161tvo Celjana","twitter_card":"summary_large_image","twitter_misc":{"Written by":"Uredni\u0161tvo Celjana","Est. reading time":"2 minuti"},"schema":{"@context":"https:\/\/schema.org","@graph":[{"@type":"Article","@id":"https:\/\/novice.si\/page\/celje-stanje-je-resno-se-pa-stvari-umirjajo\/#article","isPartOf":{"@id":"https:\/\/novice.si\/page\/celje-stanje-je-resno-se-pa-stvari-umirjajo\/"},"author":{"name":"Uredni\u0161tvo Celjana","@id":"https:\/\/novice.si\/page\/#\/schema\/person\/51903923b50fefb075bc1cd24fe4d065"},"headline":"Celje: Stanje je resno, se pa stvari umirjajo","datePublished":"2023-08-04T19:57:23+00:00","dateModified":"2023-08-04T19:59:57+00:00","mainEntityOfPage":{"@id":"https:\/\/novice.si\/page\/celje-stanje-je-resno-se-pa-stvari-umirjajo\/"},"wordCount":438,"publisher":{"@id":"https:\/\/novice.si\/page\/#organization"},"image":{"@id":"https:\/\/novice.si\/page\/celje-stanje-je-resno-se-pa-stvari-umirjajo\/#primaryimage"},"thumbnailUrl":"https:\/\/novice.si\/page\/wp-content\/uploads\/2023\/08\/Celje-5-Medium.jpg","keywords":["Celje","poplave"],"articleSection":["Aktualno","Celjsko"],"inLanguage":"sl-SI"},{"@type":"WebPage","@id":"https:\/\/novice.si\/page\/celje-stanje-je-resno-se-pa-stvari-umirjajo\/","url":"https:\/\/novice.si\/page\/celje-stanje-je-resno-se-pa-stvari-umirjajo\/","name":"Celje: Stanje je resno, se pa stvari umirjajo - Novice.si","isPartOf":{"@id":"https:\/\/novice.si\/page\/#website"},"primaryImageOfPage":{"@id":"https:\/\/novice.si\/page\/celje-stanje-je-resno-se-pa-stvari-umirjajo\/#primaryimage"},"image":{"@id":"https:\/\/novice.si\/page\/celje-stanje-je-resno-se-pa-stvari-umirjajo\/#primaryimage"},"thumbnailUrl":"https:\/\/novice.si\/page\/wp-content\/uploads\/2023\/08\/Celje-5-Medium.jpg","datePublished":"2023-08-04T19:57:23+00:00","dateModified":"2023-08-04T19:59:57+00:00","breadcrumb":{"@id":"https:\/\/novice.si\/page\/celje-stanje-je-resno-se-pa-stvari-umirjajo\/#breadcrumb"},"inLanguage":"sl-SI","potentialAction":[{"@type":"ReadAction","target":["https:\/\/novice.si\/page\/celje-stanje-je-resno-se-pa-stvari-umirjajo\/"]}]},{"@type":"ImageObject","inLanguage":"sl-SI","@id":"https:\/\/novice.si\/page\/celje-stanje-je-resno-se-pa-stvari-umirjajo\/#primaryimage","url":"https:\/\/novice.si\/page\/wp-content\/uploads\/2023\/08\/Celje-5-Medium.jpg","contentUrl":"https:\/\/novice.si\/page\/wp-content\/uploads\/2023\/08\/Celje-5-Medium.jpg","width":1024,"height":768},{"@type":"BreadcrumbList","@id":"https:\/\/novice.si\/page\/celje-stanje-je-resno-se-pa-stvari-umirjajo\/#breadcrumb","itemListElement":[{"@type":"ListItem","position":1,"name":"Home","item":"https:\/\/novice.si\/page\/"},{"@type":"ListItem","position":2,"name":"Celje: Stanje je resno, se pa stvari umirjajo"}]},{"@type":"WebSite","@id":"https:\/\/novice.si\/page\/#website","url":"https:\/\/novice.si\/page\/","name":"Novice.si","description":"","publisher":{"@id":"https:\/\/novice.si\/page\/#organization"},"potentialAction":[{"@type":"SearchAction","target":{"@type":"EntryPoint","urlTemplate":"https:\/\/novice.si\/page\/?s={search_term_string}"},"query-input":{"@type":"PropertyValueSpecification","valueRequired":true,"valueName":"search_term_string"}}],"inLanguage":"sl-SI"},{"@type":"Organization","@id":"https:\/\/novice.si\/page\/#organization","name":"Novice.si","url":"https:\/\/novice.si\/page\/","logo":{"@type":"ImageObject","inLanguage":"sl-SI","@id":"https:\/\/novice.si\/page\/#\/schema\/logo\/image\/","url":"https:\/\/novice.si\/page\/wp-content\/uploads\/2023\/03\/novice_si.png","contentUrl":"https:\/\/novice.si\/page\/wp-content\/uploads\/2023\/03\/novice_si.png","width":576,"height":200,"caption":"Novice.si"},"image":{"@id":"https:\/\/novice.si\/page\/#\/schema\/logo\/image\/"}},{"@type":"Person","@id":"https:\/\/novice.si\/page\/#\/schema\/person\/51903923b50fefb075bc1cd24fe4d065","name":"Uredni\u0161tvo Celjana","image":{"@type":"ImageObject","inLanguage":"sl-SI","@id":"https:\/\/secure.gravatar.com\/avatar\/b516f102aa90b53619e09722b8ea56721c99bfcb4f1035f9b333d99f52330226?s=96&d=mm&r=g","url":"https:\/\/secure.gravatar.com\/avatar\/b516f102aa90b53619e09722b8ea56721c99bfcb4f1035f9b333d99f52330226?s=96&d=mm&r=g","contentUrl":"https:\/\/secure.gravatar.com\/avatar\/b516f102aa90b53619e09722b8ea56721c99bfcb4f1035f9b333d99f52330226?s=96&d=mm&r=g","caption":"Uredni\u0161tvo Celjana"},"url":"https:\/\/novice.si\/page\/author\/nejc\/"}]}},"_links":{"self":[{"href":"https:\/\/novice.si\/page\/wp-json\/wp\/v2\/posts\/165888","targetHints":{"allow":["GET"]}}],"collection":[{"href":"https:\/\/novice.si\/page\/wp-json\/wp\/v2\/posts"}],"about":[{"href":"https:\/\/novice.si\/page\/wp-json\/wp\/v2\/types\/post"}],"author":[{"embeddable":true,"href":"https:\/\/novice.si\/page\/wp-json\/wp\/v2\/users\/12"}],"replies":[{"embeddable":true,"href":"https:\/\/novice.si\/page\/wp-json\/wp\/v2\/comments?post=165888"}],"version-history":[{"count":2,"href":"https:\/\/novice.si\/page\/wp-json\/wp\/v2\/posts\/165888\/revisions"}],"predecessor-version":[{"id":165892,"href":"https:\/\/novice.si\/page\/wp-json\/wp\/v2\/posts\/165888\/revisions\/165892"}],"wp:featuredmedia":[{"embeddable":true,"href":"https:\/\/novice.si\/page\/wp-json\/wp\/v2\/media\/165732"}],"wp:attachment":[{"href":"https:\/\/novice.si\/page\/wp-json\/wp\/v2\/media?parent=165888"}],"wp:term":[{"taxonomy":"category","embeddable":true,"href":"https:\/\/novice.si\/page\/wp-json\/wp\/v2\/categories?post=165888"},{"taxonomy":"post_tag","embeddable":true,"href":"https:\/\/novice.si\/page\/wp-json\/wp\/v2\/tags?post=165888"}],"curies":[{"name":"wp","href":"https:\/\/api.w.org\/{rel}","templated":true}]}}