{"id":165629,"date":"2023-08-03T12:00:56","date_gmt":"2023-08-03T10:00:56","guid":{"rendered":"https:\/\/novice.si\/page\/?p=165629"},"modified":"2023-08-03T10:55:00","modified_gmt":"2023-08-03T08:55:00","slug":"ptjci-s-skladbo-moj-mornarcek","status":"publish","type":"post","link":"https:\/\/novice.si\/page\/ptjci-s-skladbo-moj-mornarcek\/","title":{"rendered":"Ptj\u010di s skladbo Moj mornar\u010dek"},"content":{"rendered":"<p>Glasbena skupina Ptj\u010di je izdala priredbo skladbe Moj mornar\u010dek. Z njo \u017eelijo poskrbeti za poletno osve\u017eitev za vse mornar\u010dke pa tudi tiste, ki svoje mornar\u010dke na morju \u0161e i\u0161\u010dejo. Avtorja originalne skladbe sta <strong>Vojko Sfiligoj<\/strong> in <strong>Helena Blagne<\/strong>.<\/p>\n<p>Skupino sestavljajo <strong>\u017dan Mernik<\/strong>, <strong>Domen Hohler<\/strong>, <strong>Sa\u0161a \u0160travs<\/strong>, <strong>Rok \u0160travs<\/strong> in <strong>Davor \u010cre\u0161nik<\/strong>.<\/p>\n<p>Pet prijateljev je z odli\u010dno glasbo, petjem in dobro energijo poskrbelo za moderno priredbo skladbe. Odpravili so se tudi v Novigrad, kjer so na son\u010den dan ob morju posneli videospot ter s tem poskrbeli za pravo glasbeno avanturo. (T. V.)<\/p>\n<p><img loading=\"lazy\" decoding=\"async\" class=\"alignnone size-medium wp-image-165630\" src=\"https:\/\/novice.si\/page\/wp-content\/uploads\/2023\/08\/ptjci-naslovna-600x338.jpg\" alt=\"\" width=\"600\" height=\"338\" srcset=\"https:\/\/novice.si\/page\/wp-content\/uploads\/2023\/08\/ptjci-naslovna-600x338.jpg 600w, https:\/\/novice.si\/page\/wp-content\/uploads\/2023\/08\/ptjci-naslovna-768x432.jpg 768w, https:\/\/novice.si\/page\/wp-content\/uploads\/2023\/08\/ptjci-naslovna-696x392.jpg 696w, https:\/\/novice.si\/page\/wp-content\/uploads\/2023\/08\/ptjci-naslovna-747x420.jpg 747w, https:\/\/novice.si\/page\/wp-content\/uploads\/2023\/08\/ptjci-naslovna-24x14.jpg 24w, https:\/\/novice.si\/page\/wp-content\/uploads\/2023\/08\/ptjci-naslovna-36x20.jpg 36w, https:\/\/novice.si\/page\/wp-content\/uploads\/2023\/08\/ptjci-naslovna-48x27.jpg 48w, https:\/\/novice.si\/page\/wp-content\/uploads\/2023\/08\/ptjci-naslovna.jpg 1024w\" sizes=\"auto, (max-width: 600px) 100vw, 600px\" \/><\/p>\n","protected":false},"excerpt":{"rendered":"<p>Glasbena skupina Ptj\u010di je izdala priredbo skladbe Moj mornar\u010dek. Z njo \u017eelijo poskrbeti za poletno osve\u017eitev za vse mornar\u010dke pa tudi tiste, ki svoje mornar\u010dke na morju \u0161e i\u0161\u010dejo. Avtorja originalne skladbe sta Vojko Sfiligoj in Helena Blagne. Skupino sestavljajo \u017dan Mernik, Domen Hohler, Sa\u0161a \u0160travs, Rok \u0160travs in Davor \u010cre\u0161nik. Pet prijateljev je z [&hellip;]<\/p>\n","protected":false},"author":48,"featured_media":165632,"comment_status":"closed","ping_status":"closed","sticky":false,"template":"","format":"standard","meta":{"footnotes":""},"categories":[14,16],"tags":[2634,6159,6268,16710,18471,18470],"class_list":{"0":"post-165629","1":"post","2":"type-post","3":"status-publish","4":"format-standard","5":"has-post-thumbnail","7":"category-aktualno","8":"category-konjisko","9":"tag-ansambel","10":"tag-glasba","11":"tag-glasbena-skupina","12":"tag-helena-blagne","13":"tag-moj-mornarcek","14":"tag-ptjci"},"yoast_head":"<!-- This site is optimized with the Yoast SEO plugin v27.4 - https:\/\/yoast.com\/product\/yoast-seo-wordpress\/ -->\n<title>Ptj\u010di s skladbo Moj mornar\u010dek - Novice.si<\/title>\n<meta name=\"robots\" content=\"index, follow, max-snippet:-1, max-image-preview:large, max-video-preview:-1\" \/>\n<link rel=\"canonical\" href=\"https:\/\/novice.si\/page\/ptjci-s-skladbo-moj-mornarcek\/\" \/>\n<meta property=\"og:locale\" content=\"sl_SI\" \/>\n<meta property=\"og:type\" content=\"article\" \/>\n<meta property=\"og:title\" content=\"Ptj\u010di s skladbo Moj mornar\u010dek - Novice.si\" \/>\n<meta property=\"og:description\" content=\"Glasbena skupina Ptj\u010di je izdala priredbo skladbe Moj mornar\u010dek. Z njo \u017eelijo poskrbeti za poletno osve\u017eitev za vse mornar\u010dke pa tudi tiste, ki svoje mornar\u010dke na morju \u0161e i\u0161\u010dejo. Avtorja originalne skladbe sta Vojko Sfiligoj in Helena Blagne. Skupino sestavljajo \u017dan Mernik, Domen Hohler, Sa\u0161a \u0160travs, Rok \u0160travs in Davor \u010cre\u0161nik. Pet prijateljev je z [&hellip;]\" \/>\n<meta property=\"og:url\" content=\"https:\/\/novice.si\/page\/ptjci-s-skladbo-moj-mornarcek\/\" \/>\n<meta property=\"og:site_name\" content=\"Novice.si\" \/>\n<meta property=\"article:published_time\" content=\"2023-08-03T10:00:56+00:00\" \/>\n<meta property=\"og:image\" content=\"https:\/\/novice.si\/page\/wp-content\/uploads\/2023\/08\/ptjci-naslovna-1.jpg\" \/>\n\t<meta property=\"og:image:width\" content=\"1024\" \/>\n\t<meta property=\"og:image:height\" content=\"576\" \/>\n\t<meta property=\"og:image:type\" content=\"image\/jpeg\" \/>\n<meta name=\"author\" content=\"Nejc Mihelak\" \/>\n<meta name=\"twitter:card\" content=\"summary_large_image\" \/>\n<meta name=\"twitter:label1\" content=\"Written by\" \/>\n\t<meta name=\"twitter:data1\" content=\"Nejc Mihelak\" \/>\n\t<meta name=\"twitter:label2\" content=\"Est. reading time\" \/>\n\t<meta name=\"twitter:data2\" content=\"1 minuta\" \/>\n<script type=\"application\/ld+json\" class=\"yoast-schema-graph\">{\"@context\":\"https:\\\/\\\/schema.org\",\"@graph\":[{\"@type\":\"Article\",\"@id\":\"https:\\\/\\\/novice.si\\\/page\\\/ptjci-s-skladbo-moj-mornarcek\\\/#article\",\"isPartOf\":{\"@id\":\"https:\\\/\\\/novice.si\\\/page\\\/ptjci-s-skladbo-moj-mornarcek\\\/\"},\"author\":{\"name\":\"Nejc Mihelak\",\"@id\":\"https:\\\/\\\/novice.si\\\/page\\\/#\\\/schema\\\/person\\\/a9348025ed4c2739f506ac4ff9e91967\"},\"headline\":\"Ptj\u010di s skladbo Moj mornar\u010dek\",\"datePublished\":\"2023-08-03T10:00:56+00:00\",\"mainEntityOfPage\":{\"@id\":\"https:\\\/\\\/novice.si\\\/page\\\/ptjci-s-skladbo-moj-mornarcek\\\/\"},\"wordCount\":108,\"publisher\":{\"@id\":\"https:\\\/\\\/novice.si\\\/page\\\/#organization\"},\"image\":{\"@id\":\"https:\\\/\\\/novice.si\\\/page\\\/ptjci-s-skladbo-moj-mornarcek\\\/#primaryimage\"},\"thumbnailUrl\":\"https:\\\/\\\/novice.si\\\/page\\\/wp-content\\\/uploads\\\/2023\\\/08\\\/ptjci-naslovna-1.jpg\",\"keywords\":[\"ansambel\",\"glasba\",\"glasbena skupina\",\"helena blagne\",\"moj mornar\u010dek\",\"ptj\u010di\"],\"articleSection\":[\"Aktualno\",\"Konji\u0161ko\"],\"inLanguage\":\"sl-SI\"},{\"@type\":\"WebPage\",\"@id\":\"https:\\\/\\\/novice.si\\\/page\\\/ptjci-s-skladbo-moj-mornarcek\\\/\",\"url\":\"https:\\\/\\\/novice.si\\\/page\\\/ptjci-s-skladbo-moj-mornarcek\\\/\",\"name\":\"Ptj\u010di s skladbo Moj mornar\u010dek - Novice.si\",\"isPartOf\":{\"@id\":\"https:\\\/\\\/novice.si\\\/page\\\/#website\"},\"primaryImageOfPage\":{\"@id\":\"https:\\\/\\\/novice.si\\\/page\\\/ptjci-s-skladbo-moj-mornarcek\\\/#primaryimage\"},\"image\":{\"@id\":\"https:\\\/\\\/novice.si\\\/page\\\/ptjci-s-skladbo-moj-mornarcek\\\/#primaryimage\"},\"thumbnailUrl\":\"https:\\\/\\\/novice.si\\\/page\\\/wp-content\\\/uploads\\\/2023\\\/08\\\/ptjci-naslovna-1.jpg\",\"datePublished\":\"2023-08-03T10:00:56+00:00\",\"breadcrumb\":{\"@id\":\"https:\\\/\\\/novice.si\\\/page\\\/ptjci-s-skladbo-moj-mornarcek\\\/#breadcrumb\"},\"inLanguage\":\"sl-SI\",\"potentialAction\":[{\"@type\":\"ReadAction\",\"target\":[\"https:\\\/\\\/novice.si\\\/page\\\/ptjci-s-skladbo-moj-mornarcek\\\/\"]}]},{\"@type\":\"ImageObject\",\"inLanguage\":\"sl-SI\",\"@id\":\"https:\\\/\\\/novice.si\\\/page\\\/ptjci-s-skladbo-moj-mornarcek\\\/#primaryimage\",\"url\":\"https:\\\/\\\/novice.si\\\/page\\\/wp-content\\\/uploads\\\/2023\\\/08\\\/ptjci-naslovna-1.jpg\",\"contentUrl\":\"https:\\\/\\\/novice.si\\\/page\\\/wp-content\\\/uploads\\\/2023\\\/08\\\/ptjci-naslovna-1.jpg\",\"width\":1024,\"height\":576},{\"@type\":\"BreadcrumbList\",\"@id\":\"https:\\\/\\\/novice.si\\\/page\\\/ptjci-s-skladbo-moj-mornarcek\\\/#breadcrumb\",\"itemListElement\":[{\"@type\":\"ListItem\",\"position\":1,\"name\":\"Home\",\"item\":\"https:\\\/\\\/novice.si\\\/page\\\/\"},{\"@type\":\"ListItem\",\"position\":2,\"name\":\"Ptj\u010di s skladbo Moj mornar\u010dek\"}]},{\"@type\":\"WebSite\",\"@id\":\"https:\\\/\\\/novice.si\\\/page\\\/#website\",\"url\":\"https:\\\/\\\/novice.si\\\/page\\\/\",\"name\":\"Novice.si\",\"description\":\"\",\"publisher\":{\"@id\":\"https:\\\/\\\/novice.si\\\/page\\\/#organization\"},\"potentialAction\":[{\"@type\":\"SearchAction\",\"target\":{\"@type\":\"EntryPoint\",\"urlTemplate\":\"https:\\\/\\\/novice.si\\\/page\\\/?s={search_term_string}\"},\"query-input\":{\"@type\":\"PropertyValueSpecification\",\"valueRequired\":true,\"valueName\":\"search_term_string\"}}],\"inLanguage\":\"sl-SI\"},{\"@type\":\"Organization\",\"@id\":\"https:\\\/\\\/novice.si\\\/page\\\/#organization\",\"name\":\"Novice.si\",\"url\":\"https:\\\/\\\/novice.si\\\/page\\\/\",\"logo\":{\"@type\":\"ImageObject\",\"inLanguage\":\"sl-SI\",\"@id\":\"https:\\\/\\\/novice.si\\\/page\\\/#\\\/schema\\\/logo\\\/image\\\/\",\"url\":\"https:\\\/\\\/novice.si\\\/page\\\/wp-content\\\/uploads\\\/2023\\\/03\\\/novice_si.png\",\"contentUrl\":\"https:\\\/\\\/novice.si\\\/page\\\/wp-content\\\/uploads\\\/2023\\\/03\\\/novice_si.png\",\"width\":576,\"height\":200,\"caption\":\"Novice.si\"},\"image\":{\"@id\":\"https:\\\/\\\/novice.si\\\/page\\\/#\\\/schema\\\/logo\\\/image\\\/\"}},{\"@type\":\"Person\",\"@id\":\"https:\\\/\\\/novice.si\\\/page\\\/#\\\/schema\\\/person\\\/a9348025ed4c2739f506ac4ff9e91967\",\"name\":\"Nejc Mihelak\",\"image\":{\"@type\":\"ImageObject\",\"inLanguage\":\"sl-SI\",\"@id\":\"https:\\\/\\\/secure.gravatar.com\\\/avatar\\\/6d35abdd02bf81c00116cfc2c803f9761f71cf169c7cf01f78069ed88949ee4b?s=96&d=mm&r=g\",\"url\":\"https:\\\/\\\/secure.gravatar.com\\\/avatar\\\/6d35abdd02bf81c00116cfc2c803f9761f71cf169c7cf01f78069ed88949ee4b?s=96&d=mm&r=g\",\"contentUrl\":\"https:\\\/\\\/secure.gravatar.com\\\/avatar\\\/6d35abdd02bf81c00116cfc2c803f9761f71cf169c7cf01f78069ed88949ee4b?s=96&d=mm&r=g\",\"caption\":\"Nejc Mihelak\"},\"url\":\"https:\\\/\\\/novice.si\\\/page\\\/author\\\/urednik\\\/\"}]}<\/script>\n<!-- \/ Yoast SEO plugin. -->","yoast_head_json":{"title":"Ptj\u010di s skladbo Moj mornar\u010dek - Novice.si","robots":{"index":"index","follow":"follow","max-snippet":"max-snippet:-1","max-image-preview":"max-image-preview:large","max-video-preview":"max-video-preview:-1"},"canonical":"https:\/\/novice.si\/page\/ptjci-s-skladbo-moj-mornarcek\/","og_locale":"sl_SI","og_type":"article","og_title":"Ptj\u010di s skladbo Moj mornar\u010dek - Novice.si","og_description":"Glasbena skupina Ptj\u010di je izdala priredbo skladbe Moj mornar\u010dek. Z njo \u017eelijo poskrbeti za poletno osve\u017eitev za vse mornar\u010dke pa tudi tiste, ki svoje mornar\u010dke na morju \u0161e i\u0161\u010dejo. Avtorja originalne skladbe sta Vojko Sfiligoj in Helena Blagne. Skupino sestavljajo \u017dan Mernik, Domen Hohler, Sa\u0161a \u0160travs, Rok \u0160travs in Davor \u010cre\u0161nik. Pet prijateljev je z [&hellip;]","og_url":"https:\/\/novice.si\/page\/ptjci-s-skladbo-moj-mornarcek\/","og_site_name":"Novice.si","article_published_time":"2023-08-03T10:00:56+00:00","og_image":[{"width":1024,"height":576,"url":"https:\/\/novice.si\/page\/wp-content\/uploads\/2023\/08\/ptjci-naslovna-1.jpg","type":"image\/jpeg"}],"author":"Nejc Mihelak","twitter_card":"summary_large_image","twitter_misc":{"Written by":"Nejc Mihelak","Est. reading time":"1 minuta"},"schema":{"@context":"https:\/\/schema.org","@graph":[{"@type":"Article","@id":"https:\/\/novice.si\/page\/ptjci-s-skladbo-moj-mornarcek\/#article","isPartOf":{"@id":"https:\/\/novice.si\/page\/ptjci-s-skladbo-moj-mornarcek\/"},"author":{"name":"Nejc Mihelak","@id":"https:\/\/novice.si\/page\/#\/schema\/person\/a9348025ed4c2739f506ac4ff9e91967"},"headline":"Ptj\u010di s skladbo Moj mornar\u010dek","datePublished":"2023-08-03T10:00:56+00:00","mainEntityOfPage":{"@id":"https:\/\/novice.si\/page\/ptjci-s-skladbo-moj-mornarcek\/"},"wordCount":108,"publisher":{"@id":"https:\/\/novice.si\/page\/#organization"},"image":{"@id":"https:\/\/novice.si\/page\/ptjci-s-skladbo-moj-mornarcek\/#primaryimage"},"thumbnailUrl":"https:\/\/novice.si\/page\/wp-content\/uploads\/2023\/08\/ptjci-naslovna-1.jpg","keywords":["ansambel","glasba","glasbena skupina","helena blagne","moj mornar\u010dek","ptj\u010di"],"articleSection":["Aktualno","Konji\u0161ko"],"inLanguage":"sl-SI"},{"@type":"WebPage","@id":"https:\/\/novice.si\/page\/ptjci-s-skladbo-moj-mornarcek\/","url":"https:\/\/novice.si\/page\/ptjci-s-skladbo-moj-mornarcek\/","name":"Ptj\u010di s skladbo Moj mornar\u010dek - Novice.si","isPartOf":{"@id":"https:\/\/novice.si\/page\/#website"},"primaryImageOfPage":{"@id":"https:\/\/novice.si\/page\/ptjci-s-skladbo-moj-mornarcek\/#primaryimage"},"image":{"@id":"https:\/\/novice.si\/page\/ptjci-s-skladbo-moj-mornarcek\/#primaryimage"},"thumbnailUrl":"https:\/\/novice.si\/page\/wp-content\/uploads\/2023\/08\/ptjci-naslovna-1.jpg","datePublished":"2023-08-03T10:00:56+00:00","breadcrumb":{"@id":"https:\/\/novice.si\/page\/ptjci-s-skladbo-moj-mornarcek\/#breadcrumb"},"inLanguage":"sl-SI","potentialAction":[{"@type":"ReadAction","target":["https:\/\/novice.si\/page\/ptjci-s-skladbo-moj-mornarcek\/"]}]},{"@type":"ImageObject","inLanguage":"sl-SI","@id":"https:\/\/novice.si\/page\/ptjci-s-skladbo-moj-mornarcek\/#primaryimage","url":"https:\/\/novice.si\/page\/wp-content\/uploads\/2023\/08\/ptjci-naslovna-1.jpg","contentUrl":"https:\/\/novice.si\/page\/wp-content\/uploads\/2023\/08\/ptjci-naslovna-1.jpg","width":1024,"height":576},{"@type":"BreadcrumbList","@id":"https:\/\/novice.si\/page\/ptjci-s-skladbo-moj-mornarcek\/#breadcrumb","itemListElement":[{"@type":"ListItem","position":1,"name":"Home","item":"https:\/\/novice.si\/page\/"},{"@type":"ListItem","position":2,"name":"Ptj\u010di s skladbo Moj mornar\u010dek"}]},{"@type":"WebSite","@id":"https:\/\/novice.si\/page\/#website","url":"https:\/\/novice.si\/page\/","name":"Novice.si","description":"","publisher":{"@id":"https:\/\/novice.si\/page\/#organization"},"potentialAction":[{"@type":"SearchAction","target":{"@type":"EntryPoint","urlTemplate":"https:\/\/novice.si\/page\/?s={search_term_string}"},"query-input":{"@type":"PropertyValueSpecification","valueRequired":true,"valueName":"search_term_string"}}],"inLanguage":"sl-SI"},{"@type":"Organization","@id":"https:\/\/novice.si\/page\/#organization","name":"Novice.si","url":"https:\/\/novice.si\/page\/","logo":{"@type":"ImageObject","inLanguage":"sl-SI","@id":"https:\/\/novice.si\/page\/#\/schema\/logo\/image\/","url":"https:\/\/novice.si\/page\/wp-content\/uploads\/2023\/03\/novice_si.png","contentUrl":"https:\/\/novice.si\/page\/wp-content\/uploads\/2023\/03\/novice_si.png","width":576,"height":200,"caption":"Novice.si"},"image":{"@id":"https:\/\/novice.si\/page\/#\/schema\/logo\/image\/"}},{"@type":"Person","@id":"https:\/\/novice.si\/page\/#\/schema\/person\/a9348025ed4c2739f506ac4ff9e91967","name":"Nejc Mihelak","image":{"@type":"ImageObject","inLanguage":"sl-SI","@id":"https:\/\/secure.gravatar.com\/avatar\/6d35abdd02bf81c00116cfc2c803f9761f71cf169c7cf01f78069ed88949ee4b?s=96&d=mm&r=g","url":"https:\/\/secure.gravatar.com\/avatar\/6d35abdd02bf81c00116cfc2c803f9761f71cf169c7cf01f78069ed88949ee4b?s=96&d=mm&r=g","contentUrl":"https:\/\/secure.gravatar.com\/avatar\/6d35abdd02bf81c00116cfc2c803f9761f71cf169c7cf01f78069ed88949ee4b?s=96&d=mm&r=g","caption":"Nejc Mihelak"},"url":"https:\/\/novice.si\/page\/author\/urednik\/"}]}},"_links":{"self":[{"href":"https:\/\/novice.si\/page\/wp-json\/wp\/v2\/posts\/165629","targetHints":{"allow":["GET"]}}],"collection":[{"href":"https:\/\/novice.si\/page\/wp-json\/wp\/v2\/posts"}],"about":[{"href":"https:\/\/novice.si\/page\/wp-json\/wp\/v2\/types\/post"}],"author":[{"embeddable":true,"href":"https:\/\/novice.si\/page\/wp-json\/wp\/v2\/users\/48"}],"replies":[{"embeddable":true,"href":"https:\/\/novice.si\/page\/wp-json\/wp\/v2\/comments?post=165629"}],"version-history":[{"count":2,"href":"https:\/\/novice.si\/page\/wp-json\/wp\/v2\/posts\/165629\/revisions"}],"predecessor-version":[{"id":165633,"href":"https:\/\/novice.si\/page\/wp-json\/wp\/v2\/posts\/165629\/revisions\/165633"}],"wp:featuredmedia":[{"embeddable":true,"href":"https:\/\/novice.si\/page\/wp-json\/wp\/v2\/media\/165632"}],"wp:attachment":[{"href":"https:\/\/novice.si\/page\/wp-json\/wp\/v2\/media?parent=165629"}],"wp:term":[{"taxonomy":"category","embeddable":true,"href":"https:\/\/novice.si\/page\/wp-json\/wp\/v2\/categories?post=165629"},{"taxonomy":"post_tag","embeddable":true,"href":"https:\/\/novice.si\/page\/wp-json\/wp\/v2\/tags?post=165629"}],"curies":[{"name":"wp","href":"https:\/\/api.w.org\/{rel}","templated":true}]}}