{"id":165467,"date":"2023-07-31T06:00:12","date_gmt":"2023-07-31T04:00:12","guid":{"rendered":"https:\/\/novice.si\/page\/?p=165467"},"modified":"2023-07-31T07:35:58","modified_gmt":"2023-07-31T05:35:58","slug":"13-letnik-ujel-orjaskega-soma","status":"publish","type":"post","link":"https:\/\/novice.si\/page\/13-letnik-ujel-orjaskega-soma\/","title":{"rendered":"13-letnik ujel orja\u0161kega soma"},"content":{"rendered":"<p><figure id=\"attachment_165468\" aria-describedby=\"caption-attachment-165468\" style=\"width: 875px\" class=\"wp-caption alignleft\"><img loading=\"lazy\" decoding=\"async\" src=\"https:\/\/novice.si\/page\/wp-content\/uploads\/2023\/07\/Druzabna-amadej-1.jpg\" alt=\"\" width=\"375\" height=\"400\" class=\"size-full wp-image-165468\" \/><figcaption id=\"caption-attachment-165468\" class=\"wp-caption-text\">rhdr<\/figcaption><\/figure>Pri lovljenju krapa na \u0160martinskem jezeru je som mo\u010dno presenetil mladega 13-letnega ribi\u010da Amadeja Matev\u017ei\u010da. Ribolov ga navdu\u0161uje \u017ee vrsto let. Za to sta ga v prvi vrsti navdu\u0161ila o\u010de in sestra, ki se s tem ukvarjata \u017ee dalj \u010dasa. Mladi Amadej si je \u017ee dolgo \u017eelel ujeti gromozanskega soma, tokrat pa se mu je \u017eelja tudi uresni\u010dila, ko je ravno som ugriznil v Amadejevo slastno vabo, Danijeve brikete, ki so sicer namenjeni in izdelani izklju\u010dno za lovljenje krapov.<br \/>\nNatan\u010dno dol\u017eino soma, 2,46 metra ,je nato izmeril gospodar Dominik Zlodej iz Ribi\u0161ke dru\u017eine Celje. Po merjenju je bil som izpu\u0161\u010den nazaj v svoje varne globine. Predvidevajo, da je bil te\u017eak okoli 90 kilogramov ali celo ve\u010d. Foto: Amadej in Ervin Matev\u017ei\u010d.<\/p>\n","protected":false},"excerpt":{"rendered":"<p>Pri lovljenju krapa na \u0160martinskem jezeru je som mo\u010dno presenetil mladega 13-letnega ribi\u010da Amadeja Matev\u017ei\u010da. Ribolov ga navdu\u0161uje \u017ee vrsto let. Za to sta ga v prvi vrsti navdu\u0161ila o\u010de in sestra, ki se s tem ukvarjata \u017ee dalj \u010dasa. Mladi Amadej si je \u017ee dolgo \u017eelel ujeti gromozanskega soma, tokrat pa se mu je [&hellip;]<\/p>\n","protected":false},"author":10,"featured_media":165469,"comment_status":"closed","ping_status":"closed","sticky":false,"template":"","format":"standard","meta":{"footnotes":""},"categories":[14,142,17,15],"tags":[18430,18434,18431,18433,18432],"class_list":{"0":"post-165467","1":"post","2":"type-post","3":"status-publish","4":"format-standard","5":"has-post-thumbnail","7":"category-aktualno","8":"category-celjan","9":"category-celjsko","10":"category-druzabno","11":"tag-amadej-matevzic","12":"tag-dominik-zlodej","13":"tag-ervin-matevzic","14":"tag-ribiska-druzina-celje","15":"tag-ribolov"},"yoast_head":"<!-- This site is optimized with the Yoast SEO plugin v27.4 - https:\/\/yoast.com\/product\/yoast-seo-wordpress\/ -->\n<title>13-letnik ujel orja\u0161kega soma - Novice.si<\/title>\n<meta name=\"robots\" content=\"index, follow, max-snippet:-1, max-image-preview:large, max-video-preview:-1\" \/>\n<link rel=\"canonical\" href=\"https:\/\/novice.si\/page\/13-letnik-ujel-orjaskega-soma\/\" \/>\n<meta property=\"og:locale\" content=\"sl_SI\" \/>\n<meta property=\"og:type\" content=\"article\" \/>\n<meta property=\"og:title\" content=\"13-letnik ujel orja\u0161kega soma - Novice.si\" \/>\n<meta property=\"og:description\" content=\"Pri lovljenju krapa na \u0160martinskem jezeru je som mo\u010dno presenetil mladega 13-letnega ribi\u010da Amadeja Matev\u017ei\u010da. Ribolov ga navdu\u0161uje \u017ee vrsto let. Za to sta ga v prvi vrsti navdu\u0161ila o\u010de in sestra, ki se s tem ukvarjata \u017ee dalj \u010dasa. Mladi Amadej si je \u017ee dolgo \u017eelel ujeti gromozanskega soma, tokrat pa se mu je [&hellip;]\" \/>\n<meta property=\"og:url\" content=\"https:\/\/novice.si\/page\/13-letnik-ujel-orjaskega-soma\/\" \/>\n<meta property=\"og:site_name\" content=\"Novice.si\" \/>\n<meta property=\"article:published_time\" content=\"2023-07-31T04:00:12+00:00\" \/>\n<meta property=\"article:modified_time\" content=\"2023-07-31T05:35:58+00:00\" \/>\n<meta property=\"og:image\" content=\"https:\/\/novice.si\/page\/wp-content\/uploads\/2023\/07\/Druzabna-amadej-2.jpg\" \/>\n\t<meta property=\"og:image:width\" content=\"1920\" \/>\n\t<meta property=\"og:image:height\" content=\"884\" \/>\n\t<meta property=\"og:image:type\" content=\"image\/jpeg\" \/>\n<meta name=\"author\" content=\"Iztok Krajnc\" \/>\n<meta name=\"twitter:card\" content=\"summary_large_image\" \/>\n<meta name=\"twitter:label1\" content=\"Written by\" \/>\n\t<meta name=\"twitter:data1\" content=\"Iztok Krajnc\" \/>\n<script type=\"application\/ld+json\" class=\"yoast-schema-graph\">{\"@context\":\"https:\\\/\\\/schema.org\",\"@graph\":[{\"@type\":\"Article\",\"@id\":\"https:\\\/\\\/novice.si\\\/page\\\/13-letnik-ujel-orjaskega-soma\\\/#article\",\"isPartOf\":{\"@id\":\"https:\\\/\\\/novice.si\\\/page\\\/13-letnik-ujel-orjaskega-soma\\\/\"},\"author\":{\"name\":\"Iztok Krajnc\",\"@id\":\"https:\\\/\\\/novice.si\\\/page\\\/#\\\/schema\\\/person\\\/92fda8564875f655675c886e4df22216\"},\"headline\":\"13-letnik ujel orja\u0161kega soma\",\"datePublished\":\"2023-07-31T04:00:12+00:00\",\"dateModified\":\"2023-07-31T05:35:58+00:00\",\"mainEntityOfPage\":{\"@id\":\"https:\\\/\\\/novice.si\\\/page\\\/13-letnik-ujel-orjaskega-soma\\\/\"},\"wordCount\":148,\"publisher\":{\"@id\":\"https:\\\/\\\/novice.si\\\/page\\\/#organization\"},\"image\":{\"@id\":\"https:\\\/\\\/novice.si\\\/page\\\/13-letnik-ujel-orjaskega-soma\\\/#primaryimage\"},\"thumbnailUrl\":\"https:\\\/\\\/novice.si\\\/page\\\/wp-content\\\/uploads\\\/2023\\\/07\\\/Druzabna-amadej-2.jpg\",\"keywords\":[\"amadej matev\u017ei\u010d\",\"dominik zlodej\",\"ervin matev\u017ei\u010d\",\"ribi\u0161ka dru\u017eina celje\",\"ribolov\"],\"articleSection\":[\"Aktualno\",\"Celjan\",\"Celjsko\",\"Dru\u017eabno\"],\"inLanguage\":\"sl-SI\"},{\"@type\":\"WebPage\",\"@id\":\"https:\\\/\\\/novice.si\\\/page\\\/13-letnik-ujel-orjaskega-soma\\\/\",\"url\":\"https:\\\/\\\/novice.si\\\/page\\\/13-letnik-ujel-orjaskega-soma\\\/\",\"name\":\"13-letnik ujel orja\u0161kega soma - Novice.si\",\"isPartOf\":{\"@id\":\"https:\\\/\\\/novice.si\\\/page\\\/#website\"},\"primaryImageOfPage\":{\"@id\":\"https:\\\/\\\/novice.si\\\/page\\\/13-letnik-ujel-orjaskega-soma\\\/#primaryimage\"},\"image\":{\"@id\":\"https:\\\/\\\/novice.si\\\/page\\\/13-letnik-ujel-orjaskega-soma\\\/#primaryimage\"},\"thumbnailUrl\":\"https:\\\/\\\/novice.si\\\/page\\\/wp-content\\\/uploads\\\/2023\\\/07\\\/Druzabna-amadej-2.jpg\",\"datePublished\":\"2023-07-31T04:00:12+00:00\",\"dateModified\":\"2023-07-31T05:35:58+00:00\",\"breadcrumb\":{\"@id\":\"https:\\\/\\\/novice.si\\\/page\\\/13-letnik-ujel-orjaskega-soma\\\/#breadcrumb\"},\"inLanguage\":\"sl-SI\",\"potentialAction\":[{\"@type\":\"ReadAction\",\"target\":[\"https:\\\/\\\/novice.si\\\/page\\\/13-letnik-ujel-orjaskega-soma\\\/\"]}]},{\"@type\":\"ImageObject\",\"inLanguage\":\"sl-SI\",\"@id\":\"https:\\\/\\\/novice.si\\\/page\\\/13-letnik-ujel-orjaskega-soma\\\/#primaryimage\",\"url\":\"https:\\\/\\\/novice.si\\\/page\\\/wp-content\\\/uploads\\\/2023\\\/07\\\/Druzabna-amadej-2.jpg\",\"contentUrl\":\"https:\\\/\\\/novice.si\\\/page\\\/wp-content\\\/uploads\\\/2023\\\/07\\\/Druzabna-amadej-2.jpg\",\"width\":1920,\"height\":884,\"caption\":\"rpt\"},{\"@type\":\"BreadcrumbList\",\"@id\":\"https:\\\/\\\/novice.si\\\/page\\\/13-letnik-ujel-orjaskega-soma\\\/#breadcrumb\",\"itemListElement\":[{\"@type\":\"ListItem\",\"position\":1,\"name\":\"Home\",\"item\":\"https:\\\/\\\/novice.si\\\/page\\\/\"},{\"@type\":\"ListItem\",\"position\":2,\"name\":\"13-letnik ujel orja\u0161kega soma\"}]},{\"@type\":\"WebSite\",\"@id\":\"https:\\\/\\\/novice.si\\\/page\\\/#website\",\"url\":\"https:\\\/\\\/novice.si\\\/page\\\/\",\"name\":\"Novice.si\",\"description\":\"\",\"publisher\":{\"@id\":\"https:\\\/\\\/novice.si\\\/page\\\/#organization\"},\"potentialAction\":[{\"@type\":\"SearchAction\",\"target\":{\"@type\":\"EntryPoint\",\"urlTemplate\":\"https:\\\/\\\/novice.si\\\/page\\\/?s={search_term_string}\"},\"query-input\":{\"@type\":\"PropertyValueSpecification\",\"valueRequired\":true,\"valueName\":\"search_term_string\"}}],\"inLanguage\":\"sl-SI\"},{\"@type\":\"Organization\",\"@id\":\"https:\\\/\\\/novice.si\\\/page\\\/#organization\",\"name\":\"Novice.si\",\"url\":\"https:\\\/\\\/novice.si\\\/page\\\/\",\"logo\":{\"@type\":\"ImageObject\",\"inLanguage\":\"sl-SI\",\"@id\":\"https:\\\/\\\/novice.si\\\/page\\\/#\\\/schema\\\/logo\\\/image\\\/\",\"url\":\"https:\\\/\\\/novice.si\\\/page\\\/wp-content\\\/uploads\\\/2023\\\/03\\\/novice_si.png\",\"contentUrl\":\"https:\\\/\\\/novice.si\\\/page\\\/wp-content\\\/uploads\\\/2023\\\/03\\\/novice_si.png\",\"width\":576,\"height\":200,\"caption\":\"Novice.si\"},\"image\":{\"@id\":\"https:\\\/\\\/novice.si\\\/page\\\/#\\\/schema\\\/logo\\\/image\\\/\"}},{\"@type\":\"Person\",\"@id\":\"https:\\\/\\\/novice.si\\\/page\\\/#\\\/schema\\\/person\\\/92fda8564875f655675c886e4df22216\",\"name\":\"Iztok Krajnc\",\"image\":{\"@type\":\"ImageObject\",\"inLanguage\":\"sl-SI\",\"@id\":\"https:\\\/\\\/secure.gravatar.com\\\/avatar\\\/2790ff125f883a5a9cb934a574322d28ea850f8f4494d77b487c1950e0096015?s=96&d=mm&r=g\",\"url\":\"https:\\\/\\\/secure.gravatar.com\\\/avatar\\\/2790ff125f883a5a9cb934a574322d28ea850f8f4494d77b487c1950e0096015?s=96&d=mm&r=g\",\"contentUrl\":\"https:\\\/\\\/secure.gravatar.com\\\/avatar\\\/2790ff125f883a5a9cb934a574322d28ea850f8f4494d77b487c1950e0096015?s=96&d=mm&r=g\",\"caption\":\"Iztok Krajnc\"},\"url\":\"https:\\\/\\\/novice.si\\\/page\\\/author\\\/iztok\\\/\"}]}<\/script>\n<!-- \/ Yoast SEO plugin. -->","yoast_head_json":{"title":"13-letnik ujel orja\u0161kega soma - Novice.si","robots":{"index":"index","follow":"follow","max-snippet":"max-snippet:-1","max-image-preview":"max-image-preview:large","max-video-preview":"max-video-preview:-1"},"canonical":"https:\/\/novice.si\/page\/13-letnik-ujel-orjaskega-soma\/","og_locale":"sl_SI","og_type":"article","og_title":"13-letnik ujel orja\u0161kega soma - Novice.si","og_description":"Pri lovljenju krapa na \u0160martinskem jezeru je som mo\u010dno presenetil mladega 13-letnega ribi\u010da Amadeja Matev\u017ei\u010da. Ribolov ga navdu\u0161uje \u017ee vrsto let. Za to sta ga v prvi vrsti navdu\u0161ila o\u010de in sestra, ki se s tem ukvarjata \u017ee dalj \u010dasa. Mladi Amadej si je \u017ee dolgo \u017eelel ujeti gromozanskega soma, tokrat pa se mu je [&hellip;]","og_url":"https:\/\/novice.si\/page\/13-letnik-ujel-orjaskega-soma\/","og_site_name":"Novice.si","article_published_time":"2023-07-31T04:00:12+00:00","article_modified_time":"2023-07-31T05:35:58+00:00","og_image":[{"width":1920,"height":884,"url":"https:\/\/novice.si\/page\/wp-content\/uploads\/2023\/07\/Druzabna-amadej-2.jpg","type":"image\/jpeg"}],"author":"Iztok Krajnc","twitter_card":"summary_large_image","twitter_misc":{"Written by":"Iztok Krajnc"},"schema":{"@context":"https:\/\/schema.org","@graph":[{"@type":"Article","@id":"https:\/\/novice.si\/page\/13-letnik-ujel-orjaskega-soma\/#article","isPartOf":{"@id":"https:\/\/novice.si\/page\/13-letnik-ujel-orjaskega-soma\/"},"author":{"name":"Iztok Krajnc","@id":"https:\/\/novice.si\/page\/#\/schema\/person\/92fda8564875f655675c886e4df22216"},"headline":"13-letnik ujel orja\u0161kega soma","datePublished":"2023-07-31T04:00:12+00:00","dateModified":"2023-07-31T05:35:58+00:00","mainEntityOfPage":{"@id":"https:\/\/novice.si\/page\/13-letnik-ujel-orjaskega-soma\/"},"wordCount":148,"publisher":{"@id":"https:\/\/novice.si\/page\/#organization"},"image":{"@id":"https:\/\/novice.si\/page\/13-letnik-ujel-orjaskega-soma\/#primaryimage"},"thumbnailUrl":"https:\/\/novice.si\/page\/wp-content\/uploads\/2023\/07\/Druzabna-amadej-2.jpg","keywords":["amadej matev\u017ei\u010d","dominik zlodej","ervin matev\u017ei\u010d","ribi\u0161ka dru\u017eina celje","ribolov"],"articleSection":["Aktualno","Celjan","Celjsko","Dru\u017eabno"],"inLanguage":"sl-SI"},{"@type":"WebPage","@id":"https:\/\/novice.si\/page\/13-letnik-ujel-orjaskega-soma\/","url":"https:\/\/novice.si\/page\/13-letnik-ujel-orjaskega-soma\/","name":"13-letnik ujel orja\u0161kega soma - Novice.si","isPartOf":{"@id":"https:\/\/novice.si\/page\/#website"},"primaryImageOfPage":{"@id":"https:\/\/novice.si\/page\/13-letnik-ujel-orjaskega-soma\/#primaryimage"},"image":{"@id":"https:\/\/novice.si\/page\/13-letnik-ujel-orjaskega-soma\/#primaryimage"},"thumbnailUrl":"https:\/\/novice.si\/page\/wp-content\/uploads\/2023\/07\/Druzabna-amadej-2.jpg","datePublished":"2023-07-31T04:00:12+00:00","dateModified":"2023-07-31T05:35:58+00:00","breadcrumb":{"@id":"https:\/\/novice.si\/page\/13-letnik-ujel-orjaskega-soma\/#breadcrumb"},"inLanguage":"sl-SI","potentialAction":[{"@type":"ReadAction","target":["https:\/\/novice.si\/page\/13-letnik-ujel-orjaskega-soma\/"]}]},{"@type":"ImageObject","inLanguage":"sl-SI","@id":"https:\/\/novice.si\/page\/13-letnik-ujel-orjaskega-soma\/#primaryimage","url":"https:\/\/novice.si\/page\/wp-content\/uploads\/2023\/07\/Druzabna-amadej-2.jpg","contentUrl":"https:\/\/novice.si\/page\/wp-content\/uploads\/2023\/07\/Druzabna-amadej-2.jpg","width":1920,"height":884,"caption":"rpt"},{"@type":"BreadcrumbList","@id":"https:\/\/novice.si\/page\/13-letnik-ujel-orjaskega-soma\/#breadcrumb","itemListElement":[{"@type":"ListItem","position":1,"name":"Home","item":"https:\/\/novice.si\/page\/"},{"@type":"ListItem","position":2,"name":"13-letnik ujel orja\u0161kega soma"}]},{"@type":"WebSite","@id":"https:\/\/novice.si\/page\/#website","url":"https:\/\/novice.si\/page\/","name":"Novice.si","description":"","publisher":{"@id":"https:\/\/novice.si\/page\/#organization"},"potentialAction":[{"@type":"SearchAction","target":{"@type":"EntryPoint","urlTemplate":"https:\/\/novice.si\/page\/?s={search_term_string}"},"query-input":{"@type":"PropertyValueSpecification","valueRequired":true,"valueName":"search_term_string"}}],"inLanguage":"sl-SI"},{"@type":"Organization","@id":"https:\/\/novice.si\/page\/#organization","name":"Novice.si","url":"https:\/\/novice.si\/page\/","logo":{"@type":"ImageObject","inLanguage":"sl-SI","@id":"https:\/\/novice.si\/page\/#\/schema\/logo\/image\/","url":"https:\/\/novice.si\/page\/wp-content\/uploads\/2023\/03\/novice_si.png","contentUrl":"https:\/\/novice.si\/page\/wp-content\/uploads\/2023\/03\/novice_si.png","width":576,"height":200,"caption":"Novice.si"},"image":{"@id":"https:\/\/novice.si\/page\/#\/schema\/logo\/image\/"}},{"@type":"Person","@id":"https:\/\/novice.si\/page\/#\/schema\/person\/92fda8564875f655675c886e4df22216","name":"Iztok Krajnc","image":{"@type":"ImageObject","inLanguage":"sl-SI","@id":"https:\/\/secure.gravatar.com\/avatar\/2790ff125f883a5a9cb934a574322d28ea850f8f4494d77b487c1950e0096015?s=96&d=mm&r=g","url":"https:\/\/secure.gravatar.com\/avatar\/2790ff125f883a5a9cb934a574322d28ea850f8f4494d77b487c1950e0096015?s=96&d=mm&r=g","contentUrl":"https:\/\/secure.gravatar.com\/avatar\/2790ff125f883a5a9cb934a574322d28ea850f8f4494d77b487c1950e0096015?s=96&d=mm&r=g","caption":"Iztok Krajnc"},"url":"https:\/\/novice.si\/page\/author\/iztok\/"}]}},"_links":{"self":[{"href":"https:\/\/novice.si\/page\/wp-json\/wp\/v2\/posts\/165467","targetHints":{"allow":["GET"]}}],"collection":[{"href":"https:\/\/novice.si\/page\/wp-json\/wp\/v2\/posts"}],"about":[{"href":"https:\/\/novice.si\/page\/wp-json\/wp\/v2\/types\/post"}],"author":[{"embeddable":true,"href":"https:\/\/novice.si\/page\/wp-json\/wp\/v2\/users\/10"}],"replies":[{"embeddable":true,"href":"https:\/\/novice.si\/page\/wp-json\/wp\/v2\/comments?post=165467"}],"version-history":[{"count":1,"href":"https:\/\/novice.si\/page\/wp-json\/wp\/v2\/posts\/165467\/revisions"}],"predecessor-version":[{"id":165470,"href":"https:\/\/novice.si\/page\/wp-json\/wp\/v2\/posts\/165467\/revisions\/165470"}],"wp:featuredmedia":[{"embeddable":true,"href":"https:\/\/novice.si\/page\/wp-json\/wp\/v2\/media\/165469"}],"wp:attachment":[{"href":"https:\/\/novice.si\/page\/wp-json\/wp\/v2\/media?parent=165467"}],"wp:term":[{"taxonomy":"category","embeddable":true,"href":"https:\/\/novice.si\/page\/wp-json\/wp\/v2\/categories?post=165467"},{"taxonomy":"post_tag","embeddable":true,"href":"https:\/\/novice.si\/page\/wp-json\/wp\/v2\/tags?post=165467"}],"curies":[{"name":"wp","href":"https:\/\/api.w.org\/{rel}","templated":true}]}}