{"id":165417,"date":"2023-07-30T21:58:10","date_gmt":"2023-07-30T19:58:10","guid":{"rendered":"https:\/\/novice.si\/page\/?p=165417"},"modified":"2023-07-30T22:10:00","modified_gmt":"2023-07-30T20:10:00","slug":"bistricanka-eva-knezevic-na-ofem-u-z-odbojkaricami-do-zlate-medalje-tekmovala-sta-se-dva-bistriska-sportnika","status":"publish","type":"post","link":"https:\/\/novice.si\/page\/bistricanka-eva-knezevic-na-ofem-u-z-odbojkaricami-do-zlate-medalje-tekmovala-sta-se-dva-bistriska-sportnika\/","title":{"rendered":"Bistri\u010danka Eva Kne\u017eevi\u010d na OFEM-u z odbojkaricami do zlate medalje, tekmovala sta \u0161e dva bistri\u0161ka \u0161portnika"},"content":{"rendered":"<p>V Mariboru se je v\u010deraj s sklepno prireditvijo na Trgu svobode, kon\u010dal enotedenski Olimpijski festival evropske mladine (OFEM), ki velja za najve\u010dji ve\u010dpano\u017eni \u0161portni dogodek v Evropi za mlade \u0161portnike med 14. in 18. letom. Na tekmovanju je sodelovalo ve\u010d kot 3000 \u0161portnikov iz 48 dr\u017eav, ki so se merili v enajstih \u0161portnih panogah. Slovenci so skupno osvojili devet medalj. Na tekmovanju so nastopili tudi trije bistri\u0161ki \u0161portniki \u2013 odbojkarica <strong>Eva Kne\u017eevi\u010d<\/strong>, judoistka <strong>Maja Mu\u0161i\u010d<\/strong> in atlet <strong>\u017dan Ritlop<\/strong>.<\/p>\n<p>Najuspe\u0161nej\u0161a je bila <strong>Eva Kne\u017eevi\u010d<\/strong> (na klubski ravni zastopa barve OK Nova KBM Branik II), ki je s slovensko odbojkarsko reprezentanco osvojila zlato medaljo. Mlade slovenske odbojkarice so dobile vseh pet tekem. V predtekmovanju so premagale reprezentance Nem\u010dije (3:0), Hrva\u0161ke (3:1) in Tur\u010dije (3:0). V polfinalu so bile bolj\u0161e od Mad\u017eark (3:0). V finalu pa so \u0161e drugi\u010d premagale Nem\u010dijo (3:0).<\/p>\n\r\n                <style type=\"text\/css\">\r\n                    \r\n                    #tdi_1  .td-doubleSlider-2 .td-item1 {\r\n                        background: url(https:\/\/novice.si\/page\/wp-content\/uploads\/2023\/07\/knezevic-80x60.jpg) 0 0 no-repeat;\r\n                    }\r\n                    #tdi_1  .td-doubleSlider-2 .td-item2 {\r\n                        background: url(https:\/\/novice.si\/page\/wp-content\/uploads\/2023\/07\/music-80x60.jpg) 0 0 no-repeat;\r\n                    }\r\n                    #tdi_1  .td-doubleSlider-2 .td-item3 {\r\n                        background: url(https:\/\/novice.si\/page\/wp-content\/uploads\/2023\/07\/ritlop-80x60.jpg) 0 0 no-repeat;\r\n                    }\r\n                    #tdi_1  .td-doubleSlider-2 .td-item4 {\r\n                        background: url(https:\/\/novice.si\/page\/wp-content\/uploads\/2023\/07\/sodniki-80x60.jpg) 0 0 no-repeat;\r\n                    }\r\n                <\/style>\r\n\r\n                <div id=\"tdi_1\" class=\"td-gallery td-slide-on-2-columns\">\r\n                    <div class=\"post_td_gallery\">\r\n                        <div class=\"td-gallery-slide-top\">\r\n                           <div class=\"td-gallery-title\"><\/div>\r\n\r\n                            <div class=\"td-gallery-controls-wrapper\">\r\n                                <div class=\"td-gallery-slide-count\"><span class=\"td-gallery-slide-item-focus\">1<\/span> od 4<\/div>\r\n                                <div class=\"td-gallery-slide-prev-next-but\">\r\n                                    <i class = \"td-icon-left doubleSliderPrevButton\"><\/i>\r\n                                    <i class = \"td-icon-right doubleSliderNextButton\"><\/i>\r\n                                <\/div>\r\n                            <\/div>\r\n                        <\/div>\r\n\r\n                        <div class = \"td-doubleSlider-1 \">\r\n                            <div class = \"td-slider\">\r\n                                \r\n                    <div class = \"td-slide-item td-item1\">\r\n                        <figure class=\"td-slide-galery-figure td-slide-popup-gallery\">\r\n                            <a class=\"slide-gallery-image-link\" href=\"https:\/\/novice.si\/page\/wp-content\/uploads\/2023\/07\/knezevic.jpg\" title=\"knezevic\"  data-caption=\"Odbojkarica Eva Kne\u017eevi\u010d\"  data-description=\"\" data-gallery>\r\n                                <img decoding=\"async\" src=\"https:\/\/novice.si\/page\/wp-content\/uploads\/2023\/07\/knezevic-277x420.jpg\" srcset=\"https:\/\/novice.si\/page\/wp-content\/uploads\/2023\/07\/knezevic-277x420.jpg 277w, https:\/\/novice.si\/page\/wp-content\/uploads\/2023\/07\/knezevic-396x600.jpg 396w, https:\/\/novice.si\/page\/wp-content\/uploads\/2023\/07\/knezevic-16x24.jpg 16w, https:\/\/novice.si\/page\/wp-content\/uploads\/2023\/07\/knezevic-24x36.jpg 24w, https:\/\/novice.si\/page\/wp-content\/uploads\/2023\/07\/knezevic-32x48.jpg 32w, https:\/\/novice.si\/page\/wp-content\/uploads\/2023\/07\/knezevic.jpg 548w\" sizes=\"(max-width: 277px) 100vw, 277px\" alt=\"\">\r\n                            <\/a>\r\n                            <figcaption class = \"td-slide-caption td-gallery-slide-content\"><div class = \"td-gallery-slide-copywrite\">Odbojkarica Eva Kne\u017eevi\u010d<\/div><\/figcaption>\r\n                        <\/figure>\r\n                    <\/div>\r\n                    <div class = \"td-slide-item td-item2\">\r\n                        <figure class=\"td-slide-galery-figure td-slide-popup-gallery\">\r\n                            <a class=\"slide-gallery-image-link\" href=\"https:\/\/novice.si\/page\/wp-content\/uploads\/2023\/07\/music.jpg\" title=\"music\"  data-caption=\"Judoistka Maja Mu\u0161i\u010d\"  data-description=\"\" data-gallery>\r\n                                <img decoding=\"async\" src=\"https:\/\/novice.si\/page\/wp-content\/uploads\/2023\/07\/music-278x420.jpg\" srcset=\"https:\/\/novice.si\/page\/wp-content\/uploads\/2023\/07\/music-278x420.jpg 278w, https:\/\/novice.si\/page\/wp-content\/uploads\/2023\/07\/music-397x600.jpg 397w, https:\/\/novice.si\/page\/wp-content\/uploads\/2023\/07\/music-16x24.jpg 16w, https:\/\/novice.si\/page\/wp-content\/uploads\/2023\/07\/music-24x36.jpg 24w, https:\/\/novice.si\/page\/wp-content\/uploads\/2023\/07\/music-32x48.jpg 32w, https:\/\/novice.si\/page\/wp-content\/uploads\/2023\/07\/music.jpg 552w\" sizes=\"(max-width: 278px) 100vw, 278px\" alt=\"\">\r\n                            <\/a>\r\n                            <figcaption class = \"td-slide-caption td-gallery-slide-content\"><div class = \"td-gallery-slide-copywrite\">Judoistka Maja Mu\u0161i\u010d<\/div><\/figcaption>\r\n                        <\/figure>\r\n                    <\/div>\r\n                    <div class = \"td-slide-item td-item3\">\r\n                        <figure class=\"td-slide-galery-figure td-slide-popup-gallery\">\r\n                            <a class=\"slide-gallery-image-link\" href=\"https:\/\/novice.si\/page\/wp-content\/uploads\/2023\/07\/ritlop.jpg\" title=\"ritlop\"  data-caption=\"Atlet \u017dan Ritlop\"  data-description=\"\" data-gallery>\r\n                                <img decoding=\"async\" src=\"https:\/\/novice.si\/page\/wp-content\/uploads\/2023\/07\/ritlop-279x420.jpg\" srcset=\"https:\/\/novice.si\/page\/wp-content\/uploads\/2023\/07\/ritlop-279x420.jpg 279w, https:\/\/novice.si\/page\/wp-content\/uploads\/2023\/07\/ritlop-398x600.jpg 398w, https:\/\/novice.si\/page\/wp-content\/uploads\/2023\/07\/ritlop-16x24.jpg 16w, https:\/\/novice.si\/page\/wp-content\/uploads\/2023\/07\/ritlop-24x36.jpg 24w, https:\/\/novice.si\/page\/wp-content\/uploads\/2023\/07\/ritlop-32x48.jpg 32w, https:\/\/novice.si\/page\/wp-content\/uploads\/2023\/07\/ritlop.jpg 492w\" sizes=\"(max-width: 279px) 100vw, 279px\" alt=\"\">\r\n                            <\/a>\r\n                            <figcaption class = \"td-slide-caption td-gallery-slide-content\"><div class = \"td-gallery-slide-copywrite\">Atlet \u017dan Ritlop<\/div><\/figcaption>\r\n                        <\/figure>\r\n                    <\/div>\r\n                    <div class = \"td-slide-item td-item4\">\r\n                        <figure class=\"td-slide-galery-figure td-slide-popup-gallery\">\r\n                            <a class=\"slide-gallery-image-link\" href=\"https:\/\/novice.si\/page\/wp-content\/uploads\/2023\/07\/sodniki.jpg\" title=\"sodniki\"  data-caption=\"Trenerji in atleti v vlogi tehni\u010dne slu\u017ebe, sodnikov in prostovoljcev iz bistri\u0161kega Atletskega dru\u0161tva. \"  data-description=\"\" data-gallery>\r\n                                <img decoding=\"async\" src=\"https:\/\/novice.si\/page\/wp-content\/uploads\/2023\/07\/sodniki-560x420.jpg\" srcset=\"https:\/\/novice.si\/page\/wp-content\/uploads\/2023\/07\/sodniki-560x420.jpg 560w, https:\/\/novice.si\/page\/wp-content\/uploads\/2023\/07\/sodniki-600x450.jpg 600w, https:\/\/novice.si\/page\/wp-content\/uploads\/2023\/07\/sodniki-1024x768.jpg 1024w, https:\/\/novice.si\/page\/wp-content\/uploads\/2023\/07\/sodniki-768x576.jpg 768w, https:\/\/novice.si\/page\/wp-content\/uploads\/2023\/07\/sodniki-1536x1152.jpg 1536w, https:\/\/novice.si\/page\/wp-content\/uploads\/2023\/07\/sodniki-80x60.jpg 80w, https:\/\/novice.si\/page\/wp-content\/uploads\/2023\/07\/sodniki-265x198.jpg 265w, https:\/\/novice.si\/page\/wp-content\/uploads\/2023\/07\/sodniki-696x522.jpg 696w, https:\/\/novice.si\/page\/wp-content\/uploads\/2023\/07\/sodniki-1068x801.jpg 1068w, https:\/\/novice.si\/page\/wp-content\/uploads\/2023\/07\/sodniki-24x18.jpg 24w, https:\/\/novice.si\/page\/wp-content\/uploads\/2023\/07\/sodniki-36x27.jpg 36w, https:\/\/novice.si\/page\/wp-content\/uploads\/2023\/07\/sodniki-48x36.jpg 48w, https:\/\/novice.si\/page\/wp-content\/uploads\/2023\/07\/sodniki.jpg 2048w\" sizes=\"(max-width: 560px) 100vw, 560px\" alt=\"\">\r\n                            <\/a>\r\n                            <figcaption class = \"td-slide-caption td-gallery-slide-content\"><div class = \"td-gallery-slide-copywrite\">Trenerji in atleti v vlogi tehni\u010dne slu\u017ebe, sodnikov in prostovoljcev iz bistri\u0161kega Atletskega dru\u0161tva. <\/div><\/figcaption>\r\n                        <\/figure>\r\n                    <\/div>\r\n                            <\/div>\r\n                        <\/div>\r\n\r\n                        <div class = \"td-doubleSlider-2\">\r\n                            <div class = \"td-slider\">\r\n                                \r\n                    <div class = \"td-button td-item1\">\r\n                        <div class = \"td-border\"><\/div>\r\n                    <\/div>\r\n                    <div class = \"td-button td-item2\">\r\n                        <div class = \"td-border\"><\/div>\r\n                    <\/div>\r\n                    <div class = \"td-button td-item3\">\r\n                        <div class = \"td-border\"><\/div>\r\n                    <\/div>\r\n                    <div class = \"td-button td-item4\">\r\n                        <div class = \"td-border\"><\/div>\r\n                    <\/div>\r\n                            <\/div>\r\n                        <\/div>\r\n\r\n                    <\/div>\r\n\r\n                <\/div>\r\n                \n<p>Judoistka <strong>Maja Mu\u0161i\u010d<\/strong> (na klubski ravni zastopa barve Judo kluba Apolon iz Ho\u010d) je med posameznicami nastopila v kategoriji nad 70 kg. V uvodnem krogu je morala priznati premo\u010d Italijanki Caponetto. Z reprezentanco je nastopila tudi v ekipnem delu. \u010ceprav je ugnala Gruzijko Papidze, so Slovenci proti Gruziji izgubili z 2:4. Nato je bila v repasa\u017eu od njih \u0161e bolj\u0161a Ukrajina. Na koncu so ekipno osvojili sedmo mesto.<\/p>\n<p>Atlet <strong>\u017dan Ritlop<\/strong> (na klubski ravni zastopa barve Atletskega dru\u0161tva Slovenska Bistrica) je v posami\u010dni konkurenci nastopil v teku na 100 metrov in tekmovanje kon\u010dal v prvem krogu. V \u010detrti predtekmovalni skupini je s \u010dasom 11,15 (-0,8 m\/s) osvojil peto mesto, kar ni zado\u0161\u010dalo za preboj v polfinale. Skupno je dosegel 20. \u010das. Bil je tudi \u010dlan mo\u0161ke \u0161tafete tekov 100 + 200 + 300 + 400 m, ki so jo ob njem sestavljali \u0161e <strong>Alja\u017e \u0160krinjar, Val Velkavrh<\/strong> in<strong> \u017dan Ogrinc.<\/strong> V kvalifikacijah \u0161tafetnega teka so postavili dr\u017eavni rekord, v finalu pa so osvojili sedmo mesto po ponesre\u010deni zadnji predaji. Tekli so 1:58,53. Dodajmo \u0161e, da so na atletskem tekmovanju pomagali tudi trenerji in atleti v vlogi tehni\u010dne slu\u017ebe, sodnikov in prostovoljcev iz bistri\u0161kega Atletskega dru\u0161tva.(D.G., Foto: ofemmb2023.olympic.si, FB &#8211; Atletsko dru\u0161tvo Slovenska Bistrica)<\/p>\n<p>&nbsp;<\/p>\n","protected":false},"excerpt":{"rendered":"<p>V Mariboru se je v\u010deraj s sklepno prireditvijo na Trgu svobode, kon\u010dal enotedenski Olimpijski festival evropske mladine (OFEM), ki velja za najve\u010dji ve\u010dpano\u017eni \u0161portni dogodek v Evropi za mlade \u0161portnike med 14. in 18. letom. Na tekmovanju je sodelovalo ve\u010d kot 3000 \u0161portnikov iz 48 dr\u017eav, ki so se merili v enajstih \u0161portnih panogah. Slovenci [&hellip;]<\/p>\n","protected":false},"author":12,"featured_media":165420,"comment_status":"closed","ping_status":"closed","sticky":false,"template":"","format":"standard","meta":{"footnotes":""},"categories":[14,32,68],"tags":[18420,18421,366,18419,18422,15312],"class_list":{"0":"post-165417","1":"post","2":"type-post","3":"status-publish","4":"format-standard","5":"has-post-thumbnail","7":"category-aktualno","8":"category-bistrisko","9":"category-sport","10":"tag-eva-knezevic","11":"tag-maja-music","12":"tag-maribor","13":"tag-ofem-2023","14":"tag-zan-ritlop","15":"tag-zlata-medalja"},"yoast_head":"<!-- This site is optimized with the Yoast SEO plugin v27.4 - https:\/\/yoast.com\/product\/yoast-seo-wordpress\/ -->\n<title>Bistri\u010danka Eva Kne\u017eevi\u010d na OFEM-u z odbojkaricami do zlate medalje, tekmovala sta \u0161e dva bistri\u0161ka \u0161portnika - Novice.si<\/title>\n<meta name=\"robots\" content=\"index, follow, max-snippet:-1, max-image-preview:large, max-video-preview:-1\" \/>\n<link rel=\"canonical\" href=\"https:\/\/novice.si\/page\/bistricanka-eva-knezevic-na-ofem-u-z-odbojkaricami-do-zlate-medalje-tekmovala-sta-se-dva-bistriska-sportnika\/\" \/>\n<meta property=\"og:locale\" content=\"sl_SI\" \/>\n<meta property=\"og:type\" content=\"article\" \/>\n<meta property=\"og:title\" content=\"Bistri\u010danka Eva Kne\u017eevi\u010d na OFEM-u z odbojkaricami do zlate medalje, tekmovala sta \u0161e dva bistri\u0161ka \u0161portnika - Novice.si\" \/>\n<meta property=\"og:description\" content=\"V Mariboru se je v\u010deraj s sklepno prireditvijo na Trgu svobode, kon\u010dal enotedenski Olimpijski festival evropske mladine (OFEM), ki velja za najve\u010dji ve\u010dpano\u017eni \u0161portni dogodek v Evropi za mlade \u0161portnike med 14. in 18. letom. Na tekmovanju je sodelovalo ve\u010d kot 3000 \u0161portnikov iz 48 dr\u017eav, ki so se merili v enajstih \u0161portnih panogah. Slovenci [&hellip;]\" \/>\n<meta property=\"og:url\" content=\"https:\/\/novice.si\/page\/bistricanka-eva-knezevic-na-ofem-u-z-odbojkaricami-do-zlate-medalje-tekmovala-sta-se-dva-bistriska-sportnika\/\" \/>\n<meta property=\"og:site_name\" content=\"Novice.si\" \/>\n<meta property=\"article:published_time\" content=\"2023-07-30T19:58:10+00:00\" \/>\n<meta property=\"article:modified_time\" content=\"2023-07-30T20:10:00+00:00\" \/>\n<meta property=\"og:image\" content=\"https:\/\/novice.si\/page\/wp-content\/uploads\/2023\/07\/odbojka.jpg\" \/>\n\t<meta property=\"og:image:width\" content=\"1252\" \/>\n\t<meta property=\"og:image:height\" content=\"832\" \/>\n\t<meta property=\"og:image:type\" content=\"image\/jpeg\" \/>\n<meta name=\"author\" content=\"Uredni\u0161tvo Celjana\" \/>\n<meta name=\"twitter:card\" content=\"summary_large_image\" \/>\n<meta name=\"twitter:label1\" content=\"Written by\" \/>\n\t<meta name=\"twitter:data1\" content=\"Uredni\u0161tvo Celjana\" \/>\n\t<meta name=\"twitter:label2\" content=\"Est. reading time\" \/>\n\t<meta name=\"twitter:data2\" content=\"2 minuti\" \/>\n<script type=\"application\/ld+json\" class=\"yoast-schema-graph\">{\"@context\":\"https:\\\/\\\/schema.org\",\"@graph\":[{\"@type\":\"Article\",\"@id\":\"https:\\\/\\\/novice.si\\\/page\\\/bistricanka-eva-knezevic-na-ofem-u-z-odbojkaricami-do-zlate-medalje-tekmovala-sta-se-dva-bistriska-sportnika\\\/#article\",\"isPartOf\":{\"@id\":\"https:\\\/\\\/novice.si\\\/page\\\/bistricanka-eva-knezevic-na-ofem-u-z-odbojkaricami-do-zlate-medalje-tekmovala-sta-se-dva-bistriska-sportnika\\\/\"},\"author\":{\"name\":\"Uredni\u0161tvo Celjana\",\"@id\":\"https:\\\/\\\/novice.si\\\/page\\\/#\\\/schema\\\/person\\\/51903923b50fefb075bc1cd24fe4d065\"},\"headline\":\"Bistri\u010danka Eva Kne\u017eevi\u010d na OFEM-u z odbojkaricami do zlate medalje, tekmovala sta \u0161e dva bistri\u0161ka \u0161portnika\",\"datePublished\":\"2023-07-30T19:58:10+00:00\",\"dateModified\":\"2023-07-30T20:10:00+00:00\",\"mainEntityOfPage\":{\"@id\":\"https:\\\/\\\/novice.si\\\/page\\\/bistricanka-eva-knezevic-na-ofem-u-z-odbojkaricami-do-zlate-medalje-tekmovala-sta-se-dva-bistriska-sportnika\\\/\"},\"wordCount\":389,\"publisher\":{\"@id\":\"https:\\\/\\\/novice.si\\\/page\\\/#organization\"},\"image\":{\"@id\":\"https:\\\/\\\/novice.si\\\/page\\\/bistricanka-eva-knezevic-na-ofem-u-z-odbojkaricami-do-zlate-medalje-tekmovala-sta-se-dva-bistriska-sportnika\\\/#primaryimage\"},\"thumbnailUrl\":\"https:\\\/\\\/novice.si\\\/page\\\/wp-content\\\/uploads\\\/2023\\\/07\\\/odbojka.jpg\",\"keywords\":[\"Eva Kne\u017eevi\u010d\",\"Maja Mu\u0161i\u010d\",\"Maribor\",\"OFEM 2023\",\"\u017dan Ritlop\",\"zlata medalja\"],\"articleSection\":[\"Aktualno\",\"Bistri\u0161ko\",\"\u0160port\"],\"inLanguage\":\"sl-SI\"},{\"@type\":\"WebPage\",\"@id\":\"https:\\\/\\\/novice.si\\\/page\\\/bistricanka-eva-knezevic-na-ofem-u-z-odbojkaricami-do-zlate-medalje-tekmovala-sta-se-dva-bistriska-sportnika\\\/\",\"url\":\"https:\\\/\\\/novice.si\\\/page\\\/bistricanka-eva-knezevic-na-ofem-u-z-odbojkaricami-do-zlate-medalje-tekmovala-sta-se-dva-bistriska-sportnika\\\/\",\"name\":\"Bistri\u010danka Eva Kne\u017eevi\u010d na OFEM-u z odbojkaricami do zlate medalje, tekmovala sta \u0161e dva bistri\u0161ka \u0161portnika - Novice.si\",\"isPartOf\":{\"@id\":\"https:\\\/\\\/novice.si\\\/page\\\/#website\"},\"primaryImageOfPage\":{\"@id\":\"https:\\\/\\\/novice.si\\\/page\\\/bistricanka-eva-knezevic-na-ofem-u-z-odbojkaricami-do-zlate-medalje-tekmovala-sta-se-dva-bistriska-sportnika\\\/#primaryimage\"},\"image\":{\"@id\":\"https:\\\/\\\/novice.si\\\/page\\\/bistricanka-eva-knezevic-na-ofem-u-z-odbojkaricami-do-zlate-medalje-tekmovala-sta-se-dva-bistriska-sportnika\\\/#primaryimage\"},\"thumbnailUrl\":\"https:\\\/\\\/novice.si\\\/page\\\/wp-content\\\/uploads\\\/2023\\\/07\\\/odbojka.jpg\",\"datePublished\":\"2023-07-30T19:58:10+00:00\",\"dateModified\":\"2023-07-30T20:10:00+00:00\",\"breadcrumb\":{\"@id\":\"https:\\\/\\\/novice.si\\\/page\\\/bistricanka-eva-knezevic-na-ofem-u-z-odbojkaricami-do-zlate-medalje-tekmovala-sta-se-dva-bistriska-sportnika\\\/#breadcrumb\"},\"inLanguage\":\"sl-SI\",\"potentialAction\":[{\"@type\":\"ReadAction\",\"target\":[\"https:\\\/\\\/novice.si\\\/page\\\/bistricanka-eva-knezevic-na-ofem-u-z-odbojkaricami-do-zlate-medalje-tekmovala-sta-se-dva-bistriska-sportnika\\\/\"]}]},{\"@type\":\"ImageObject\",\"inLanguage\":\"sl-SI\",\"@id\":\"https:\\\/\\\/novice.si\\\/page\\\/bistricanka-eva-knezevic-na-ofem-u-z-odbojkaricami-do-zlate-medalje-tekmovala-sta-se-dva-bistriska-sportnika\\\/#primaryimage\",\"url\":\"https:\\\/\\\/novice.si\\\/page\\\/wp-content\\\/uploads\\\/2023\\\/07\\\/odbojka.jpg\",\"contentUrl\":\"https:\\\/\\\/novice.si\\\/page\\\/wp-content\\\/uploads\\\/2023\\\/07\\\/odbojka.jpg\",\"width\":1252,\"height\":832},{\"@type\":\"BreadcrumbList\",\"@id\":\"https:\\\/\\\/novice.si\\\/page\\\/bistricanka-eva-knezevic-na-ofem-u-z-odbojkaricami-do-zlate-medalje-tekmovala-sta-se-dva-bistriska-sportnika\\\/#breadcrumb\",\"itemListElement\":[{\"@type\":\"ListItem\",\"position\":1,\"name\":\"Home\",\"item\":\"https:\\\/\\\/novice.si\\\/page\\\/\"},{\"@type\":\"ListItem\",\"position\":2,\"name\":\"Bistri\u010danka Eva Kne\u017eevi\u010d na OFEM-u z odbojkaricami do zlate medalje, tekmovala sta \u0161e dva bistri\u0161ka \u0161portnika\"}]},{\"@type\":\"WebSite\",\"@id\":\"https:\\\/\\\/novice.si\\\/page\\\/#website\",\"url\":\"https:\\\/\\\/novice.si\\\/page\\\/\",\"name\":\"Novice.si\",\"description\":\"\",\"publisher\":{\"@id\":\"https:\\\/\\\/novice.si\\\/page\\\/#organization\"},\"potentialAction\":[{\"@type\":\"SearchAction\",\"target\":{\"@type\":\"EntryPoint\",\"urlTemplate\":\"https:\\\/\\\/novice.si\\\/page\\\/?s={search_term_string}\"},\"query-input\":{\"@type\":\"PropertyValueSpecification\",\"valueRequired\":true,\"valueName\":\"search_term_string\"}}],\"inLanguage\":\"sl-SI\"},{\"@type\":\"Organization\",\"@id\":\"https:\\\/\\\/novice.si\\\/page\\\/#organization\",\"name\":\"Novice.si\",\"url\":\"https:\\\/\\\/novice.si\\\/page\\\/\",\"logo\":{\"@type\":\"ImageObject\",\"inLanguage\":\"sl-SI\",\"@id\":\"https:\\\/\\\/novice.si\\\/page\\\/#\\\/schema\\\/logo\\\/image\\\/\",\"url\":\"https:\\\/\\\/novice.si\\\/page\\\/wp-content\\\/uploads\\\/2023\\\/03\\\/novice_si.png\",\"contentUrl\":\"https:\\\/\\\/novice.si\\\/page\\\/wp-content\\\/uploads\\\/2023\\\/03\\\/novice_si.png\",\"width\":576,\"height\":200,\"caption\":\"Novice.si\"},\"image\":{\"@id\":\"https:\\\/\\\/novice.si\\\/page\\\/#\\\/schema\\\/logo\\\/image\\\/\"}},{\"@type\":\"Person\",\"@id\":\"https:\\\/\\\/novice.si\\\/page\\\/#\\\/schema\\\/person\\\/51903923b50fefb075bc1cd24fe4d065\",\"name\":\"Uredni\u0161tvo Celjana\",\"image\":{\"@type\":\"ImageObject\",\"inLanguage\":\"sl-SI\",\"@id\":\"https:\\\/\\\/secure.gravatar.com\\\/avatar\\\/b516f102aa90b53619e09722b8ea56721c99bfcb4f1035f9b333d99f52330226?s=96&d=mm&r=g\",\"url\":\"https:\\\/\\\/secure.gravatar.com\\\/avatar\\\/b516f102aa90b53619e09722b8ea56721c99bfcb4f1035f9b333d99f52330226?s=96&d=mm&r=g\",\"contentUrl\":\"https:\\\/\\\/secure.gravatar.com\\\/avatar\\\/b516f102aa90b53619e09722b8ea56721c99bfcb4f1035f9b333d99f52330226?s=96&d=mm&r=g\",\"caption\":\"Uredni\u0161tvo Celjana\"},\"url\":\"https:\\\/\\\/novice.si\\\/page\\\/author\\\/nejc\\\/\"}]}<\/script>\n<!-- \/ Yoast SEO plugin. -->","yoast_head_json":{"title":"Bistri\u010danka Eva Kne\u017eevi\u010d na OFEM-u z odbojkaricami do zlate medalje, tekmovala sta \u0161e dva bistri\u0161ka \u0161portnika - Novice.si","robots":{"index":"index","follow":"follow","max-snippet":"max-snippet:-1","max-image-preview":"max-image-preview:large","max-video-preview":"max-video-preview:-1"},"canonical":"https:\/\/novice.si\/page\/bistricanka-eva-knezevic-na-ofem-u-z-odbojkaricami-do-zlate-medalje-tekmovala-sta-se-dva-bistriska-sportnika\/","og_locale":"sl_SI","og_type":"article","og_title":"Bistri\u010danka Eva Kne\u017eevi\u010d na OFEM-u z odbojkaricami do zlate medalje, tekmovala sta \u0161e dva bistri\u0161ka \u0161portnika - Novice.si","og_description":"V Mariboru se je v\u010deraj s sklepno prireditvijo na Trgu svobode, kon\u010dal enotedenski Olimpijski festival evropske mladine (OFEM), ki velja za najve\u010dji ve\u010dpano\u017eni \u0161portni dogodek v Evropi za mlade \u0161portnike med 14. in 18. letom. Na tekmovanju je sodelovalo ve\u010d kot 3000 \u0161portnikov iz 48 dr\u017eav, ki so se merili v enajstih \u0161portnih panogah. Slovenci [&hellip;]","og_url":"https:\/\/novice.si\/page\/bistricanka-eva-knezevic-na-ofem-u-z-odbojkaricami-do-zlate-medalje-tekmovala-sta-se-dva-bistriska-sportnika\/","og_site_name":"Novice.si","article_published_time":"2023-07-30T19:58:10+00:00","article_modified_time":"2023-07-30T20:10:00+00:00","og_image":[{"width":1252,"height":832,"url":"https:\/\/novice.si\/page\/wp-content\/uploads\/2023\/07\/odbojka.jpg","type":"image\/jpeg"}],"author":"Uredni\u0161tvo Celjana","twitter_card":"summary_large_image","twitter_misc":{"Written by":"Uredni\u0161tvo Celjana","Est. reading time":"2 minuti"},"schema":{"@context":"https:\/\/schema.org","@graph":[{"@type":"Article","@id":"https:\/\/novice.si\/page\/bistricanka-eva-knezevic-na-ofem-u-z-odbojkaricami-do-zlate-medalje-tekmovala-sta-se-dva-bistriska-sportnika\/#article","isPartOf":{"@id":"https:\/\/novice.si\/page\/bistricanka-eva-knezevic-na-ofem-u-z-odbojkaricami-do-zlate-medalje-tekmovala-sta-se-dva-bistriska-sportnika\/"},"author":{"name":"Uredni\u0161tvo Celjana","@id":"https:\/\/novice.si\/page\/#\/schema\/person\/51903923b50fefb075bc1cd24fe4d065"},"headline":"Bistri\u010danka Eva Kne\u017eevi\u010d na OFEM-u z odbojkaricami do zlate medalje, tekmovala sta \u0161e dva bistri\u0161ka \u0161portnika","datePublished":"2023-07-30T19:58:10+00:00","dateModified":"2023-07-30T20:10:00+00:00","mainEntityOfPage":{"@id":"https:\/\/novice.si\/page\/bistricanka-eva-knezevic-na-ofem-u-z-odbojkaricami-do-zlate-medalje-tekmovala-sta-se-dva-bistriska-sportnika\/"},"wordCount":389,"publisher":{"@id":"https:\/\/novice.si\/page\/#organization"},"image":{"@id":"https:\/\/novice.si\/page\/bistricanka-eva-knezevic-na-ofem-u-z-odbojkaricami-do-zlate-medalje-tekmovala-sta-se-dva-bistriska-sportnika\/#primaryimage"},"thumbnailUrl":"https:\/\/novice.si\/page\/wp-content\/uploads\/2023\/07\/odbojka.jpg","keywords":["Eva Kne\u017eevi\u010d","Maja Mu\u0161i\u010d","Maribor","OFEM 2023","\u017dan Ritlop","zlata medalja"],"articleSection":["Aktualno","Bistri\u0161ko","\u0160port"],"inLanguage":"sl-SI"},{"@type":"WebPage","@id":"https:\/\/novice.si\/page\/bistricanka-eva-knezevic-na-ofem-u-z-odbojkaricami-do-zlate-medalje-tekmovala-sta-se-dva-bistriska-sportnika\/","url":"https:\/\/novice.si\/page\/bistricanka-eva-knezevic-na-ofem-u-z-odbojkaricami-do-zlate-medalje-tekmovala-sta-se-dva-bistriska-sportnika\/","name":"Bistri\u010danka Eva Kne\u017eevi\u010d na OFEM-u z odbojkaricami do zlate medalje, tekmovala sta \u0161e dva bistri\u0161ka \u0161portnika - Novice.si","isPartOf":{"@id":"https:\/\/novice.si\/page\/#website"},"primaryImageOfPage":{"@id":"https:\/\/novice.si\/page\/bistricanka-eva-knezevic-na-ofem-u-z-odbojkaricami-do-zlate-medalje-tekmovala-sta-se-dva-bistriska-sportnika\/#primaryimage"},"image":{"@id":"https:\/\/novice.si\/page\/bistricanka-eva-knezevic-na-ofem-u-z-odbojkaricami-do-zlate-medalje-tekmovala-sta-se-dva-bistriska-sportnika\/#primaryimage"},"thumbnailUrl":"https:\/\/novice.si\/page\/wp-content\/uploads\/2023\/07\/odbojka.jpg","datePublished":"2023-07-30T19:58:10+00:00","dateModified":"2023-07-30T20:10:00+00:00","breadcrumb":{"@id":"https:\/\/novice.si\/page\/bistricanka-eva-knezevic-na-ofem-u-z-odbojkaricami-do-zlate-medalje-tekmovala-sta-se-dva-bistriska-sportnika\/#breadcrumb"},"inLanguage":"sl-SI","potentialAction":[{"@type":"ReadAction","target":["https:\/\/novice.si\/page\/bistricanka-eva-knezevic-na-ofem-u-z-odbojkaricami-do-zlate-medalje-tekmovala-sta-se-dva-bistriska-sportnika\/"]}]},{"@type":"ImageObject","inLanguage":"sl-SI","@id":"https:\/\/novice.si\/page\/bistricanka-eva-knezevic-na-ofem-u-z-odbojkaricami-do-zlate-medalje-tekmovala-sta-se-dva-bistriska-sportnika\/#primaryimage","url":"https:\/\/novice.si\/page\/wp-content\/uploads\/2023\/07\/odbojka.jpg","contentUrl":"https:\/\/novice.si\/page\/wp-content\/uploads\/2023\/07\/odbojka.jpg","width":1252,"height":832},{"@type":"BreadcrumbList","@id":"https:\/\/novice.si\/page\/bistricanka-eva-knezevic-na-ofem-u-z-odbojkaricami-do-zlate-medalje-tekmovala-sta-se-dva-bistriska-sportnika\/#breadcrumb","itemListElement":[{"@type":"ListItem","position":1,"name":"Home","item":"https:\/\/novice.si\/page\/"},{"@type":"ListItem","position":2,"name":"Bistri\u010danka Eva Kne\u017eevi\u010d na OFEM-u z odbojkaricami do zlate medalje, tekmovala sta \u0161e dva bistri\u0161ka \u0161portnika"}]},{"@type":"WebSite","@id":"https:\/\/novice.si\/page\/#website","url":"https:\/\/novice.si\/page\/","name":"Novice.si","description":"","publisher":{"@id":"https:\/\/novice.si\/page\/#organization"},"potentialAction":[{"@type":"SearchAction","target":{"@type":"EntryPoint","urlTemplate":"https:\/\/novice.si\/page\/?s={search_term_string}"},"query-input":{"@type":"PropertyValueSpecification","valueRequired":true,"valueName":"search_term_string"}}],"inLanguage":"sl-SI"},{"@type":"Organization","@id":"https:\/\/novice.si\/page\/#organization","name":"Novice.si","url":"https:\/\/novice.si\/page\/","logo":{"@type":"ImageObject","inLanguage":"sl-SI","@id":"https:\/\/novice.si\/page\/#\/schema\/logo\/image\/","url":"https:\/\/novice.si\/page\/wp-content\/uploads\/2023\/03\/novice_si.png","contentUrl":"https:\/\/novice.si\/page\/wp-content\/uploads\/2023\/03\/novice_si.png","width":576,"height":200,"caption":"Novice.si"},"image":{"@id":"https:\/\/novice.si\/page\/#\/schema\/logo\/image\/"}},{"@type":"Person","@id":"https:\/\/novice.si\/page\/#\/schema\/person\/51903923b50fefb075bc1cd24fe4d065","name":"Uredni\u0161tvo Celjana","image":{"@type":"ImageObject","inLanguage":"sl-SI","@id":"https:\/\/secure.gravatar.com\/avatar\/b516f102aa90b53619e09722b8ea56721c99bfcb4f1035f9b333d99f52330226?s=96&d=mm&r=g","url":"https:\/\/secure.gravatar.com\/avatar\/b516f102aa90b53619e09722b8ea56721c99bfcb4f1035f9b333d99f52330226?s=96&d=mm&r=g","contentUrl":"https:\/\/secure.gravatar.com\/avatar\/b516f102aa90b53619e09722b8ea56721c99bfcb4f1035f9b333d99f52330226?s=96&d=mm&r=g","caption":"Uredni\u0161tvo Celjana"},"url":"https:\/\/novice.si\/page\/author\/nejc\/"}]}},"_links":{"self":[{"href":"https:\/\/novice.si\/page\/wp-json\/wp\/v2\/posts\/165417","targetHints":{"allow":["GET"]}}],"collection":[{"href":"https:\/\/novice.si\/page\/wp-json\/wp\/v2\/posts"}],"about":[{"href":"https:\/\/novice.si\/page\/wp-json\/wp\/v2\/types\/post"}],"author":[{"embeddable":true,"href":"https:\/\/novice.si\/page\/wp-json\/wp\/v2\/users\/12"}],"replies":[{"embeddable":true,"href":"https:\/\/novice.si\/page\/wp-json\/wp\/v2\/comments?post=165417"}],"version-history":[{"count":6,"href":"https:\/\/novice.si\/page\/wp-json\/wp\/v2\/posts\/165417\/revisions"}],"predecessor-version":[{"id":165431,"href":"https:\/\/novice.si\/page\/wp-json\/wp\/v2\/posts\/165417\/revisions\/165431"}],"wp:featuredmedia":[{"embeddable":true,"href":"https:\/\/novice.si\/page\/wp-json\/wp\/v2\/media\/165420"}],"wp:attachment":[{"href":"https:\/\/novice.si\/page\/wp-json\/wp\/v2\/media?parent=165417"}],"wp:term":[{"taxonomy":"category","embeddable":true,"href":"https:\/\/novice.si\/page\/wp-json\/wp\/v2\/categories?post=165417"},{"taxonomy":"post_tag","embeddable":true,"href":"https:\/\/novice.si\/page\/wp-json\/wp\/v2\/tags?post=165417"}],"curies":[{"name":"wp","href":"https:\/\/api.w.org\/{rel}","templated":true}]}}