{"id":165336,"date":"2023-07-26T09:48:04","date_gmt":"2023-07-26T07:48:04","guid":{"rendered":"https:\/\/novice.si\/page\/?p=165336"},"modified":"2023-07-26T09:48:04","modified_gmt":"2023-07-26T07:48:04","slug":"v-podjetju-alumero-iz-slovenske-bistrice-zanikajo-obtozbe-o-izkoriscanju-ali-diskriminaciji-ukrajinskih-delavcev","status":"publish","type":"post","link":"https:\/\/novice.si\/page\/v-podjetju-alumero-iz-slovenske-bistrice-zanikajo-obtozbe-o-izkoriscanju-ali-diskriminaciji-ukrajinskih-delavcev\/","title":{"rendered":"V podjetju Alumero iz Slovenske Bistrice zanikajo obto\u017ebe o izkori\u0161\u010danju ali diskriminaciji\u00a0ukrajinskih delavcev"},"content":{"rendered":"<p>V podjetju Alumero iz Slovenske Bistrice zanikajo obto\u017ebe o izkori\u0161\u010danju ali diskriminaciji\u00a0ukrajinskih delavcev. V sporo\u010dilu za javnost so pojasnili, da so takoj po tem, ko so bili s strani In\u0161pektorata za delo obve\u0161\u010deni o nepravilnostih pri zaposlovanju tujih delavcev, vseh 28 ukrajinskih delavcev zaposlili znotraj lastne dru\u017ebe. Prav tako pa tudi pla\u010dali celotno kazen In\u0161pektorata.<br \/>\n<strong>Dru\u017eba Alumero<\/strong> v Slovenski Bistrici med drugim proizvaja nosilne konstrukcije za son\u010dne elektrarne. Kot \u0161tevilna druga podjetja se soo\u010dajo s te\u017eavami pri iskanju delovne sile. Re\u0161itve i\u0161\u010dejo tudi v tujini.<br \/>\nPri napotitvi ukrajinskih delavcev v njihovo podjetje so \u2013 kot pojasnjujejo &#8211; naredili napako, saj so sklenili pogodbo s podjetjema, za kateri se je izkazalo, da nimata zakonitih dovoljenj za posredovanje delavcev. Pred sklenitvijo dogovora je podjetje opravilo pravno preverbo poslovnega dogovora, vendar se je kasneje izkazalo, da ni skladen s slovensko zakonodajo.<\/p>\n\r\n                <style type=\"text\/css\">\r\n                    \r\n                    #tdi_1  .td-doubleSlider-2 .td-item1 {\r\n                        background: url(https:\/\/novice.si\/page\/wp-content\/uploads\/2023\/07\/sl-bistrica-8_resize-80x60.jpg) 0 0 no-repeat;\r\n                    }\r\n                    #tdi_1  .td-doubleSlider-2 .td-item2 {\r\n                        background: url(https:\/\/novice.si\/page\/wp-content\/uploads\/2023\/07\/sl-bistrica-11_resize-80x60.jpg) 0 0 no-repeat;\r\n                    }\r\n                    #tdi_1  .td-doubleSlider-2 .td-item3 {\r\n                        background: url(https:\/\/novice.si\/page\/wp-content\/uploads\/2023\/07\/sl-bistrica-13_resize-80x60.jpg) 0 0 no-repeat;\r\n                    }\r\n                <\/style>\r\n\r\n                <div id=\"tdi_1\" class=\"td-gallery td-slide-on-2-columns\">\r\n                    <div class=\"post_td_gallery\">\r\n                        <div class=\"td-gallery-slide-top\">\r\n                           <div class=\"td-gallery-title\"><\/div>\r\n\r\n                            <div class=\"td-gallery-controls-wrapper\">\r\n                                <div class=\"td-gallery-slide-count\"><span class=\"td-gallery-slide-item-focus\">1<\/span> od 3<\/div>\r\n                                <div class=\"td-gallery-slide-prev-next-but\">\r\n                                    <i class = \"td-icon-left doubleSliderPrevButton\"><\/i>\r\n                                    <i class = \"td-icon-right doubleSliderNextButton\"><\/i>\r\n                                <\/div>\r\n                            <\/div>\r\n                        <\/div>\r\n\r\n                        <div class = \"td-doubleSlider-1 \">\r\n                            <div class = \"td-slider\">\r\n                                \r\n                    <div class = \"td-slide-item td-item1\">\r\n                        <figure class=\"td-slide-galery-figure td-slide-popup-gallery\">\r\n                            <a class=\"slide-gallery-image-link\" href=\"https:\/\/novice.si\/page\/wp-content\/uploads\/2023\/07\/sl-bistrica-8_resize.jpg\" title=\"sl-bistrica-8_resize\"  data-caption=\"\"  data-description=\"\" data-gallery>\r\n                                <img decoding=\"async\" src=\"https:\/\/novice.si\/page\/wp-content\/uploads\/2023\/07\/sl-bistrica-8_resize-746x420.jpg\" srcset=\"https:\/\/novice.si\/page\/wp-content\/uploads\/2023\/07\/sl-bistrica-8_resize-746x420.jpg 746w, https:\/\/novice.si\/page\/wp-content\/uploads\/2023\/07\/sl-bistrica-8_resize-600x338.jpg 600w, https:\/\/novice.si\/page\/wp-content\/uploads\/2023\/07\/sl-bistrica-8_resize-768x432.jpg 768w, https:\/\/novice.si\/page\/wp-content\/uploads\/2023\/07\/sl-bistrica-8_resize-696x392.jpg 696w, https:\/\/novice.si\/page\/wp-content\/uploads\/2023\/07\/sl-bistrica-8_resize-24x14.jpg 24w, https:\/\/novice.si\/page\/wp-content\/uploads\/2023\/07\/sl-bistrica-8_resize-36x20.jpg 36w, https:\/\/novice.si\/page\/wp-content\/uploads\/2023\/07\/sl-bistrica-8_resize-48x27.jpg 48w, https:\/\/novice.si\/page\/wp-content\/uploads\/2023\/07\/sl-bistrica-8_resize.jpg 1000w\" sizes=\"(max-width: 746px) 100vw, 746px\" alt=\"\">\r\n                            <\/a>\r\n                            \r\n                        <\/figure>\r\n                    <\/div>\r\n                    <div class = \"td-slide-item td-item2\">\r\n                        <figure class=\"td-slide-galery-figure td-slide-popup-gallery\">\r\n                            <a class=\"slide-gallery-image-link\" href=\"https:\/\/novice.si\/page\/wp-content\/uploads\/2023\/07\/sl-bistrica-11_resize.jpg\" title=\"sl-bistrica-11_resize\"  data-caption=\"\"  data-description=\"\" data-gallery>\r\n                                <img decoding=\"async\" src=\"https:\/\/novice.si\/page\/wp-content\/uploads\/2023\/07\/sl-bistrica-11_resize-528x420.jpg\" srcset=\"https:\/\/novice.si\/page\/wp-content\/uploads\/2023\/07\/sl-bistrica-11_resize-528x420.jpg 528w, https:\/\/novice.si\/page\/wp-content\/uploads\/2023\/07\/sl-bistrica-11_resize-600x477.jpg 600w, https:\/\/novice.si\/page\/wp-content\/uploads\/2023\/07\/sl-bistrica-11_resize-768x611.jpg 768w, https:\/\/novice.si\/page\/wp-content\/uploads\/2023\/07\/sl-bistrica-11_resize-696x554.jpg 696w, https:\/\/novice.si\/page\/wp-content\/uploads\/2023\/07\/sl-bistrica-11_resize-24x19.jpg 24w, https:\/\/novice.si\/page\/wp-content\/uploads\/2023\/07\/sl-bistrica-11_resize-36x29.jpg 36w, https:\/\/novice.si\/page\/wp-content\/uploads\/2023\/07\/sl-bistrica-11_resize-48x38.jpg 48w, https:\/\/novice.si\/page\/wp-content\/uploads\/2023\/07\/sl-bistrica-11_resize.jpg 880w\" sizes=\"(max-width: 528px) 100vw, 528px\" alt=\"\">\r\n                            <\/a>\r\n                            \r\n                        <\/figure>\r\n                    <\/div>\r\n                    <div class = \"td-slide-item td-item3\">\r\n                        <figure class=\"td-slide-galery-figure td-slide-popup-gallery\">\r\n                            <a class=\"slide-gallery-image-link\" href=\"https:\/\/novice.si\/page\/wp-content\/uploads\/2023\/07\/sl-bistrica-13_resize.jpg\" title=\"sl-bistrica-13_resize\"  data-caption=\"\"  data-description=\"\" data-gallery>\r\n                                <img decoding=\"async\" src=\"https:\/\/novice.si\/page\/wp-content\/uploads\/2023\/07\/sl-bistrica-13_resize-526x420.jpg\" srcset=\"https:\/\/novice.si\/page\/wp-content\/uploads\/2023\/07\/sl-bistrica-13_resize-526x420.jpg 526w, https:\/\/novice.si\/page\/wp-content\/uploads\/2023\/07\/sl-bistrica-13_resize-600x479.jpg 600w, https:\/\/novice.si\/page\/wp-content\/uploads\/2023\/07\/sl-bistrica-13_resize-768x614.jpg 768w, https:\/\/novice.si\/page\/wp-content\/uploads\/2023\/07\/sl-bistrica-13_resize-696x556.jpg 696w, https:\/\/novice.si\/page\/wp-content\/uploads\/2023\/07\/sl-bistrica-13_resize-24x19.jpg 24w, https:\/\/novice.si\/page\/wp-content\/uploads\/2023\/07\/sl-bistrica-13_resize-36x29.jpg 36w, https:\/\/novice.si\/page\/wp-content\/uploads\/2023\/07\/sl-bistrica-13_resize-48x38.jpg 48w, https:\/\/novice.si\/page\/wp-content\/uploads\/2023\/07\/sl-bistrica-13_resize.jpg 876w\" sizes=\"(max-width: 526px) 100vw, 526px\" alt=\"\">\r\n                            <\/a>\r\n                            \r\n                        <\/figure>\r\n                    <\/div>\r\n                            <\/div>\r\n                        <\/div>\r\n\r\n                        <div class = \"td-doubleSlider-2\">\r\n                            <div class = \"td-slider\">\r\n                                \r\n                    <div class = \"td-button td-item1\">\r\n                        <div class = \"td-border\"><\/div>\r\n                    <\/div>\r\n                    <div class = \"td-button td-item2\">\r\n                        <div class = \"td-border\"><\/div>\r\n                    <\/div>\r\n                    <div class = \"td-button td-item3\">\r\n                        <div class = \"td-border\"><\/div>\r\n                    <\/div>\r\n                            <\/div>\r\n                        <\/div>\r\n\r\n                    <\/div>\r\n\r\n                <\/div>\r\n                \n<p>&nbsp;<\/p>\n<p><strong>Sankcijam niso nasprotovali<br \/>\n<\/strong>Poudarjajo, da sankcijam in\u0161pektorata niso nasprotovali, v postopku pa so sodelovali tvorno in a\u017eurno. Obto\u017ebe o izkori\u0161\u010danju ukrajinskih delavcev tako zanikajo.<br \/>\n<em>\u00bbZa nas so delavci srce na\u0161ega podjetja in so del na\u0161e dru\u017eine. Zagotavljamo politiko ni\u010delne stopnje tolerance diskriminacije na vseh ravneh podjetja in zaradi obto\u017eb sem osebno prizadet. Zaposlujemo delavce iz Bosne in Hercegovine, Avstrije, Nepala, Mad\u017earske, Slovenije in Ukrajine in vsi so obravnavani enako, ne glede na starost, etni\u010dno pripadnost, spol, narodnost ali raso. Med delavci ne delamo razlik, vsi imajo enake pravice,\u00ab<\/em> je pojasnil <strong>Patrick Pfeiffer<\/strong>, direktor podjetja.<br \/>\nDodajajo, da tudi ne dr\u017eijo navedbe, da zaposleni niso imeli odmora za malico ali da niso smeli uporabljati skupne jedilnice. Vsi ukrajinski delavci prejemajo nadomestilo za prehrano, ki ga zahteva zakon, in uporabljajo iste prostore v podjetju kot vsi drugi delavci. Na noben drug na\u010din niso bili izkori\u0161\u010dani ali diskriminirani.<\/p>\n<p>\u00bbSpo\u0161tovanje pravic delavcev je jedro na\u0161ega poslovnega modela in na\u0161e zaposlene resni\u010dno cenimo. Kljub temu, da smo ravnali v dobri veri in za nepravilnosti v tujih podjetjih nismo vedeli, smo se odlo\u010dili, da napako takoj popravimo in delavcem zagotovimo stabilno zaposlitev. \u017dal nam je, da nismo storili ve\u010d, da bi to situacijo prepre\u010dili, vendar smo odlo\u010deni ohraniti na\u0161e vrednote in vsakemu delavcu omogo\u010diti varno in izpopolnjujo\u010de delovno meso,\u00ab je dodal direktor.<\/p>\n<p><strong>Alumero v Sl. Bistrici zaposluje 130 ljudi<\/strong><br \/>\nIz dru\u017ebe so tudi sporo\u010dili, da je Alumero v Sloveniji od leta 2012 in v Slovenski Bistrici trenutno zaposluje 130 ljudi. V letu 2012 so v Slovenijo investirali 4 milijone evrov, v lanskem poslovnem letu pa so zabele\u017eili 12 milijonov evrov letnega prometa.<\/p>\n<p>&nbsp;<\/p>\n","protected":false},"excerpt":{"rendered":"<p>V podjetju Alumero iz Slovenske Bistrice zanikajo obto\u017ebe o izkori\u0161\u010danju ali diskriminaciji\u00a0ukrajinskih delavcev. V sporo\u010dilu za javnost so pojasnili, da so takoj po tem, ko so bili s strani In\u0161pektorata za delo obve\u0161\u010deni o nepravilnostih pri zaposlovanju tujih delavcev, vseh 28 ukrajinskih delavcev zaposlili znotraj lastne dru\u017ebe. Prav tako pa tudi pla\u010dali celotno kazen In\u0161pektorata. [&hellip;]<\/p>\n","protected":false},"author":8,"featured_media":165337,"comment_status":"closed","ping_status":"closed","sticky":false,"template":"","format":"standard","meta":{"footnotes":""},"categories":[14,32],"tags":[18351,18405,18406,171],"class_list":{"0":"post-165336","1":"post","2":"type-post","3":"status-publish","4":"format-standard","5":"has-post-thumbnail","7":"category-aktualno","8":"category-bistrisko","9":"tag-alumero","10":"tag-izkoriscanje-delavcev","11":"tag-patrick-pfeiffer","12":"tag-slovenska-bistrica"},"yoast_head":"<!-- This site is optimized with the Yoast SEO plugin v27.4 - https:\/\/yoast.com\/product\/yoast-seo-wordpress\/ -->\n<title>V podjetju Alumero iz Slovenske Bistrice zanikajo obto\u017ebe o izkori\u0161\u010danju ali diskriminaciji\u00a0ukrajinskih delavcev - Novice.si<\/title>\n<meta name=\"robots\" content=\"index, follow, max-snippet:-1, max-image-preview:large, max-video-preview:-1\" \/>\n<link rel=\"canonical\" href=\"https:\/\/novice.si\/page\/v-podjetju-alumero-iz-slovenske-bistrice-zanikajo-obtozbe-o-izkoriscanju-ali-diskriminaciji-ukrajinskih-delavcev\/\" \/>\n<meta property=\"og:locale\" content=\"sl_SI\" \/>\n<meta property=\"og:type\" content=\"article\" \/>\n<meta property=\"og:title\" content=\"V podjetju Alumero iz Slovenske Bistrice zanikajo obto\u017ebe o izkori\u0161\u010danju ali diskriminaciji\u00a0ukrajinskih delavcev - Novice.si\" \/>\n<meta property=\"og:description\" content=\"V podjetju Alumero iz Slovenske Bistrice zanikajo obto\u017ebe o izkori\u0161\u010danju ali diskriminaciji\u00a0ukrajinskih delavcev. V sporo\u010dilu za javnost so pojasnili, da so takoj po tem, ko so bili s strani In\u0161pektorata za delo obve\u0161\u010deni o nepravilnostih pri zaposlovanju tujih delavcev, vseh 28 ukrajinskih delavcev zaposlili znotraj lastne dru\u017ebe. Prav tako pa tudi pla\u010dali celotno kazen In\u0161pektorata. [&hellip;]\" \/>\n<meta property=\"og:url\" content=\"https:\/\/novice.si\/page\/v-podjetju-alumero-iz-slovenske-bistrice-zanikajo-obtozbe-o-izkoriscanju-ali-diskriminaciji-ukrajinskih-delavcev\/\" \/>\n<meta property=\"og:site_name\" content=\"Novice.si\" \/>\n<meta property=\"article:published_time\" content=\"2023-07-26T07:48:04+00:00\" \/>\n<meta property=\"og:image\" content=\"https:\/\/novice.si\/page\/wp-content\/uploads\/2023\/07\/sl-bistrica-8_resize.jpg\" \/>\n\t<meta property=\"og:image:width\" content=\"1000\" \/>\n\t<meta property=\"og:image:height\" content=\"563\" \/>\n\t<meta property=\"og:image:type\" content=\"image\/jpeg\" \/>\n<meta name=\"author\" content=\"Uredni\u0161tvo Bistri\u0161kih novic\" \/>\n<meta name=\"twitter:card\" content=\"summary_large_image\" \/>\n<meta name=\"twitter:label1\" content=\"Written by\" \/>\n\t<meta name=\"twitter:data1\" content=\"Uredni\u0161tvo Bistri\u0161kih novic\" \/>\n\t<meta name=\"twitter:label2\" content=\"Est. reading time\" \/>\n\t<meta name=\"twitter:data2\" content=\"3 minute\" \/>\n<script type=\"application\/ld+json\" class=\"yoast-schema-graph\">{\"@context\":\"https:\\\/\\\/schema.org\",\"@graph\":[{\"@type\":\"Article\",\"@id\":\"https:\\\/\\\/novice.si\\\/page\\\/v-podjetju-alumero-iz-slovenske-bistrice-zanikajo-obtozbe-o-izkoriscanju-ali-diskriminaciji-ukrajinskih-delavcev\\\/#article\",\"isPartOf\":{\"@id\":\"https:\\\/\\\/novice.si\\\/page\\\/v-podjetju-alumero-iz-slovenske-bistrice-zanikajo-obtozbe-o-izkoriscanju-ali-diskriminaciji-ukrajinskih-delavcev\\\/\"},\"author\":{\"name\":\"Uredni\u0161tvo Bistri\u0161kih novic\",\"@id\":\"https:\\\/\\\/novice.si\\\/page\\\/#\\\/schema\\\/person\\\/96b32396deedcde3f7f776c306b4be21\"},\"headline\":\"V podjetju Alumero iz Slovenske Bistrice zanikajo obto\u017ebe o izkori\u0161\u010danju ali diskriminaciji\u00a0ukrajinskih delavcev\",\"datePublished\":\"2023-07-26T07:48:04+00:00\",\"mainEntityOfPage\":{\"@id\":\"https:\\\/\\\/novice.si\\\/page\\\/v-podjetju-alumero-iz-slovenske-bistrice-zanikajo-obtozbe-o-izkoriscanju-ali-diskriminaciji-ukrajinskih-delavcev\\\/\"},\"wordCount\":466,\"publisher\":{\"@id\":\"https:\\\/\\\/novice.si\\\/page\\\/#organization\"},\"image\":{\"@id\":\"https:\\\/\\\/novice.si\\\/page\\\/v-podjetju-alumero-iz-slovenske-bistrice-zanikajo-obtozbe-o-izkoriscanju-ali-diskriminaciji-ukrajinskih-delavcev\\\/#primaryimage\"},\"thumbnailUrl\":\"https:\\\/\\\/novice.si\\\/page\\\/wp-content\\\/uploads\\\/2023\\\/07\\\/sl-bistrica-8_resize.jpg\",\"keywords\":[\"alumero\",\"izkori\u0161\u010danje delavcev\",\"Patrick Pfeiffer\",\"Slovenska Bistrica\"],\"articleSection\":[\"Aktualno\",\"Bistri\u0161ko\"],\"inLanguage\":\"sl-SI\"},{\"@type\":\"WebPage\",\"@id\":\"https:\\\/\\\/novice.si\\\/page\\\/v-podjetju-alumero-iz-slovenske-bistrice-zanikajo-obtozbe-o-izkoriscanju-ali-diskriminaciji-ukrajinskih-delavcev\\\/\",\"url\":\"https:\\\/\\\/novice.si\\\/page\\\/v-podjetju-alumero-iz-slovenske-bistrice-zanikajo-obtozbe-o-izkoriscanju-ali-diskriminaciji-ukrajinskih-delavcev\\\/\",\"name\":\"V podjetju Alumero iz Slovenske Bistrice zanikajo obto\u017ebe o izkori\u0161\u010danju ali diskriminaciji\u00a0ukrajinskih delavcev - Novice.si\",\"isPartOf\":{\"@id\":\"https:\\\/\\\/novice.si\\\/page\\\/#website\"},\"primaryImageOfPage\":{\"@id\":\"https:\\\/\\\/novice.si\\\/page\\\/v-podjetju-alumero-iz-slovenske-bistrice-zanikajo-obtozbe-o-izkoriscanju-ali-diskriminaciji-ukrajinskih-delavcev\\\/#primaryimage\"},\"image\":{\"@id\":\"https:\\\/\\\/novice.si\\\/page\\\/v-podjetju-alumero-iz-slovenske-bistrice-zanikajo-obtozbe-o-izkoriscanju-ali-diskriminaciji-ukrajinskih-delavcev\\\/#primaryimage\"},\"thumbnailUrl\":\"https:\\\/\\\/novice.si\\\/page\\\/wp-content\\\/uploads\\\/2023\\\/07\\\/sl-bistrica-8_resize.jpg\",\"datePublished\":\"2023-07-26T07:48:04+00:00\",\"breadcrumb\":{\"@id\":\"https:\\\/\\\/novice.si\\\/page\\\/v-podjetju-alumero-iz-slovenske-bistrice-zanikajo-obtozbe-o-izkoriscanju-ali-diskriminaciji-ukrajinskih-delavcev\\\/#breadcrumb\"},\"inLanguage\":\"sl-SI\",\"potentialAction\":[{\"@type\":\"ReadAction\",\"target\":[\"https:\\\/\\\/novice.si\\\/page\\\/v-podjetju-alumero-iz-slovenske-bistrice-zanikajo-obtozbe-o-izkoriscanju-ali-diskriminaciji-ukrajinskih-delavcev\\\/\"]}]},{\"@type\":\"ImageObject\",\"inLanguage\":\"sl-SI\",\"@id\":\"https:\\\/\\\/novice.si\\\/page\\\/v-podjetju-alumero-iz-slovenske-bistrice-zanikajo-obtozbe-o-izkoriscanju-ali-diskriminaciji-ukrajinskih-delavcev\\\/#primaryimage\",\"url\":\"https:\\\/\\\/novice.si\\\/page\\\/wp-content\\\/uploads\\\/2023\\\/07\\\/sl-bistrica-8_resize.jpg\",\"contentUrl\":\"https:\\\/\\\/novice.si\\\/page\\\/wp-content\\\/uploads\\\/2023\\\/07\\\/sl-bistrica-8_resize.jpg\",\"width\":1000,\"height\":563},{\"@type\":\"BreadcrumbList\",\"@id\":\"https:\\\/\\\/novice.si\\\/page\\\/v-podjetju-alumero-iz-slovenske-bistrice-zanikajo-obtozbe-o-izkoriscanju-ali-diskriminaciji-ukrajinskih-delavcev\\\/#breadcrumb\",\"itemListElement\":[{\"@type\":\"ListItem\",\"position\":1,\"name\":\"Home\",\"item\":\"https:\\\/\\\/novice.si\\\/page\\\/\"},{\"@type\":\"ListItem\",\"position\":2,\"name\":\"V podjetju Alumero iz Slovenske Bistrice zanikajo obto\u017ebe o izkori\u0161\u010danju ali diskriminaciji\u00a0ukrajinskih delavcev\"}]},{\"@type\":\"WebSite\",\"@id\":\"https:\\\/\\\/novice.si\\\/page\\\/#website\",\"url\":\"https:\\\/\\\/novice.si\\\/page\\\/\",\"name\":\"Novice.si\",\"description\":\"\",\"publisher\":{\"@id\":\"https:\\\/\\\/novice.si\\\/page\\\/#organization\"},\"potentialAction\":[{\"@type\":\"SearchAction\",\"target\":{\"@type\":\"EntryPoint\",\"urlTemplate\":\"https:\\\/\\\/novice.si\\\/page\\\/?s={search_term_string}\"},\"query-input\":{\"@type\":\"PropertyValueSpecification\",\"valueRequired\":true,\"valueName\":\"search_term_string\"}}],\"inLanguage\":\"sl-SI\"},{\"@type\":\"Organization\",\"@id\":\"https:\\\/\\\/novice.si\\\/page\\\/#organization\",\"name\":\"Novice.si\",\"url\":\"https:\\\/\\\/novice.si\\\/page\\\/\",\"logo\":{\"@type\":\"ImageObject\",\"inLanguage\":\"sl-SI\",\"@id\":\"https:\\\/\\\/novice.si\\\/page\\\/#\\\/schema\\\/logo\\\/image\\\/\",\"url\":\"https:\\\/\\\/novice.si\\\/page\\\/wp-content\\\/uploads\\\/2023\\\/03\\\/novice_si.png\",\"contentUrl\":\"https:\\\/\\\/novice.si\\\/page\\\/wp-content\\\/uploads\\\/2023\\\/03\\\/novice_si.png\",\"width\":576,\"height\":200,\"caption\":\"Novice.si\"},\"image\":{\"@id\":\"https:\\\/\\\/novice.si\\\/page\\\/#\\\/schema\\\/logo\\\/image\\\/\"}},{\"@type\":\"Person\",\"@id\":\"https:\\\/\\\/novice.si\\\/page\\\/#\\\/schema\\\/person\\\/96b32396deedcde3f7f776c306b4be21\",\"name\":\"Uredni\u0161tvo Bistri\u0161kih novic\",\"image\":{\"@type\":\"ImageObject\",\"inLanguage\":\"sl-SI\",\"@id\":\"https:\\\/\\\/secure.gravatar.com\\\/avatar\\\/26c56c4b10cdb3a21e86442e5f2845a4eafdd0f3605def77ec6cff4aaef32ea4?s=96&d=mm&r=g\",\"url\":\"https:\\\/\\\/secure.gravatar.com\\\/avatar\\\/26c56c4b10cdb3a21e86442e5f2845a4eafdd0f3605def77ec6cff4aaef32ea4?s=96&d=mm&r=g\",\"contentUrl\":\"https:\\\/\\\/secure.gravatar.com\\\/avatar\\\/26c56c4b10cdb3a21e86442e5f2845a4eafdd0f3605def77ec6cff4aaef32ea4?s=96&d=mm&r=g\",\"caption\":\"Uredni\u0161tvo Bistri\u0161kih novic\"},\"url\":\"https:\\\/\\\/novice.si\\\/page\\\/author\\\/bojana\\\/\"}]}<\/script>\n<!-- \/ Yoast SEO plugin. -->","yoast_head_json":{"title":"V podjetju Alumero iz Slovenske Bistrice zanikajo obto\u017ebe o izkori\u0161\u010danju ali diskriminaciji\u00a0ukrajinskih delavcev - Novice.si","robots":{"index":"index","follow":"follow","max-snippet":"max-snippet:-1","max-image-preview":"max-image-preview:large","max-video-preview":"max-video-preview:-1"},"canonical":"https:\/\/novice.si\/page\/v-podjetju-alumero-iz-slovenske-bistrice-zanikajo-obtozbe-o-izkoriscanju-ali-diskriminaciji-ukrajinskih-delavcev\/","og_locale":"sl_SI","og_type":"article","og_title":"V podjetju Alumero iz Slovenske Bistrice zanikajo obto\u017ebe o izkori\u0161\u010danju ali diskriminaciji\u00a0ukrajinskih delavcev - Novice.si","og_description":"V podjetju Alumero iz Slovenske Bistrice zanikajo obto\u017ebe o izkori\u0161\u010danju ali diskriminaciji\u00a0ukrajinskih delavcev. V sporo\u010dilu za javnost so pojasnili, da so takoj po tem, ko so bili s strani In\u0161pektorata za delo obve\u0161\u010deni o nepravilnostih pri zaposlovanju tujih delavcev, vseh 28 ukrajinskih delavcev zaposlili znotraj lastne dru\u017ebe. Prav tako pa tudi pla\u010dali celotno kazen In\u0161pektorata. [&hellip;]","og_url":"https:\/\/novice.si\/page\/v-podjetju-alumero-iz-slovenske-bistrice-zanikajo-obtozbe-o-izkoriscanju-ali-diskriminaciji-ukrajinskih-delavcev\/","og_site_name":"Novice.si","article_published_time":"2023-07-26T07:48:04+00:00","og_image":[{"width":1000,"height":563,"url":"https:\/\/novice.si\/page\/wp-content\/uploads\/2023\/07\/sl-bistrica-8_resize.jpg","type":"image\/jpeg"}],"author":"Uredni\u0161tvo Bistri\u0161kih novic","twitter_card":"summary_large_image","twitter_misc":{"Written by":"Uredni\u0161tvo Bistri\u0161kih novic","Est. reading time":"3 minute"},"schema":{"@context":"https:\/\/schema.org","@graph":[{"@type":"Article","@id":"https:\/\/novice.si\/page\/v-podjetju-alumero-iz-slovenske-bistrice-zanikajo-obtozbe-o-izkoriscanju-ali-diskriminaciji-ukrajinskih-delavcev\/#article","isPartOf":{"@id":"https:\/\/novice.si\/page\/v-podjetju-alumero-iz-slovenske-bistrice-zanikajo-obtozbe-o-izkoriscanju-ali-diskriminaciji-ukrajinskih-delavcev\/"},"author":{"name":"Uredni\u0161tvo Bistri\u0161kih novic","@id":"https:\/\/novice.si\/page\/#\/schema\/person\/96b32396deedcde3f7f776c306b4be21"},"headline":"V podjetju Alumero iz Slovenske Bistrice zanikajo obto\u017ebe o izkori\u0161\u010danju ali diskriminaciji\u00a0ukrajinskih delavcev","datePublished":"2023-07-26T07:48:04+00:00","mainEntityOfPage":{"@id":"https:\/\/novice.si\/page\/v-podjetju-alumero-iz-slovenske-bistrice-zanikajo-obtozbe-o-izkoriscanju-ali-diskriminaciji-ukrajinskih-delavcev\/"},"wordCount":466,"publisher":{"@id":"https:\/\/novice.si\/page\/#organization"},"image":{"@id":"https:\/\/novice.si\/page\/v-podjetju-alumero-iz-slovenske-bistrice-zanikajo-obtozbe-o-izkoriscanju-ali-diskriminaciji-ukrajinskih-delavcev\/#primaryimage"},"thumbnailUrl":"https:\/\/novice.si\/page\/wp-content\/uploads\/2023\/07\/sl-bistrica-8_resize.jpg","keywords":["alumero","izkori\u0161\u010danje delavcev","Patrick Pfeiffer","Slovenska Bistrica"],"articleSection":["Aktualno","Bistri\u0161ko"],"inLanguage":"sl-SI"},{"@type":"WebPage","@id":"https:\/\/novice.si\/page\/v-podjetju-alumero-iz-slovenske-bistrice-zanikajo-obtozbe-o-izkoriscanju-ali-diskriminaciji-ukrajinskih-delavcev\/","url":"https:\/\/novice.si\/page\/v-podjetju-alumero-iz-slovenske-bistrice-zanikajo-obtozbe-o-izkoriscanju-ali-diskriminaciji-ukrajinskih-delavcev\/","name":"V podjetju Alumero iz Slovenske Bistrice zanikajo obto\u017ebe o izkori\u0161\u010danju ali diskriminaciji\u00a0ukrajinskih delavcev - Novice.si","isPartOf":{"@id":"https:\/\/novice.si\/page\/#website"},"primaryImageOfPage":{"@id":"https:\/\/novice.si\/page\/v-podjetju-alumero-iz-slovenske-bistrice-zanikajo-obtozbe-o-izkoriscanju-ali-diskriminaciji-ukrajinskih-delavcev\/#primaryimage"},"image":{"@id":"https:\/\/novice.si\/page\/v-podjetju-alumero-iz-slovenske-bistrice-zanikajo-obtozbe-o-izkoriscanju-ali-diskriminaciji-ukrajinskih-delavcev\/#primaryimage"},"thumbnailUrl":"https:\/\/novice.si\/page\/wp-content\/uploads\/2023\/07\/sl-bistrica-8_resize.jpg","datePublished":"2023-07-26T07:48:04+00:00","breadcrumb":{"@id":"https:\/\/novice.si\/page\/v-podjetju-alumero-iz-slovenske-bistrice-zanikajo-obtozbe-o-izkoriscanju-ali-diskriminaciji-ukrajinskih-delavcev\/#breadcrumb"},"inLanguage":"sl-SI","potentialAction":[{"@type":"ReadAction","target":["https:\/\/novice.si\/page\/v-podjetju-alumero-iz-slovenske-bistrice-zanikajo-obtozbe-o-izkoriscanju-ali-diskriminaciji-ukrajinskih-delavcev\/"]}]},{"@type":"ImageObject","inLanguage":"sl-SI","@id":"https:\/\/novice.si\/page\/v-podjetju-alumero-iz-slovenske-bistrice-zanikajo-obtozbe-o-izkoriscanju-ali-diskriminaciji-ukrajinskih-delavcev\/#primaryimage","url":"https:\/\/novice.si\/page\/wp-content\/uploads\/2023\/07\/sl-bistrica-8_resize.jpg","contentUrl":"https:\/\/novice.si\/page\/wp-content\/uploads\/2023\/07\/sl-bistrica-8_resize.jpg","width":1000,"height":563},{"@type":"BreadcrumbList","@id":"https:\/\/novice.si\/page\/v-podjetju-alumero-iz-slovenske-bistrice-zanikajo-obtozbe-o-izkoriscanju-ali-diskriminaciji-ukrajinskih-delavcev\/#breadcrumb","itemListElement":[{"@type":"ListItem","position":1,"name":"Home","item":"https:\/\/novice.si\/page\/"},{"@type":"ListItem","position":2,"name":"V podjetju Alumero iz Slovenske Bistrice zanikajo obto\u017ebe o izkori\u0161\u010danju ali diskriminaciji\u00a0ukrajinskih delavcev"}]},{"@type":"WebSite","@id":"https:\/\/novice.si\/page\/#website","url":"https:\/\/novice.si\/page\/","name":"Novice.si","description":"","publisher":{"@id":"https:\/\/novice.si\/page\/#organization"},"potentialAction":[{"@type":"SearchAction","target":{"@type":"EntryPoint","urlTemplate":"https:\/\/novice.si\/page\/?s={search_term_string}"},"query-input":{"@type":"PropertyValueSpecification","valueRequired":true,"valueName":"search_term_string"}}],"inLanguage":"sl-SI"},{"@type":"Organization","@id":"https:\/\/novice.si\/page\/#organization","name":"Novice.si","url":"https:\/\/novice.si\/page\/","logo":{"@type":"ImageObject","inLanguage":"sl-SI","@id":"https:\/\/novice.si\/page\/#\/schema\/logo\/image\/","url":"https:\/\/novice.si\/page\/wp-content\/uploads\/2023\/03\/novice_si.png","contentUrl":"https:\/\/novice.si\/page\/wp-content\/uploads\/2023\/03\/novice_si.png","width":576,"height":200,"caption":"Novice.si"},"image":{"@id":"https:\/\/novice.si\/page\/#\/schema\/logo\/image\/"}},{"@type":"Person","@id":"https:\/\/novice.si\/page\/#\/schema\/person\/96b32396deedcde3f7f776c306b4be21","name":"Uredni\u0161tvo Bistri\u0161kih novic","image":{"@type":"ImageObject","inLanguage":"sl-SI","@id":"https:\/\/secure.gravatar.com\/avatar\/26c56c4b10cdb3a21e86442e5f2845a4eafdd0f3605def77ec6cff4aaef32ea4?s=96&d=mm&r=g","url":"https:\/\/secure.gravatar.com\/avatar\/26c56c4b10cdb3a21e86442e5f2845a4eafdd0f3605def77ec6cff4aaef32ea4?s=96&d=mm&r=g","contentUrl":"https:\/\/secure.gravatar.com\/avatar\/26c56c4b10cdb3a21e86442e5f2845a4eafdd0f3605def77ec6cff4aaef32ea4?s=96&d=mm&r=g","caption":"Uredni\u0161tvo Bistri\u0161kih novic"},"url":"https:\/\/novice.si\/page\/author\/bojana\/"}]}},"_links":{"self":[{"href":"https:\/\/novice.si\/page\/wp-json\/wp\/v2\/posts\/165336","targetHints":{"allow":["GET"]}}],"collection":[{"href":"https:\/\/novice.si\/page\/wp-json\/wp\/v2\/posts"}],"about":[{"href":"https:\/\/novice.si\/page\/wp-json\/wp\/v2\/types\/post"}],"author":[{"embeddable":true,"href":"https:\/\/novice.si\/page\/wp-json\/wp\/v2\/users\/8"}],"replies":[{"embeddable":true,"href":"https:\/\/novice.si\/page\/wp-json\/wp\/v2\/comments?post=165336"}],"version-history":[{"count":1,"href":"https:\/\/novice.si\/page\/wp-json\/wp\/v2\/posts\/165336\/revisions"}],"predecessor-version":[{"id":165340,"href":"https:\/\/novice.si\/page\/wp-json\/wp\/v2\/posts\/165336\/revisions\/165340"}],"wp:featuredmedia":[{"embeddable":true,"href":"https:\/\/novice.si\/page\/wp-json\/wp\/v2\/media\/165337"}],"wp:attachment":[{"href":"https:\/\/novice.si\/page\/wp-json\/wp\/v2\/media?parent=165336"}],"wp:term":[{"taxonomy":"category","embeddable":true,"href":"https:\/\/novice.si\/page\/wp-json\/wp\/v2\/categories?post=165336"},{"taxonomy":"post_tag","embeddable":true,"href":"https:\/\/novice.si\/page\/wp-json\/wp\/v2\/tags?post=165336"}],"curies":[{"name":"wp","href":"https:\/\/api.w.org\/{rel}","templated":true}]}}