{"id":165231,"date":"2023-07-24T12:39:05","date_gmt":"2023-07-24T10:39:05","guid":{"rendered":"https:\/\/novice.si\/page\/?p=165231"},"modified":"2023-07-24T12:39:05","modified_gmt":"2023-07-24T10:39:05","slug":"celje-frankolovo-na-sojenju-korzetu-zaslisujejo-price","status":"publish","type":"post","link":"https:\/\/novice.si\/page\/celje-frankolovo-na-sojenju-korzetu-zaslisujejo-price\/","title":{"rendered":"CELJE FRANKOLOVO Na sojenju Kor\u017eetu zasli\u0161ujejo pri\u010de"},"content":{"rendered":"<p><img loading=\"lazy\" decoding=\"async\" class=\"wp-image-165232 alignleft\" src=\"https:\/\/novice.si\/page\/wp-content\/uploads\/2023\/07\/Korze-sojenje-2-2-600x450.jpg\" alt=\"\" width=\"435\" height=\"326\" srcset=\"https:\/\/novice.si\/page\/wp-content\/uploads\/2023\/07\/Korze-sojenje-2-2-600x450.jpg 600w, https:\/\/novice.si\/page\/wp-content\/uploads\/2023\/07\/Korze-sojenje-2-2-80x60.jpg 80w, https:\/\/novice.si\/page\/wp-content\/uploads\/2023\/07\/Korze-sojenje-2-2-265x198.jpg 265w, https:\/\/novice.si\/page\/wp-content\/uploads\/2023\/07\/Korze-sojenje-2-2-560x420.jpg 560w, https:\/\/novice.si\/page\/wp-content\/uploads\/2023\/07\/Korze-sojenje-2-2-24x18.jpg 24w, https:\/\/novice.si\/page\/wp-content\/uploads\/2023\/07\/Korze-sojenje-2-2-36x27.jpg 36w, https:\/\/novice.si\/page\/wp-content\/uploads\/2023\/07\/Korze-sojenje-2-2-48x36.jpg 48w, https:\/\/novice.si\/page\/wp-content\/uploads\/2023\/07\/Korze-sojenje-2-2.jpg 640w\" sizes=\"auto, (max-width: 435px) 100vw, 435px\" \/>V nadaljevanju sojenja 66-letnemu <strong>Vladku Kor\u017eetu<\/strong>, obto\u017eenemu poskusa uboja soseda <strong>Martina Pu\u0161nika<\/strong> lanskega avgusta v Brdcah pri Frankolovem, sodi\u0161\u010de danes zasli\u0161uje prve pri\u010de.<\/p>\n<p>Sosed <strong>Cvetko Pristovnik<\/strong> je tako povedal, da obto\u017eeni ni bil v slabih odnosih ali sodnem sporu z nikomer v vasi, razen z o\u0161kodovancem. Policist <strong>Maksimiljan Golen\u010der<\/strong> je zavrnil Kor\u017eetove navedbe, da so z njim postopali po doma\u010de, saj so vedeli, da je nekdanji policist. Pojasnil je, da vselej, kadar imajo opravka s pravno ve\u0161\u010dimi osebami, postopajo \u0161e toliko bolj previdno.<\/p>\n<p>Obto\u017eenemu grozi do 15 let zapora, sojenje se prihodnji mesec nadaljuje.<\/p>\n<p>P\u0160<\/p>\n<p>&nbsp;<\/p>\n","protected":false},"excerpt":{"rendered":"<p>V nadaljevanju sojenja 66-letnemu Vladku Kor\u017eetu, obto\u017eenemu poskusa uboja soseda Martina Pu\u0161nika lanskega avgusta v Brdcah pri Frankolovem, sodi\u0161\u010de danes zasli\u0161uje prve pri\u010de. Sosed Cvetko Pristovnik je tako povedal, da obto\u017eeni ni bil v slabih odnosih ali sodnem sporu z nikomer v vasi, razen z o\u0161kodovancem. Policist Maksimiljan Golen\u010der je zavrnil Kor\u017eetove navedbe, da so [&hellip;]<\/p>\n","protected":false},"author":33,"featured_media":165233,"comment_status":"closed","ping_status":"closed","sticky":false,"template":"","format":"standard","meta":{"footnotes":""},"categories":[14,17,29],"tags":[18352,18353,3846,356,17166,4652],"class_list":{"0":"post-165231","1":"post","2":"type-post","3":"status-publish","4":"format-standard","5":"has-post-thumbnail","7":"category-aktualno","8":"category-celjsko","9":"category-kronika","10":"tag-cvetko-pristovnik","11":"tag-maksimiljan-golencer","12":"tag-poskus-uboja","13":"tag-sojenje","14":"tag-vladko-korze","15":"tag-zaslisevanje-pric"},"yoast_head":"<!-- This site is optimized with the Yoast SEO plugin v27.4 - https:\/\/yoast.com\/product\/yoast-seo-wordpress\/ -->\n<title>CELJE FRANKOLOVO Na sojenju Kor\u017eetu zasli\u0161ujejo pri\u010de - Novice.si<\/title>\n<meta name=\"robots\" content=\"index, follow, max-snippet:-1, max-image-preview:large, max-video-preview:-1\" \/>\n<link rel=\"canonical\" href=\"https:\/\/novice.si\/page\/celje-frankolovo-na-sojenju-korzetu-zaslisujejo-price\/\" \/>\n<meta property=\"og:locale\" content=\"sl_SI\" \/>\n<meta property=\"og:type\" content=\"article\" \/>\n<meta property=\"og:title\" content=\"CELJE FRANKOLOVO Na sojenju Kor\u017eetu zasli\u0161ujejo pri\u010de - Novice.si\" \/>\n<meta property=\"og:description\" content=\"V nadaljevanju sojenja 66-letnemu Vladku Kor\u017eetu, obto\u017eenemu poskusa uboja soseda Martina Pu\u0161nika lanskega avgusta v Brdcah pri Frankolovem, sodi\u0161\u010de danes zasli\u0161uje prve pri\u010de. Sosed Cvetko Pristovnik je tako povedal, da obto\u017eeni ni bil v slabih odnosih ali sodnem sporu z nikomer v vasi, razen z o\u0161kodovancem. Policist Maksimiljan Golen\u010der je zavrnil Kor\u017eetove navedbe, da so [&hellip;]\" \/>\n<meta property=\"og:url\" content=\"https:\/\/novice.si\/page\/celje-frankolovo-na-sojenju-korzetu-zaslisujejo-price\/\" \/>\n<meta property=\"og:site_name\" content=\"Novice.si\" \/>\n<meta property=\"article:published_time\" content=\"2023-07-24T10:39:05+00:00\" \/>\n<meta property=\"og:image\" content=\"https:\/\/novice.si\/page\/wp-content\/uploads\/2023\/07\/Korze-sojenje-2-1.jpg\" \/>\n\t<meta property=\"og:image:width\" content=\"640\" \/>\n\t<meta property=\"og:image:height\" content=\"480\" \/>\n\t<meta property=\"og:image:type\" content=\"image\/jpeg\" \/>\n<meta name=\"author\" content=\"Uredni\u0161tvo Celjana\" \/>\n<meta name=\"twitter:card\" content=\"summary_large_image\" \/>\n<meta name=\"twitter:label1\" content=\"Written by\" \/>\n\t<meta name=\"twitter:data1\" content=\"Uredni\u0161tvo Celjana\" \/>\n\t<meta name=\"twitter:label2\" content=\"Est. reading time\" \/>\n\t<meta name=\"twitter:data2\" content=\"1 minuta\" \/>\n<script type=\"application\/ld+json\" class=\"yoast-schema-graph\">{\"@context\":\"https:\\\/\\\/schema.org\",\"@graph\":[{\"@type\":\"Article\",\"@id\":\"https:\\\/\\\/novice.si\\\/page\\\/celje-frankolovo-na-sojenju-korzetu-zaslisujejo-price\\\/#article\",\"isPartOf\":{\"@id\":\"https:\\\/\\\/novice.si\\\/page\\\/celje-frankolovo-na-sojenju-korzetu-zaslisujejo-price\\\/\"},\"author\":{\"name\":\"Uredni\u0161tvo Celjana\",\"@id\":\"https:\\\/\\\/novice.si\\\/page\\\/#\\\/schema\\\/person\\\/57f25c9642a9541c7349c65d32032c3e\"},\"headline\":\"CELJE FRANKOLOVO Na sojenju Kor\u017eetu zasli\u0161ujejo pri\u010de\",\"datePublished\":\"2023-07-24T10:39:05+00:00\",\"mainEntityOfPage\":{\"@id\":\"https:\\\/\\\/novice.si\\\/page\\\/celje-frankolovo-na-sojenju-korzetu-zaslisujejo-price\\\/\"},\"wordCount\":118,\"publisher\":{\"@id\":\"https:\\\/\\\/novice.si\\\/page\\\/#organization\"},\"image\":{\"@id\":\"https:\\\/\\\/novice.si\\\/page\\\/celje-frankolovo-na-sojenju-korzetu-zaslisujejo-price\\\/#primaryimage\"},\"thumbnailUrl\":\"https:\\\/\\\/novice.si\\\/page\\\/wp-content\\\/uploads\\\/2023\\\/07\\\/Korze-sojenje-2-1.jpg\",\"keywords\":[\"Cvetko Pristovnik\",\"Maksimiljan Golen\u010der\",\"poskus uboja\",\"sojenje\",\"Vladko Kor\u017ee\",\"zasli\u0161evanje pri\u010d\"],\"articleSection\":[\"Aktualno\",\"Celjsko\",\"Kronika\"],\"inLanguage\":\"sl-SI\"},{\"@type\":\"WebPage\",\"@id\":\"https:\\\/\\\/novice.si\\\/page\\\/celje-frankolovo-na-sojenju-korzetu-zaslisujejo-price\\\/\",\"url\":\"https:\\\/\\\/novice.si\\\/page\\\/celje-frankolovo-na-sojenju-korzetu-zaslisujejo-price\\\/\",\"name\":\"CELJE FRANKOLOVO Na sojenju Kor\u017eetu zasli\u0161ujejo pri\u010de - Novice.si\",\"isPartOf\":{\"@id\":\"https:\\\/\\\/novice.si\\\/page\\\/#website\"},\"primaryImageOfPage\":{\"@id\":\"https:\\\/\\\/novice.si\\\/page\\\/celje-frankolovo-na-sojenju-korzetu-zaslisujejo-price\\\/#primaryimage\"},\"image\":{\"@id\":\"https:\\\/\\\/novice.si\\\/page\\\/celje-frankolovo-na-sojenju-korzetu-zaslisujejo-price\\\/#primaryimage\"},\"thumbnailUrl\":\"https:\\\/\\\/novice.si\\\/page\\\/wp-content\\\/uploads\\\/2023\\\/07\\\/Korze-sojenje-2-1.jpg\",\"datePublished\":\"2023-07-24T10:39:05+00:00\",\"breadcrumb\":{\"@id\":\"https:\\\/\\\/novice.si\\\/page\\\/celje-frankolovo-na-sojenju-korzetu-zaslisujejo-price\\\/#breadcrumb\"},\"inLanguage\":\"sl-SI\",\"potentialAction\":[{\"@type\":\"ReadAction\",\"target\":[\"https:\\\/\\\/novice.si\\\/page\\\/celje-frankolovo-na-sojenju-korzetu-zaslisujejo-price\\\/\"]}]},{\"@type\":\"ImageObject\",\"inLanguage\":\"sl-SI\",\"@id\":\"https:\\\/\\\/novice.si\\\/page\\\/celje-frankolovo-na-sojenju-korzetu-zaslisujejo-price\\\/#primaryimage\",\"url\":\"https:\\\/\\\/novice.si\\\/page\\\/wp-content\\\/uploads\\\/2023\\\/07\\\/Korze-sojenje-2-1.jpg\",\"contentUrl\":\"https:\\\/\\\/novice.si\\\/page\\\/wp-content\\\/uploads\\\/2023\\\/07\\\/Korze-sojenje-2-1.jpg\",\"width\":640,\"height\":480},{\"@type\":\"BreadcrumbList\",\"@id\":\"https:\\\/\\\/novice.si\\\/page\\\/celje-frankolovo-na-sojenju-korzetu-zaslisujejo-price\\\/#breadcrumb\",\"itemListElement\":[{\"@type\":\"ListItem\",\"position\":1,\"name\":\"Home\",\"item\":\"https:\\\/\\\/novice.si\\\/page\\\/\"},{\"@type\":\"ListItem\",\"position\":2,\"name\":\"CELJE FRANKOLOVO Na sojenju Kor\u017eetu zasli\u0161ujejo pri\u010de\"}]},{\"@type\":\"WebSite\",\"@id\":\"https:\\\/\\\/novice.si\\\/page\\\/#website\",\"url\":\"https:\\\/\\\/novice.si\\\/page\\\/\",\"name\":\"Novice.si\",\"description\":\"\",\"publisher\":{\"@id\":\"https:\\\/\\\/novice.si\\\/page\\\/#organization\"},\"potentialAction\":[{\"@type\":\"SearchAction\",\"target\":{\"@type\":\"EntryPoint\",\"urlTemplate\":\"https:\\\/\\\/novice.si\\\/page\\\/?s={search_term_string}\"},\"query-input\":{\"@type\":\"PropertyValueSpecification\",\"valueRequired\":true,\"valueName\":\"search_term_string\"}}],\"inLanguage\":\"sl-SI\"},{\"@type\":\"Organization\",\"@id\":\"https:\\\/\\\/novice.si\\\/page\\\/#organization\",\"name\":\"Novice.si\",\"url\":\"https:\\\/\\\/novice.si\\\/page\\\/\",\"logo\":{\"@type\":\"ImageObject\",\"inLanguage\":\"sl-SI\",\"@id\":\"https:\\\/\\\/novice.si\\\/page\\\/#\\\/schema\\\/logo\\\/image\\\/\",\"url\":\"https:\\\/\\\/novice.si\\\/page\\\/wp-content\\\/uploads\\\/2023\\\/03\\\/novice_si.png\",\"contentUrl\":\"https:\\\/\\\/novice.si\\\/page\\\/wp-content\\\/uploads\\\/2023\\\/03\\\/novice_si.png\",\"width\":576,\"height\":200,\"caption\":\"Novice.si\"},\"image\":{\"@id\":\"https:\\\/\\\/novice.si\\\/page\\\/#\\\/schema\\\/logo\\\/image\\\/\"}},{\"@type\":\"Person\",\"@id\":\"https:\\\/\\\/novice.si\\\/page\\\/#\\\/schema\\\/person\\\/57f25c9642a9541c7349c65d32032c3e\",\"name\":\"Uredni\u0161tvo Celjana\",\"image\":{\"@type\":\"ImageObject\",\"inLanguage\":\"sl-SI\",\"@id\":\"https:\\\/\\\/secure.gravatar.com\\\/avatar\\\/78e52bc4279b65f6df6345e0ef0f7b792d361361f230cf4ffecfe0afe6d5629c?s=96&d=mm&r=g\",\"url\":\"https:\\\/\\\/secure.gravatar.com\\\/avatar\\\/78e52bc4279b65f6df6345e0ef0f7b792d361361f230cf4ffecfe0afe6d5629c?s=96&d=mm&r=g\",\"contentUrl\":\"https:\\\/\\\/secure.gravatar.com\\\/avatar\\\/78e52bc4279b65f6df6345e0ef0f7b792d361361f230cf4ffecfe0afe6d5629c?s=96&d=mm&r=g\",\"caption\":\"Uredni\u0161tvo Celjana\"},\"url\":\"https:\\\/\\\/novice.si\\\/page\\\/author\\\/primoz\\\/\"}]}<\/script>\n<!-- \/ Yoast SEO plugin. -->","yoast_head_json":{"title":"CELJE FRANKOLOVO Na sojenju Kor\u017eetu zasli\u0161ujejo pri\u010de - Novice.si","robots":{"index":"index","follow":"follow","max-snippet":"max-snippet:-1","max-image-preview":"max-image-preview:large","max-video-preview":"max-video-preview:-1"},"canonical":"https:\/\/novice.si\/page\/celje-frankolovo-na-sojenju-korzetu-zaslisujejo-price\/","og_locale":"sl_SI","og_type":"article","og_title":"CELJE FRANKOLOVO Na sojenju Kor\u017eetu zasli\u0161ujejo pri\u010de - Novice.si","og_description":"V nadaljevanju sojenja 66-letnemu Vladku Kor\u017eetu, obto\u017eenemu poskusa uboja soseda Martina Pu\u0161nika lanskega avgusta v Brdcah pri Frankolovem, sodi\u0161\u010de danes zasli\u0161uje prve pri\u010de. Sosed Cvetko Pristovnik je tako povedal, da obto\u017eeni ni bil v slabih odnosih ali sodnem sporu z nikomer v vasi, razen z o\u0161kodovancem. Policist Maksimiljan Golen\u010der je zavrnil Kor\u017eetove navedbe, da so [&hellip;]","og_url":"https:\/\/novice.si\/page\/celje-frankolovo-na-sojenju-korzetu-zaslisujejo-price\/","og_site_name":"Novice.si","article_published_time":"2023-07-24T10:39:05+00:00","og_image":[{"width":640,"height":480,"url":"https:\/\/novice.si\/page\/wp-content\/uploads\/2023\/07\/Korze-sojenje-2-1.jpg","type":"image\/jpeg"}],"author":"Uredni\u0161tvo Celjana","twitter_card":"summary_large_image","twitter_misc":{"Written by":"Uredni\u0161tvo Celjana","Est. reading time":"1 minuta"},"schema":{"@context":"https:\/\/schema.org","@graph":[{"@type":"Article","@id":"https:\/\/novice.si\/page\/celje-frankolovo-na-sojenju-korzetu-zaslisujejo-price\/#article","isPartOf":{"@id":"https:\/\/novice.si\/page\/celje-frankolovo-na-sojenju-korzetu-zaslisujejo-price\/"},"author":{"name":"Uredni\u0161tvo Celjana","@id":"https:\/\/novice.si\/page\/#\/schema\/person\/57f25c9642a9541c7349c65d32032c3e"},"headline":"CELJE FRANKOLOVO Na sojenju Kor\u017eetu zasli\u0161ujejo pri\u010de","datePublished":"2023-07-24T10:39:05+00:00","mainEntityOfPage":{"@id":"https:\/\/novice.si\/page\/celje-frankolovo-na-sojenju-korzetu-zaslisujejo-price\/"},"wordCount":118,"publisher":{"@id":"https:\/\/novice.si\/page\/#organization"},"image":{"@id":"https:\/\/novice.si\/page\/celje-frankolovo-na-sojenju-korzetu-zaslisujejo-price\/#primaryimage"},"thumbnailUrl":"https:\/\/novice.si\/page\/wp-content\/uploads\/2023\/07\/Korze-sojenje-2-1.jpg","keywords":["Cvetko Pristovnik","Maksimiljan Golen\u010der","poskus uboja","sojenje","Vladko Kor\u017ee","zasli\u0161evanje pri\u010d"],"articleSection":["Aktualno","Celjsko","Kronika"],"inLanguage":"sl-SI"},{"@type":"WebPage","@id":"https:\/\/novice.si\/page\/celje-frankolovo-na-sojenju-korzetu-zaslisujejo-price\/","url":"https:\/\/novice.si\/page\/celje-frankolovo-na-sojenju-korzetu-zaslisujejo-price\/","name":"CELJE FRANKOLOVO Na sojenju Kor\u017eetu zasli\u0161ujejo pri\u010de - Novice.si","isPartOf":{"@id":"https:\/\/novice.si\/page\/#website"},"primaryImageOfPage":{"@id":"https:\/\/novice.si\/page\/celje-frankolovo-na-sojenju-korzetu-zaslisujejo-price\/#primaryimage"},"image":{"@id":"https:\/\/novice.si\/page\/celje-frankolovo-na-sojenju-korzetu-zaslisujejo-price\/#primaryimage"},"thumbnailUrl":"https:\/\/novice.si\/page\/wp-content\/uploads\/2023\/07\/Korze-sojenje-2-1.jpg","datePublished":"2023-07-24T10:39:05+00:00","breadcrumb":{"@id":"https:\/\/novice.si\/page\/celje-frankolovo-na-sojenju-korzetu-zaslisujejo-price\/#breadcrumb"},"inLanguage":"sl-SI","potentialAction":[{"@type":"ReadAction","target":["https:\/\/novice.si\/page\/celje-frankolovo-na-sojenju-korzetu-zaslisujejo-price\/"]}]},{"@type":"ImageObject","inLanguage":"sl-SI","@id":"https:\/\/novice.si\/page\/celje-frankolovo-na-sojenju-korzetu-zaslisujejo-price\/#primaryimage","url":"https:\/\/novice.si\/page\/wp-content\/uploads\/2023\/07\/Korze-sojenje-2-1.jpg","contentUrl":"https:\/\/novice.si\/page\/wp-content\/uploads\/2023\/07\/Korze-sojenje-2-1.jpg","width":640,"height":480},{"@type":"BreadcrumbList","@id":"https:\/\/novice.si\/page\/celje-frankolovo-na-sojenju-korzetu-zaslisujejo-price\/#breadcrumb","itemListElement":[{"@type":"ListItem","position":1,"name":"Home","item":"https:\/\/novice.si\/page\/"},{"@type":"ListItem","position":2,"name":"CELJE FRANKOLOVO Na sojenju Kor\u017eetu zasli\u0161ujejo pri\u010de"}]},{"@type":"WebSite","@id":"https:\/\/novice.si\/page\/#website","url":"https:\/\/novice.si\/page\/","name":"Novice.si","description":"","publisher":{"@id":"https:\/\/novice.si\/page\/#organization"},"potentialAction":[{"@type":"SearchAction","target":{"@type":"EntryPoint","urlTemplate":"https:\/\/novice.si\/page\/?s={search_term_string}"},"query-input":{"@type":"PropertyValueSpecification","valueRequired":true,"valueName":"search_term_string"}}],"inLanguage":"sl-SI"},{"@type":"Organization","@id":"https:\/\/novice.si\/page\/#organization","name":"Novice.si","url":"https:\/\/novice.si\/page\/","logo":{"@type":"ImageObject","inLanguage":"sl-SI","@id":"https:\/\/novice.si\/page\/#\/schema\/logo\/image\/","url":"https:\/\/novice.si\/page\/wp-content\/uploads\/2023\/03\/novice_si.png","contentUrl":"https:\/\/novice.si\/page\/wp-content\/uploads\/2023\/03\/novice_si.png","width":576,"height":200,"caption":"Novice.si"},"image":{"@id":"https:\/\/novice.si\/page\/#\/schema\/logo\/image\/"}},{"@type":"Person","@id":"https:\/\/novice.si\/page\/#\/schema\/person\/57f25c9642a9541c7349c65d32032c3e","name":"Uredni\u0161tvo Celjana","image":{"@type":"ImageObject","inLanguage":"sl-SI","@id":"https:\/\/secure.gravatar.com\/avatar\/78e52bc4279b65f6df6345e0ef0f7b792d361361f230cf4ffecfe0afe6d5629c?s=96&d=mm&r=g","url":"https:\/\/secure.gravatar.com\/avatar\/78e52bc4279b65f6df6345e0ef0f7b792d361361f230cf4ffecfe0afe6d5629c?s=96&d=mm&r=g","contentUrl":"https:\/\/secure.gravatar.com\/avatar\/78e52bc4279b65f6df6345e0ef0f7b792d361361f230cf4ffecfe0afe6d5629c?s=96&d=mm&r=g","caption":"Uredni\u0161tvo Celjana"},"url":"https:\/\/novice.si\/page\/author\/primoz\/"}]}},"_links":{"self":[{"href":"https:\/\/novice.si\/page\/wp-json\/wp\/v2\/posts\/165231","targetHints":{"allow":["GET"]}}],"collection":[{"href":"https:\/\/novice.si\/page\/wp-json\/wp\/v2\/posts"}],"about":[{"href":"https:\/\/novice.si\/page\/wp-json\/wp\/v2\/types\/post"}],"author":[{"embeddable":true,"href":"https:\/\/novice.si\/page\/wp-json\/wp\/v2\/users\/33"}],"replies":[{"embeddable":true,"href":"https:\/\/novice.si\/page\/wp-json\/wp\/v2\/comments?post=165231"}],"version-history":[{"count":1,"href":"https:\/\/novice.si\/page\/wp-json\/wp\/v2\/posts\/165231\/revisions"}],"predecessor-version":[{"id":165234,"href":"https:\/\/novice.si\/page\/wp-json\/wp\/v2\/posts\/165231\/revisions\/165234"}],"wp:featuredmedia":[{"embeddable":true,"href":"https:\/\/novice.si\/page\/wp-json\/wp\/v2\/media\/165233"}],"wp:attachment":[{"href":"https:\/\/novice.si\/page\/wp-json\/wp\/v2\/media?parent=165231"}],"wp:term":[{"taxonomy":"category","embeddable":true,"href":"https:\/\/novice.si\/page\/wp-json\/wp\/v2\/categories?post=165231"},{"taxonomy":"post_tag","embeddable":true,"href":"https:\/\/novice.si\/page\/wp-json\/wp\/v2\/tags?post=165231"}],"curies":[{"name":"wp","href":"https:\/\/api.w.org\/{rel}","templated":true}]}}