{"id":165101,"date":"2023-07-20T12:32:47","date_gmt":"2023-07-20T10:32:47","guid":{"rendered":"https:\/\/novice.si\/page\/?p=165101"},"modified":"2023-07-20T12:51:49","modified_gmt":"2023-07-20T10:51:49","slug":"brez-elektrike-nekaj-tisoc-stajercev","status":"publish","type":"post","link":"https:\/\/novice.si\/page\/brez-elektrike-nekaj-tisoc-stajercev\/","title":{"rendered":"Brez elektrike nekaj tiso\u010d \u0160tajercev"},"content":{"rendered":"<p>Delavci <strong>elektro<\/strong> podjetij, ki so zaradi neurij v zadnjem tednu dni veliko \u010dasa na terenu, tudi po v\u010deraj\u0161njem (sredine) \u00a0neurju odpravljajo okvare na omre\u017eju. Na obmo\u010dju <strong>Elektra<\/strong> <strong>Maribor<\/strong> je bilo zjutraj brez napajanja z <strong>elektri\u010dno<\/strong> energijo 2900 odjemalcev, na obmo\u010dju <strong>Elektra<\/strong> Celje pa 167 uporabnikov.<\/p>\n<p>Kot so zjutraj pojasnili pri <strong>Elektru<\/strong> <strong>Maribor<\/strong>, se sodelavci intenzivno trudijo okvare odpraviti, da bi odjemalcem \u010dim prej omogo\u010dili dostop do <strong>elektri\u010dne<\/strong> energije. Uporabnike prosijo za razumevanje, prav tako, da ravnajo z napravami z ustrezno previdnostjo in kot da so pod napetostjo.<\/p>\n<p>Na terenu so tudi <strong>elektromonta\u017ene<\/strong> ekipe <strong>Elektra<\/strong> Celje. Ob 6.30 je bilo brez napajanja na celotnem omre\u017eju <strong>Elektra<\/strong> Celje \u0161e 665 uporabnikov, medtem pa so ve\u010dino napak \u017ee odpravili in je bilo okoli poldneva brez <strong>elektri\u010dne<\/strong> energije \u0161e 167 uporabnikov.<\/p>\n<p><img loading=\"lazy\" decoding=\"async\" class=\"alignnone size-full wp-image-164951\" src=\"https:\/\/novice.si\/page\/wp-content\/uploads\/2023\/07\/vojnik-neurje-4.jpg\" alt=\"\" width=\"452\" height=\"339\" srcset=\"https:\/\/novice.si\/page\/wp-content\/uploads\/2023\/07\/vojnik-neurje-4.jpg 452w, https:\/\/novice.si\/page\/wp-content\/uploads\/2023\/07\/vojnik-neurje-4-80x60.jpg 80w, https:\/\/novice.si\/page\/wp-content\/uploads\/2023\/07\/vojnik-neurje-4-265x198.jpg 265w, https:\/\/novice.si\/page\/wp-content\/uploads\/2023\/07\/vojnik-neurje-4-24x18.jpg 24w, https:\/\/novice.si\/page\/wp-content\/uploads\/2023\/07\/vojnik-neurje-4-36x27.jpg 36w, https:\/\/novice.si\/page\/wp-content\/uploads\/2023\/07\/vojnik-neurje-4-48x36.jpg 48w\" sizes=\"auto, (max-width: 452px) 100vw, 452px\" \/><\/p>\n","protected":false},"excerpt":{"rendered":"<p>Delavci elektro podjetij, ki so zaradi neurij v zadnjem tednu dni veliko \u010dasa na terenu, tudi po v\u010deraj\u0161njem (sredine) \u00a0neurju odpravljajo okvare na omre\u017eju. Na obmo\u010dju Elektra Maribor je bilo zjutraj brez napajanja z elektri\u010dno energijo 2900 odjemalcev, na obmo\u010dju Elektra Celje pa 167 uporabnikov. Kot so zjutraj pojasnili pri Elektru Maribor, se sodelavci intenzivno [&hellip;]<\/p>\n","protected":false},"author":5,"featured_media":165106,"comment_status":"closed","ping_status":"closed","sticky":false,"template":"","format":"standard","meta":{"footnotes":""},"categories":[14,32,17,16,29],"tags":[],"class_list":{"0":"post-165101","1":"post","2":"type-post","3":"status-publish","4":"format-standard","5":"has-post-thumbnail","7":"category-aktualno","8":"category-bistrisko","9":"category-celjsko","10":"category-konjisko","11":"category-kronika"},"yoast_head":"<!-- This site is optimized with the Yoast SEO plugin v27.4 - https:\/\/yoast.com\/product\/yoast-seo-wordpress\/ -->\n<title>Brez elektrike nekaj tiso\u010d \u0160tajercev - Novice.si<\/title>\n<meta name=\"robots\" content=\"index, follow, max-snippet:-1, max-image-preview:large, max-video-preview:-1\" \/>\n<link rel=\"canonical\" href=\"https:\/\/novice.si\/page\/brez-elektrike-nekaj-tisoc-stajercev\/\" \/>\n<meta property=\"og:locale\" content=\"sl_SI\" \/>\n<meta property=\"og:type\" content=\"article\" \/>\n<meta property=\"og:title\" content=\"Brez elektrike nekaj tiso\u010d \u0160tajercev - Novice.si\" \/>\n<meta property=\"og:description\" content=\"Delavci elektro podjetij, ki so zaradi neurij v zadnjem tednu dni veliko \u010dasa na terenu, tudi po v\u010deraj\u0161njem (sredine) \u00a0neurju odpravljajo okvare na omre\u017eju. Na obmo\u010dju Elektra Maribor je bilo zjutraj brez napajanja z elektri\u010dno energijo 2900 odjemalcev, na obmo\u010dju Elektra Celje pa 167 uporabnikov. Kot so zjutraj pojasnili pri Elektru Maribor, se sodelavci intenzivno [&hellip;]\" \/>\n<meta property=\"og:url\" content=\"https:\/\/novice.si\/page\/brez-elektrike-nekaj-tisoc-stajercev\/\" \/>\n<meta property=\"og:site_name\" content=\"Novice.si\" \/>\n<meta property=\"article:published_time\" content=\"2023-07-20T10:32:47+00:00\" \/>\n<meta property=\"article:modified_time\" content=\"2023-07-20T10:51:49+00:00\" \/>\n<meta property=\"og:image\" content=\"https:\/\/novice.si\/page\/wp-content\/uploads\/2023\/07\/vojnik-neurje-423.jpg\" \/>\n\t<meta property=\"og:image:width\" content=\"1300\" \/>\n\t<meta property=\"og:image:height\" content=\"974\" \/>\n\t<meta property=\"og:image:type\" content=\"image\/jpeg\" \/>\n<meta name=\"author\" content=\"Uredni\u0161tvo Radia Rogla\" \/>\n<meta name=\"twitter:card\" content=\"summary_large_image\" \/>\n<meta name=\"twitter:label1\" content=\"Written by\" \/>\n\t<meta name=\"twitter:data1\" content=\"Uredni\u0161tvo Radia Rogla\" \/>\n\t<meta name=\"twitter:label2\" content=\"Est. reading time\" \/>\n\t<meta name=\"twitter:data2\" content=\"1 minuta\" \/>\n<script type=\"application\/ld+json\" class=\"yoast-schema-graph\">{\"@context\":\"https:\\\/\\\/schema.org\",\"@graph\":[{\"@type\":\"Article\",\"@id\":\"https:\\\/\\\/novice.si\\\/page\\\/brez-elektrike-nekaj-tisoc-stajercev\\\/#article\",\"isPartOf\":{\"@id\":\"https:\\\/\\\/novice.si\\\/page\\\/brez-elektrike-nekaj-tisoc-stajercev\\\/\"},\"author\":{\"name\":\"Uredni\u0161tvo Radia Rogla\",\"@id\":\"https:\\\/\\\/novice.si\\\/page\\\/#\\\/schema\\\/person\\\/25f5278da029e7b6f1e1c5653d7152a6\"},\"headline\":\"Brez elektrike nekaj tiso\u010d \u0160tajercev\",\"datePublished\":\"2023-07-20T10:32:47+00:00\",\"dateModified\":\"2023-07-20T10:51:49+00:00\",\"mainEntityOfPage\":{\"@id\":\"https:\\\/\\\/novice.si\\\/page\\\/brez-elektrike-nekaj-tisoc-stajercev\\\/\"},\"wordCount\":139,\"publisher\":{\"@id\":\"https:\\\/\\\/novice.si\\\/page\\\/#organization\"},\"image\":{\"@id\":\"https:\\\/\\\/novice.si\\\/page\\\/brez-elektrike-nekaj-tisoc-stajercev\\\/#primaryimage\"},\"thumbnailUrl\":\"https:\\\/\\\/novice.si\\\/page\\\/wp-content\\\/uploads\\\/2023\\\/07\\\/vojnik-neurje-423.jpg\",\"articleSection\":[\"Aktualno\",\"Bistri\u0161ko\",\"Celjsko\",\"Konji\u0161ko\",\"Kronika\"],\"inLanguage\":\"sl-SI\"},{\"@type\":\"WebPage\",\"@id\":\"https:\\\/\\\/novice.si\\\/page\\\/brez-elektrike-nekaj-tisoc-stajercev\\\/\",\"url\":\"https:\\\/\\\/novice.si\\\/page\\\/brez-elektrike-nekaj-tisoc-stajercev\\\/\",\"name\":\"Brez elektrike nekaj tiso\u010d \u0160tajercev - Novice.si\",\"isPartOf\":{\"@id\":\"https:\\\/\\\/novice.si\\\/page\\\/#website\"},\"primaryImageOfPage\":{\"@id\":\"https:\\\/\\\/novice.si\\\/page\\\/brez-elektrike-nekaj-tisoc-stajercev\\\/#primaryimage\"},\"image\":{\"@id\":\"https:\\\/\\\/novice.si\\\/page\\\/brez-elektrike-nekaj-tisoc-stajercev\\\/#primaryimage\"},\"thumbnailUrl\":\"https:\\\/\\\/novice.si\\\/page\\\/wp-content\\\/uploads\\\/2023\\\/07\\\/vojnik-neurje-423.jpg\",\"datePublished\":\"2023-07-20T10:32:47+00:00\",\"dateModified\":\"2023-07-20T10:51:49+00:00\",\"breadcrumb\":{\"@id\":\"https:\\\/\\\/novice.si\\\/page\\\/brez-elektrike-nekaj-tisoc-stajercev\\\/#breadcrumb\"},\"inLanguage\":\"sl-SI\",\"potentialAction\":[{\"@type\":\"ReadAction\",\"target\":[\"https:\\\/\\\/novice.si\\\/page\\\/brez-elektrike-nekaj-tisoc-stajercev\\\/\"]}]},{\"@type\":\"ImageObject\",\"inLanguage\":\"sl-SI\",\"@id\":\"https:\\\/\\\/novice.si\\\/page\\\/brez-elektrike-nekaj-tisoc-stajercev\\\/#primaryimage\",\"url\":\"https:\\\/\\\/novice.si\\\/page\\\/wp-content\\\/uploads\\\/2023\\\/07\\\/vojnik-neurje-423.jpg\",\"contentUrl\":\"https:\\\/\\\/novice.si\\\/page\\\/wp-content\\\/uploads\\\/2023\\\/07\\\/vojnik-neurje-423.jpg\",\"width\":1300,\"height\":974},{\"@type\":\"BreadcrumbList\",\"@id\":\"https:\\\/\\\/novice.si\\\/page\\\/brez-elektrike-nekaj-tisoc-stajercev\\\/#breadcrumb\",\"itemListElement\":[{\"@type\":\"ListItem\",\"position\":1,\"name\":\"Home\",\"item\":\"https:\\\/\\\/novice.si\\\/page\\\/\"},{\"@type\":\"ListItem\",\"position\":2,\"name\":\"Brez elektrike nekaj tiso\u010d \u0160tajercev\"}]},{\"@type\":\"WebSite\",\"@id\":\"https:\\\/\\\/novice.si\\\/page\\\/#website\",\"url\":\"https:\\\/\\\/novice.si\\\/page\\\/\",\"name\":\"Novice.si\",\"description\":\"\",\"publisher\":{\"@id\":\"https:\\\/\\\/novice.si\\\/page\\\/#organization\"},\"potentialAction\":[{\"@type\":\"SearchAction\",\"target\":{\"@type\":\"EntryPoint\",\"urlTemplate\":\"https:\\\/\\\/novice.si\\\/page\\\/?s={search_term_string}\"},\"query-input\":{\"@type\":\"PropertyValueSpecification\",\"valueRequired\":true,\"valueName\":\"search_term_string\"}}],\"inLanguage\":\"sl-SI\"},{\"@type\":\"Organization\",\"@id\":\"https:\\\/\\\/novice.si\\\/page\\\/#organization\",\"name\":\"Novice.si\",\"url\":\"https:\\\/\\\/novice.si\\\/page\\\/\",\"logo\":{\"@type\":\"ImageObject\",\"inLanguage\":\"sl-SI\",\"@id\":\"https:\\\/\\\/novice.si\\\/page\\\/#\\\/schema\\\/logo\\\/image\\\/\",\"url\":\"https:\\\/\\\/novice.si\\\/page\\\/wp-content\\\/uploads\\\/2023\\\/03\\\/novice_si.png\",\"contentUrl\":\"https:\\\/\\\/novice.si\\\/page\\\/wp-content\\\/uploads\\\/2023\\\/03\\\/novice_si.png\",\"width\":576,\"height\":200,\"caption\":\"Novice.si\"},\"image\":{\"@id\":\"https:\\\/\\\/novice.si\\\/page\\\/#\\\/schema\\\/logo\\\/image\\\/\"}},{\"@type\":\"Person\",\"@id\":\"https:\\\/\\\/novice.si\\\/page\\\/#\\\/schema\\\/person\\\/25f5278da029e7b6f1e1c5653d7152a6\",\"name\":\"Uredni\u0161tvo Radia Rogla\",\"image\":{\"@type\":\"ImageObject\",\"inLanguage\":\"sl-SI\",\"@id\":\"https:\\\/\\\/secure.gravatar.com\\\/avatar\\\/eade8259eacc27e89cb0948c57c4cbe46b0f16ea634156f167415ac94c5b03e3?s=96&d=mm&r=g\",\"url\":\"https:\\\/\\\/secure.gravatar.com\\\/avatar\\\/eade8259eacc27e89cb0948c57c4cbe46b0f16ea634156f167415ac94c5b03e3?s=96&d=mm&r=g\",\"contentUrl\":\"https:\\\/\\\/secure.gravatar.com\\\/avatar\\\/eade8259eacc27e89cb0948c57c4cbe46b0f16ea634156f167415ac94c5b03e3?s=96&d=mm&r=g\",\"caption\":\"Uredni\u0161tvo Radia Rogla\"},\"url\":\"https:\\\/\\\/novice.si\\\/page\\\/author\\\/valerija\\\/\"}]}<\/script>\n<!-- \/ Yoast SEO plugin. -->","yoast_head_json":{"title":"Brez elektrike nekaj tiso\u010d \u0160tajercev - Novice.si","robots":{"index":"index","follow":"follow","max-snippet":"max-snippet:-1","max-image-preview":"max-image-preview:large","max-video-preview":"max-video-preview:-1"},"canonical":"https:\/\/novice.si\/page\/brez-elektrike-nekaj-tisoc-stajercev\/","og_locale":"sl_SI","og_type":"article","og_title":"Brez elektrike nekaj tiso\u010d \u0160tajercev - Novice.si","og_description":"Delavci elektro podjetij, ki so zaradi neurij v zadnjem tednu dni veliko \u010dasa na terenu, tudi po v\u010deraj\u0161njem (sredine) \u00a0neurju odpravljajo okvare na omre\u017eju. Na obmo\u010dju Elektra Maribor je bilo zjutraj brez napajanja z elektri\u010dno energijo 2900 odjemalcev, na obmo\u010dju Elektra Celje pa 167 uporabnikov. Kot so zjutraj pojasnili pri Elektru Maribor, se sodelavci intenzivno [&hellip;]","og_url":"https:\/\/novice.si\/page\/brez-elektrike-nekaj-tisoc-stajercev\/","og_site_name":"Novice.si","article_published_time":"2023-07-20T10:32:47+00:00","article_modified_time":"2023-07-20T10:51:49+00:00","og_image":[{"width":1300,"height":974,"url":"https:\/\/novice.si\/page\/wp-content\/uploads\/2023\/07\/vojnik-neurje-423.jpg","type":"image\/jpeg"}],"author":"Uredni\u0161tvo Radia Rogla","twitter_card":"summary_large_image","twitter_misc":{"Written by":"Uredni\u0161tvo Radia Rogla","Est. reading time":"1 minuta"},"schema":{"@context":"https:\/\/schema.org","@graph":[{"@type":"Article","@id":"https:\/\/novice.si\/page\/brez-elektrike-nekaj-tisoc-stajercev\/#article","isPartOf":{"@id":"https:\/\/novice.si\/page\/brez-elektrike-nekaj-tisoc-stajercev\/"},"author":{"name":"Uredni\u0161tvo Radia Rogla","@id":"https:\/\/novice.si\/page\/#\/schema\/person\/25f5278da029e7b6f1e1c5653d7152a6"},"headline":"Brez elektrike nekaj tiso\u010d \u0160tajercev","datePublished":"2023-07-20T10:32:47+00:00","dateModified":"2023-07-20T10:51:49+00:00","mainEntityOfPage":{"@id":"https:\/\/novice.si\/page\/brez-elektrike-nekaj-tisoc-stajercev\/"},"wordCount":139,"publisher":{"@id":"https:\/\/novice.si\/page\/#organization"},"image":{"@id":"https:\/\/novice.si\/page\/brez-elektrike-nekaj-tisoc-stajercev\/#primaryimage"},"thumbnailUrl":"https:\/\/novice.si\/page\/wp-content\/uploads\/2023\/07\/vojnik-neurje-423.jpg","articleSection":["Aktualno","Bistri\u0161ko","Celjsko","Konji\u0161ko","Kronika"],"inLanguage":"sl-SI"},{"@type":"WebPage","@id":"https:\/\/novice.si\/page\/brez-elektrike-nekaj-tisoc-stajercev\/","url":"https:\/\/novice.si\/page\/brez-elektrike-nekaj-tisoc-stajercev\/","name":"Brez elektrike nekaj tiso\u010d \u0160tajercev - Novice.si","isPartOf":{"@id":"https:\/\/novice.si\/page\/#website"},"primaryImageOfPage":{"@id":"https:\/\/novice.si\/page\/brez-elektrike-nekaj-tisoc-stajercev\/#primaryimage"},"image":{"@id":"https:\/\/novice.si\/page\/brez-elektrike-nekaj-tisoc-stajercev\/#primaryimage"},"thumbnailUrl":"https:\/\/novice.si\/page\/wp-content\/uploads\/2023\/07\/vojnik-neurje-423.jpg","datePublished":"2023-07-20T10:32:47+00:00","dateModified":"2023-07-20T10:51:49+00:00","breadcrumb":{"@id":"https:\/\/novice.si\/page\/brez-elektrike-nekaj-tisoc-stajercev\/#breadcrumb"},"inLanguage":"sl-SI","potentialAction":[{"@type":"ReadAction","target":["https:\/\/novice.si\/page\/brez-elektrike-nekaj-tisoc-stajercev\/"]}]},{"@type":"ImageObject","inLanguage":"sl-SI","@id":"https:\/\/novice.si\/page\/brez-elektrike-nekaj-tisoc-stajercev\/#primaryimage","url":"https:\/\/novice.si\/page\/wp-content\/uploads\/2023\/07\/vojnik-neurje-423.jpg","contentUrl":"https:\/\/novice.si\/page\/wp-content\/uploads\/2023\/07\/vojnik-neurje-423.jpg","width":1300,"height":974},{"@type":"BreadcrumbList","@id":"https:\/\/novice.si\/page\/brez-elektrike-nekaj-tisoc-stajercev\/#breadcrumb","itemListElement":[{"@type":"ListItem","position":1,"name":"Home","item":"https:\/\/novice.si\/page\/"},{"@type":"ListItem","position":2,"name":"Brez elektrike nekaj tiso\u010d \u0160tajercev"}]},{"@type":"WebSite","@id":"https:\/\/novice.si\/page\/#website","url":"https:\/\/novice.si\/page\/","name":"Novice.si","description":"","publisher":{"@id":"https:\/\/novice.si\/page\/#organization"},"potentialAction":[{"@type":"SearchAction","target":{"@type":"EntryPoint","urlTemplate":"https:\/\/novice.si\/page\/?s={search_term_string}"},"query-input":{"@type":"PropertyValueSpecification","valueRequired":true,"valueName":"search_term_string"}}],"inLanguage":"sl-SI"},{"@type":"Organization","@id":"https:\/\/novice.si\/page\/#organization","name":"Novice.si","url":"https:\/\/novice.si\/page\/","logo":{"@type":"ImageObject","inLanguage":"sl-SI","@id":"https:\/\/novice.si\/page\/#\/schema\/logo\/image\/","url":"https:\/\/novice.si\/page\/wp-content\/uploads\/2023\/03\/novice_si.png","contentUrl":"https:\/\/novice.si\/page\/wp-content\/uploads\/2023\/03\/novice_si.png","width":576,"height":200,"caption":"Novice.si"},"image":{"@id":"https:\/\/novice.si\/page\/#\/schema\/logo\/image\/"}},{"@type":"Person","@id":"https:\/\/novice.si\/page\/#\/schema\/person\/25f5278da029e7b6f1e1c5653d7152a6","name":"Uredni\u0161tvo Radia Rogla","image":{"@type":"ImageObject","inLanguage":"sl-SI","@id":"https:\/\/secure.gravatar.com\/avatar\/eade8259eacc27e89cb0948c57c4cbe46b0f16ea634156f167415ac94c5b03e3?s=96&d=mm&r=g","url":"https:\/\/secure.gravatar.com\/avatar\/eade8259eacc27e89cb0948c57c4cbe46b0f16ea634156f167415ac94c5b03e3?s=96&d=mm&r=g","contentUrl":"https:\/\/secure.gravatar.com\/avatar\/eade8259eacc27e89cb0948c57c4cbe46b0f16ea634156f167415ac94c5b03e3?s=96&d=mm&r=g","caption":"Uredni\u0161tvo Radia Rogla"},"url":"https:\/\/novice.si\/page\/author\/valerija\/"}]}},"_links":{"self":[{"href":"https:\/\/novice.si\/page\/wp-json\/wp\/v2\/posts\/165101","targetHints":{"allow":["GET"]}}],"collection":[{"href":"https:\/\/novice.si\/page\/wp-json\/wp\/v2\/posts"}],"about":[{"href":"https:\/\/novice.si\/page\/wp-json\/wp\/v2\/types\/post"}],"author":[{"embeddable":true,"href":"https:\/\/novice.si\/page\/wp-json\/wp\/v2\/users\/5"}],"replies":[{"embeddable":true,"href":"https:\/\/novice.si\/page\/wp-json\/wp\/v2\/comments?post=165101"}],"version-history":[{"count":1,"href":"https:\/\/novice.si\/page\/wp-json\/wp\/v2\/posts\/165101\/revisions"}],"predecessor-version":[{"id":165103,"href":"https:\/\/novice.si\/page\/wp-json\/wp\/v2\/posts\/165101\/revisions\/165103"}],"wp:featuredmedia":[{"embeddable":true,"href":"https:\/\/novice.si\/page\/wp-json\/wp\/v2\/media\/165106"}],"wp:attachment":[{"href":"https:\/\/novice.si\/page\/wp-json\/wp\/v2\/media?parent=165101"}],"wp:term":[{"taxonomy":"category","embeddable":true,"href":"https:\/\/novice.si\/page\/wp-json\/wp\/v2\/categories?post=165101"},{"taxonomy":"post_tag","embeddable":true,"href":"https:\/\/novice.si\/page\/wp-json\/wp\/v2\/tags?post=165101"}],"curies":[{"name":"wp","href":"https:\/\/api.w.org\/{rel}","templated":true}]}}