{"id":165037,"date":"2023-07-19T08:45:47","date_gmt":"2023-07-19T06:45:47","guid":{"rendered":"https:\/\/novice.si\/page\/?p=165037"},"modified":"2023-07-19T09:39:45","modified_gmt":"2023-07-19T07:39:45","slug":"neurje-zajelo-skoraj-celotno-regijo","status":"publish","type":"post","link":"https:\/\/novice.si\/page\/neurje-zajelo-skoraj-celotno-regijo\/","title":{"rendered":"Neurje zajelo skoraj celotno regijo"},"content":{"rendered":"<p><img loading=\"lazy\" decoding=\"async\" class=\"alignleft wp-image-141344 size-full\" src=\"https:\/\/novice.si\/page\/wp-content\/uploads\/2021\/07\/neurje-oplotnica-4.jpg\" alt=\"\" width=\"960\" height=\"540\" srcset=\"https:\/\/novice.si\/page\/wp-content\/uploads\/2021\/07\/neurje-oplotnica-4.jpg 960w, https:\/\/novice.si\/page\/wp-content\/uploads\/2021\/07\/neurje-oplotnica-4-300x169.jpg 300w, https:\/\/novice.si\/page\/wp-content\/uploads\/2021\/07\/neurje-oplotnica-4-768x432.jpg 768w, https:\/\/novice.si\/page\/wp-content\/uploads\/2021\/07\/neurje-oplotnica-4-696x392.jpg 696w, https:\/\/novice.si\/page\/wp-content\/uploads\/2021\/07\/neurje-oplotnica-4-747x420.jpg 747w, https:\/\/novice.si\/page\/wp-content\/uploads\/2021\/07\/neurje-oplotnica-4-24x14.jpg 24w, https:\/\/novice.si\/page\/wp-content\/uploads\/2021\/07\/neurje-oplotnica-4-36x20.jpg 36w, https:\/\/novice.si\/page\/wp-content\/uploads\/2021\/07\/neurje-oplotnica-4-48x27.jpg 48w\" sizes=\"auto, (max-width: 960px) 100vw, 960px\" \/>Neurje z mo\u010dnim vetrom je v\u010deraj zajelo obmo\u010dje na\u0161e regije. Gasilci so samo na obmo\u010dju celjskega regijskega centra za obve\u0161\u010danje posredovali kar 145-krat.<br \/>\nPodrtih je tudi nekaj elektri\u010dnih drogov, zaradi \u010desar je \u0161e danes motena dobava elektri\u010dne energije.<br \/>\nSamo na obmo\u010dju Elektra Celje je bilo zjutraj brez elektri\u010dne energije \u0161e ve\u010d kot 1300 odjemalcev.<\/p>\n<figure id=\"attachment_164951\" aria-describedby=\"caption-attachment-164951\" style=\"width: 452px\" class=\"wp-caption alignnone\"><img loading=\"lazy\" decoding=\"async\" class=\"wp-image-164951 size-full\" src=\"https:\/\/novice.si\/page\/wp-content\/uploads\/2023\/07\/vojnik-neurje-4.jpg\" alt=\"\" width=\"452\" height=\"339\" srcset=\"https:\/\/novice.si\/page\/wp-content\/uploads\/2023\/07\/vojnik-neurje-4.jpg 452w, https:\/\/novice.si\/page\/wp-content\/uploads\/2023\/07\/vojnik-neurje-4-80x60.jpg 80w, https:\/\/novice.si\/page\/wp-content\/uploads\/2023\/07\/vojnik-neurje-4-265x198.jpg 265w, https:\/\/novice.si\/page\/wp-content\/uploads\/2023\/07\/vojnik-neurje-4-24x18.jpg 24w, https:\/\/novice.si\/page\/wp-content\/uploads\/2023\/07\/vojnik-neurje-4-36x27.jpg 36w, https:\/\/novice.si\/page\/wp-content\/uploads\/2023\/07\/vojnik-neurje-4-48x36.jpg 48w\" sizes=\"auto, (max-width: 452px) 100vw, 452px\" \/><figcaption id=\"caption-attachment-164951\" class=\"wp-caption-text\">Vojnik, neurje.<\/figcaption><\/figure>\n<p>V <strong>Celju<\/strong> je veter razkril ve\u010d streh na stanovanjskih in gospodarskih objektih, padla drevesa so po\u0161kodovala komunalno in prometno infrastrukturo. Veter je podrl tudi nekaj elektri\u010dnih drogov.<br \/>\nV <strong>Slovenskih Konjicah<\/strong> je hudo neurje z mo\u010dnimi vetrovi in padavinami razkrilo veliko streh na stanovanjskih in gospodarskih objektih, poro\u010dajo gasilci iz Slovenskih Konjic in \u017di\u010d. Podrtih je bilo tudi nekaj dreves, ki so po\u0161kodovala komunalno in prometno infrastrukturo.<br \/>\nTudi obmo\u010dje <strong>\u0161entjurske<\/strong> ob\u010dine je zajelo mo\u010dno neurje s silovitim vetrom in padavinami. Razkritih je veliko streh na stanovanjskih in gospodarskih objektih ter podrtih dreves, ki so po\u0161kodovala komunalno in prometno infrastrukturo. Podrtih je tudi nekaj elektri\u010dnih drogov, zaradi \u010desar je motena dobava elektri\u010dne energije. Na terenu so bili gasilci dru\u0161tev Ponikva, Slivnica, Dramlje in Loka pri \u017dusmu.<br \/>\nSkoraj identi\u010dno poro\u010dilo prihaja z <strong>vojni\u0161kega<\/strong> in <strong>vitanjskega<\/strong> obmo\u010dja: razkrito je veliko streh na stanovanjskih in gospodarskih objektih ter podrtih dreves, ki so po\u0161kodovala komunalno in prometno infrastrukturo. Podrtih je tudi nekaj elektri\u010dnih drogov. Na terenu so gasilci dru\u0161tev Frankolovo, Vojnik, Nova Cerkev, Socka in Vitanje.<br \/>\nO odkritih strehah in podrtih drevesih poro\u010dajo tudi z <strong>Oplotni\u0161kega<\/strong>, kjer so pomagali oplotni\u0161ki in slovenjebistri\u0161ki gasilci.<\/p>\n<figure id=\"attachment_165061\" aria-describedby=\"caption-attachment-165061\" style=\"width: 2048px\" class=\"wp-caption alignnone\"><img loading=\"lazy\" decoding=\"async\" class=\"wp-image-165061 size-full\" src=\"https:\/\/novice.si\/page\/wp-content\/uploads\/2023\/07\/pgd.jpg\" alt=\"\" width=\"2048\" height=\"923\" srcset=\"https:\/\/novice.si\/page\/wp-content\/uploads\/2023\/07\/pgd.jpg 2048w, https:\/\/novice.si\/page\/wp-content\/uploads\/2023\/07\/pgd-600x270.jpg 600w, https:\/\/novice.si\/page\/wp-content\/uploads\/2023\/07\/pgd-1024x462.jpg 1024w, https:\/\/novice.si\/page\/wp-content\/uploads\/2023\/07\/pgd-768x346.jpg 768w, https:\/\/novice.si\/page\/wp-content\/uploads\/2023\/07\/pgd-1536x692.jpg 1536w, https:\/\/novice.si\/page\/wp-content\/uploads\/2023\/07\/pgd-696x314.jpg 696w, https:\/\/novice.si\/page\/wp-content\/uploads\/2023\/07\/pgd-1068x481.jpg 1068w, https:\/\/novice.si\/page\/wp-content\/uploads\/2023\/07\/pgd-932x420.jpg 932w, https:\/\/novice.si\/page\/wp-content\/uploads\/2023\/07\/pgd-24x11.jpg 24w, https:\/\/novice.si\/page\/wp-content\/uploads\/2023\/07\/pgd-36x16.jpg 36w, https:\/\/novice.si\/page\/wp-content\/uploads\/2023\/07\/pgd-48x22.jpg 48w\" sizes=\"auto, (max-width: 2048px) 100vw, 2048px\" \/><figcaption id=\"caption-attachment-165061\" class=\"wp-caption-text\">\u010clani PGD Zre\u010de pomagajo z novim vozilom na Stranicah. Foto PGD Zre\u010de.<\/figcaption><\/figure>\n<p>Podobne razmere, vendar v nekoliko manj\u0161em obsegu, so sino\u010di zabele\u017eili tudi v Slovenski Bistrici. Ve\u010d prijav dogodkov so imeli tudi v Zre\u010dah, Pod\u010detrtku, Roga\u0161ki Slatini in \u0160marju pri Jel\u0161ah.<br \/>\nV vseh omenjenih ob\u010dinah bodo danes popisovali \u0161kodo.<\/p>\n<p>Policija je \u017ee pred dnevi objavila tudi opozorilo pohodnikom in obiskovalcem gora, naj ne zahajajo na visoko le\u017ee\u010da obmo\u010dja, zlasti kadar so napovedane vremenske nev\u0161e\u010dnosti.<\/p>\n<p>P\u0160<\/p>\n","protected":false},"excerpt":{"rendered":"<p>Neurje z mo\u010dnim vetrom je v\u010deraj zajelo obmo\u010dje na\u0161e regije. Gasilci so samo na obmo\u010dju celjskega regijskega centra za obve\u0161\u010danje posredovali kar 145-krat. Podrtih je tudi nekaj elektri\u010dnih drogov, zaradi \u010desar je \u0161e danes motena dobava elektri\u010dne energije. Samo na obmo\u010dju Elektra Celje je bilo zjutraj brez elektri\u010dne energije \u0161e ve\u010d kot 1300 odjemalcev. V [&hellip;]<\/p>\n","protected":false},"author":33,"featured_media":165061,"comment_status":"closed","ping_status":"closed","sticky":false,"template":"","format":"standard","meta":{"footnotes":""},"categories":[14,32,17,16,38,57],"tags":[603,18316,18317,18315,18314,610],"class_list":{"0":"post-165037","1":"post","2":"type-post","3":"status-publish","4":"format-standard","5":"has-post-thumbnail","7":"category-aktualno","8":"category-bistrisko","9":"category-celjsko","10":"category-konjisko","11":"category-kozjansko","12":"category-sentjursko","13":"tag-neurje","14":"tag-podrta-drevesa","15":"tag-podrti-drogovi-elektricni","16":"tag-razkrite-strehe","17":"tag-regija","18":"tag-skoda"},"yoast_head":"<!-- This site is optimized with the Yoast SEO plugin v27.4 - https:\/\/yoast.com\/product\/yoast-seo-wordpress\/ -->\n<title>Neurje zajelo skoraj celotno regijo - Novice.si<\/title>\n<meta name=\"robots\" content=\"index, follow, max-snippet:-1, max-image-preview:large, max-video-preview:-1\" \/>\n<link rel=\"canonical\" href=\"https:\/\/novice.si\/page\/neurje-zajelo-skoraj-celotno-regijo\/\" \/>\n<meta property=\"og:locale\" content=\"sl_SI\" \/>\n<meta property=\"og:type\" content=\"article\" \/>\n<meta property=\"og:title\" content=\"Neurje zajelo skoraj celotno regijo - Novice.si\" \/>\n<meta property=\"og:description\" content=\"Neurje z mo\u010dnim vetrom je v\u010deraj zajelo obmo\u010dje na\u0161e regije. Gasilci so samo na obmo\u010dju celjskega regijskega centra za obve\u0161\u010danje posredovali kar 145-krat. Podrtih je tudi nekaj elektri\u010dnih drogov, zaradi \u010desar je \u0161e danes motena dobava elektri\u010dne energije. Samo na obmo\u010dju Elektra Celje je bilo zjutraj brez elektri\u010dne energije \u0161e ve\u010d kot 1300 odjemalcev. V [&hellip;]\" \/>\n<meta property=\"og:url\" content=\"https:\/\/novice.si\/page\/neurje-zajelo-skoraj-celotno-regijo\/\" \/>\n<meta property=\"og:site_name\" content=\"Novice.si\" \/>\n<meta property=\"article:published_time\" content=\"2023-07-19T06:45:47+00:00\" \/>\n<meta property=\"article:modified_time\" content=\"2023-07-19T07:39:45+00:00\" \/>\n<meta property=\"og:image\" content=\"https:\/\/novice.si\/page\/wp-content\/uploads\/2023\/07\/pgd.jpg\" \/>\n\t<meta property=\"og:image:width\" content=\"2048\" \/>\n\t<meta property=\"og:image:height\" content=\"923\" \/>\n\t<meta property=\"og:image:type\" content=\"image\/jpeg\" \/>\n<meta name=\"author\" content=\"Uredni\u0161tvo Celjana\" \/>\n<meta name=\"twitter:card\" content=\"summary_large_image\" \/>\n<meta name=\"twitter:label1\" content=\"Written by\" \/>\n\t<meta name=\"twitter:data1\" content=\"Uredni\u0161tvo Celjana\" \/>\n\t<meta name=\"twitter:label2\" content=\"Est. reading time\" \/>\n\t<meta name=\"twitter:data2\" content=\"3 minute\" \/>\n<script type=\"application\/ld+json\" class=\"yoast-schema-graph\">{\"@context\":\"https:\\\/\\\/schema.org\",\"@graph\":[{\"@type\":\"Article\",\"@id\":\"https:\\\/\\\/novice.si\\\/page\\\/neurje-zajelo-skoraj-celotno-regijo\\\/#article\",\"isPartOf\":{\"@id\":\"https:\\\/\\\/novice.si\\\/page\\\/neurje-zajelo-skoraj-celotno-regijo\\\/\"},\"author\":{\"name\":\"Uredni\u0161tvo Celjana\",\"@id\":\"https:\\\/\\\/novice.si\\\/page\\\/#\\\/schema\\\/person\\\/57f25c9642a9541c7349c65d32032c3e\"},\"headline\":\"Neurje zajelo skoraj celotno regijo\",\"datePublished\":\"2023-07-19T06:45:47+00:00\",\"dateModified\":\"2023-07-19T07:39:45+00:00\",\"mainEntityOfPage\":{\"@id\":\"https:\\\/\\\/novice.si\\\/page\\\/neurje-zajelo-skoraj-celotno-regijo\\\/\"},\"wordCount\":384,\"publisher\":{\"@id\":\"https:\\\/\\\/novice.si\\\/page\\\/#organization\"},\"image\":{\"@id\":\"https:\\\/\\\/novice.si\\\/page\\\/neurje-zajelo-skoraj-celotno-regijo\\\/#primaryimage\"},\"thumbnailUrl\":\"https:\\\/\\\/novice.si\\\/page\\\/wp-content\\\/uploads\\\/2023\\\/07\\\/pgd.jpg\",\"keywords\":[\"neurje\",\"podrta drevesa\",\"podrti drogovi elektri\u010dni\",\"razkrite strehe\",\"regija\",\"\u0161koda\"],\"articleSection\":[\"Aktualno\",\"Bistri\u0161ko\",\"Celjsko\",\"Konji\u0161ko\",\"Kozjansko\",\"\u0160entjursko\"],\"inLanguage\":\"sl-SI\"},{\"@type\":\"WebPage\",\"@id\":\"https:\\\/\\\/novice.si\\\/page\\\/neurje-zajelo-skoraj-celotno-regijo\\\/\",\"url\":\"https:\\\/\\\/novice.si\\\/page\\\/neurje-zajelo-skoraj-celotno-regijo\\\/\",\"name\":\"Neurje zajelo skoraj celotno regijo - Novice.si\",\"isPartOf\":{\"@id\":\"https:\\\/\\\/novice.si\\\/page\\\/#website\"},\"primaryImageOfPage\":{\"@id\":\"https:\\\/\\\/novice.si\\\/page\\\/neurje-zajelo-skoraj-celotno-regijo\\\/#primaryimage\"},\"image\":{\"@id\":\"https:\\\/\\\/novice.si\\\/page\\\/neurje-zajelo-skoraj-celotno-regijo\\\/#primaryimage\"},\"thumbnailUrl\":\"https:\\\/\\\/novice.si\\\/page\\\/wp-content\\\/uploads\\\/2023\\\/07\\\/pgd.jpg\",\"datePublished\":\"2023-07-19T06:45:47+00:00\",\"dateModified\":\"2023-07-19T07:39:45+00:00\",\"breadcrumb\":{\"@id\":\"https:\\\/\\\/novice.si\\\/page\\\/neurje-zajelo-skoraj-celotno-regijo\\\/#breadcrumb\"},\"inLanguage\":\"sl-SI\",\"potentialAction\":[{\"@type\":\"ReadAction\",\"target\":[\"https:\\\/\\\/novice.si\\\/page\\\/neurje-zajelo-skoraj-celotno-regijo\\\/\"]}]},{\"@type\":\"ImageObject\",\"inLanguage\":\"sl-SI\",\"@id\":\"https:\\\/\\\/novice.si\\\/page\\\/neurje-zajelo-skoraj-celotno-regijo\\\/#primaryimage\",\"url\":\"https:\\\/\\\/novice.si\\\/page\\\/wp-content\\\/uploads\\\/2023\\\/07\\\/pgd.jpg\",\"contentUrl\":\"https:\\\/\\\/novice.si\\\/page\\\/wp-content\\\/uploads\\\/2023\\\/07\\\/pgd.jpg\",\"width\":2048,\"height\":923},{\"@type\":\"BreadcrumbList\",\"@id\":\"https:\\\/\\\/novice.si\\\/page\\\/neurje-zajelo-skoraj-celotno-regijo\\\/#breadcrumb\",\"itemListElement\":[{\"@type\":\"ListItem\",\"position\":1,\"name\":\"Home\",\"item\":\"https:\\\/\\\/novice.si\\\/page\\\/\"},{\"@type\":\"ListItem\",\"position\":2,\"name\":\"Neurje zajelo skoraj celotno regijo\"}]},{\"@type\":\"WebSite\",\"@id\":\"https:\\\/\\\/novice.si\\\/page\\\/#website\",\"url\":\"https:\\\/\\\/novice.si\\\/page\\\/\",\"name\":\"Novice.si\",\"description\":\"\",\"publisher\":{\"@id\":\"https:\\\/\\\/novice.si\\\/page\\\/#organization\"},\"potentialAction\":[{\"@type\":\"SearchAction\",\"target\":{\"@type\":\"EntryPoint\",\"urlTemplate\":\"https:\\\/\\\/novice.si\\\/page\\\/?s={search_term_string}\"},\"query-input\":{\"@type\":\"PropertyValueSpecification\",\"valueRequired\":true,\"valueName\":\"search_term_string\"}}],\"inLanguage\":\"sl-SI\"},{\"@type\":\"Organization\",\"@id\":\"https:\\\/\\\/novice.si\\\/page\\\/#organization\",\"name\":\"Novice.si\",\"url\":\"https:\\\/\\\/novice.si\\\/page\\\/\",\"logo\":{\"@type\":\"ImageObject\",\"inLanguage\":\"sl-SI\",\"@id\":\"https:\\\/\\\/novice.si\\\/page\\\/#\\\/schema\\\/logo\\\/image\\\/\",\"url\":\"https:\\\/\\\/novice.si\\\/page\\\/wp-content\\\/uploads\\\/2023\\\/03\\\/novice_si.png\",\"contentUrl\":\"https:\\\/\\\/novice.si\\\/page\\\/wp-content\\\/uploads\\\/2023\\\/03\\\/novice_si.png\",\"width\":576,\"height\":200,\"caption\":\"Novice.si\"},\"image\":{\"@id\":\"https:\\\/\\\/novice.si\\\/page\\\/#\\\/schema\\\/logo\\\/image\\\/\"}},{\"@type\":\"Person\",\"@id\":\"https:\\\/\\\/novice.si\\\/page\\\/#\\\/schema\\\/person\\\/57f25c9642a9541c7349c65d32032c3e\",\"name\":\"Uredni\u0161tvo Celjana\",\"image\":{\"@type\":\"ImageObject\",\"inLanguage\":\"sl-SI\",\"@id\":\"https:\\\/\\\/secure.gravatar.com\\\/avatar\\\/78e52bc4279b65f6df6345e0ef0f7b792d361361f230cf4ffecfe0afe6d5629c?s=96&d=mm&r=g\",\"url\":\"https:\\\/\\\/secure.gravatar.com\\\/avatar\\\/78e52bc4279b65f6df6345e0ef0f7b792d361361f230cf4ffecfe0afe6d5629c?s=96&d=mm&r=g\",\"contentUrl\":\"https:\\\/\\\/secure.gravatar.com\\\/avatar\\\/78e52bc4279b65f6df6345e0ef0f7b792d361361f230cf4ffecfe0afe6d5629c?s=96&d=mm&r=g\",\"caption\":\"Uredni\u0161tvo Celjana\"},\"url\":\"https:\\\/\\\/novice.si\\\/page\\\/author\\\/primoz\\\/\"}]}<\/script>\n<!-- \/ Yoast SEO plugin. -->","yoast_head_json":{"title":"Neurje zajelo skoraj celotno regijo - Novice.si","robots":{"index":"index","follow":"follow","max-snippet":"max-snippet:-1","max-image-preview":"max-image-preview:large","max-video-preview":"max-video-preview:-1"},"canonical":"https:\/\/novice.si\/page\/neurje-zajelo-skoraj-celotno-regijo\/","og_locale":"sl_SI","og_type":"article","og_title":"Neurje zajelo skoraj celotno regijo - Novice.si","og_description":"Neurje z mo\u010dnim vetrom je v\u010deraj zajelo obmo\u010dje na\u0161e regije. Gasilci so samo na obmo\u010dju celjskega regijskega centra za obve\u0161\u010danje posredovali kar 145-krat. Podrtih je tudi nekaj elektri\u010dnih drogov, zaradi \u010desar je \u0161e danes motena dobava elektri\u010dne energije. Samo na obmo\u010dju Elektra Celje je bilo zjutraj brez elektri\u010dne energije \u0161e ve\u010d kot 1300 odjemalcev. V [&hellip;]","og_url":"https:\/\/novice.si\/page\/neurje-zajelo-skoraj-celotno-regijo\/","og_site_name":"Novice.si","article_published_time":"2023-07-19T06:45:47+00:00","article_modified_time":"2023-07-19T07:39:45+00:00","og_image":[{"width":2048,"height":923,"url":"https:\/\/novice.si\/page\/wp-content\/uploads\/2023\/07\/pgd.jpg","type":"image\/jpeg"}],"author":"Uredni\u0161tvo Celjana","twitter_card":"summary_large_image","twitter_misc":{"Written by":"Uredni\u0161tvo Celjana","Est. reading time":"3 minute"},"schema":{"@context":"https:\/\/schema.org","@graph":[{"@type":"Article","@id":"https:\/\/novice.si\/page\/neurje-zajelo-skoraj-celotno-regijo\/#article","isPartOf":{"@id":"https:\/\/novice.si\/page\/neurje-zajelo-skoraj-celotno-regijo\/"},"author":{"name":"Uredni\u0161tvo Celjana","@id":"https:\/\/novice.si\/page\/#\/schema\/person\/57f25c9642a9541c7349c65d32032c3e"},"headline":"Neurje zajelo skoraj celotno regijo","datePublished":"2023-07-19T06:45:47+00:00","dateModified":"2023-07-19T07:39:45+00:00","mainEntityOfPage":{"@id":"https:\/\/novice.si\/page\/neurje-zajelo-skoraj-celotno-regijo\/"},"wordCount":384,"publisher":{"@id":"https:\/\/novice.si\/page\/#organization"},"image":{"@id":"https:\/\/novice.si\/page\/neurje-zajelo-skoraj-celotno-regijo\/#primaryimage"},"thumbnailUrl":"https:\/\/novice.si\/page\/wp-content\/uploads\/2023\/07\/pgd.jpg","keywords":["neurje","podrta drevesa","podrti drogovi elektri\u010dni","razkrite strehe","regija","\u0161koda"],"articleSection":["Aktualno","Bistri\u0161ko","Celjsko","Konji\u0161ko","Kozjansko","\u0160entjursko"],"inLanguage":"sl-SI"},{"@type":"WebPage","@id":"https:\/\/novice.si\/page\/neurje-zajelo-skoraj-celotno-regijo\/","url":"https:\/\/novice.si\/page\/neurje-zajelo-skoraj-celotno-regijo\/","name":"Neurje zajelo skoraj celotno regijo - Novice.si","isPartOf":{"@id":"https:\/\/novice.si\/page\/#website"},"primaryImageOfPage":{"@id":"https:\/\/novice.si\/page\/neurje-zajelo-skoraj-celotno-regijo\/#primaryimage"},"image":{"@id":"https:\/\/novice.si\/page\/neurje-zajelo-skoraj-celotno-regijo\/#primaryimage"},"thumbnailUrl":"https:\/\/novice.si\/page\/wp-content\/uploads\/2023\/07\/pgd.jpg","datePublished":"2023-07-19T06:45:47+00:00","dateModified":"2023-07-19T07:39:45+00:00","breadcrumb":{"@id":"https:\/\/novice.si\/page\/neurje-zajelo-skoraj-celotno-regijo\/#breadcrumb"},"inLanguage":"sl-SI","potentialAction":[{"@type":"ReadAction","target":["https:\/\/novice.si\/page\/neurje-zajelo-skoraj-celotno-regijo\/"]}]},{"@type":"ImageObject","inLanguage":"sl-SI","@id":"https:\/\/novice.si\/page\/neurje-zajelo-skoraj-celotno-regijo\/#primaryimage","url":"https:\/\/novice.si\/page\/wp-content\/uploads\/2023\/07\/pgd.jpg","contentUrl":"https:\/\/novice.si\/page\/wp-content\/uploads\/2023\/07\/pgd.jpg","width":2048,"height":923},{"@type":"BreadcrumbList","@id":"https:\/\/novice.si\/page\/neurje-zajelo-skoraj-celotno-regijo\/#breadcrumb","itemListElement":[{"@type":"ListItem","position":1,"name":"Home","item":"https:\/\/novice.si\/page\/"},{"@type":"ListItem","position":2,"name":"Neurje zajelo skoraj celotno regijo"}]},{"@type":"WebSite","@id":"https:\/\/novice.si\/page\/#website","url":"https:\/\/novice.si\/page\/","name":"Novice.si","description":"","publisher":{"@id":"https:\/\/novice.si\/page\/#organization"},"potentialAction":[{"@type":"SearchAction","target":{"@type":"EntryPoint","urlTemplate":"https:\/\/novice.si\/page\/?s={search_term_string}"},"query-input":{"@type":"PropertyValueSpecification","valueRequired":true,"valueName":"search_term_string"}}],"inLanguage":"sl-SI"},{"@type":"Organization","@id":"https:\/\/novice.si\/page\/#organization","name":"Novice.si","url":"https:\/\/novice.si\/page\/","logo":{"@type":"ImageObject","inLanguage":"sl-SI","@id":"https:\/\/novice.si\/page\/#\/schema\/logo\/image\/","url":"https:\/\/novice.si\/page\/wp-content\/uploads\/2023\/03\/novice_si.png","contentUrl":"https:\/\/novice.si\/page\/wp-content\/uploads\/2023\/03\/novice_si.png","width":576,"height":200,"caption":"Novice.si"},"image":{"@id":"https:\/\/novice.si\/page\/#\/schema\/logo\/image\/"}},{"@type":"Person","@id":"https:\/\/novice.si\/page\/#\/schema\/person\/57f25c9642a9541c7349c65d32032c3e","name":"Uredni\u0161tvo Celjana","image":{"@type":"ImageObject","inLanguage":"sl-SI","@id":"https:\/\/secure.gravatar.com\/avatar\/78e52bc4279b65f6df6345e0ef0f7b792d361361f230cf4ffecfe0afe6d5629c?s=96&d=mm&r=g","url":"https:\/\/secure.gravatar.com\/avatar\/78e52bc4279b65f6df6345e0ef0f7b792d361361f230cf4ffecfe0afe6d5629c?s=96&d=mm&r=g","contentUrl":"https:\/\/secure.gravatar.com\/avatar\/78e52bc4279b65f6df6345e0ef0f7b792d361361f230cf4ffecfe0afe6d5629c?s=96&d=mm&r=g","caption":"Uredni\u0161tvo Celjana"},"url":"https:\/\/novice.si\/page\/author\/primoz\/"}]}},"_links":{"self":[{"href":"https:\/\/novice.si\/page\/wp-json\/wp\/v2\/posts\/165037","targetHints":{"allow":["GET"]}}],"collection":[{"href":"https:\/\/novice.si\/page\/wp-json\/wp\/v2\/posts"}],"about":[{"href":"https:\/\/novice.si\/page\/wp-json\/wp\/v2\/types\/post"}],"author":[{"embeddable":true,"href":"https:\/\/novice.si\/page\/wp-json\/wp\/v2\/users\/33"}],"replies":[{"embeddable":true,"href":"https:\/\/novice.si\/page\/wp-json\/wp\/v2\/comments?post=165037"}],"version-history":[{"count":5,"href":"https:\/\/novice.si\/page\/wp-json\/wp\/v2\/posts\/165037\/revisions"}],"predecessor-version":[{"id":165063,"href":"https:\/\/novice.si\/page\/wp-json\/wp\/v2\/posts\/165037\/revisions\/165063"}],"wp:featuredmedia":[{"embeddable":true,"href":"https:\/\/novice.si\/page\/wp-json\/wp\/v2\/media\/165061"}],"wp:attachment":[{"href":"https:\/\/novice.si\/page\/wp-json\/wp\/v2\/media?parent=165037"}],"wp:term":[{"taxonomy":"category","embeddable":true,"href":"https:\/\/novice.si\/page\/wp-json\/wp\/v2\/categories?post=165037"},{"taxonomy":"post_tag","embeddable":true,"href":"https:\/\/novice.si\/page\/wp-json\/wp\/v2\/tags?post=165037"}],"curies":[{"name":"wp","href":"https:\/\/api.w.org\/{rel}","templated":true}]}}