{"id":164913,"date":"2023-07-14T08:36:06","date_gmt":"2023-07-14T06:36:06","guid":{"rendered":"https:\/\/novice.si\/page\/?p=164913"},"modified":"2023-07-13T15:37:38","modified_gmt":"2023-07-13T13:37:38","slug":"celjska-varna-hisa-vecino-casa-polno-zasedena","status":"publish","type":"post","link":"https:\/\/novice.si\/page\/celjska-varna-hisa-vecino-casa-polno-zasedena\/","title":{"rendered":"Celjska varna hi\u0161a ve\u010dino \u010dasa polno zasedena"},"content":{"rendered":"<p><em><strong><img loading=\"lazy\" decoding=\"async\" class=\" wp-image-164914 alignright\" src=\"https:\/\/novice.si\/page\/wp-content\/uploads\/2023\/07\/cz-varna-hisa-600x372.jpg\" alt=\"nasilje\" width=\"555\" height=\"344\" srcset=\"https:\/\/novice.si\/page\/wp-content\/uploads\/2023\/07\/cz-varna-hisa-600x372.jpg 600w, https:\/\/novice.si\/page\/wp-content\/uploads\/2023\/07\/cz-varna-hisa-1024x635.jpg 1024w, https:\/\/novice.si\/page\/wp-content\/uploads\/2023\/07\/cz-varna-hisa-768x476.jpg 768w, https:\/\/novice.si\/page\/wp-content\/uploads\/2023\/07\/cz-varna-hisa-356x220.jpg 356w, https:\/\/novice.si\/page\/wp-content\/uploads\/2023\/07\/cz-varna-hisa-696x432.jpg 696w, https:\/\/novice.si\/page\/wp-content\/uploads\/2023\/07\/cz-varna-hisa-1068x662.jpg 1068w, https:\/\/novice.si\/page\/wp-content\/uploads\/2023\/07\/cz-varna-hisa-677x420.jpg 677w, https:\/\/novice.si\/page\/wp-content\/uploads\/2023\/07\/cz-varna-hisa-24x15.jpg 24w, https:\/\/novice.si\/page\/wp-content\/uploads\/2023\/07\/cz-varna-hisa-36x22.jpg 36w, https:\/\/novice.si\/page\/wp-content\/uploads\/2023\/07\/cz-varna-hisa-48x30.jpg 48w, https:\/\/novice.si\/page\/wp-content\/uploads\/2023\/07\/cz-varna-hisa.jpg 1280w\" sizes=\"auto, (max-width: 555px) 100vw, 555px\" \/>Varna hi\u0161a.<\/strong> V Celju je po ve\u010dini polno zasedena.<\/em><\/p>\n<p>Celjska varna hi\u0161a deluje \u017ee vse od leta 2000. V okviru Dru\u0161tva Regionalna varna hi\u0161a delujejo sicer tri enote \u2013 v Celju, Velenju in Slovenj Gradcu, kamor lahko hkrati sprejmejo od 16 do 18 \u017eensk in 22 otrok.<\/p>\n<p>Kot sta nam pojasnili <strong>Simona Pavleti\u010d<\/strong> in <strong>Tina Zorko \u017derjav<\/strong>, strokovni delavki v celjski varni hi\u0161i, je ta trenutno popolnoma zasedena. Tako je skoraj vedno. \u00bbTukaj ni pravila, kdaj bo hi\u0161a bolj zasedena, kdaj manj. Tega se ne da predvideti.\u00ab Manj zasedena je bila hi\u0161a le v \u010dasu korone, ko \u017ertve verjetno niso imele zasebnosti, da bi lahko opravile klic,\u00ab sta \u0161e dodali.<\/p>\n<p><strong>Nobena te\u017eava ni nere\u0161ljiva<\/strong><\/p>\n<p>Varna hi\u0161a je sicer namenjena \u017ertvam \u2013 \u017eenskam in otrokom \u2013 kakr\u0161nega koli dru\u017einskega nasilja.<\/p>\n<p>Te\u017eave, zaradi katerih se \u017ertve obra\u010dajo na Varno hi\u0161o Celje, so zelo razli\u010dne in so pogosto zelo te\u017eke, pa vendar ni nobena nere\u0161ljiva. \u00bbKljub te\u017eavam se lahko vsak primer uspe\u0161no re\u0161i in se \u017ertvi pomaga, \u010de je ta pripravljena na spremembo in na prekinitev nasilnega odnosa. Imamo veliko lepih izku\u0161enj, kjer so se zadeve lepo razre\u0161ile in so \u017eenske ter njihovi otroci, ki so poiskali pomo\u010d pri nas, za\u017eiveli lepo in mirno \u017eivljenje,\u00ab sta pojasnili Pavleti\u010deva in Zorko \u017derjavova. Prav zaradi tega je smiselno, da se v primeru, da ste \u017ertev tak\u0161nega ali druga\u010dnega nasilja, brez oklevanja obrnete nanje in poi\u0161\u010dete pomo\u010d.<\/p>\n<p>Ve\u010d o tem, s kak\u0161nimi te\u017eavami se sre\u010dujejo stanovalci Varne hi\u0161e predvsem za tem, ko pride \u010das, da jo zapustijo in o tem, kaj vse se \u0161teje za nasilje, pa preberite v \u010dasopisu Celjan. (MH)<\/p>\n","protected":false},"excerpt":{"rendered":"<p>Varna hi\u0161a. V Celju je po ve\u010dini polno zasedena. Celjska varna hi\u0161a deluje \u017ee vse od leta 2000. V okviru Dru\u0161tva Regionalna varna hi\u0161a delujejo sicer tri enote \u2013 v Celju, Velenju in Slovenj Gradcu, kamor lahko hkrati sprejmejo od 16 do 18 \u017eensk in 22 otrok. Kot sta nam pojasnili Simona Pavleti\u010d in Tina [&hellip;]<\/p>\n","protected":false},"author":55,"featured_media":164914,"comment_status":"closed","ping_status":"closed","sticky":false,"template":"","format":"standard","meta":{"footnotes":""},"categories":[14,142,17],"tags":[],"class_list":{"0":"post-164913","1":"post","2":"type-post","3":"status-publish","4":"format-standard","5":"has-post-thumbnail","7":"category-aktualno","8":"category-celjan","9":"category-celjsko"},"yoast_head":"<!-- This site is optimized with the Yoast SEO plugin v27.4 - https:\/\/yoast.com\/product\/yoast-seo-wordpress\/ -->\n<title>Celjska varna hi\u0161a ve\u010dino \u010dasa polno zasedena - Novice.si<\/title>\n<meta name=\"robots\" content=\"index, follow, max-snippet:-1, max-image-preview:large, max-video-preview:-1\" \/>\n<link rel=\"canonical\" href=\"https:\/\/novice.si\/page\/celjska-varna-hisa-vecino-casa-polno-zasedena\/\" \/>\n<meta property=\"og:locale\" content=\"sl_SI\" \/>\n<meta property=\"og:type\" content=\"article\" \/>\n<meta property=\"og:title\" content=\"Celjska varna hi\u0161a ve\u010dino \u010dasa polno zasedena - Novice.si\" \/>\n<meta property=\"og:description\" content=\"Varna hi\u0161a. V Celju je po ve\u010dini polno zasedena. Celjska varna hi\u0161a deluje \u017ee vse od leta 2000. V okviru Dru\u0161tva Regionalna varna hi\u0161a delujejo sicer tri enote \u2013 v Celju, Velenju in Slovenj Gradcu, kamor lahko hkrati sprejmejo od 16 do 18 \u017eensk in 22 otrok. Kot sta nam pojasnili Simona Pavleti\u010d in Tina [&hellip;]\" \/>\n<meta property=\"og:url\" content=\"https:\/\/novice.si\/page\/celjska-varna-hisa-vecino-casa-polno-zasedena\/\" \/>\n<meta property=\"og:site_name\" content=\"Novice.si\" \/>\n<meta property=\"article:published_time\" content=\"2023-07-14T06:36:06+00:00\" \/>\n<meta property=\"og:image\" content=\"https:\/\/novice.si\/page\/wp-content\/uploads\/2023\/07\/cz-varna-hisa.jpg\" \/>\n\t<meta property=\"og:image:width\" content=\"1280\" \/>\n\t<meta property=\"og:image:height\" content=\"794\" \/>\n\t<meta property=\"og:image:type\" content=\"image\/jpeg\" \/>\n<meta name=\"author\" content=\"Uredni\u0161tvo Celjana\" \/>\n<meta name=\"twitter:card\" content=\"summary_large_image\" \/>\n<meta name=\"twitter:label1\" content=\"Written by\" \/>\n\t<meta name=\"twitter:data1\" content=\"Uredni\u0161tvo Celjana\" \/>\n\t<meta name=\"twitter:label2\" content=\"Est. reading time\" \/>\n\t<meta name=\"twitter:data2\" content=\"2 minuti\" \/>\n<script type=\"application\/ld+json\" class=\"yoast-schema-graph\">{\"@context\":\"https:\\\/\\\/schema.org\",\"@graph\":[{\"@type\":\"Article\",\"@id\":\"https:\\\/\\\/novice.si\\\/page\\\/celjska-varna-hisa-vecino-casa-polno-zasedena\\\/#article\",\"isPartOf\":{\"@id\":\"https:\\\/\\\/novice.si\\\/page\\\/celjska-varna-hisa-vecino-casa-polno-zasedena\\\/\"},\"author\":{\"name\":\"Uredni\u0161tvo Celjana\",\"@id\":\"https:\\\/\\\/novice.si\\\/page\\\/#\\\/schema\\\/person\\\/a49f233ef2777ec7b2e8d0662325bb48\"},\"headline\":\"Celjska varna hi\u0161a ve\u010dino \u010dasa polno zasedena\",\"datePublished\":\"2023-07-14T06:36:06+00:00\",\"mainEntityOfPage\":{\"@id\":\"https:\\\/\\\/novice.si\\\/page\\\/celjska-varna-hisa-vecino-casa-polno-zasedena\\\/\"},\"wordCount\":301,\"publisher\":{\"@id\":\"https:\\\/\\\/novice.si\\\/page\\\/#organization\"},\"image\":{\"@id\":\"https:\\\/\\\/novice.si\\\/page\\\/celjska-varna-hisa-vecino-casa-polno-zasedena\\\/#primaryimage\"},\"thumbnailUrl\":\"https:\\\/\\\/novice.si\\\/page\\\/wp-content\\\/uploads\\\/2023\\\/07\\\/cz-varna-hisa.jpg\",\"articleSection\":[\"Aktualno\",\"Celjan\",\"Celjsko\"],\"inLanguage\":\"sl-SI\"},{\"@type\":\"WebPage\",\"@id\":\"https:\\\/\\\/novice.si\\\/page\\\/celjska-varna-hisa-vecino-casa-polno-zasedena\\\/\",\"url\":\"https:\\\/\\\/novice.si\\\/page\\\/celjska-varna-hisa-vecino-casa-polno-zasedena\\\/\",\"name\":\"Celjska varna hi\u0161a ve\u010dino \u010dasa polno zasedena - Novice.si\",\"isPartOf\":{\"@id\":\"https:\\\/\\\/novice.si\\\/page\\\/#website\"},\"primaryImageOfPage\":{\"@id\":\"https:\\\/\\\/novice.si\\\/page\\\/celjska-varna-hisa-vecino-casa-polno-zasedena\\\/#primaryimage\"},\"image\":{\"@id\":\"https:\\\/\\\/novice.si\\\/page\\\/celjska-varna-hisa-vecino-casa-polno-zasedena\\\/#primaryimage\"},\"thumbnailUrl\":\"https:\\\/\\\/novice.si\\\/page\\\/wp-content\\\/uploads\\\/2023\\\/07\\\/cz-varna-hisa.jpg\",\"datePublished\":\"2023-07-14T06:36:06+00:00\",\"breadcrumb\":{\"@id\":\"https:\\\/\\\/novice.si\\\/page\\\/celjska-varna-hisa-vecino-casa-polno-zasedena\\\/#breadcrumb\"},\"inLanguage\":\"sl-SI\",\"potentialAction\":[{\"@type\":\"ReadAction\",\"target\":[\"https:\\\/\\\/novice.si\\\/page\\\/celjska-varna-hisa-vecino-casa-polno-zasedena\\\/\"]}]},{\"@type\":\"ImageObject\",\"inLanguage\":\"sl-SI\",\"@id\":\"https:\\\/\\\/novice.si\\\/page\\\/celjska-varna-hisa-vecino-casa-polno-zasedena\\\/#primaryimage\",\"url\":\"https:\\\/\\\/novice.si\\\/page\\\/wp-content\\\/uploads\\\/2023\\\/07\\\/cz-varna-hisa.jpg\",\"contentUrl\":\"https:\\\/\\\/novice.si\\\/page\\\/wp-content\\\/uploads\\\/2023\\\/07\\\/cz-varna-hisa.jpg\",\"width\":1280,\"height\":794,\"caption\":\"nasilje\"},{\"@type\":\"BreadcrumbList\",\"@id\":\"https:\\\/\\\/novice.si\\\/page\\\/celjska-varna-hisa-vecino-casa-polno-zasedena\\\/#breadcrumb\",\"itemListElement\":[{\"@type\":\"ListItem\",\"position\":1,\"name\":\"Home\",\"item\":\"https:\\\/\\\/novice.si\\\/page\\\/\"},{\"@type\":\"ListItem\",\"position\":2,\"name\":\"Celjska varna hi\u0161a ve\u010dino \u010dasa polno zasedena\"}]},{\"@type\":\"WebSite\",\"@id\":\"https:\\\/\\\/novice.si\\\/page\\\/#website\",\"url\":\"https:\\\/\\\/novice.si\\\/page\\\/\",\"name\":\"Novice.si\",\"description\":\"\",\"publisher\":{\"@id\":\"https:\\\/\\\/novice.si\\\/page\\\/#organization\"},\"potentialAction\":[{\"@type\":\"SearchAction\",\"target\":{\"@type\":\"EntryPoint\",\"urlTemplate\":\"https:\\\/\\\/novice.si\\\/page\\\/?s={search_term_string}\"},\"query-input\":{\"@type\":\"PropertyValueSpecification\",\"valueRequired\":true,\"valueName\":\"search_term_string\"}}],\"inLanguage\":\"sl-SI\"},{\"@type\":\"Organization\",\"@id\":\"https:\\\/\\\/novice.si\\\/page\\\/#organization\",\"name\":\"Novice.si\",\"url\":\"https:\\\/\\\/novice.si\\\/page\\\/\",\"logo\":{\"@type\":\"ImageObject\",\"inLanguage\":\"sl-SI\",\"@id\":\"https:\\\/\\\/novice.si\\\/page\\\/#\\\/schema\\\/logo\\\/image\\\/\",\"url\":\"https:\\\/\\\/novice.si\\\/page\\\/wp-content\\\/uploads\\\/2023\\\/03\\\/novice_si.png\",\"contentUrl\":\"https:\\\/\\\/novice.si\\\/page\\\/wp-content\\\/uploads\\\/2023\\\/03\\\/novice_si.png\",\"width\":576,\"height\":200,\"caption\":\"Novice.si\"},\"image\":{\"@id\":\"https:\\\/\\\/novice.si\\\/page\\\/#\\\/schema\\\/logo\\\/image\\\/\"}},{\"@type\":\"Person\",\"@id\":\"https:\\\/\\\/novice.si\\\/page\\\/#\\\/schema\\\/person\\\/a49f233ef2777ec7b2e8d0662325bb48\",\"name\":\"Uredni\u0161tvo Celjana\",\"image\":{\"@type\":\"ImageObject\",\"inLanguage\":\"sl-SI\",\"@id\":\"https:\\\/\\\/secure.gravatar.com\\\/avatar\\\/7f7863e616af8f92806c638dd1db3f1a238d83d1cc2ec3100afc06fbb7eb303f?s=96&d=mm&r=g\",\"url\":\"https:\\\/\\\/secure.gravatar.com\\\/avatar\\\/7f7863e616af8f92806c638dd1db3f1a238d83d1cc2ec3100afc06fbb7eb303f?s=96&d=mm&r=g\",\"contentUrl\":\"https:\\\/\\\/secure.gravatar.com\\\/avatar\\\/7f7863e616af8f92806c638dd1db3f1a238d83d1cc2ec3100afc06fbb7eb303f?s=96&d=mm&r=g\",\"caption\":\"Uredni\u0161tvo Celjana\"},\"url\":\"https:\\\/\\\/novice.si\\\/page\\\/author\\\/maja\\\/\"}]}<\/script>\n<!-- \/ Yoast SEO plugin. -->","yoast_head_json":{"title":"Celjska varna hi\u0161a ve\u010dino \u010dasa polno zasedena - Novice.si","robots":{"index":"index","follow":"follow","max-snippet":"max-snippet:-1","max-image-preview":"max-image-preview:large","max-video-preview":"max-video-preview:-1"},"canonical":"https:\/\/novice.si\/page\/celjska-varna-hisa-vecino-casa-polno-zasedena\/","og_locale":"sl_SI","og_type":"article","og_title":"Celjska varna hi\u0161a ve\u010dino \u010dasa polno zasedena - Novice.si","og_description":"Varna hi\u0161a. V Celju je po ve\u010dini polno zasedena. Celjska varna hi\u0161a deluje \u017ee vse od leta 2000. V okviru Dru\u0161tva Regionalna varna hi\u0161a delujejo sicer tri enote \u2013 v Celju, Velenju in Slovenj Gradcu, kamor lahko hkrati sprejmejo od 16 do 18 \u017eensk in 22 otrok. Kot sta nam pojasnili Simona Pavleti\u010d in Tina [&hellip;]","og_url":"https:\/\/novice.si\/page\/celjska-varna-hisa-vecino-casa-polno-zasedena\/","og_site_name":"Novice.si","article_published_time":"2023-07-14T06:36:06+00:00","og_image":[{"width":1280,"height":794,"url":"https:\/\/novice.si\/page\/wp-content\/uploads\/2023\/07\/cz-varna-hisa.jpg","type":"image\/jpeg"}],"author":"Uredni\u0161tvo Celjana","twitter_card":"summary_large_image","twitter_misc":{"Written by":"Uredni\u0161tvo Celjana","Est. reading time":"2 minuti"},"schema":{"@context":"https:\/\/schema.org","@graph":[{"@type":"Article","@id":"https:\/\/novice.si\/page\/celjska-varna-hisa-vecino-casa-polno-zasedena\/#article","isPartOf":{"@id":"https:\/\/novice.si\/page\/celjska-varna-hisa-vecino-casa-polno-zasedena\/"},"author":{"name":"Uredni\u0161tvo Celjana","@id":"https:\/\/novice.si\/page\/#\/schema\/person\/a49f233ef2777ec7b2e8d0662325bb48"},"headline":"Celjska varna hi\u0161a ve\u010dino \u010dasa polno zasedena","datePublished":"2023-07-14T06:36:06+00:00","mainEntityOfPage":{"@id":"https:\/\/novice.si\/page\/celjska-varna-hisa-vecino-casa-polno-zasedena\/"},"wordCount":301,"publisher":{"@id":"https:\/\/novice.si\/page\/#organization"},"image":{"@id":"https:\/\/novice.si\/page\/celjska-varna-hisa-vecino-casa-polno-zasedena\/#primaryimage"},"thumbnailUrl":"https:\/\/novice.si\/page\/wp-content\/uploads\/2023\/07\/cz-varna-hisa.jpg","articleSection":["Aktualno","Celjan","Celjsko"],"inLanguage":"sl-SI"},{"@type":"WebPage","@id":"https:\/\/novice.si\/page\/celjska-varna-hisa-vecino-casa-polno-zasedena\/","url":"https:\/\/novice.si\/page\/celjska-varna-hisa-vecino-casa-polno-zasedena\/","name":"Celjska varna hi\u0161a ve\u010dino \u010dasa polno zasedena - Novice.si","isPartOf":{"@id":"https:\/\/novice.si\/page\/#website"},"primaryImageOfPage":{"@id":"https:\/\/novice.si\/page\/celjska-varna-hisa-vecino-casa-polno-zasedena\/#primaryimage"},"image":{"@id":"https:\/\/novice.si\/page\/celjska-varna-hisa-vecino-casa-polno-zasedena\/#primaryimage"},"thumbnailUrl":"https:\/\/novice.si\/page\/wp-content\/uploads\/2023\/07\/cz-varna-hisa.jpg","datePublished":"2023-07-14T06:36:06+00:00","breadcrumb":{"@id":"https:\/\/novice.si\/page\/celjska-varna-hisa-vecino-casa-polno-zasedena\/#breadcrumb"},"inLanguage":"sl-SI","potentialAction":[{"@type":"ReadAction","target":["https:\/\/novice.si\/page\/celjska-varna-hisa-vecino-casa-polno-zasedena\/"]}]},{"@type":"ImageObject","inLanguage":"sl-SI","@id":"https:\/\/novice.si\/page\/celjska-varna-hisa-vecino-casa-polno-zasedena\/#primaryimage","url":"https:\/\/novice.si\/page\/wp-content\/uploads\/2023\/07\/cz-varna-hisa.jpg","contentUrl":"https:\/\/novice.si\/page\/wp-content\/uploads\/2023\/07\/cz-varna-hisa.jpg","width":1280,"height":794,"caption":"nasilje"},{"@type":"BreadcrumbList","@id":"https:\/\/novice.si\/page\/celjska-varna-hisa-vecino-casa-polno-zasedena\/#breadcrumb","itemListElement":[{"@type":"ListItem","position":1,"name":"Home","item":"https:\/\/novice.si\/page\/"},{"@type":"ListItem","position":2,"name":"Celjska varna hi\u0161a ve\u010dino \u010dasa polno zasedena"}]},{"@type":"WebSite","@id":"https:\/\/novice.si\/page\/#website","url":"https:\/\/novice.si\/page\/","name":"Novice.si","description":"","publisher":{"@id":"https:\/\/novice.si\/page\/#organization"},"potentialAction":[{"@type":"SearchAction","target":{"@type":"EntryPoint","urlTemplate":"https:\/\/novice.si\/page\/?s={search_term_string}"},"query-input":{"@type":"PropertyValueSpecification","valueRequired":true,"valueName":"search_term_string"}}],"inLanguage":"sl-SI"},{"@type":"Organization","@id":"https:\/\/novice.si\/page\/#organization","name":"Novice.si","url":"https:\/\/novice.si\/page\/","logo":{"@type":"ImageObject","inLanguage":"sl-SI","@id":"https:\/\/novice.si\/page\/#\/schema\/logo\/image\/","url":"https:\/\/novice.si\/page\/wp-content\/uploads\/2023\/03\/novice_si.png","contentUrl":"https:\/\/novice.si\/page\/wp-content\/uploads\/2023\/03\/novice_si.png","width":576,"height":200,"caption":"Novice.si"},"image":{"@id":"https:\/\/novice.si\/page\/#\/schema\/logo\/image\/"}},{"@type":"Person","@id":"https:\/\/novice.si\/page\/#\/schema\/person\/a49f233ef2777ec7b2e8d0662325bb48","name":"Uredni\u0161tvo Celjana","image":{"@type":"ImageObject","inLanguage":"sl-SI","@id":"https:\/\/secure.gravatar.com\/avatar\/7f7863e616af8f92806c638dd1db3f1a238d83d1cc2ec3100afc06fbb7eb303f?s=96&d=mm&r=g","url":"https:\/\/secure.gravatar.com\/avatar\/7f7863e616af8f92806c638dd1db3f1a238d83d1cc2ec3100afc06fbb7eb303f?s=96&d=mm&r=g","contentUrl":"https:\/\/secure.gravatar.com\/avatar\/7f7863e616af8f92806c638dd1db3f1a238d83d1cc2ec3100afc06fbb7eb303f?s=96&d=mm&r=g","caption":"Uredni\u0161tvo Celjana"},"url":"https:\/\/novice.si\/page\/author\/maja\/"}]}},"_links":{"self":[{"href":"https:\/\/novice.si\/page\/wp-json\/wp\/v2\/posts\/164913","targetHints":{"allow":["GET"]}}],"collection":[{"href":"https:\/\/novice.si\/page\/wp-json\/wp\/v2\/posts"}],"about":[{"href":"https:\/\/novice.si\/page\/wp-json\/wp\/v2\/types\/post"}],"author":[{"embeddable":true,"href":"https:\/\/novice.si\/page\/wp-json\/wp\/v2\/users\/55"}],"replies":[{"embeddable":true,"href":"https:\/\/novice.si\/page\/wp-json\/wp\/v2\/comments?post=164913"}],"version-history":[{"count":1,"href":"https:\/\/novice.si\/page\/wp-json\/wp\/v2\/posts\/164913\/revisions"}],"predecessor-version":[{"id":164915,"href":"https:\/\/novice.si\/page\/wp-json\/wp\/v2\/posts\/164913\/revisions\/164915"}],"wp:featuredmedia":[{"embeddable":true,"href":"https:\/\/novice.si\/page\/wp-json\/wp\/v2\/media\/164914"}],"wp:attachment":[{"href":"https:\/\/novice.si\/page\/wp-json\/wp\/v2\/media?parent=164913"}],"wp:term":[{"taxonomy":"category","embeddable":true,"href":"https:\/\/novice.si\/page\/wp-json\/wp\/v2\/categories?post=164913"},{"taxonomy":"post_tag","embeddable":true,"href":"https:\/\/novice.si\/page\/wp-json\/wp\/v2\/tags?post=164913"}],"curies":[{"name":"wp","href":"https:\/\/api.w.org\/{rel}","templated":true}]}}