{"id":164910,"date":"2023-07-13T18:34:15","date_gmt":"2023-07-13T16:34:15","guid":{"rendered":"https:\/\/novice.si\/page\/?p=164910"},"modified":"2023-07-13T15:35:56","modified_gmt":"2023-07-13T13:35:56","slug":"v-celju-zelo-obetajoc-turisticni-obisk","status":"publish","type":"post","link":"https:\/\/novice.si\/page\/v-celju-zelo-obetajoc-turisticni-obisk\/","title":{"rendered":"V Celju zelo obetajo\u010d turisti\u010dni obisk"},"content":{"rendered":"<p><em><strong><img loading=\"lazy\" decoding=\"async\" class=\"size-medium wp-image-164911 aligncenter\" src=\"https:\/\/novice.si\/page\/wp-content\/uploads\/2023\/07\/cz-stari_grad-600x450.jpg\" alt=\"Stari grad Celje\" width=\"600\" height=\"450\" srcset=\"https:\/\/novice.si\/page\/wp-content\/uploads\/2023\/07\/cz-stari_grad-600x450.jpg 600w, https:\/\/novice.si\/page\/wp-content\/uploads\/2023\/07\/cz-stari_grad-768x576.jpg 768w, https:\/\/novice.si\/page\/wp-content\/uploads\/2023\/07\/cz-stari_grad-80x60.jpg 80w, https:\/\/novice.si\/page\/wp-content\/uploads\/2023\/07\/cz-stari_grad-265x198.jpg 265w, https:\/\/novice.si\/page\/wp-content\/uploads\/2023\/07\/cz-stari_grad-696x522.jpg 696w, https:\/\/novice.si\/page\/wp-content\/uploads\/2023\/07\/cz-stari_grad-560x420.jpg 560w, https:\/\/novice.si\/page\/wp-content\/uploads\/2023\/07\/cz-stari_grad-24x18.jpg 24w, https:\/\/novice.si\/page\/wp-content\/uploads\/2023\/07\/cz-stari_grad-36x27.jpg 36w, https:\/\/novice.si\/page\/wp-content\/uploads\/2023\/07\/cz-stari_grad-48x36.jpg 48w, https:\/\/novice.si\/page\/wp-content\/uploads\/2023\/07\/cz-stari_grad.jpg 800w\" sizes=\"auto, (max-width: 600px) 100vw, 600px\" \/>Stari grad.<\/strong> \u0160e vedno najbolj priljubljena turisti\u010dna to\u010dka v Celju.<\/em><\/p>\n<p>Stari grad Celje je v prvi polovici leta 2023 obiskalo 33.000 obiskovalcev, kar je primerljivo z rekordnim letom 2019. Struktura turistov, med katerimi je \u0161e vedno najve\u010d tujih, ka\u017ee, da je Celje vse atraktivnej\u0161a mestna destinacija.<\/p>\n<p>Tako turistom kot doma\u010dinom je namenjeno dogajanje v okviru Poletja v Celju, z novimi brezpla\u010dnimi dogodki k obisku dodatno vabita \u0161e Drevesna hi\u0161a in spominska hi\u0161a Alme M. Karlin. Vedno bolj prepoznavni postajajo celjski kulinari\u010dni chefi. Trije iz gastronomske znamke Okusi Celja so bili opa\u017eeni in dobro ocenjeni v mednarodnem vodniku Falstaff.<\/p>\n<p><strong>Zelo obetajo\u010d turisti\u010dni obisk<\/strong><\/p>\n<p>V Zavodu Celeia Celje, ki upravlja z eno najbolj obiskanih slovenskih turisti\u010dnih to\u010dk, Starim gradom, so v prvi \u0161estih mesecih leto\u0161njega leta zabele\u017eili zelo obetajo\u010d turisti\u010dni obisk. \u00bbV prvi polovici leta 2023 smo na gradu na\u0161teli dobrih 33.000 obiskovalcev, kar je toliko kot rekordnega leta 2019. Najve\u010dji obisk je bil pri\u010dakovano junija, ko je najve\u010djo srednjeve\u0161ko trdnjavo v Sloveniji obiskalo 8000 ljudi, leta 2019 dobrih 100 manj,\u00ab je o turisti\u010dnem obisku na Starem gradu Celje v prvi polovici leta 2023 povedala <strong>mag. Maja Voglar<\/strong>, direktorica Zavoda Celeia Celje.<\/p>\n<p>Med turisti \u0161e vedno prednja\u010dijo tuji. Slovenskih je bilo 27 odstotkov, tujih 73 odstotkov. Med slednjimi je bilo najve\u010d Mad\u017earov, sledijo Hrvati, Italijani, Nemci, Avstrijci, Francozi, \u010cehi in Poljaki. Vedno ve\u010d je tudi turistov iz \u0160panije, Velike Britanije in Severne Amerike.<\/p>\n<p>Zbrani podatki nakazujejo, da Celje kot mestna destinacija z bogato kulturno dedi\u0161\u010dino in zelenim zaledjem postaja vse bolj atraktivna ne le za turiste v tranzitu, ampak predvsem tudi tiste, ki i\u0161\u010dejo intimnej\u0161a, buti\u010dna do\u017eivetja, prijaznej\u0161a za vse, tudi za dru\u017eine z majhnimi otroki. Ve\u010d o tem pa v aktualnem Celjanu, ki vas \u017ee \u010daka na prodajnih mestih.<\/p>\n","protected":false},"excerpt":{"rendered":"<p>Stari grad. \u0160e vedno najbolj priljubljena turisti\u010dna to\u010dka v Celju. Stari grad Celje je v prvi polovici leta 2023 obiskalo 33.000 obiskovalcev, kar je primerljivo z rekordnim letom 2019. Struktura turistov, med katerimi je \u0161e vedno najve\u010d tujih, ka\u017ee, da je Celje vse atraktivnej\u0161a mestna destinacija. Tako turistom kot doma\u010dinom je namenjeno dogajanje v okviru [&hellip;]<\/p>\n","protected":false},"author":55,"featured_media":164911,"comment_status":"closed","ping_status":"closed","sticky":false,"template":"","format":"standard","meta":{"footnotes":""},"categories":[14,142,17],"tags":[],"class_list":{"0":"post-164910","1":"post","2":"type-post","3":"status-publish","4":"format-standard","5":"has-post-thumbnail","7":"category-aktualno","8":"category-celjan","9":"category-celjsko"},"yoast_head":"<!-- This site is optimized with the Yoast SEO plugin v27.4 - https:\/\/yoast.com\/product\/yoast-seo-wordpress\/ -->\n<title>V Celju zelo obetajo\u010d turisti\u010dni obisk - Novice.si<\/title>\n<meta name=\"robots\" content=\"index, follow, max-snippet:-1, max-image-preview:large, max-video-preview:-1\" \/>\n<link rel=\"canonical\" href=\"https:\/\/novice.si\/page\/v-celju-zelo-obetajoc-turisticni-obisk\/\" \/>\n<meta property=\"og:locale\" content=\"sl_SI\" \/>\n<meta property=\"og:type\" content=\"article\" \/>\n<meta property=\"og:title\" content=\"V Celju zelo obetajo\u010d turisti\u010dni obisk - Novice.si\" \/>\n<meta property=\"og:description\" content=\"Stari grad. \u0160e vedno najbolj priljubljena turisti\u010dna to\u010dka v Celju. Stari grad Celje je v prvi polovici leta 2023 obiskalo 33.000 obiskovalcev, kar je primerljivo z rekordnim letom 2019. Struktura turistov, med katerimi je \u0161e vedno najve\u010d tujih, ka\u017ee, da je Celje vse atraktivnej\u0161a mestna destinacija. Tako turistom kot doma\u010dinom je namenjeno dogajanje v okviru [&hellip;]\" \/>\n<meta property=\"og:url\" content=\"https:\/\/novice.si\/page\/v-celju-zelo-obetajoc-turisticni-obisk\/\" \/>\n<meta property=\"og:site_name\" content=\"Novice.si\" \/>\n<meta property=\"article:published_time\" content=\"2023-07-13T16:34:15+00:00\" \/>\n<meta property=\"og:image\" content=\"https:\/\/novice.si\/page\/wp-content\/uploads\/2023\/07\/cz-stari_grad.jpg\" \/>\n\t<meta property=\"og:image:width\" content=\"800\" \/>\n\t<meta property=\"og:image:height\" content=\"600\" \/>\n\t<meta property=\"og:image:type\" content=\"image\/jpeg\" \/>\n<meta name=\"author\" content=\"Uredni\u0161tvo Celjana\" \/>\n<meta name=\"twitter:card\" content=\"summary_large_image\" \/>\n<meta name=\"twitter:label1\" content=\"Written by\" \/>\n\t<meta name=\"twitter:data1\" content=\"Uredni\u0161tvo Celjana\" \/>\n\t<meta name=\"twitter:label2\" content=\"Est. reading time\" \/>\n\t<meta name=\"twitter:data2\" content=\"2 minuti\" \/>\n<script type=\"application\/ld+json\" class=\"yoast-schema-graph\">{\"@context\":\"https:\\\/\\\/schema.org\",\"@graph\":[{\"@type\":\"Article\",\"@id\":\"https:\\\/\\\/novice.si\\\/page\\\/v-celju-zelo-obetajoc-turisticni-obisk\\\/#article\",\"isPartOf\":{\"@id\":\"https:\\\/\\\/novice.si\\\/page\\\/v-celju-zelo-obetajoc-turisticni-obisk\\\/\"},\"author\":{\"name\":\"Uredni\u0161tvo Celjana\",\"@id\":\"https:\\\/\\\/novice.si\\\/page\\\/#\\\/schema\\\/person\\\/a49f233ef2777ec7b2e8d0662325bb48\"},\"headline\":\"V Celju zelo obetajo\u010d turisti\u010dni obisk\",\"datePublished\":\"2023-07-13T16:34:15+00:00\",\"mainEntityOfPage\":{\"@id\":\"https:\\\/\\\/novice.si\\\/page\\\/v-celju-zelo-obetajoc-turisticni-obisk\\\/\"},\"wordCount\":314,\"publisher\":{\"@id\":\"https:\\\/\\\/novice.si\\\/page\\\/#organization\"},\"image\":{\"@id\":\"https:\\\/\\\/novice.si\\\/page\\\/v-celju-zelo-obetajoc-turisticni-obisk\\\/#primaryimage\"},\"thumbnailUrl\":\"https:\\\/\\\/novice.si\\\/page\\\/wp-content\\\/uploads\\\/2023\\\/07\\\/cz-stari_grad.jpg\",\"articleSection\":[\"Aktualno\",\"Celjan\",\"Celjsko\"],\"inLanguage\":\"sl-SI\"},{\"@type\":\"WebPage\",\"@id\":\"https:\\\/\\\/novice.si\\\/page\\\/v-celju-zelo-obetajoc-turisticni-obisk\\\/\",\"url\":\"https:\\\/\\\/novice.si\\\/page\\\/v-celju-zelo-obetajoc-turisticni-obisk\\\/\",\"name\":\"V Celju zelo obetajo\u010d turisti\u010dni obisk - Novice.si\",\"isPartOf\":{\"@id\":\"https:\\\/\\\/novice.si\\\/page\\\/#website\"},\"primaryImageOfPage\":{\"@id\":\"https:\\\/\\\/novice.si\\\/page\\\/v-celju-zelo-obetajoc-turisticni-obisk\\\/#primaryimage\"},\"image\":{\"@id\":\"https:\\\/\\\/novice.si\\\/page\\\/v-celju-zelo-obetajoc-turisticni-obisk\\\/#primaryimage\"},\"thumbnailUrl\":\"https:\\\/\\\/novice.si\\\/page\\\/wp-content\\\/uploads\\\/2023\\\/07\\\/cz-stari_grad.jpg\",\"datePublished\":\"2023-07-13T16:34:15+00:00\",\"breadcrumb\":{\"@id\":\"https:\\\/\\\/novice.si\\\/page\\\/v-celju-zelo-obetajoc-turisticni-obisk\\\/#breadcrumb\"},\"inLanguage\":\"sl-SI\",\"potentialAction\":[{\"@type\":\"ReadAction\",\"target\":[\"https:\\\/\\\/novice.si\\\/page\\\/v-celju-zelo-obetajoc-turisticni-obisk\\\/\"]}]},{\"@type\":\"ImageObject\",\"inLanguage\":\"sl-SI\",\"@id\":\"https:\\\/\\\/novice.si\\\/page\\\/v-celju-zelo-obetajoc-turisticni-obisk\\\/#primaryimage\",\"url\":\"https:\\\/\\\/novice.si\\\/page\\\/wp-content\\\/uploads\\\/2023\\\/07\\\/cz-stari_grad.jpg\",\"contentUrl\":\"https:\\\/\\\/novice.si\\\/page\\\/wp-content\\\/uploads\\\/2023\\\/07\\\/cz-stari_grad.jpg\",\"width\":800,\"height\":600,\"caption\":\"Stari grad Celje\"},{\"@type\":\"BreadcrumbList\",\"@id\":\"https:\\\/\\\/novice.si\\\/page\\\/v-celju-zelo-obetajoc-turisticni-obisk\\\/#breadcrumb\",\"itemListElement\":[{\"@type\":\"ListItem\",\"position\":1,\"name\":\"Home\",\"item\":\"https:\\\/\\\/novice.si\\\/page\\\/\"},{\"@type\":\"ListItem\",\"position\":2,\"name\":\"V Celju zelo obetajo\u010d turisti\u010dni obisk\"}]},{\"@type\":\"WebSite\",\"@id\":\"https:\\\/\\\/novice.si\\\/page\\\/#website\",\"url\":\"https:\\\/\\\/novice.si\\\/page\\\/\",\"name\":\"Novice.si\",\"description\":\"\",\"publisher\":{\"@id\":\"https:\\\/\\\/novice.si\\\/page\\\/#organization\"},\"potentialAction\":[{\"@type\":\"SearchAction\",\"target\":{\"@type\":\"EntryPoint\",\"urlTemplate\":\"https:\\\/\\\/novice.si\\\/page\\\/?s={search_term_string}\"},\"query-input\":{\"@type\":\"PropertyValueSpecification\",\"valueRequired\":true,\"valueName\":\"search_term_string\"}}],\"inLanguage\":\"sl-SI\"},{\"@type\":\"Organization\",\"@id\":\"https:\\\/\\\/novice.si\\\/page\\\/#organization\",\"name\":\"Novice.si\",\"url\":\"https:\\\/\\\/novice.si\\\/page\\\/\",\"logo\":{\"@type\":\"ImageObject\",\"inLanguage\":\"sl-SI\",\"@id\":\"https:\\\/\\\/novice.si\\\/page\\\/#\\\/schema\\\/logo\\\/image\\\/\",\"url\":\"https:\\\/\\\/novice.si\\\/page\\\/wp-content\\\/uploads\\\/2023\\\/03\\\/novice_si.png\",\"contentUrl\":\"https:\\\/\\\/novice.si\\\/page\\\/wp-content\\\/uploads\\\/2023\\\/03\\\/novice_si.png\",\"width\":576,\"height\":200,\"caption\":\"Novice.si\"},\"image\":{\"@id\":\"https:\\\/\\\/novice.si\\\/page\\\/#\\\/schema\\\/logo\\\/image\\\/\"}},{\"@type\":\"Person\",\"@id\":\"https:\\\/\\\/novice.si\\\/page\\\/#\\\/schema\\\/person\\\/a49f233ef2777ec7b2e8d0662325bb48\",\"name\":\"Uredni\u0161tvo Celjana\",\"image\":{\"@type\":\"ImageObject\",\"inLanguage\":\"sl-SI\",\"@id\":\"https:\\\/\\\/secure.gravatar.com\\\/avatar\\\/7f7863e616af8f92806c638dd1db3f1a238d83d1cc2ec3100afc06fbb7eb303f?s=96&d=mm&r=g\",\"url\":\"https:\\\/\\\/secure.gravatar.com\\\/avatar\\\/7f7863e616af8f92806c638dd1db3f1a238d83d1cc2ec3100afc06fbb7eb303f?s=96&d=mm&r=g\",\"contentUrl\":\"https:\\\/\\\/secure.gravatar.com\\\/avatar\\\/7f7863e616af8f92806c638dd1db3f1a238d83d1cc2ec3100afc06fbb7eb303f?s=96&d=mm&r=g\",\"caption\":\"Uredni\u0161tvo Celjana\"},\"url\":\"https:\\\/\\\/novice.si\\\/page\\\/author\\\/maja\\\/\"}]}<\/script>\n<!-- \/ Yoast SEO plugin. -->","yoast_head_json":{"title":"V Celju zelo obetajo\u010d turisti\u010dni obisk - Novice.si","robots":{"index":"index","follow":"follow","max-snippet":"max-snippet:-1","max-image-preview":"max-image-preview:large","max-video-preview":"max-video-preview:-1"},"canonical":"https:\/\/novice.si\/page\/v-celju-zelo-obetajoc-turisticni-obisk\/","og_locale":"sl_SI","og_type":"article","og_title":"V Celju zelo obetajo\u010d turisti\u010dni obisk - Novice.si","og_description":"Stari grad. \u0160e vedno najbolj priljubljena turisti\u010dna to\u010dka v Celju. Stari grad Celje je v prvi polovici leta 2023 obiskalo 33.000 obiskovalcev, kar je primerljivo z rekordnim letom 2019. Struktura turistov, med katerimi je \u0161e vedno najve\u010d tujih, ka\u017ee, da je Celje vse atraktivnej\u0161a mestna destinacija. Tako turistom kot doma\u010dinom je namenjeno dogajanje v okviru [&hellip;]","og_url":"https:\/\/novice.si\/page\/v-celju-zelo-obetajoc-turisticni-obisk\/","og_site_name":"Novice.si","article_published_time":"2023-07-13T16:34:15+00:00","og_image":[{"width":800,"height":600,"url":"https:\/\/novice.si\/page\/wp-content\/uploads\/2023\/07\/cz-stari_grad.jpg","type":"image\/jpeg"}],"author":"Uredni\u0161tvo Celjana","twitter_card":"summary_large_image","twitter_misc":{"Written by":"Uredni\u0161tvo Celjana","Est. reading time":"2 minuti"},"schema":{"@context":"https:\/\/schema.org","@graph":[{"@type":"Article","@id":"https:\/\/novice.si\/page\/v-celju-zelo-obetajoc-turisticni-obisk\/#article","isPartOf":{"@id":"https:\/\/novice.si\/page\/v-celju-zelo-obetajoc-turisticni-obisk\/"},"author":{"name":"Uredni\u0161tvo Celjana","@id":"https:\/\/novice.si\/page\/#\/schema\/person\/a49f233ef2777ec7b2e8d0662325bb48"},"headline":"V Celju zelo obetajo\u010d turisti\u010dni obisk","datePublished":"2023-07-13T16:34:15+00:00","mainEntityOfPage":{"@id":"https:\/\/novice.si\/page\/v-celju-zelo-obetajoc-turisticni-obisk\/"},"wordCount":314,"publisher":{"@id":"https:\/\/novice.si\/page\/#organization"},"image":{"@id":"https:\/\/novice.si\/page\/v-celju-zelo-obetajoc-turisticni-obisk\/#primaryimage"},"thumbnailUrl":"https:\/\/novice.si\/page\/wp-content\/uploads\/2023\/07\/cz-stari_grad.jpg","articleSection":["Aktualno","Celjan","Celjsko"],"inLanguage":"sl-SI"},{"@type":"WebPage","@id":"https:\/\/novice.si\/page\/v-celju-zelo-obetajoc-turisticni-obisk\/","url":"https:\/\/novice.si\/page\/v-celju-zelo-obetajoc-turisticni-obisk\/","name":"V Celju zelo obetajo\u010d turisti\u010dni obisk - Novice.si","isPartOf":{"@id":"https:\/\/novice.si\/page\/#website"},"primaryImageOfPage":{"@id":"https:\/\/novice.si\/page\/v-celju-zelo-obetajoc-turisticni-obisk\/#primaryimage"},"image":{"@id":"https:\/\/novice.si\/page\/v-celju-zelo-obetajoc-turisticni-obisk\/#primaryimage"},"thumbnailUrl":"https:\/\/novice.si\/page\/wp-content\/uploads\/2023\/07\/cz-stari_grad.jpg","datePublished":"2023-07-13T16:34:15+00:00","breadcrumb":{"@id":"https:\/\/novice.si\/page\/v-celju-zelo-obetajoc-turisticni-obisk\/#breadcrumb"},"inLanguage":"sl-SI","potentialAction":[{"@type":"ReadAction","target":["https:\/\/novice.si\/page\/v-celju-zelo-obetajoc-turisticni-obisk\/"]}]},{"@type":"ImageObject","inLanguage":"sl-SI","@id":"https:\/\/novice.si\/page\/v-celju-zelo-obetajoc-turisticni-obisk\/#primaryimage","url":"https:\/\/novice.si\/page\/wp-content\/uploads\/2023\/07\/cz-stari_grad.jpg","contentUrl":"https:\/\/novice.si\/page\/wp-content\/uploads\/2023\/07\/cz-stari_grad.jpg","width":800,"height":600,"caption":"Stari grad Celje"},{"@type":"BreadcrumbList","@id":"https:\/\/novice.si\/page\/v-celju-zelo-obetajoc-turisticni-obisk\/#breadcrumb","itemListElement":[{"@type":"ListItem","position":1,"name":"Home","item":"https:\/\/novice.si\/page\/"},{"@type":"ListItem","position":2,"name":"V Celju zelo obetajo\u010d turisti\u010dni obisk"}]},{"@type":"WebSite","@id":"https:\/\/novice.si\/page\/#website","url":"https:\/\/novice.si\/page\/","name":"Novice.si","description":"","publisher":{"@id":"https:\/\/novice.si\/page\/#organization"},"potentialAction":[{"@type":"SearchAction","target":{"@type":"EntryPoint","urlTemplate":"https:\/\/novice.si\/page\/?s={search_term_string}"},"query-input":{"@type":"PropertyValueSpecification","valueRequired":true,"valueName":"search_term_string"}}],"inLanguage":"sl-SI"},{"@type":"Organization","@id":"https:\/\/novice.si\/page\/#organization","name":"Novice.si","url":"https:\/\/novice.si\/page\/","logo":{"@type":"ImageObject","inLanguage":"sl-SI","@id":"https:\/\/novice.si\/page\/#\/schema\/logo\/image\/","url":"https:\/\/novice.si\/page\/wp-content\/uploads\/2023\/03\/novice_si.png","contentUrl":"https:\/\/novice.si\/page\/wp-content\/uploads\/2023\/03\/novice_si.png","width":576,"height":200,"caption":"Novice.si"},"image":{"@id":"https:\/\/novice.si\/page\/#\/schema\/logo\/image\/"}},{"@type":"Person","@id":"https:\/\/novice.si\/page\/#\/schema\/person\/a49f233ef2777ec7b2e8d0662325bb48","name":"Uredni\u0161tvo Celjana","image":{"@type":"ImageObject","inLanguage":"sl-SI","@id":"https:\/\/secure.gravatar.com\/avatar\/7f7863e616af8f92806c638dd1db3f1a238d83d1cc2ec3100afc06fbb7eb303f?s=96&d=mm&r=g","url":"https:\/\/secure.gravatar.com\/avatar\/7f7863e616af8f92806c638dd1db3f1a238d83d1cc2ec3100afc06fbb7eb303f?s=96&d=mm&r=g","contentUrl":"https:\/\/secure.gravatar.com\/avatar\/7f7863e616af8f92806c638dd1db3f1a238d83d1cc2ec3100afc06fbb7eb303f?s=96&d=mm&r=g","caption":"Uredni\u0161tvo Celjana"},"url":"https:\/\/novice.si\/page\/author\/maja\/"}]}},"_links":{"self":[{"href":"https:\/\/novice.si\/page\/wp-json\/wp\/v2\/posts\/164910","targetHints":{"allow":["GET"]}}],"collection":[{"href":"https:\/\/novice.si\/page\/wp-json\/wp\/v2\/posts"}],"about":[{"href":"https:\/\/novice.si\/page\/wp-json\/wp\/v2\/types\/post"}],"author":[{"embeddable":true,"href":"https:\/\/novice.si\/page\/wp-json\/wp\/v2\/users\/55"}],"replies":[{"embeddable":true,"href":"https:\/\/novice.si\/page\/wp-json\/wp\/v2\/comments?post=164910"}],"version-history":[{"count":1,"href":"https:\/\/novice.si\/page\/wp-json\/wp\/v2\/posts\/164910\/revisions"}],"predecessor-version":[{"id":164912,"href":"https:\/\/novice.si\/page\/wp-json\/wp\/v2\/posts\/164910\/revisions\/164912"}],"wp:featuredmedia":[{"embeddable":true,"href":"https:\/\/novice.si\/page\/wp-json\/wp\/v2\/media\/164911"}],"wp:attachment":[{"href":"https:\/\/novice.si\/page\/wp-json\/wp\/v2\/media?parent=164910"}],"wp:term":[{"taxonomy":"category","embeddable":true,"href":"https:\/\/novice.si\/page\/wp-json\/wp\/v2\/categories?post=164910"},{"taxonomy":"post_tag","embeddable":true,"href":"https:\/\/novice.si\/page\/wp-json\/wp\/v2\/tags?post=164910"}],"curies":[{"name":"wp","href":"https:\/\/api.w.org\/{rel}","templated":true}]}}