{"id":164903,"date":"2023-07-13T12:24:39","date_gmt":"2023-07-13T10:24:39","guid":{"rendered":"https:\/\/novice.si\/page\/?p=164903"},"modified":"2023-07-13T12:24:39","modified_gmt":"2023-07-13T10:24:39","slug":"v-termah-olimia-se-po-pozaru-v-aqualuni-gasilcem-zahvaljujejo-z-donacijo","status":"publish","type":"post","link":"https:\/\/novice.si\/page\/v-termah-olimia-se-po-pozaru-v-aqualuni-gasilcem-zahvaljujejo-z-donacijo\/","title":{"rendered":"V Termah Olimia se po po\u017earu v Aqualuni gasilcem zahvaljujejo z donacijo"},"content":{"rendered":"<p><strong>Po sobotnem po\u017earu v Termalnem parku Aqualuna se \u017eivljenje na kopali\u0161\u010du vra\u010da na stare tirnice, sporo\u010dajo iz Term Olimia. <\/strong><\/p>\n<p><img loading=\"lazy\" decoding=\"async\" class=\" wp-image-164904 alignleft\" src=\"https:\/\/novice.si\/page\/wp-content\/uploads\/2023\/07\/347598275_592550423023647_3063640122366849909_n-600x317.jpg\" alt=\"\" width=\"324\" height=\"171\" srcset=\"https:\/\/novice.si\/page\/wp-content\/uploads\/2023\/07\/347598275_592550423023647_3063640122366849909_n-600x317.jpg 600w, https:\/\/novice.si\/page\/wp-content\/uploads\/2023\/07\/347598275_592550423023647_3063640122366849909_n-1024x541.jpg 1024w, https:\/\/novice.si\/page\/wp-content\/uploads\/2023\/07\/347598275_592550423023647_3063640122366849909_n-768x406.jpg 768w, https:\/\/novice.si\/page\/wp-content\/uploads\/2023\/07\/347598275_592550423023647_3063640122366849909_n-1536x812.jpg 1536w, https:\/\/novice.si\/page\/wp-content\/uploads\/2023\/07\/347598275_592550423023647_3063640122366849909_n-696x368.jpg 696w, https:\/\/novice.si\/page\/wp-content\/uploads\/2023\/07\/347598275_592550423023647_3063640122366849909_n-1068x564.jpg 1068w, https:\/\/novice.si\/page\/wp-content\/uploads\/2023\/07\/347598275_592550423023647_3063640122366849909_n-795x420.jpg 795w, https:\/\/novice.si\/page\/wp-content\/uploads\/2023\/07\/347598275_592550423023647_3063640122366849909_n-24x13.jpg 24w, https:\/\/novice.si\/page\/wp-content\/uploads\/2023\/07\/347598275_592550423023647_3063640122366849909_n-36x19.jpg 36w, https:\/\/novice.si\/page\/wp-content\/uploads\/2023\/07\/347598275_592550423023647_3063640122366849909_n-48x25.jpg 48w, https:\/\/novice.si\/page\/wp-content\/uploads\/2023\/07\/347598275_592550423023647_3063640122366849909_n.jpg 2048w\" sizes=\"auto, (max-width: 324px) 100vw, 324px\" \/>Po\u0161kodovani prostori nad vhodom so o\u010di\u0161\u010deni in pripravljeni na sanacijo, prav tako bosta kmalu za\u010dela obratovati gostinska lokala pod mestompo\u017eara. V zahvalo gasilskim dru\u0161tvom, ki so pomagala pri ga\u0161enju po\u017eara in prepre\u010devanju \u0161e ve\u010dje \u0161kode, bodo Terme Olimia v prihodnjih dneh med dru\u0161tva razdelile donacijo v vi\u0161ini 7.000 evrov skupaj s 140 brezpla\u010dnimi vstopnicami za kopanje v Termalnem parku Aqualuna.<\/p>\n<p><strong>Gasilo ve\u010d kot 80 gasilcev<\/strong><\/p>\n<p>V sobotni intervenciji so sodelovala okoli\u0161ka prostovoljno gasilska dru\u0161tva: Pristava pri Mestinju, Pod\u010detrtek, Imeno, Sela Vera\u010de Vir\u0161tanj, Zibika, Mestinje,Kristan Vrh, \u0160marje pri Jel\u0161ah in \u0160entvid pri Grobelnem, dru\u0161tvo PGD Polje ob Sotli pa je ostalo v pripravljenosti. <em><img loading=\"lazy\" decoding=\"async\" class=\"wp-image-164905 alignleft\" src=\"https:\/\/novice.si\/page\/wp-content\/uploads\/2023\/07\/Slika1-600x360.jpg\" alt=\"\" width=\"278\" height=\"167\" srcset=\"https:\/\/novice.si\/page\/wp-content\/uploads\/2023\/07\/Slika1-600x360.jpg 600w, https:\/\/novice.si\/page\/wp-content\/uploads\/2023\/07\/Slika1-1024x615.jpg 1024w, https:\/\/novice.si\/page\/wp-content\/uploads\/2023\/07\/Slika1-768x461.jpg 768w, https:\/\/novice.si\/page\/wp-content\/uploads\/2023\/07\/Slika1-696x418.jpg 696w, https:\/\/novice.si\/page\/wp-content\/uploads\/2023\/07\/Slika1-1068x641.jpg 1068w, https:\/\/novice.si\/page\/wp-content\/uploads\/2023\/07\/Slika1-699x420.jpg 699w, https:\/\/novice.si\/page\/wp-content\/uploads\/2023\/07\/Slika1-24x14.jpg 24w, https:\/\/novice.si\/page\/wp-content\/uploads\/2023\/07\/Slika1-36x22.jpg 36w, https:\/\/novice.si\/page\/wp-content\/uploads\/2023\/07\/Slika1-48x29.jpg 48w, https:\/\/novice.si\/page\/wp-content\/uploads\/2023\/07\/Slika1.jpg 1377w\" sizes=\"auto, (max-width: 278px) 100vw, 278px\" \/>&#8220;Osebje termalnega parka je zahvaljujo\u010d pravilnemu in hitremu ukrepanju uspelo omejiti mesto po\u017eara do prihoda gasilcev; prvi so na kraj dogodka prispeli \u017ee \u0161est minut po pozivu na intervencijsko \u0161tevilko. Brez pomo\u010di ve\u010d kot 80 gasilcev osebju ne bi uspelo poskrbeti za varno evakuacijo zaposlenih in obiskovalcev ter za\u0161\u010dito ostalih objektov in prepre\u010ditev nastanka \u0161e ve\u010dje \u0161kode. Gasilci so, tako kot \u017ee ve\u010dkrat v zadnjih letih, dokazali, da so izjemno pomemben in nepogre\u0161ljiv del skupnosti, v zahvalo za njihovo po\u017ertvovalnost pa jim bodo Terme Olimia namenile denarna sredstva za njihovo nadaljnje delovanje ali nakup opreme ter kopali\u0161ke vstopnice, da se bodo lahko malce sprostili v poletnih dneh,&#8221;<\/em> so sporo\u010dili iz Term Olimia.<br \/>\nPoleg tega bodo vsem obiskovalcem, ki so v sobotov Aqualuni kupili vstopnice po 13. uri, na podlagi predlo\u017eenega ra\u010duna podarili ustrezno \u0161tevilo brezpla\u010dnih vstopnic za ponovni obisk. Na elektronski naslov barbara.cer@terme-olimia.com naj jim do 21. julija po\u0161ljejo sliko ra\u010duna, ki so ga prejeli ob nakupu vstopnic in svoj naslov, na katerega jim bodo poslali nove vstopnice.<\/p>\n<p><strong>Zagorelo v skladi\u0161\u010du<\/strong><\/p>\n<p>V soboto, 8. julija, nekaj \u010dez 17. uro je v Termalnem parku Aqualuna zagorelo v skladi\u0161\u010du enega izmed gostinskih lokalov. Uradni vzrok po\u017eara \u0161e ni potrjen, \u0161lo pa naj bi za napako na elektri\u010dnem omre\u017eju. Ob po\u017earu je bilo na kopali\u0161\u010du okoli 1.500 obiskovalcev in osebje termalnega parka, v po\u017earu pa ni bil ogro\u017een ali po\u0161kodovan nih\u010de od gostov ali zaposlenih. Pridne roke sodelavcev Term Olimia so poskrbele, da je Aqualuna \u017ee naslednji dan obratovala nemoteno. \u0160kodo na objektu sicer ocenjujejo na pribli\u017eno 300.000 evrov.<br \/>\n(NK; Foto: Terme Olimia)<\/p>\n<p>&nbsp;<\/p>\n","protected":false},"excerpt":{"rendered":"<p>Po sobotnem po\u017earu v Termalnem parku Aqualuna se \u017eivljenje na kopali\u0161\u010du vra\u010da na stare tirnice, sporo\u010dajo iz Term Olimia. Po\u0161kodovani prostori nad vhodom so o\u010di\u0161\u010deni in pripravljeni na sanacijo, prav tako bosta kmalu za\u010dela obratovati gostinska lokala pod mestompo\u017eara. V zahvalo gasilskim dru\u0161tvom, ki so pomagala pri ga\u0161enju po\u017eara in prepre\u010devanju \u0161e ve\u010dje \u0161kode, bodo [&hellip;]<\/p>\n","protected":false},"author":12,"featured_media":164905,"comment_status":"closed","ping_status":"closed","sticky":false,"template":"","format":"standard","meta":{"footnotes":""},"categories":[14,868,16,38,29,3108],"tags":[18287,873],"class_list":{"0":"post-164903","1":"post","2":"type-post","3":"status-publish","4":"format-standard","5":"has-post-thumbnail","7":"category-aktualno","8":"category-casopisi","9":"category-konjisko","10":"category-kozjansko","11":"category-kronika","12":"category-radio-rogla","13":"tag-aqualuna","14":"tag-terme-olimia"},"yoast_head":"<!-- This site is optimized with the Yoast SEO plugin v27.4 - https:\/\/yoast.com\/product\/yoast-seo-wordpress\/ -->\n<title>V Termah Olimia se po po\u017earu v Aqualuni gasilcem zahvaljujejo z donacijo - Novice.si<\/title>\n<meta name=\"robots\" content=\"index, follow, max-snippet:-1, max-image-preview:large, max-video-preview:-1\" \/>\n<link rel=\"canonical\" href=\"https:\/\/novice.si\/page\/v-termah-olimia-se-po-pozaru-v-aqualuni-gasilcem-zahvaljujejo-z-donacijo\/\" \/>\n<meta property=\"og:locale\" content=\"sl_SI\" \/>\n<meta property=\"og:type\" content=\"article\" \/>\n<meta property=\"og:title\" content=\"V Termah Olimia se po po\u017earu v Aqualuni gasilcem zahvaljujejo z donacijo - Novice.si\" \/>\n<meta property=\"og:description\" content=\"Po sobotnem po\u017earu v Termalnem parku Aqualuna se \u017eivljenje na kopali\u0161\u010du vra\u010da na stare tirnice, sporo\u010dajo iz Term Olimia. Po\u0161kodovani prostori nad vhodom so o\u010di\u0161\u010deni in pripravljeni na sanacijo, prav tako bosta kmalu za\u010dela obratovati gostinska lokala pod mestompo\u017eara. V zahvalo gasilskim dru\u0161tvom, ki so pomagala pri ga\u0161enju po\u017eara in prepre\u010devanju \u0161e ve\u010dje \u0161kode, bodo [&hellip;]\" \/>\n<meta property=\"og:url\" content=\"https:\/\/novice.si\/page\/v-termah-olimia-se-po-pozaru-v-aqualuni-gasilcem-zahvaljujejo-z-donacijo\/\" \/>\n<meta property=\"og:site_name\" content=\"Novice.si\" \/>\n<meta property=\"article:published_time\" content=\"2023-07-13T10:24:39+00:00\" \/>\n<meta property=\"og:image\" content=\"https:\/\/novice.si\/page\/wp-content\/uploads\/2023\/07\/Slika1.jpg\" \/>\n\t<meta property=\"og:image:width\" content=\"1377\" \/>\n\t<meta property=\"og:image:height\" content=\"827\" \/>\n\t<meta property=\"og:image:type\" content=\"image\/jpeg\" \/>\n<meta name=\"author\" content=\"Uredni\u0161tvo Celjana\" \/>\n<meta name=\"twitter:card\" content=\"summary_large_image\" \/>\n<meta name=\"twitter:label1\" content=\"Written by\" \/>\n\t<meta name=\"twitter:data1\" content=\"Uredni\u0161tvo Celjana\" \/>\n\t<meta name=\"twitter:label2\" content=\"Est. reading time\" \/>\n\t<meta name=\"twitter:data2\" content=\"3 minute\" \/>\n<script type=\"application\/ld+json\" class=\"yoast-schema-graph\">{\"@context\":\"https:\\\/\\\/schema.org\",\"@graph\":[{\"@type\":\"Article\",\"@id\":\"https:\\\/\\\/novice.si\\\/page\\\/v-termah-olimia-se-po-pozaru-v-aqualuni-gasilcem-zahvaljujejo-z-donacijo\\\/#article\",\"isPartOf\":{\"@id\":\"https:\\\/\\\/novice.si\\\/page\\\/v-termah-olimia-se-po-pozaru-v-aqualuni-gasilcem-zahvaljujejo-z-donacijo\\\/\"},\"author\":{\"name\":\"Uredni\u0161tvo Celjana\",\"@id\":\"https:\\\/\\\/novice.si\\\/page\\\/#\\\/schema\\\/person\\\/51903923b50fefb075bc1cd24fe4d065\"},\"headline\":\"V Termah Olimia se po po\u017earu v Aqualuni gasilcem zahvaljujejo z donacijo\",\"datePublished\":\"2023-07-13T10:24:39+00:00\",\"mainEntityOfPage\":{\"@id\":\"https:\\\/\\\/novice.si\\\/page\\\/v-termah-olimia-se-po-pozaru-v-aqualuni-gasilcem-zahvaljujejo-z-donacijo\\\/\"},\"wordCount\":440,\"publisher\":{\"@id\":\"https:\\\/\\\/novice.si\\\/page\\\/#organization\"},\"image\":{\"@id\":\"https:\\\/\\\/novice.si\\\/page\\\/v-termah-olimia-se-po-pozaru-v-aqualuni-gasilcem-zahvaljujejo-z-donacijo\\\/#primaryimage\"},\"thumbnailUrl\":\"https:\\\/\\\/novice.si\\\/page\\\/wp-content\\\/uploads\\\/2023\\\/07\\\/Slika1.jpg\",\"keywords\":[\"aqualuna\",\"Terme Olimia\"],\"articleSection\":[\"Aktualno\",\"\u010casopisi\",\"Konji\u0161ko\",\"Kozjansko\",\"Kronika\",\"Radio Rogla\"],\"inLanguage\":\"sl-SI\"},{\"@type\":\"WebPage\",\"@id\":\"https:\\\/\\\/novice.si\\\/page\\\/v-termah-olimia-se-po-pozaru-v-aqualuni-gasilcem-zahvaljujejo-z-donacijo\\\/\",\"url\":\"https:\\\/\\\/novice.si\\\/page\\\/v-termah-olimia-se-po-pozaru-v-aqualuni-gasilcem-zahvaljujejo-z-donacijo\\\/\",\"name\":\"V Termah Olimia se po po\u017earu v Aqualuni gasilcem zahvaljujejo z donacijo - Novice.si\",\"isPartOf\":{\"@id\":\"https:\\\/\\\/novice.si\\\/page\\\/#website\"},\"primaryImageOfPage\":{\"@id\":\"https:\\\/\\\/novice.si\\\/page\\\/v-termah-olimia-se-po-pozaru-v-aqualuni-gasilcem-zahvaljujejo-z-donacijo\\\/#primaryimage\"},\"image\":{\"@id\":\"https:\\\/\\\/novice.si\\\/page\\\/v-termah-olimia-se-po-pozaru-v-aqualuni-gasilcem-zahvaljujejo-z-donacijo\\\/#primaryimage\"},\"thumbnailUrl\":\"https:\\\/\\\/novice.si\\\/page\\\/wp-content\\\/uploads\\\/2023\\\/07\\\/Slika1.jpg\",\"datePublished\":\"2023-07-13T10:24:39+00:00\",\"breadcrumb\":{\"@id\":\"https:\\\/\\\/novice.si\\\/page\\\/v-termah-olimia-se-po-pozaru-v-aqualuni-gasilcem-zahvaljujejo-z-donacijo\\\/#breadcrumb\"},\"inLanguage\":\"sl-SI\",\"potentialAction\":[{\"@type\":\"ReadAction\",\"target\":[\"https:\\\/\\\/novice.si\\\/page\\\/v-termah-olimia-se-po-pozaru-v-aqualuni-gasilcem-zahvaljujejo-z-donacijo\\\/\"]}]},{\"@type\":\"ImageObject\",\"inLanguage\":\"sl-SI\",\"@id\":\"https:\\\/\\\/novice.si\\\/page\\\/v-termah-olimia-se-po-pozaru-v-aqualuni-gasilcem-zahvaljujejo-z-donacijo\\\/#primaryimage\",\"url\":\"https:\\\/\\\/novice.si\\\/page\\\/wp-content\\\/uploads\\\/2023\\\/07\\\/Slika1.jpg\",\"contentUrl\":\"https:\\\/\\\/novice.si\\\/page\\\/wp-content\\\/uploads\\\/2023\\\/07\\\/Slika1.jpg\",\"width\":1377,\"height\":827},{\"@type\":\"BreadcrumbList\",\"@id\":\"https:\\\/\\\/novice.si\\\/page\\\/v-termah-olimia-se-po-pozaru-v-aqualuni-gasilcem-zahvaljujejo-z-donacijo\\\/#breadcrumb\",\"itemListElement\":[{\"@type\":\"ListItem\",\"position\":1,\"name\":\"Home\",\"item\":\"https:\\\/\\\/novice.si\\\/page\\\/\"},{\"@type\":\"ListItem\",\"position\":2,\"name\":\"V Termah Olimia se po po\u017earu v Aqualuni gasilcem zahvaljujejo z donacijo\"}]},{\"@type\":\"WebSite\",\"@id\":\"https:\\\/\\\/novice.si\\\/page\\\/#website\",\"url\":\"https:\\\/\\\/novice.si\\\/page\\\/\",\"name\":\"Novice.si\",\"description\":\"\",\"publisher\":{\"@id\":\"https:\\\/\\\/novice.si\\\/page\\\/#organization\"},\"potentialAction\":[{\"@type\":\"SearchAction\",\"target\":{\"@type\":\"EntryPoint\",\"urlTemplate\":\"https:\\\/\\\/novice.si\\\/page\\\/?s={search_term_string}\"},\"query-input\":{\"@type\":\"PropertyValueSpecification\",\"valueRequired\":true,\"valueName\":\"search_term_string\"}}],\"inLanguage\":\"sl-SI\"},{\"@type\":\"Organization\",\"@id\":\"https:\\\/\\\/novice.si\\\/page\\\/#organization\",\"name\":\"Novice.si\",\"url\":\"https:\\\/\\\/novice.si\\\/page\\\/\",\"logo\":{\"@type\":\"ImageObject\",\"inLanguage\":\"sl-SI\",\"@id\":\"https:\\\/\\\/novice.si\\\/page\\\/#\\\/schema\\\/logo\\\/image\\\/\",\"url\":\"https:\\\/\\\/novice.si\\\/page\\\/wp-content\\\/uploads\\\/2023\\\/03\\\/novice_si.png\",\"contentUrl\":\"https:\\\/\\\/novice.si\\\/page\\\/wp-content\\\/uploads\\\/2023\\\/03\\\/novice_si.png\",\"width\":576,\"height\":200,\"caption\":\"Novice.si\"},\"image\":{\"@id\":\"https:\\\/\\\/novice.si\\\/page\\\/#\\\/schema\\\/logo\\\/image\\\/\"}},{\"@type\":\"Person\",\"@id\":\"https:\\\/\\\/novice.si\\\/page\\\/#\\\/schema\\\/person\\\/51903923b50fefb075bc1cd24fe4d065\",\"name\":\"Uredni\u0161tvo Celjana\",\"image\":{\"@type\":\"ImageObject\",\"inLanguage\":\"sl-SI\",\"@id\":\"https:\\\/\\\/secure.gravatar.com\\\/avatar\\\/b516f102aa90b53619e09722b8ea56721c99bfcb4f1035f9b333d99f52330226?s=96&d=mm&r=g\",\"url\":\"https:\\\/\\\/secure.gravatar.com\\\/avatar\\\/b516f102aa90b53619e09722b8ea56721c99bfcb4f1035f9b333d99f52330226?s=96&d=mm&r=g\",\"contentUrl\":\"https:\\\/\\\/secure.gravatar.com\\\/avatar\\\/b516f102aa90b53619e09722b8ea56721c99bfcb4f1035f9b333d99f52330226?s=96&d=mm&r=g\",\"caption\":\"Uredni\u0161tvo Celjana\"},\"url\":\"https:\\\/\\\/novice.si\\\/page\\\/author\\\/nejc\\\/\"}]}<\/script>\n<!-- \/ Yoast SEO plugin. -->","yoast_head_json":{"title":"V Termah Olimia se po po\u017earu v Aqualuni gasilcem zahvaljujejo z donacijo - Novice.si","robots":{"index":"index","follow":"follow","max-snippet":"max-snippet:-1","max-image-preview":"max-image-preview:large","max-video-preview":"max-video-preview:-1"},"canonical":"https:\/\/novice.si\/page\/v-termah-olimia-se-po-pozaru-v-aqualuni-gasilcem-zahvaljujejo-z-donacijo\/","og_locale":"sl_SI","og_type":"article","og_title":"V Termah Olimia se po po\u017earu v Aqualuni gasilcem zahvaljujejo z donacijo - Novice.si","og_description":"Po sobotnem po\u017earu v Termalnem parku Aqualuna se \u017eivljenje na kopali\u0161\u010du vra\u010da na stare tirnice, sporo\u010dajo iz Term Olimia. Po\u0161kodovani prostori nad vhodom so o\u010di\u0161\u010deni in pripravljeni na sanacijo, prav tako bosta kmalu za\u010dela obratovati gostinska lokala pod mestompo\u017eara. V zahvalo gasilskim dru\u0161tvom, ki so pomagala pri ga\u0161enju po\u017eara in prepre\u010devanju \u0161e ve\u010dje \u0161kode, bodo [&hellip;]","og_url":"https:\/\/novice.si\/page\/v-termah-olimia-se-po-pozaru-v-aqualuni-gasilcem-zahvaljujejo-z-donacijo\/","og_site_name":"Novice.si","article_published_time":"2023-07-13T10:24:39+00:00","og_image":[{"width":1377,"height":827,"url":"https:\/\/novice.si\/page\/wp-content\/uploads\/2023\/07\/Slika1.jpg","type":"image\/jpeg"}],"author":"Uredni\u0161tvo Celjana","twitter_card":"summary_large_image","twitter_misc":{"Written by":"Uredni\u0161tvo Celjana","Est. reading time":"3 minute"},"schema":{"@context":"https:\/\/schema.org","@graph":[{"@type":"Article","@id":"https:\/\/novice.si\/page\/v-termah-olimia-se-po-pozaru-v-aqualuni-gasilcem-zahvaljujejo-z-donacijo\/#article","isPartOf":{"@id":"https:\/\/novice.si\/page\/v-termah-olimia-se-po-pozaru-v-aqualuni-gasilcem-zahvaljujejo-z-donacijo\/"},"author":{"name":"Uredni\u0161tvo Celjana","@id":"https:\/\/novice.si\/page\/#\/schema\/person\/51903923b50fefb075bc1cd24fe4d065"},"headline":"V Termah Olimia se po po\u017earu v Aqualuni gasilcem zahvaljujejo z donacijo","datePublished":"2023-07-13T10:24:39+00:00","mainEntityOfPage":{"@id":"https:\/\/novice.si\/page\/v-termah-olimia-se-po-pozaru-v-aqualuni-gasilcem-zahvaljujejo-z-donacijo\/"},"wordCount":440,"publisher":{"@id":"https:\/\/novice.si\/page\/#organization"},"image":{"@id":"https:\/\/novice.si\/page\/v-termah-olimia-se-po-pozaru-v-aqualuni-gasilcem-zahvaljujejo-z-donacijo\/#primaryimage"},"thumbnailUrl":"https:\/\/novice.si\/page\/wp-content\/uploads\/2023\/07\/Slika1.jpg","keywords":["aqualuna","Terme Olimia"],"articleSection":["Aktualno","\u010casopisi","Konji\u0161ko","Kozjansko","Kronika","Radio Rogla"],"inLanguage":"sl-SI"},{"@type":"WebPage","@id":"https:\/\/novice.si\/page\/v-termah-olimia-se-po-pozaru-v-aqualuni-gasilcem-zahvaljujejo-z-donacijo\/","url":"https:\/\/novice.si\/page\/v-termah-olimia-se-po-pozaru-v-aqualuni-gasilcem-zahvaljujejo-z-donacijo\/","name":"V Termah Olimia se po po\u017earu v Aqualuni gasilcem zahvaljujejo z donacijo - Novice.si","isPartOf":{"@id":"https:\/\/novice.si\/page\/#website"},"primaryImageOfPage":{"@id":"https:\/\/novice.si\/page\/v-termah-olimia-se-po-pozaru-v-aqualuni-gasilcem-zahvaljujejo-z-donacijo\/#primaryimage"},"image":{"@id":"https:\/\/novice.si\/page\/v-termah-olimia-se-po-pozaru-v-aqualuni-gasilcem-zahvaljujejo-z-donacijo\/#primaryimage"},"thumbnailUrl":"https:\/\/novice.si\/page\/wp-content\/uploads\/2023\/07\/Slika1.jpg","datePublished":"2023-07-13T10:24:39+00:00","breadcrumb":{"@id":"https:\/\/novice.si\/page\/v-termah-olimia-se-po-pozaru-v-aqualuni-gasilcem-zahvaljujejo-z-donacijo\/#breadcrumb"},"inLanguage":"sl-SI","potentialAction":[{"@type":"ReadAction","target":["https:\/\/novice.si\/page\/v-termah-olimia-se-po-pozaru-v-aqualuni-gasilcem-zahvaljujejo-z-donacijo\/"]}]},{"@type":"ImageObject","inLanguage":"sl-SI","@id":"https:\/\/novice.si\/page\/v-termah-olimia-se-po-pozaru-v-aqualuni-gasilcem-zahvaljujejo-z-donacijo\/#primaryimage","url":"https:\/\/novice.si\/page\/wp-content\/uploads\/2023\/07\/Slika1.jpg","contentUrl":"https:\/\/novice.si\/page\/wp-content\/uploads\/2023\/07\/Slika1.jpg","width":1377,"height":827},{"@type":"BreadcrumbList","@id":"https:\/\/novice.si\/page\/v-termah-olimia-se-po-pozaru-v-aqualuni-gasilcem-zahvaljujejo-z-donacijo\/#breadcrumb","itemListElement":[{"@type":"ListItem","position":1,"name":"Home","item":"https:\/\/novice.si\/page\/"},{"@type":"ListItem","position":2,"name":"V Termah Olimia se po po\u017earu v Aqualuni gasilcem zahvaljujejo z donacijo"}]},{"@type":"WebSite","@id":"https:\/\/novice.si\/page\/#website","url":"https:\/\/novice.si\/page\/","name":"Novice.si","description":"","publisher":{"@id":"https:\/\/novice.si\/page\/#organization"},"potentialAction":[{"@type":"SearchAction","target":{"@type":"EntryPoint","urlTemplate":"https:\/\/novice.si\/page\/?s={search_term_string}"},"query-input":{"@type":"PropertyValueSpecification","valueRequired":true,"valueName":"search_term_string"}}],"inLanguage":"sl-SI"},{"@type":"Organization","@id":"https:\/\/novice.si\/page\/#organization","name":"Novice.si","url":"https:\/\/novice.si\/page\/","logo":{"@type":"ImageObject","inLanguage":"sl-SI","@id":"https:\/\/novice.si\/page\/#\/schema\/logo\/image\/","url":"https:\/\/novice.si\/page\/wp-content\/uploads\/2023\/03\/novice_si.png","contentUrl":"https:\/\/novice.si\/page\/wp-content\/uploads\/2023\/03\/novice_si.png","width":576,"height":200,"caption":"Novice.si"},"image":{"@id":"https:\/\/novice.si\/page\/#\/schema\/logo\/image\/"}},{"@type":"Person","@id":"https:\/\/novice.si\/page\/#\/schema\/person\/51903923b50fefb075bc1cd24fe4d065","name":"Uredni\u0161tvo Celjana","image":{"@type":"ImageObject","inLanguage":"sl-SI","@id":"https:\/\/secure.gravatar.com\/avatar\/b516f102aa90b53619e09722b8ea56721c99bfcb4f1035f9b333d99f52330226?s=96&d=mm&r=g","url":"https:\/\/secure.gravatar.com\/avatar\/b516f102aa90b53619e09722b8ea56721c99bfcb4f1035f9b333d99f52330226?s=96&d=mm&r=g","contentUrl":"https:\/\/secure.gravatar.com\/avatar\/b516f102aa90b53619e09722b8ea56721c99bfcb4f1035f9b333d99f52330226?s=96&d=mm&r=g","caption":"Uredni\u0161tvo Celjana"},"url":"https:\/\/novice.si\/page\/author\/nejc\/"}]}},"_links":{"self":[{"href":"https:\/\/novice.si\/page\/wp-json\/wp\/v2\/posts\/164903","targetHints":{"allow":["GET"]}}],"collection":[{"href":"https:\/\/novice.si\/page\/wp-json\/wp\/v2\/posts"}],"about":[{"href":"https:\/\/novice.si\/page\/wp-json\/wp\/v2\/types\/post"}],"author":[{"embeddable":true,"href":"https:\/\/novice.si\/page\/wp-json\/wp\/v2\/users\/12"}],"replies":[{"embeddable":true,"href":"https:\/\/novice.si\/page\/wp-json\/wp\/v2\/comments?post=164903"}],"version-history":[{"count":1,"href":"https:\/\/novice.si\/page\/wp-json\/wp\/v2\/posts\/164903\/revisions"}],"predecessor-version":[{"id":164906,"href":"https:\/\/novice.si\/page\/wp-json\/wp\/v2\/posts\/164903\/revisions\/164906"}],"wp:featuredmedia":[{"embeddable":true,"href":"https:\/\/novice.si\/page\/wp-json\/wp\/v2\/media\/164905"}],"wp:attachment":[{"href":"https:\/\/novice.si\/page\/wp-json\/wp\/v2\/media?parent=164903"}],"wp:term":[{"taxonomy":"category","embeddable":true,"href":"https:\/\/novice.si\/page\/wp-json\/wp\/v2\/categories?post=164903"},{"taxonomy":"post_tag","embeddable":true,"href":"https:\/\/novice.si\/page\/wp-json\/wp\/v2\/tags?post=164903"}],"curies":[{"name":"wp","href":"https:\/\/api.w.org\/{rel}","templated":true}]}}