{"id":164897,"date":"2023-07-13T07:36:14","date_gmt":"2023-07-13T05:36:14","guid":{"rendered":"https:\/\/novice.si\/page\/?p=164897"},"modified":"2023-07-13T07:36:14","modified_gmt":"2023-07-13T05:36:14","slug":"celjsko-nocno-neurje-najbolj-klestilo-po-vojniku","status":"publish","type":"post","link":"https:\/\/novice.si\/page\/celjsko-nocno-neurje-najbolj-klestilo-po-vojniku\/","title":{"rendered":"CELJSKO No\u010dno neurje najbolj klestilo po Vojniku"},"content":{"rendered":"<p><img loading=\"lazy\" decoding=\"async\" class=\"size-medium wp-image-141342 alignleft\" src=\"https:\/\/novice.si\/page\/wp-content\/uploads\/2021\/07\/neurje-oplotnica-2-225x300.jpg\" alt=\"\" width=\"225\" height=\"300\" srcset=\"https:\/\/novice.si\/page\/wp-content\/uploads\/2021\/07\/neurje-oplotnica-2-225x300.jpg 225w, https:\/\/novice.si\/page\/wp-content\/uploads\/2021\/07\/neurje-oplotnica-2-696x928.jpg 696w, https:\/\/novice.si\/page\/wp-content\/uploads\/2021\/07\/neurje-oplotnica-2-315x420.jpg 315w, https:\/\/novice.si\/page\/wp-content\/uploads\/2021\/07\/neurje-oplotnica-2-18x24.jpg 18w, https:\/\/novice.si\/page\/wp-content\/uploads\/2021\/07\/neurje-oplotnica-2-27x36.jpg 27w, https:\/\/novice.si\/page\/wp-content\/uploads\/2021\/07\/neurje-oplotnica-2-36x48.jpg 36w, https:\/\/novice.si\/page\/wp-content\/uploads\/2021\/07\/neurje-oplotnica-2.jpg 720w\" sizes=\"auto, (max-width: 225px) 100vw, 225px\" \/>Neurje z nalivi in mo\u010dnim vetrom, ki se je okoli \u010detrte ure zjutraj razbesnelo tudi nad ve\u010djim delom celjske regije, je na na\u0161em obmo\u010dju najve\u010d preglavic povzro\u010dilo v predelu Vojnika, kjer je nastala ve\u010dja gmotna \u0161koda na komunalni in prometni infrastrukturi. Podrlo se je ve\u010d dreves, ki so padala na ceste in stanovanjske objekte, po\u0161kodovan je tudi daljnovod, zato je ob\u010dasno \u0161e motena oskrba z elektri\u010dno energijo.<\/p>\n<p>Na Dobrni je nekaj dreves prav tako padlo na stanovanjske objekte in tudi osebna vozila, na \u0160entjurskem pa je veter ob tem \u0161e odkrival strehe objektov. O te\u017eavah s podrtim drevjem poro\u010dajo tudi iz Pod\u010detrtka in Celja, kjer je voda zalila tudi enega od podvozov.<\/p>\n<p>P\u0160<\/p>\n","protected":false},"excerpt":{"rendered":"<p>Neurje z nalivi in mo\u010dnim vetrom, ki se je okoli \u010detrte ure zjutraj razbesnelo tudi nad ve\u010djim delom celjske regije, je na na\u0161em obmo\u010dju najve\u010d preglavic povzro\u010dilo v predelu Vojnika, kjer je nastala ve\u010dja gmotna \u0161koda na komunalni in prometni infrastrukturi. Podrlo se je ve\u010d dreves, ki so padala na ceste in stanovanjske objekte, po\u0161kodovan [&hellip;]<\/p>\n","protected":false},"author":33,"featured_media":154327,"comment_status":"closed","ping_status":"closed","sticky":false,"template":"","format":"standard","meta":{"footnotes":""},"categories":[14,17,29,57],"tags":[],"class_list":{"0":"post-164897","1":"post","2":"type-post","3":"status-publish","4":"format-standard","5":"has-post-thumbnail","7":"category-aktualno","8":"category-celjsko","9":"category-kronika","10":"category-sentjursko"},"yoast_head":"<!-- This site is optimized with the Yoast SEO plugin v27.4 - https:\/\/yoast.com\/product\/yoast-seo-wordpress\/ -->\n<title>CELJSKO No\u010dno neurje najbolj klestilo po Vojniku - Novice.si<\/title>\n<meta name=\"robots\" content=\"index, follow, max-snippet:-1, max-image-preview:large, max-video-preview:-1\" \/>\n<link rel=\"canonical\" href=\"https:\/\/novice.si\/page\/celjsko-nocno-neurje-najbolj-klestilo-po-vojniku\/\" \/>\n<meta property=\"og:locale\" content=\"sl_SI\" \/>\n<meta property=\"og:type\" content=\"article\" \/>\n<meta property=\"og:title\" content=\"CELJSKO No\u010dno neurje najbolj klestilo po Vojniku - Novice.si\" \/>\n<meta property=\"og:description\" content=\"Neurje z nalivi in mo\u010dnim vetrom, ki se je okoli \u010detrte ure zjutraj razbesnelo tudi nad ve\u010djim delom celjske regije, je na na\u0161em obmo\u010dju najve\u010d preglavic povzro\u010dilo v predelu Vojnika, kjer je nastala ve\u010dja gmotna \u0161koda na komunalni in prometni infrastrukturi. Podrlo se je ve\u010d dreves, ki so padala na ceste in stanovanjske objekte, po\u0161kodovan [&hellip;]\" \/>\n<meta property=\"og:url\" content=\"https:\/\/novice.si\/page\/celjsko-nocno-neurje-najbolj-klestilo-po-vojniku\/\" \/>\n<meta property=\"og:site_name\" content=\"Novice.si\" \/>\n<meta property=\"article:published_time\" content=\"2023-07-13T05:36:14+00:00\" \/>\n<meta property=\"og:image\" content=\"https:\/\/novice.si\/page\/wp-content\/uploads\/2022\/09\/Neurje-2-scaled.jpg\" \/>\n\t<meta property=\"og:image:width\" content=\"2560\" \/>\n\t<meta property=\"og:image:height\" content=\"1920\" \/>\n\t<meta property=\"og:image:type\" content=\"image\/jpeg\" \/>\n<meta name=\"author\" content=\"Uredni\u0161tvo Celjana\" \/>\n<meta name=\"twitter:card\" content=\"summary_large_image\" \/>\n<meta name=\"twitter:label1\" content=\"Written by\" \/>\n\t<meta name=\"twitter:data1\" content=\"Uredni\u0161tvo Celjana\" \/>\n\t<meta name=\"twitter:label2\" content=\"Est. reading time\" \/>\n\t<meta name=\"twitter:data2\" content=\"1 minuta\" \/>\n<script type=\"application\/ld+json\" class=\"yoast-schema-graph\">{\"@context\":\"https:\\\/\\\/schema.org\",\"@graph\":[{\"@type\":\"Article\",\"@id\":\"https:\\\/\\\/novice.si\\\/page\\\/celjsko-nocno-neurje-najbolj-klestilo-po-vojniku\\\/#article\",\"isPartOf\":{\"@id\":\"https:\\\/\\\/novice.si\\\/page\\\/celjsko-nocno-neurje-najbolj-klestilo-po-vojniku\\\/\"},\"author\":{\"name\":\"Uredni\u0161tvo Celjana\",\"@id\":\"https:\\\/\\\/novice.si\\\/page\\\/#\\\/schema\\\/person\\\/57f25c9642a9541c7349c65d32032c3e\"},\"headline\":\"CELJSKO No\u010dno neurje najbolj klestilo po Vojniku\",\"datePublished\":\"2023-07-13T05:36:14+00:00\",\"mainEntityOfPage\":{\"@id\":\"https:\\\/\\\/novice.si\\\/page\\\/celjsko-nocno-neurje-najbolj-klestilo-po-vojniku\\\/\"},\"wordCount\":133,\"publisher\":{\"@id\":\"https:\\\/\\\/novice.si\\\/page\\\/#organization\"},\"image\":{\"@id\":\"https:\\\/\\\/novice.si\\\/page\\\/celjsko-nocno-neurje-najbolj-klestilo-po-vojniku\\\/#primaryimage\"},\"thumbnailUrl\":\"https:\\\/\\\/novice.si\\\/page\\\/wp-content\\\/uploads\\\/2022\\\/09\\\/Neurje-2-scaled.jpg\",\"articleSection\":[\"Aktualno\",\"Celjsko\",\"Kronika\",\"\u0160entjursko\"],\"inLanguage\":\"sl-SI\"},{\"@type\":\"WebPage\",\"@id\":\"https:\\\/\\\/novice.si\\\/page\\\/celjsko-nocno-neurje-najbolj-klestilo-po-vojniku\\\/\",\"url\":\"https:\\\/\\\/novice.si\\\/page\\\/celjsko-nocno-neurje-najbolj-klestilo-po-vojniku\\\/\",\"name\":\"CELJSKO No\u010dno neurje najbolj klestilo po Vojniku - Novice.si\",\"isPartOf\":{\"@id\":\"https:\\\/\\\/novice.si\\\/page\\\/#website\"},\"primaryImageOfPage\":{\"@id\":\"https:\\\/\\\/novice.si\\\/page\\\/celjsko-nocno-neurje-najbolj-klestilo-po-vojniku\\\/#primaryimage\"},\"image\":{\"@id\":\"https:\\\/\\\/novice.si\\\/page\\\/celjsko-nocno-neurje-najbolj-klestilo-po-vojniku\\\/#primaryimage\"},\"thumbnailUrl\":\"https:\\\/\\\/novice.si\\\/page\\\/wp-content\\\/uploads\\\/2022\\\/09\\\/Neurje-2-scaled.jpg\",\"datePublished\":\"2023-07-13T05:36:14+00:00\",\"breadcrumb\":{\"@id\":\"https:\\\/\\\/novice.si\\\/page\\\/celjsko-nocno-neurje-najbolj-klestilo-po-vojniku\\\/#breadcrumb\"},\"inLanguage\":\"sl-SI\",\"potentialAction\":[{\"@type\":\"ReadAction\",\"target\":[\"https:\\\/\\\/novice.si\\\/page\\\/celjsko-nocno-neurje-najbolj-klestilo-po-vojniku\\\/\"]}]},{\"@type\":\"ImageObject\",\"inLanguage\":\"sl-SI\",\"@id\":\"https:\\\/\\\/novice.si\\\/page\\\/celjsko-nocno-neurje-najbolj-klestilo-po-vojniku\\\/#primaryimage\",\"url\":\"https:\\\/\\\/novice.si\\\/page\\\/wp-content\\\/uploads\\\/2022\\\/09\\\/Neurje-2-scaled.jpg\",\"contentUrl\":\"https:\\\/\\\/novice.si\\\/page\\\/wp-content\\\/uploads\\\/2022\\\/09\\\/Neurje-2-scaled.jpg\",\"width\":2560,\"height\":1920},{\"@type\":\"BreadcrumbList\",\"@id\":\"https:\\\/\\\/novice.si\\\/page\\\/celjsko-nocno-neurje-najbolj-klestilo-po-vojniku\\\/#breadcrumb\",\"itemListElement\":[{\"@type\":\"ListItem\",\"position\":1,\"name\":\"Home\",\"item\":\"https:\\\/\\\/novice.si\\\/page\\\/\"},{\"@type\":\"ListItem\",\"position\":2,\"name\":\"CELJSKO No\u010dno neurje najbolj klestilo po Vojniku\"}]},{\"@type\":\"WebSite\",\"@id\":\"https:\\\/\\\/novice.si\\\/page\\\/#website\",\"url\":\"https:\\\/\\\/novice.si\\\/page\\\/\",\"name\":\"Novice.si\",\"description\":\"\",\"publisher\":{\"@id\":\"https:\\\/\\\/novice.si\\\/page\\\/#organization\"},\"potentialAction\":[{\"@type\":\"SearchAction\",\"target\":{\"@type\":\"EntryPoint\",\"urlTemplate\":\"https:\\\/\\\/novice.si\\\/page\\\/?s={search_term_string}\"},\"query-input\":{\"@type\":\"PropertyValueSpecification\",\"valueRequired\":true,\"valueName\":\"search_term_string\"}}],\"inLanguage\":\"sl-SI\"},{\"@type\":\"Organization\",\"@id\":\"https:\\\/\\\/novice.si\\\/page\\\/#organization\",\"name\":\"Novice.si\",\"url\":\"https:\\\/\\\/novice.si\\\/page\\\/\",\"logo\":{\"@type\":\"ImageObject\",\"inLanguage\":\"sl-SI\",\"@id\":\"https:\\\/\\\/novice.si\\\/page\\\/#\\\/schema\\\/logo\\\/image\\\/\",\"url\":\"https:\\\/\\\/novice.si\\\/page\\\/wp-content\\\/uploads\\\/2023\\\/03\\\/novice_si.png\",\"contentUrl\":\"https:\\\/\\\/novice.si\\\/page\\\/wp-content\\\/uploads\\\/2023\\\/03\\\/novice_si.png\",\"width\":576,\"height\":200,\"caption\":\"Novice.si\"},\"image\":{\"@id\":\"https:\\\/\\\/novice.si\\\/page\\\/#\\\/schema\\\/logo\\\/image\\\/\"}},{\"@type\":\"Person\",\"@id\":\"https:\\\/\\\/novice.si\\\/page\\\/#\\\/schema\\\/person\\\/57f25c9642a9541c7349c65d32032c3e\",\"name\":\"Uredni\u0161tvo Celjana\",\"image\":{\"@type\":\"ImageObject\",\"inLanguage\":\"sl-SI\",\"@id\":\"https:\\\/\\\/secure.gravatar.com\\\/avatar\\\/78e52bc4279b65f6df6345e0ef0f7b792d361361f230cf4ffecfe0afe6d5629c?s=96&d=mm&r=g\",\"url\":\"https:\\\/\\\/secure.gravatar.com\\\/avatar\\\/78e52bc4279b65f6df6345e0ef0f7b792d361361f230cf4ffecfe0afe6d5629c?s=96&d=mm&r=g\",\"contentUrl\":\"https:\\\/\\\/secure.gravatar.com\\\/avatar\\\/78e52bc4279b65f6df6345e0ef0f7b792d361361f230cf4ffecfe0afe6d5629c?s=96&d=mm&r=g\",\"caption\":\"Uredni\u0161tvo Celjana\"},\"url\":\"https:\\\/\\\/novice.si\\\/page\\\/author\\\/primoz\\\/\"}]}<\/script>\n<!-- \/ Yoast SEO plugin. -->","yoast_head_json":{"title":"CELJSKO No\u010dno neurje najbolj klestilo po Vojniku - Novice.si","robots":{"index":"index","follow":"follow","max-snippet":"max-snippet:-1","max-image-preview":"max-image-preview:large","max-video-preview":"max-video-preview:-1"},"canonical":"https:\/\/novice.si\/page\/celjsko-nocno-neurje-najbolj-klestilo-po-vojniku\/","og_locale":"sl_SI","og_type":"article","og_title":"CELJSKO No\u010dno neurje najbolj klestilo po Vojniku - Novice.si","og_description":"Neurje z nalivi in mo\u010dnim vetrom, ki se je okoli \u010detrte ure zjutraj razbesnelo tudi nad ve\u010djim delom celjske regije, je na na\u0161em obmo\u010dju najve\u010d preglavic povzro\u010dilo v predelu Vojnika, kjer je nastala ve\u010dja gmotna \u0161koda na komunalni in prometni infrastrukturi. Podrlo se je ve\u010d dreves, ki so padala na ceste in stanovanjske objekte, po\u0161kodovan [&hellip;]","og_url":"https:\/\/novice.si\/page\/celjsko-nocno-neurje-najbolj-klestilo-po-vojniku\/","og_site_name":"Novice.si","article_published_time":"2023-07-13T05:36:14+00:00","og_image":[{"width":2560,"height":1920,"url":"https:\/\/novice.si\/page\/wp-content\/uploads\/2022\/09\/Neurje-2-scaled.jpg","type":"image\/jpeg"}],"author":"Uredni\u0161tvo Celjana","twitter_card":"summary_large_image","twitter_misc":{"Written by":"Uredni\u0161tvo Celjana","Est. reading time":"1 minuta"},"schema":{"@context":"https:\/\/schema.org","@graph":[{"@type":"Article","@id":"https:\/\/novice.si\/page\/celjsko-nocno-neurje-najbolj-klestilo-po-vojniku\/#article","isPartOf":{"@id":"https:\/\/novice.si\/page\/celjsko-nocno-neurje-najbolj-klestilo-po-vojniku\/"},"author":{"name":"Uredni\u0161tvo Celjana","@id":"https:\/\/novice.si\/page\/#\/schema\/person\/57f25c9642a9541c7349c65d32032c3e"},"headline":"CELJSKO No\u010dno neurje najbolj klestilo po Vojniku","datePublished":"2023-07-13T05:36:14+00:00","mainEntityOfPage":{"@id":"https:\/\/novice.si\/page\/celjsko-nocno-neurje-najbolj-klestilo-po-vojniku\/"},"wordCount":133,"publisher":{"@id":"https:\/\/novice.si\/page\/#organization"},"image":{"@id":"https:\/\/novice.si\/page\/celjsko-nocno-neurje-najbolj-klestilo-po-vojniku\/#primaryimage"},"thumbnailUrl":"https:\/\/novice.si\/page\/wp-content\/uploads\/2022\/09\/Neurje-2-scaled.jpg","articleSection":["Aktualno","Celjsko","Kronika","\u0160entjursko"],"inLanguage":"sl-SI"},{"@type":"WebPage","@id":"https:\/\/novice.si\/page\/celjsko-nocno-neurje-najbolj-klestilo-po-vojniku\/","url":"https:\/\/novice.si\/page\/celjsko-nocno-neurje-najbolj-klestilo-po-vojniku\/","name":"CELJSKO No\u010dno neurje najbolj klestilo po Vojniku - Novice.si","isPartOf":{"@id":"https:\/\/novice.si\/page\/#website"},"primaryImageOfPage":{"@id":"https:\/\/novice.si\/page\/celjsko-nocno-neurje-najbolj-klestilo-po-vojniku\/#primaryimage"},"image":{"@id":"https:\/\/novice.si\/page\/celjsko-nocno-neurje-najbolj-klestilo-po-vojniku\/#primaryimage"},"thumbnailUrl":"https:\/\/novice.si\/page\/wp-content\/uploads\/2022\/09\/Neurje-2-scaled.jpg","datePublished":"2023-07-13T05:36:14+00:00","breadcrumb":{"@id":"https:\/\/novice.si\/page\/celjsko-nocno-neurje-najbolj-klestilo-po-vojniku\/#breadcrumb"},"inLanguage":"sl-SI","potentialAction":[{"@type":"ReadAction","target":["https:\/\/novice.si\/page\/celjsko-nocno-neurje-najbolj-klestilo-po-vojniku\/"]}]},{"@type":"ImageObject","inLanguage":"sl-SI","@id":"https:\/\/novice.si\/page\/celjsko-nocno-neurje-najbolj-klestilo-po-vojniku\/#primaryimage","url":"https:\/\/novice.si\/page\/wp-content\/uploads\/2022\/09\/Neurje-2-scaled.jpg","contentUrl":"https:\/\/novice.si\/page\/wp-content\/uploads\/2022\/09\/Neurje-2-scaled.jpg","width":2560,"height":1920},{"@type":"BreadcrumbList","@id":"https:\/\/novice.si\/page\/celjsko-nocno-neurje-najbolj-klestilo-po-vojniku\/#breadcrumb","itemListElement":[{"@type":"ListItem","position":1,"name":"Home","item":"https:\/\/novice.si\/page\/"},{"@type":"ListItem","position":2,"name":"CELJSKO No\u010dno neurje najbolj klestilo po Vojniku"}]},{"@type":"WebSite","@id":"https:\/\/novice.si\/page\/#website","url":"https:\/\/novice.si\/page\/","name":"Novice.si","description":"","publisher":{"@id":"https:\/\/novice.si\/page\/#organization"},"potentialAction":[{"@type":"SearchAction","target":{"@type":"EntryPoint","urlTemplate":"https:\/\/novice.si\/page\/?s={search_term_string}"},"query-input":{"@type":"PropertyValueSpecification","valueRequired":true,"valueName":"search_term_string"}}],"inLanguage":"sl-SI"},{"@type":"Organization","@id":"https:\/\/novice.si\/page\/#organization","name":"Novice.si","url":"https:\/\/novice.si\/page\/","logo":{"@type":"ImageObject","inLanguage":"sl-SI","@id":"https:\/\/novice.si\/page\/#\/schema\/logo\/image\/","url":"https:\/\/novice.si\/page\/wp-content\/uploads\/2023\/03\/novice_si.png","contentUrl":"https:\/\/novice.si\/page\/wp-content\/uploads\/2023\/03\/novice_si.png","width":576,"height":200,"caption":"Novice.si"},"image":{"@id":"https:\/\/novice.si\/page\/#\/schema\/logo\/image\/"}},{"@type":"Person","@id":"https:\/\/novice.si\/page\/#\/schema\/person\/57f25c9642a9541c7349c65d32032c3e","name":"Uredni\u0161tvo Celjana","image":{"@type":"ImageObject","inLanguage":"sl-SI","@id":"https:\/\/secure.gravatar.com\/avatar\/78e52bc4279b65f6df6345e0ef0f7b792d361361f230cf4ffecfe0afe6d5629c?s=96&d=mm&r=g","url":"https:\/\/secure.gravatar.com\/avatar\/78e52bc4279b65f6df6345e0ef0f7b792d361361f230cf4ffecfe0afe6d5629c?s=96&d=mm&r=g","contentUrl":"https:\/\/secure.gravatar.com\/avatar\/78e52bc4279b65f6df6345e0ef0f7b792d361361f230cf4ffecfe0afe6d5629c?s=96&d=mm&r=g","caption":"Uredni\u0161tvo Celjana"},"url":"https:\/\/novice.si\/page\/author\/primoz\/"}]}},"_links":{"self":[{"href":"https:\/\/novice.si\/page\/wp-json\/wp\/v2\/posts\/164897","targetHints":{"allow":["GET"]}}],"collection":[{"href":"https:\/\/novice.si\/page\/wp-json\/wp\/v2\/posts"}],"about":[{"href":"https:\/\/novice.si\/page\/wp-json\/wp\/v2\/types\/post"}],"author":[{"embeddable":true,"href":"https:\/\/novice.si\/page\/wp-json\/wp\/v2\/users\/33"}],"replies":[{"embeddable":true,"href":"https:\/\/novice.si\/page\/wp-json\/wp\/v2\/comments?post=164897"}],"version-history":[{"count":1,"href":"https:\/\/novice.si\/page\/wp-json\/wp\/v2\/posts\/164897\/revisions"}],"predecessor-version":[{"id":164898,"href":"https:\/\/novice.si\/page\/wp-json\/wp\/v2\/posts\/164897\/revisions\/164898"}],"wp:featuredmedia":[{"embeddable":true,"href":"https:\/\/novice.si\/page\/wp-json\/wp\/v2\/media\/154327"}],"wp:attachment":[{"href":"https:\/\/novice.si\/page\/wp-json\/wp\/v2\/media?parent=164897"}],"wp:term":[{"taxonomy":"category","embeddable":true,"href":"https:\/\/novice.si\/page\/wp-json\/wp\/v2\/categories?post=164897"},{"taxonomy":"post_tag","embeddable":true,"href":"https:\/\/novice.si\/page\/wp-json\/wp\/v2\/tags?post=164897"}],"curies":[{"name":"wp","href":"https:\/\/api.w.org\/{rel}","templated":true}]}}