{"id":164887,"date":"2023-07-13T06:04:31","date_gmt":"2023-07-13T04:04:31","guid":{"rendered":"https:\/\/novice.si\/page\/?p=164887"},"modified":"2023-07-13T08:20:17","modified_gmt":"2023-07-13T06:20:17","slug":"neurja-na-stajerskem-kriva-za-zaprte-ceste","status":"publish","type":"post","link":"https:\/\/novice.si\/page\/neurja-na-stajerskem-kriva-za-zaprte-ceste\/","title":{"rendered":"Neurja na \u0160tajerskem kriva za zaprte ceste"},"content":{"rendered":"<p>Neurja na \u0160tajerskem so se razbesnela v sredo zve\u010der in do \u010detrtkovega jutra povzro\u010dila kar nekaj nev\u0161e\u010dnosti. Med drugim je bilo zaradi podrtega drevja zaprtih kar nekaj cest. Spodaj preverite, katere ceste so bile zaprte.<br \/>\n<font color=\"red\"> Aktualizirano ob [08:20]. <\/font> <\/p>\n<p>Popolne in delne zapore cest zaradi neurja:<br \/>\n&#8211; Dravograd-Bukovje-Trobnje.<br \/>\n&#8211; Slovenj Gradec-Pungart.<br \/>\n&#8211; Kotlje &#8211; Slovenj Gradec.<br \/>\n<del datetime=\"2023-07-13T04:21:19+00:00\">&#8211; Podvoz ulica Gorkega Maribor, popolna zapora zaradi podrtega drevja.<br \/>\n&#8211; Podrto drevo na cesti Brezova-Lo\u010de. Cesta neprevozna.<br \/>\n&#8211; Kraj Brezova &#8211; podrt silos, delno oviran promet.<br \/>\n&#8211; Ravnina pred krajem Zadobrova, steber z elektri\u010dno napeljavo visi na cesto.<\/del><br \/>\n<del datetime=\"2023-07-13T04:06:15+00:00\">&#8211; Dravograd-Slovenj Gradec, pri Slovenj Gradcu.<br \/>\n&#8211; Dravograd-Maribor, pri Zgornjem Kozjem Vrhu.<\/del><\/p>\n","protected":false},"excerpt":{"rendered":"<p>Neurja na \u0160tajerskem so se razbesnela v sredo zve\u010der in do \u010detrtkovega jutra povzro\u010dila kar nekaj nev\u0161e\u010dnosti. Med drugim je bilo zaradi podrtega drevja zaprtih kar nekaj cest. Spodaj preverite, katere ceste so bile zaprte. Aktualizirano ob [08:20]. Popolne in delne zapore cest zaradi neurja: &#8211; Dravograd-Bukovje-Trobnje. &#8211; Slovenj Gradec-Pungart. &#8211; Kotlje &#8211; Slovenj Gradec. [&hellip;]<\/p>\n","protected":false},"author":10,"featured_media":164888,"comment_status":"closed","ping_status":"closed","sticky":false,"template":"","format":"standard","meta":{"footnotes":""},"categories":[14,142,17,15,141,3108,693,12],"tags":[603,18285],"class_list":{"0":"post-164887","1":"post","2":"type-post","3":"status-publish","4":"format-standard","5":"has-post-thumbnail","7":"category-aktualno","8":"category-celjan","9":"category-celjsko","10":"category-druzabno","11":"category-novice","12":"category-radio-rogla","13":"category-sentjurske-novice","14":"category-stajerska-danes","15":"tag-neurje","16":"tag-neurje-na-stajerskem"},"yoast_head":"<!-- This site is optimized with the Yoast SEO plugin v27.4 - https:\/\/yoast.com\/product\/yoast-seo-wordpress\/ -->\n<title>Neurja na \u0160tajerskem kriva za zaprte ceste - Novice.si<\/title>\n<meta name=\"robots\" content=\"index, follow, max-snippet:-1, max-image-preview:large, max-video-preview:-1\" \/>\n<link rel=\"canonical\" href=\"https:\/\/novice.si\/page\/neurja-na-stajerskem-kriva-za-zaprte-ceste\/\" \/>\n<meta property=\"og:locale\" content=\"sl_SI\" \/>\n<meta property=\"og:type\" content=\"article\" \/>\n<meta property=\"og:title\" content=\"Neurja na \u0160tajerskem kriva za zaprte ceste - Novice.si\" \/>\n<meta property=\"og:description\" content=\"Neurja na \u0160tajerskem so se razbesnela v sredo zve\u010der in do \u010detrtkovega jutra povzro\u010dila kar nekaj nev\u0161e\u010dnosti. Med drugim je bilo zaradi podrtega drevja zaprtih kar nekaj cest. Spodaj preverite, katere ceste so bile zaprte. Aktualizirano ob [08:20]. Popolne in delne zapore cest zaradi neurja: &#8211; Dravograd-Bukovje-Trobnje. &#8211; Slovenj Gradec-Pungart. &#8211; Kotlje &#8211; Slovenj Gradec. [&hellip;]\" \/>\n<meta property=\"og:url\" content=\"https:\/\/novice.si\/page\/neurja-na-stajerskem-kriva-za-zaprte-ceste\/\" \/>\n<meta property=\"og:site_name\" content=\"Novice.si\" \/>\n<meta property=\"article:published_time\" content=\"2023-07-13T04:04:31+00:00\" \/>\n<meta property=\"article:modified_time\" content=\"2023-07-13T06:20:17+00:00\" \/>\n<meta property=\"og:image\" content=\"https:\/\/novice.si\/page\/wp-content\/uploads\/2023\/07\/20230713_055037.jpg\" \/>\n\t<meta property=\"og:image:width\" content=\"1900\" \/>\n\t<meta property=\"og:image:height\" content=\"1069\" \/>\n\t<meta property=\"og:image:type\" content=\"image\/jpeg\" \/>\n<meta name=\"author\" content=\"Iztok Krajnc\" \/>\n<meta name=\"twitter:card\" content=\"summary_large_image\" \/>\n<meta name=\"twitter:label1\" content=\"Written by\" \/>\n\t<meta name=\"twitter:data1\" content=\"Iztok Krajnc\" \/>\n\t<meta name=\"twitter:label2\" content=\"Est. reading time\" \/>\n\t<meta name=\"twitter:data2\" content=\"1 minuta\" \/>\n<script type=\"application\/ld+json\" class=\"yoast-schema-graph\">{\"@context\":\"https:\\\/\\\/schema.org\",\"@graph\":[{\"@type\":\"Article\",\"@id\":\"https:\\\/\\\/novice.si\\\/page\\\/neurja-na-stajerskem-kriva-za-zaprte-ceste\\\/#article\",\"isPartOf\":{\"@id\":\"https:\\\/\\\/novice.si\\\/page\\\/neurja-na-stajerskem-kriva-za-zaprte-ceste\\\/\"},\"author\":{\"name\":\"Iztok Krajnc\",\"@id\":\"https:\\\/\\\/novice.si\\\/page\\\/#\\\/schema\\\/person\\\/92fda8564875f655675c886e4df22216\"},\"headline\":\"Neurja na \u0160tajerskem kriva za zaprte ceste\",\"datePublished\":\"2023-07-13T04:04:31+00:00\",\"dateModified\":\"2023-07-13T06:20:17+00:00\",\"mainEntityOfPage\":{\"@id\":\"https:\\\/\\\/novice.si\\\/page\\\/neurja-na-stajerskem-kriva-za-zaprte-ceste\\\/\"},\"wordCount\":118,\"publisher\":{\"@id\":\"https:\\\/\\\/novice.si\\\/page\\\/#organization\"},\"image\":{\"@id\":\"https:\\\/\\\/novice.si\\\/page\\\/neurja-na-stajerskem-kriva-za-zaprte-ceste\\\/#primaryimage\"},\"thumbnailUrl\":\"https:\\\/\\\/novice.si\\\/page\\\/wp-content\\\/uploads\\\/2023\\\/07\\\/20230713_055037.jpg\",\"keywords\":[\"neurje\",\"neurje na \u0161tajerskem\"],\"articleSection\":[\"Aktualno\",\"Celjan\",\"Celjsko\",\"Dru\u017eabno\",\"Novice\",\"Radio Rogla\",\"\u0160entjurske Novice\",\"\u0160tajerska danes\"],\"inLanguage\":\"sl-SI\"},{\"@type\":\"WebPage\",\"@id\":\"https:\\\/\\\/novice.si\\\/page\\\/neurja-na-stajerskem-kriva-za-zaprte-ceste\\\/\",\"url\":\"https:\\\/\\\/novice.si\\\/page\\\/neurja-na-stajerskem-kriva-za-zaprte-ceste\\\/\",\"name\":\"Neurja na \u0160tajerskem kriva za zaprte ceste - Novice.si\",\"isPartOf\":{\"@id\":\"https:\\\/\\\/novice.si\\\/page\\\/#website\"},\"primaryImageOfPage\":{\"@id\":\"https:\\\/\\\/novice.si\\\/page\\\/neurja-na-stajerskem-kriva-za-zaprte-ceste\\\/#primaryimage\"},\"image\":{\"@id\":\"https:\\\/\\\/novice.si\\\/page\\\/neurja-na-stajerskem-kriva-za-zaprte-ceste\\\/#primaryimage\"},\"thumbnailUrl\":\"https:\\\/\\\/novice.si\\\/page\\\/wp-content\\\/uploads\\\/2023\\\/07\\\/20230713_055037.jpg\",\"datePublished\":\"2023-07-13T04:04:31+00:00\",\"dateModified\":\"2023-07-13T06:20:17+00:00\",\"breadcrumb\":{\"@id\":\"https:\\\/\\\/novice.si\\\/page\\\/neurja-na-stajerskem-kriva-za-zaprte-ceste\\\/#breadcrumb\"},\"inLanguage\":\"sl-SI\",\"potentialAction\":[{\"@type\":\"ReadAction\",\"target\":[\"https:\\\/\\\/novice.si\\\/page\\\/neurja-na-stajerskem-kriva-za-zaprte-ceste\\\/\"]}]},{\"@type\":\"ImageObject\",\"inLanguage\":\"sl-SI\",\"@id\":\"https:\\\/\\\/novice.si\\\/page\\\/neurja-na-stajerskem-kriva-za-zaprte-ceste\\\/#primaryimage\",\"url\":\"https:\\\/\\\/novice.si\\\/page\\\/wp-content\\\/uploads\\\/2023\\\/07\\\/20230713_055037.jpg\",\"contentUrl\":\"https:\\\/\\\/novice.si\\\/page\\\/wp-content\\\/uploads\\\/2023\\\/07\\\/20230713_055037.jpg\",\"width\":1900,\"height\":1069},{\"@type\":\"BreadcrumbList\",\"@id\":\"https:\\\/\\\/novice.si\\\/page\\\/neurja-na-stajerskem-kriva-za-zaprte-ceste\\\/#breadcrumb\",\"itemListElement\":[{\"@type\":\"ListItem\",\"position\":1,\"name\":\"Home\",\"item\":\"https:\\\/\\\/novice.si\\\/page\\\/\"},{\"@type\":\"ListItem\",\"position\":2,\"name\":\"Neurja na \u0160tajerskem kriva za zaprte ceste\"}]},{\"@type\":\"WebSite\",\"@id\":\"https:\\\/\\\/novice.si\\\/page\\\/#website\",\"url\":\"https:\\\/\\\/novice.si\\\/page\\\/\",\"name\":\"Novice.si\",\"description\":\"\",\"publisher\":{\"@id\":\"https:\\\/\\\/novice.si\\\/page\\\/#organization\"},\"potentialAction\":[{\"@type\":\"SearchAction\",\"target\":{\"@type\":\"EntryPoint\",\"urlTemplate\":\"https:\\\/\\\/novice.si\\\/page\\\/?s={search_term_string}\"},\"query-input\":{\"@type\":\"PropertyValueSpecification\",\"valueRequired\":true,\"valueName\":\"search_term_string\"}}],\"inLanguage\":\"sl-SI\"},{\"@type\":\"Organization\",\"@id\":\"https:\\\/\\\/novice.si\\\/page\\\/#organization\",\"name\":\"Novice.si\",\"url\":\"https:\\\/\\\/novice.si\\\/page\\\/\",\"logo\":{\"@type\":\"ImageObject\",\"inLanguage\":\"sl-SI\",\"@id\":\"https:\\\/\\\/novice.si\\\/page\\\/#\\\/schema\\\/logo\\\/image\\\/\",\"url\":\"https:\\\/\\\/novice.si\\\/page\\\/wp-content\\\/uploads\\\/2023\\\/03\\\/novice_si.png\",\"contentUrl\":\"https:\\\/\\\/novice.si\\\/page\\\/wp-content\\\/uploads\\\/2023\\\/03\\\/novice_si.png\",\"width\":576,\"height\":200,\"caption\":\"Novice.si\"},\"image\":{\"@id\":\"https:\\\/\\\/novice.si\\\/page\\\/#\\\/schema\\\/logo\\\/image\\\/\"}},{\"@type\":\"Person\",\"@id\":\"https:\\\/\\\/novice.si\\\/page\\\/#\\\/schema\\\/person\\\/92fda8564875f655675c886e4df22216\",\"name\":\"Iztok Krajnc\",\"image\":{\"@type\":\"ImageObject\",\"inLanguage\":\"sl-SI\",\"@id\":\"https:\\\/\\\/secure.gravatar.com\\\/avatar\\\/2790ff125f883a5a9cb934a574322d28ea850f8f4494d77b487c1950e0096015?s=96&d=mm&r=g\",\"url\":\"https:\\\/\\\/secure.gravatar.com\\\/avatar\\\/2790ff125f883a5a9cb934a574322d28ea850f8f4494d77b487c1950e0096015?s=96&d=mm&r=g\",\"contentUrl\":\"https:\\\/\\\/secure.gravatar.com\\\/avatar\\\/2790ff125f883a5a9cb934a574322d28ea850f8f4494d77b487c1950e0096015?s=96&d=mm&r=g\",\"caption\":\"Iztok Krajnc\"},\"url\":\"https:\\\/\\\/novice.si\\\/page\\\/author\\\/iztok\\\/\"}]}<\/script>\n<!-- \/ Yoast SEO plugin. -->","yoast_head_json":{"title":"Neurja na \u0160tajerskem kriva za zaprte ceste - Novice.si","robots":{"index":"index","follow":"follow","max-snippet":"max-snippet:-1","max-image-preview":"max-image-preview:large","max-video-preview":"max-video-preview:-1"},"canonical":"https:\/\/novice.si\/page\/neurja-na-stajerskem-kriva-za-zaprte-ceste\/","og_locale":"sl_SI","og_type":"article","og_title":"Neurja na \u0160tajerskem kriva za zaprte ceste - Novice.si","og_description":"Neurja na \u0160tajerskem so se razbesnela v sredo zve\u010der in do \u010detrtkovega jutra povzro\u010dila kar nekaj nev\u0161e\u010dnosti. Med drugim je bilo zaradi podrtega drevja zaprtih kar nekaj cest. Spodaj preverite, katere ceste so bile zaprte. Aktualizirano ob [08:20]. Popolne in delne zapore cest zaradi neurja: &#8211; Dravograd-Bukovje-Trobnje. &#8211; Slovenj Gradec-Pungart. &#8211; Kotlje &#8211; Slovenj Gradec. [&hellip;]","og_url":"https:\/\/novice.si\/page\/neurja-na-stajerskem-kriva-za-zaprte-ceste\/","og_site_name":"Novice.si","article_published_time":"2023-07-13T04:04:31+00:00","article_modified_time":"2023-07-13T06:20:17+00:00","og_image":[{"width":1900,"height":1069,"url":"https:\/\/novice.si\/page\/wp-content\/uploads\/2023\/07\/20230713_055037.jpg","type":"image\/jpeg"}],"author":"Iztok Krajnc","twitter_card":"summary_large_image","twitter_misc":{"Written by":"Iztok Krajnc","Est. reading time":"1 minuta"},"schema":{"@context":"https:\/\/schema.org","@graph":[{"@type":"Article","@id":"https:\/\/novice.si\/page\/neurja-na-stajerskem-kriva-za-zaprte-ceste\/#article","isPartOf":{"@id":"https:\/\/novice.si\/page\/neurja-na-stajerskem-kriva-za-zaprte-ceste\/"},"author":{"name":"Iztok Krajnc","@id":"https:\/\/novice.si\/page\/#\/schema\/person\/92fda8564875f655675c886e4df22216"},"headline":"Neurja na \u0160tajerskem kriva za zaprte ceste","datePublished":"2023-07-13T04:04:31+00:00","dateModified":"2023-07-13T06:20:17+00:00","mainEntityOfPage":{"@id":"https:\/\/novice.si\/page\/neurja-na-stajerskem-kriva-za-zaprte-ceste\/"},"wordCount":118,"publisher":{"@id":"https:\/\/novice.si\/page\/#organization"},"image":{"@id":"https:\/\/novice.si\/page\/neurja-na-stajerskem-kriva-za-zaprte-ceste\/#primaryimage"},"thumbnailUrl":"https:\/\/novice.si\/page\/wp-content\/uploads\/2023\/07\/20230713_055037.jpg","keywords":["neurje","neurje na \u0161tajerskem"],"articleSection":["Aktualno","Celjan","Celjsko","Dru\u017eabno","Novice","Radio Rogla","\u0160entjurske Novice","\u0160tajerska danes"],"inLanguage":"sl-SI"},{"@type":"WebPage","@id":"https:\/\/novice.si\/page\/neurja-na-stajerskem-kriva-za-zaprte-ceste\/","url":"https:\/\/novice.si\/page\/neurja-na-stajerskem-kriva-za-zaprte-ceste\/","name":"Neurja na \u0160tajerskem kriva za zaprte ceste - Novice.si","isPartOf":{"@id":"https:\/\/novice.si\/page\/#website"},"primaryImageOfPage":{"@id":"https:\/\/novice.si\/page\/neurja-na-stajerskem-kriva-za-zaprte-ceste\/#primaryimage"},"image":{"@id":"https:\/\/novice.si\/page\/neurja-na-stajerskem-kriva-za-zaprte-ceste\/#primaryimage"},"thumbnailUrl":"https:\/\/novice.si\/page\/wp-content\/uploads\/2023\/07\/20230713_055037.jpg","datePublished":"2023-07-13T04:04:31+00:00","dateModified":"2023-07-13T06:20:17+00:00","breadcrumb":{"@id":"https:\/\/novice.si\/page\/neurja-na-stajerskem-kriva-za-zaprte-ceste\/#breadcrumb"},"inLanguage":"sl-SI","potentialAction":[{"@type":"ReadAction","target":["https:\/\/novice.si\/page\/neurja-na-stajerskem-kriva-za-zaprte-ceste\/"]}]},{"@type":"ImageObject","inLanguage":"sl-SI","@id":"https:\/\/novice.si\/page\/neurja-na-stajerskem-kriva-za-zaprte-ceste\/#primaryimage","url":"https:\/\/novice.si\/page\/wp-content\/uploads\/2023\/07\/20230713_055037.jpg","contentUrl":"https:\/\/novice.si\/page\/wp-content\/uploads\/2023\/07\/20230713_055037.jpg","width":1900,"height":1069},{"@type":"BreadcrumbList","@id":"https:\/\/novice.si\/page\/neurja-na-stajerskem-kriva-za-zaprte-ceste\/#breadcrumb","itemListElement":[{"@type":"ListItem","position":1,"name":"Home","item":"https:\/\/novice.si\/page\/"},{"@type":"ListItem","position":2,"name":"Neurja na \u0160tajerskem kriva za zaprte ceste"}]},{"@type":"WebSite","@id":"https:\/\/novice.si\/page\/#website","url":"https:\/\/novice.si\/page\/","name":"Novice.si","description":"","publisher":{"@id":"https:\/\/novice.si\/page\/#organization"},"potentialAction":[{"@type":"SearchAction","target":{"@type":"EntryPoint","urlTemplate":"https:\/\/novice.si\/page\/?s={search_term_string}"},"query-input":{"@type":"PropertyValueSpecification","valueRequired":true,"valueName":"search_term_string"}}],"inLanguage":"sl-SI"},{"@type":"Organization","@id":"https:\/\/novice.si\/page\/#organization","name":"Novice.si","url":"https:\/\/novice.si\/page\/","logo":{"@type":"ImageObject","inLanguage":"sl-SI","@id":"https:\/\/novice.si\/page\/#\/schema\/logo\/image\/","url":"https:\/\/novice.si\/page\/wp-content\/uploads\/2023\/03\/novice_si.png","contentUrl":"https:\/\/novice.si\/page\/wp-content\/uploads\/2023\/03\/novice_si.png","width":576,"height":200,"caption":"Novice.si"},"image":{"@id":"https:\/\/novice.si\/page\/#\/schema\/logo\/image\/"}},{"@type":"Person","@id":"https:\/\/novice.si\/page\/#\/schema\/person\/92fda8564875f655675c886e4df22216","name":"Iztok Krajnc","image":{"@type":"ImageObject","inLanguage":"sl-SI","@id":"https:\/\/secure.gravatar.com\/avatar\/2790ff125f883a5a9cb934a574322d28ea850f8f4494d77b487c1950e0096015?s=96&d=mm&r=g","url":"https:\/\/secure.gravatar.com\/avatar\/2790ff125f883a5a9cb934a574322d28ea850f8f4494d77b487c1950e0096015?s=96&d=mm&r=g","contentUrl":"https:\/\/secure.gravatar.com\/avatar\/2790ff125f883a5a9cb934a574322d28ea850f8f4494d77b487c1950e0096015?s=96&d=mm&r=g","caption":"Iztok Krajnc"},"url":"https:\/\/novice.si\/page\/author\/iztok\/"}]}},"_links":{"self":[{"href":"https:\/\/novice.si\/page\/wp-json\/wp\/v2\/posts\/164887","targetHints":{"allow":["GET"]}}],"collection":[{"href":"https:\/\/novice.si\/page\/wp-json\/wp\/v2\/posts"}],"about":[{"href":"https:\/\/novice.si\/page\/wp-json\/wp\/v2\/types\/post"}],"author":[{"embeddable":true,"href":"https:\/\/novice.si\/page\/wp-json\/wp\/v2\/users\/10"}],"replies":[{"embeddable":true,"href":"https:\/\/novice.si\/page\/wp-json\/wp\/v2\/comments?post=164887"}],"version-history":[{"count":8,"href":"https:\/\/novice.si\/page\/wp-json\/wp\/v2\/posts\/164887\/revisions"}],"predecessor-version":[{"id":164899,"href":"https:\/\/novice.si\/page\/wp-json\/wp\/v2\/posts\/164887\/revisions\/164899"}],"wp:featuredmedia":[{"embeddable":true,"href":"https:\/\/novice.si\/page\/wp-json\/wp\/v2\/media\/164888"}],"wp:attachment":[{"href":"https:\/\/novice.si\/page\/wp-json\/wp\/v2\/media?parent=164887"}],"wp:term":[{"taxonomy":"category","embeddable":true,"href":"https:\/\/novice.si\/page\/wp-json\/wp\/v2\/categories?post=164887"},{"taxonomy":"post_tag","embeddable":true,"href":"https:\/\/novice.si\/page\/wp-json\/wp\/v2\/tags?post=164887"}],"curies":[{"name":"wp","href":"https:\/\/api.w.org\/{rel}","templated":true}]}}