{"id":164880,"date":"2023-07-11T13:21:55","date_gmt":"2023-07-11T11:21:55","guid":{"rendered":"https:\/\/novice.si\/page\/?p=164880"},"modified":"2023-07-11T13:22:12","modified_gmt":"2023-07-11T11:22:12","slug":"z-dikaucicevimi-posli-nakupa-stavbe-v-celju-se-bo-ukvarjala-policija","status":"publish","type":"post","link":"https:\/\/novice.si\/page\/z-dikaucicevimi-posli-nakupa-stavbe-v-celju-se-bo-ukvarjala-policija\/","title":{"rendered":"Z Dikau\u010di\u010devimi posli nakupa stavbe v Celju se bo ukvarjala Policija"},"content":{"rendered":"<p>Komisija za prepre\u010devanje korupcije je zaklju\u010dila postopek v zvezi s sumom nepravilnosti pri nakupu poslovnih prostorov ministrstva za pravosodje v Celju. Stikov, ki bi kazali na uresni\u010devanje ali zasledovanje zasebnega interesa uradne osebe oz. na konkretne okoli\u0161\u010dine nasprotja interesov, ni ugotovila. Zadevo pa je odstopila policiji.<br \/>\nKomisija je postopek uvedla na podlagi prijave, ki jo je prijela oktobra lani. Iz prijave je izhajalo, da je ministrstvo za pravosodje v mandatu tedanjega ministra za pravosodje Marjana Dikau\u010di\u010da z dru\u017ebo Ansitra za\u010delo postopek nakupa poslovnih prostorov. Z nastopom nove vlade junija 2022 so postopek za\u010dasno ustavili z namenom izvedbe izredne notranje revizije.<br \/>\nSlednja pa je, kot navajajo v KPK, v zaklju\u010dnem poro\u010dilu konec septembra 2022 ugotovila dolo\u010dene neustreznosti, nepravilnosti in\/ali pomanjkljivosti oz. tveganja, ki vplivajo na uspe\u0161nost in u\u010dinkovitost izvajanja postopkov pri pridobivanju nepremi\u010dnega premo\u017eenja. Hkrati iz prijave izhaja tudi medijsko poro\u010danje, da je Marjan Dikau\u010di\u010d po prenehanju mandata 3. oktobra 2022 prevzel funkcijo direktorja, s pooblastilom za zastopanje, v podjetju VOC Celje, ki je povezano s podjetjem Ansitra.<br \/>\n&#8220;Komisija povezave oz. kakr\u0161nih koli osebnih, poslovnih ali politi\u010dnih stikov, ki bi lahko nakazovali na uresni\u010devanje ali zasledovanje zasebnega interesa uradne osebe oz. na konkretne okoli\u0161\u010dine nasprotja interesov med zaposlitvijo in razpisom za nakup poslovnih prostorov, v konkretnem primeru ni potrdila,&#8221; so danes \u0161e sporo\u010dili iz KPK. Kot so dodali, pa so &#8220;z namenom prou\u010ditve primera z vidika pristojnosti drugega organa&#8221; zadevo odstopili policiji. (STA)<\/p>\n","protected":false},"excerpt":{"rendered":"<p>Komisija za prepre\u010devanje korupcije je zaklju\u010dila postopek v zvezi s sumom nepravilnosti pri nakupu poslovnih prostorov ministrstva za pravosodje v Celju. Stikov, ki bi kazali na uresni\u010devanje ali zasledovanje zasebnega interesa uradne osebe oz. na konkretne okoli\u0161\u010dine nasprotja interesov, ni ugotovila. Zadevo pa je odstopila policiji. Komisija je postopek uvedla na podlagi prijave, ki jo [&hellip;]<\/p>\n","protected":false},"author":5,"featured_media":164881,"comment_status":"closed","ping_status":"closed","sticky":false,"template":"","format":"standard","meta":{"footnotes":""},"categories":[14,17,29],"tags":[],"class_list":{"0":"post-164880","1":"post","2":"type-post","3":"status-publish","4":"format-standard","5":"has-post-thumbnail","7":"category-aktualno","8":"category-celjsko","9":"category-kronika"},"yoast_head":"<!-- This site is optimized with the Yoast SEO plugin v27.4 - https:\/\/yoast.com\/product\/yoast-seo-wordpress\/ -->\n<title>Z Dikau\u010di\u010devimi posli nakupa stavbe v Celju se bo ukvarjala Policija - Novice.si<\/title>\n<meta name=\"robots\" content=\"index, follow, max-snippet:-1, max-image-preview:large, max-video-preview:-1\" \/>\n<link rel=\"canonical\" href=\"https:\/\/novice.si\/page\/z-dikaucicevimi-posli-nakupa-stavbe-v-celju-se-bo-ukvarjala-policija\/\" \/>\n<meta property=\"og:locale\" content=\"sl_SI\" \/>\n<meta property=\"og:type\" content=\"article\" \/>\n<meta property=\"og:title\" content=\"Z Dikau\u010di\u010devimi posli nakupa stavbe v Celju se bo ukvarjala Policija - Novice.si\" \/>\n<meta property=\"og:description\" content=\"Komisija za prepre\u010devanje korupcije je zaklju\u010dila postopek v zvezi s sumom nepravilnosti pri nakupu poslovnih prostorov ministrstva za pravosodje v Celju. Stikov, ki bi kazali na uresni\u010devanje ali zasledovanje zasebnega interesa uradne osebe oz. na konkretne okoli\u0161\u010dine nasprotja interesov, ni ugotovila. Zadevo pa je odstopila policiji. Komisija je postopek uvedla na podlagi prijave, ki jo [&hellip;]\" \/>\n<meta property=\"og:url\" content=\"https:\/\/novice.si\/page\/z-dikaucicevimi-posli-nakupa-stavbe-v-celju-se-bo-ukvarjala-policija\/\" \/>\n<meta property=\"og:site_name\" content=\"Novice.si\" \/>\n<meta property=\"article:published_time\" content=\"2023-07-11T11:21:55+00:00\" \/>\n<meta property=\"article:modified_time\" content=\"2023-07-11T11:22:12+00:00\" \/>\n<meta property=\"og:image\" content=\"https:\/\/novice.si\/page\/wp-content\/uploads\/2023\/07\/kpk.jpeg\" \/>\n\t<meta property=\"og:image:width\" content=\"1200\" \/>\n\t<meta property=\"og:image:height\" content=\"630\" \/>\n\t<meta property=\"og:image:type\" content=\"image\/jpeg\" \/>\n<meta name=\"author\" content=\"Uredni\u0161tvo Radia Rogla\" \/>\n<meta name=\"twitter:card\" content=\"summary_large_image\" \/>\n<meta name=\"twitter:label1\" content=\"Written by\" \/>\n\t<meta name=\"twitter:data1\" content=\"Uredni\u0161tvo Radia Rogla\" \/>\n\t<meta name=\"twitter:label2\" content=\"Est. reading time\" \/>\n\t<meta name=\"twitter:data2\" content=\"2 minuti\" \/>\n<script type=\"application\/ld+json\" class=\"yoast-schema-graph\">{\"@context\":\"https:\\\/\\\/schema.org\",\"@graph\":[{\"@type\":\"Article\",\"@id\":\"https:\\\/\\\/novice.si\\\/page\\\/z-dikaucicevimi-posli-nakupa-stavbe-v-celju-se-bo-ukvarjala-policija\\\/#article\",\"isPartOf\":{\"@id\":\"https:\\\/\\\/novice.si\\\/page\\\/z-dikaucicevimi-posli-nakupa-stavbe-v-celju-se-bo-ukvarjala-policija\\\/\"},\"author\":{\"name\":\"Uredni\u0161tvo Radia Rogla\",\"@id\":\"https:\\\/\\\/novice.si\\\/page\\\/#\\\/schema\\\/person\\\/25f5278da029e7b6f1e1c5653d7152a6\"},\"headline\":\"Z Dikau\u010di\u010devimi posli nakupa stavbe v Celju se bo ukvarjala Policija\",\"datePublished\":\"2023-07-11T11:21:55+00:00\",\"dateModified\":\"2023-07-11T11:22:12+00:00\",\"mainEntityOfPage\":{\"@id\":\"https:\\\/\\\/novice.si\\\/page\\\/z-dikaucicevimi-posli-nakupa-stavbe-v-celju-se-bo-ukvarjala-policija\\\/\"},\"wordCount\":266,\"publisher\":{\"@id\":\"https:\\\/\\\/novice.si\\\/page\\\/#organization\"},\"image\":{\"@id\":\"https:\\\/\\\/novice.si\\\/page\\\/z-dikaucicevimi-posli-nakupa-stavbe-v-celju-se-bo-ukvarjala-policija\\\/#primaryimage\"},\"thumbnailUrl\":\"https:\\\/\\\/novice.si\\\/page\\\/wp-content\\\/uploads\\\/2023\\\/07\\\/kpk.jpeg\",\"articleSection\":[\"Aktualno\",\"Celjsko\",\"Kronika\"],\"inLanguage\":\"sl-SI\"},{\"@type\":\"WebPage\",\"@id\":\"https:\\\/\\\/novice.si\\\/page\\\/z-dikaucicevimi-posli-nakupa-stavbe-v-celju-se-bo-ukvarjala-policija\\\/\",\"url\":\"https:\\\/\\\/novice.si\\\/page\\\/z-dikaucicevimi-posli-nakupa-stavbe-v-celju-se-bo-ukvarjala-policija\\\/\",\"name\":\"Z Dikau\u010di\u010devimi posli nakupa stavbe v Celju se bo ukvarjala Policija - Novice.si\",\"isPartOf\":{\"@id\":\"https:\\\/\\\/novice.si\\\/page\\\/#website\"},\"primaryImageOfPage\":{\"@id\":\"https:\\\/\\\/novice.si\\\/page\\\/z-dikaucicevimi-posli-nakupa-stavbe-v-celju-se-bo-ukvarjala-policija\\\/#primaryimage\"},\"image\":{\"@id\":\"https:\\\/\\\/novice.si\\\/page\\\/z-dikaucicevimi-posli-nakupa-stavbe-v-celju-se-bo-ukvarjala-policija\\\/#primaryimage\"},\"thumbnailUrl\":\"https:\\\/\\\/novice.si\\\/page\\\/wp-content\\\/uploads\\\/2023\\\/07\\\/kpk.jpeg\",\"datePublished\":\"2023-07-11T11:21:55+00:00\",\"dateModified\":\"2023-07-11T11:22:12+00:00\",\"breadcrumb\":{\"@id\":\"https:\\\/\\\/novice.si\\\/page\\\/z-dikaucicevimi-posli-nakupa-stavbe-v-celju-se-bo-ukvarjala-policija\\\/#breadcrumb\"},\"inLanguage\":\"sl-SI\",\"potentialAction\":[{\"@type\":\"ReadAction\",\"target\":[\"https:\\\/\\\/novice.si\\\/page\\\/z-dikaucicevimi-posli-nakupa-stavbe-v-celju-se-bo-ukvarjala-policija\\\/\"]}]},{\"@type\":\"ImageObject\",\"inLanguage\":\"sl-SI\",\"@id\":\"https:\\\/\\\/novice.si\\\/page\\\/z-dikaucicevimi-posli-nakupa-stavbe-v-celju-se-bo-ukvarjala-policija\\\/#primaryimage\",\"url\":\"https:\\\/\\\/novice.si\\\/page\\\/wp-content\\\/uploads\\\/2023\\\/07\\\/kpk.jpeg\",\"contentUrl\":\"https:\\\/\\\/novice.si\\\/page\\\/wp-content\\\/uploads\\\/2023\\\/07\\\/kpk.jpeg\",\"width\":1200,\"height\":630},{\"@type\":\"BreadcrumbList\",\"@id\":\"https:\\\/\\\/novice.si\\\/page\\\/z-dikaucicevimi-posli-nakupa-stavbe-v-celju-se-bo-ukvarjala-policija\\\/#breadcrumb\",\"itemListElement\":[{\"@type\":\"ListItem\",\"position\":1,\"name\":\"Home\",\"item\":\"https:\\\/\\\/novice.si\\\/page\\\/\"},{\"@type\":\"ListItem\",\"position\":2,\"name\":\"Z Dikau\u010di\u010devimi posli nakupa stavbe v Celju se bo ukvarjala Policija\"}]},{\"@type\":\"WebSite\",\"@id\":\"https:\\\/\\\/novice.si\\\/page\\\/#website\",\"url\":\"https:\\\/\\\/novice.si\\\/page\\\/\",\"name\":\"Novice.si\",\"description\":\"\",\"publisher\":{\"@id\":\"https:\\\/\\\/novice.si\\\/page\\\/#organization\"},\"potentialAction\":[{\"@type\":\"SearchAction\",\"target\":{\"@type\":\"EntryPoint\",\"urlTemplate\":\"https:\\\/\\\/novice.si\\\/page\\\/?s={search_term_string}\"},\"query-input\":{\"@type\":\"PropertyValueSpecification\",\"valueRequired\":true,\"valueName\":\"search_term_string\"}}],\"inLanguage\":\"sl-SI\"},{\"@type\":\"Organization\",\"@id\":\"https:\\\/\\\/novice.si\\\/page\\\/#organization\",\"name\":\"Novice.si\",\"url\":\"https:\\\/\\\/novice.si\\\/page\\\/\",\"logo\":{\"@type\":\"ImageObject\",\"inLanguage\":\"sl-SI\",\"@id\":\"https:\\\/\\\/novice.si\\\/page\\\/#\\\/schema\\\/logo\\\/image\\\/\",\"url\":\"https:\\\/\\\/novice.si\\\/page\\\/wp-content\\\/uploads\\\/2023\\\/03\\\/novice_si.png\",\"contentUrl\":\"https:\\\/\\\/novice.si\\\/page\\\/wp-content\\\/uploads\\\/2023\\\/03\\\/novice_si.png\",\"width\":576,\"height\":200,\"caption\":\"Novice.si\"},\"image\":{\"@id\":\"https:\\\/\\\/novice.si\\\/page\\\/#\\\/schema\\\/logo\\\/image\\\/\"}},{\"@type\":\"Person\",\"@id\":\"https:\\\/\\\/novice.si\\\/page\\\/#\\\/schema\\\/person\\\/25f5278da029e7b6f1e1c5653d7152a6\",\"name\":\"Uredni\u0161tvo Radia Rogla\",\"image\":{\"@type\":\"ImageObject\",\"inLanguage\":\"sl-SI\",\"@id\":\"https:\\\/\\\/secure.gravatar.com\\\/avatar\\\/eade8259eacc27e89cb0948c57c4cbe46b0f16ea634156f167415ac94c5b03e3?s=96&d=mm&r=g\",\"url\":\"https:\\\/\\\/secure.gravatar.com\\\/avatar\\\/eade8259eacc27e89cb0948c57c4cbe46b0f16ea634156f167415ac94c5b03e3?s=96&d=mm&r=g\",\"contentUrl\":\"https:\\\/\\\/secure.gravatar.com\\\/avatar\\\/eade8259eacc27e89cb0948c57c4cbe46b0f16ea634156f167415ac94c5b03e3?s=96&d=mm&r=g\",\"caption\":\"Uredni\u0161tvo Radia Rogla\"},\"url\":\"https:\\\/\\\/novice.si\\\/page\\\/author\\\/valerija\\\/\"}]}<\/script>\n<!-- \/ Yoast SEO plugin. -->","yoast_head_json":{"title":"Z Dikau\u010di\u010devimi posli nakupa stavbe v Celju se bo ukvarjala Policija - Novice.si","robots":{"index":"index","follow":"follow","max-snippet":"max-snippet:-1","max-image-preview":"max-image-preview:large","max-video-preview":"max-video-preview:-1"},"canonical":"https:\/\/novice.si\/page\/z-dikaucicevimi-posli-nakupa-stavbe-v-celju-se-bo-ukvarjala-policija\/","og_locale":"sl_SI","og_type":"article","og_title":"Z Dikau\u010di\u010devimi posli nakupa stavbe v Celju se bo ukvarjala Policija - Novice.si","og_description":"Komisija za prepre\u010devanje korupcije je zaklju\u010dila postopek v zvezi s sumom nepravilnosti pri nakupu poslovnih prostorov ministrstva za pravosodje v Celju. Stikov, ki bi kazali na uresni\u010devanje ali zasledovanje zasebnega interesa uradne osebe oz. na konkretne okoli\u0161\u010dine nasprotja interesov, ni ugotovila. Zadevo pa je odstopila policiji. Komisija je postopek uvedla na podlagi prijave, ki jo [&hellip;]","og_url":"https:\/\/novice.si\/page\/z-dikaucicevimi-posli-nakupa-stavbe-v-celju-se-bo-ukvarjala-policija\/","og_site_name":"Novice.si","article_published_time":"2023-07-11T11:21:55+00:00","article_modified_time":"2023-07-11T11:22:12+00:00","og_image":[{"width":1200,"height":630,"url":"https:\/\/novice.si\/page\/wp-content\/uploads\/2023\/07\/kpk.jpeg","type":"image\/jpeg"}],"author":"Uredni\u0161tvo Radia Rogla","twitter_card":"summary_large_image","twitter_misc":{"Written by":"Uredni\u0161tvo Radia Rogla","Est. reading time":"2 minuti"},"schema":{"@context":"https:\/\/schema.org","@graph":[{"@type":"Article","@id":"https:\/\/novice.si\/page\/z-dikaucicevimi-posli-nakupa-stavbe-v-celju-se-bo-ukvarjala-policija\/#article","isPartOf":{"@id":"https:\/\/novice.si\/page\/z-dikaucicevimi-posli-nakupa-stavbe-v-celju-se-bo-ukvarjala-policija\/"},"author":{"name":"Uredni\u0161tvo Radia Rogla","@id":"https:\/\/novice.si\/page\/#\/schema\/person\/25f5278da029e7b6f1e1c5653d7152a6"},"headline":"Z Dikau\u010di\u010devimi posli nakupa stavbe v Celju se bo ukvarjala Policija","datePublished":"2023-07-11T11:21:55+00:00","dateModified":"2023-07-11T11:22:12+00:00","mainEntityOfPage":{"@id":"https:\/\/novice.si\/page\/z-dikaucicevimi-posli-nakupa-stavbe-v-celju-se-bo-ukvarjala-policija\/"},"wordCount":266,"publisher":{"@id":"https:\/\/novice.si\/page\/#organization"},"image":{"@id":"https:\/\/novice.si\/page\/z-dikaucicevimi-posli-nakupa-stavbe-v-celju-se-bo-ukvarjala-policija\/#primaryimage"},"thumbnailUrl":"https:\/\/novice.si\/page\/wp-content\/uploads\/2023\/07\/kpk.jpeg","articleSection":["Aktualno","Celjsko","Kronika"],"inLanguage":"sl-SI"},{"@type":"WebPage","@id":"https:\/\/novice.si\/page\/z-dikaucicevimi-posli-nakupa-stavbe-v-celju-se-bo-ukvarjala-policija\/","url":"https:\/\/novice.si\/page\/z-dikaucicevimi-posli-nakupa-stavbe-v-celju-se-bo-ukvarjala-policija\/","name":"Z Dikau\u010di\u010devimi posli nakupa stavbe v Celju se bo ukvarjala Policija - Novice.si","isPartOf":{"@id":"https:\/\/novice.si\/page\/#website"},"primaryImageOfPage":{"@id":"https:\/\/novice.si\/page\/z-dikaucicevimi-posli-nakupa-stavbe-v-celju-se-bo-ukvarjala-policija\/#primaryimage"},"image":{"@id":"https:\/\/novice.si\/page\/z-dikaucicevimi-posli-nakupa-stavbe-v-celju-se-bo-ukvarjala-policija\/#primaryimage"},"thumbnailUrl":"https:\/\/novice.si\/page\/wp-content\/uploads\/2023\/07\/kpk.jpeg","datePublished":"2023-07-11T11:21:55+00:00","dateModified":"2023-07-11T11:22:12+00:00","breadcrumb":{"@id":"https:\/\/novice.si\/page\/z-dikaucicevimi-posli-nakupa-stavbe-v-celju-se-bo-ukvarjala-policija\/#breadcrumb"},"inLanguage":"sl-SI","potentialAction":[{"@type":"ReadAction","target":["https:\/\/novice.si\/page\/z-dikaucicevimi-posli-nakupa-stavbe-v-celju-se-bo-ukvarjala-policija\/"]}]},{"@type":"ImageObject","inLanguage":"sl-SI","@id":"https:\/\/novice.si\/page\/z-dikaucicevimi-posli-nakupa-stavbe-v-celju-se-bo-ukvarjala-policija\/#primaryimage","url":"https:\/\/novice.si\/page\/wp-content\/uploads\/2023\/07\/kpk.jpeg","contentUrl":"https:\/\/novice.si\/page\/wp-content\/uploads\/2023\/07\/kpk.jpeg","width":1200,"height":630},{"@type":"BreadcrumbList","@id":"https:\/\/novice.si\/page\/z-dikaucicevimi-posli-nakupa-stavbe-v-celju-se-bo-ukvarjala-policija\/#breadcrumb","itemListElement":[{"@type":"ListItem","position":1,"name":"Home","item":"https:\/\/novice.si\/page\/"},{"@type":"ListItem","position":2,"name":"Z Dikau\u010di\u010devimi posli nakupa stavbe v Celju se bo ukvarjala Policija"}]},{"@type":"WebSite","@id":"https:\/\/novice.si\/page\/#website","url":"https:\/\/novice.si\/page\/","name":"Novice.si","description":"","publisher":{"@id":"https:\/\/novice.si\/page\/#organization"},"potentialAction":[{"@type":"SearchAction","target":{"@type":"EntryPoint","urlTemplate":"https:\/\/novice.si\/page\/?s={search_term_string}"},"query-input":{"@type":"PropertyValueSpecification","valueRequired":true,"valueName":"search_term_string"}}],"inLanguage":"sl-SI"},{"@type":"Organization","@id":"https:\/\/novice.si\/page\/#organization","name":"Novice.si","url":"https:\/\/novice.si\/page\/","logo":{"@type":"ImageObject","inLanguage":"sl-SI","@id":"https:\/\/novice.si\/page\/#\/schema\/logo\/image\/","url":"https:\/\/novice.si\/page\/wp-content\/uploads\/2023\/03\/novice_si.png","contentUrl":"https:\/\/novice.si\/page\/wp-content\/uploads\/2023\/03\/novice_si.png","width":576,"height":200,"caption":"Novice.si"},"image":{"@id":"https:\/\/novice.si\/page\/#\/schema\/logo\/image\/"}},{"@type":"Person","@id":"https:\/\/novice.si\/page\/#\/schema\/person\/25f5278da029e7b6f1e1c5653d7152a6","name":"Uredni\u0161tvo Radia Rogla","image":{"@type":"ImageObject","inLanguage":"sl-SI","@id":"https:\/\/secure.gravatar.com\/avatar\/eade8259eacc27e89cb0948c57c4cbe46b0f16ea634156f167415ac94c5b03e3?s=96&d=mm&r=g","url":"https:\/\/secure.gravatar.com\/avatar\/eade8259eacc27e89cb0948c57c4cbe46b0f16ea634156f167415ac94c5b03e3?s=96&d=mm&r=g","contentUrl":"https:\/\/secure.gravatar.com\/avatar\/eade8259eacc27e89cb0948c57c4cbe46b0f16ea634156f167415ac94c5b03e3?s=96&d=mm&r=g","caption":"Uredni\u0161tvo Radia Rogla"},"url":"https:\/\/novice.si\/page\/author\/valerija\/"}]}},"_links":{"self":[{"href":"https:\/\/novice.si\/page\/wp-json\/wp\/v2\/posts\/164880","targetHints":{"allow":["GET"]}}],"collection":[{"href":"https:\/\/novice.si\/page\/wp-json\/wp\/v2\/posts"}],"about":[{"href":"https:\/\/novice.si\/page\/wp-json\/wp\/v2\/types\/post"}],"author":[{"embeddable":true,"href":"https:\/\/novice.si\/page\/wp-json\/wp\/v2\/users\/5"}],"replies":[{"embeddable":true,"href":"https:\/\/novice.si\/page\/wp-json\/wp\/v2\/comments?post=164880"}],"version-history":[{"count":2,"href":"https:\/\/novice.si\/page\/wp-json\/wp\/v2\/posts\/164880\/revisions"}],"predecessor-version":[{"id":164883,"href":"https:\/\/novice.si\/page\/wp-json\/wp\/v2\/posts\/164880\/revisions\/164883"}],"wp:featuredmedia":[{"embeddable":true,"href":"https:\/\/novice.si\/page\/wp-json\/wp\/v2\/media\/164881"}],"wp:attachment":[{"href":"https:\/\/novice.si\/page\/wp-json\/wp\/v2\/media?parent=164880"}],"wp:term":[{"taxonomy":"category","embeddable":true,"href":"https:\/\/novice.si\/page\/wp-json\/wp\/v2\/categories?post=164880"},{"taxonomy":"post_tag","embeddable":true,"href":"https:\/\/novice.si\/page\/wp-json\/wp\/v2\/tags?post=164880"}],"curies":[{"name":"wp","href":"https:\/\/api.w.org\/{rel}","templated":true}]}}