{"id":164833,"date":"2023-07-10T08:20:21","date_gmt":"2023-07-10T06:20:21","guid":{"rendered":"https:\/\/novice.si\/page\/?p=164833"},"modified":"2023-07-10T08:20:21","modified_gmt":"2023-07-10T06:20:21","slug":"sentjur-berglezova-na-celu-obcinske-uprave","status":"publish","type":"post","link":"https:\/\/novice.si\/page\/sentjur-berglezova-na-celu-obcinske-uprave\/","title":{"rendered":"\u0160ENTJUR Berglezova na \u010delu ob\u010dinske uprave"},"content":{"rendered":"<p><img loading=\"lazy\" decoding=\"async\" class=\"wp-image-164835 alignleft\" src=\"https:\/\/novice.si\/page\/wp-content\/uploads\/2023\/07\/Berglez-Diaci-Kozelj-3-588x600.jpg\" alt=\"\" width=\"228\" height=\"233\" srcset=\"https:\/\/novice.si\/page\/wp-content\/uploads\/2023\/07\/Berglez-Diaci-Kozelj-3-588x600.jpg 588w, https:\/\/novice.si\/page\/wp-content\/uploads\/2023\/07\/Berglez-Diaci-Kozelj-3-1004x1024.jpg 1004w, https:\/\/novice.si\/page\/wp-content\/uploads\/2023\/07\/Berglez-Diaci-Kozelj-3-768x783.jpg 768w, https:\/\/novice.si\/page\/wp-content\/uploads\/2023\/07\/Berglez-Diaci-Kozelj-3-1506x1536.jpg 1506w, https:\/\/novice.si\/page\/wp-content\/uploads\/2023\/07\/Berglez-Diaci-Kozelj-3-2008x2048.jpg 2008w, https:\/\/novice.si\/page\/wp-content\/uploads\/2023\/07\/Berglez-Diaci-Kozelj-3-356x364.jpg 356w, https:\/\/novice.si\/page\/wp-content\/uploads\/2023\/07\/Berglez-Diaci-Kozelj-3-696x710.jpg 696w, https:\/\/novice.si\/page\/wp-content\/uploads\/2023\/07\/Berglez-Diaci-Kozelj-3-1068x1089.jpg 1068w, https:\/\/novice.si\/page\/wp-content\/uploads\/2023\/07\/Berglez-Diaci-Kozelj-3-412x420.jpg 412w, https:\/\/novice.si\/page\/wp-content\/uploads\/2023\/07\/Berglez-Diaci-Kozelj-3-24x24.jpg 24w, https:\/\/novice.si\/page\/wp-content\/uploads\/2023\/07\/Berglez-Diaci-Kozelj-3-36x36.jpg 36w, https:\/\/novice.si\/page\/wp-content\/uploads\/2023\/07\/Berglez-Diaci-Kozelj-3-48x48.jpg 48w\" sizes=\"auto, (max-width: 228px) 100vw, 228px\" \/>S tem mesecem je vodenje \u0161entjurske ob\u010dinske uprave prevzela <strong>Mateja Berglez <\/strong>(na sliki ob \u017eupanu <strong>Marku Diaciju<\/strong>).<\/p>\n<p>Njen predhodnik <strong>Jo\u017ee Pal\u010dnik<\/strong>, ki je ob\u010dinski upravi na\u010deloval dve desetletji, se je upokojil.<\/p>\n<p>Berglezova je na ob\u010dini pred tem opravljala naloge vodje oddelka za gospodarske dejavnosti.<\/p>\n<p>P\u0160<\/p>\n","protected":false},"excerpt":{"rendered":"<p>S tem mesecem je vodenje \u0161entjurske ob\u010dinske uprave prevzela Mateja Berglez (na sliki ob \u017eupanu Marku Diaciju). Njen predhodnik Jo\u017ee Pal\u010dnik, ki je ob\u010dinski upravi na\u010deloval dve desetletji, se je upokojil. Berglezova je na ob\u010dini pred tem opravljala naloge vodje oddelka za gospodarske dejavnosti. P\u0160<\/p>\n","protected":false},"author":33,"featured_media":164834,"comment_status":"closed","ping_status":"closed","sticky":false,"template":"","format":"standard","meta":{"footnotes":""},"categories":[57],"tags":[18262,18260,18261,18263],"class_list":{"0":"post-164833","1":"post","2":"type-post","3":"status-publish","4":"format-standard","5":"has-post-thumbnail","7":"category-sentjursko","8":"tag-joze-palcnik","9":"tag-mateja-berglez","10":"tag-obcinska-uprava-sentjur","11":"tag-oddelek-za-gospodarske-dejavnosti"},"yoast_head":"<!-- This site is optimized with the Yoast SEO plugin v27.4 - https:\/\/yoast.com\/product\/yoast-seo-wordpress\/ -->\n<title>\u0160ENTJUR Berglezova na \u010delu ob\u010dinske uprave - Novice.si<\/title>\n<meta name=\"robots\" content=\"index, follow, max-snippet:-1, max-image-preview:large, max-video-preview:-1\" \/>\n<link rel=\"canonical\" href=\"https:\/\/novice.si\/page\/sentjur-berglezova-na-celu-obcinske-uprave\/\" \/>\n<meta property=\"og:locale\" content=\"sl_SI\" \/>\n<meta property=\"og:type\" content=\"article\" \/>\n<meta property=\"og:title\" content=\"\u0160ENTJUR Berglezova na \u010delu ob\u010dinske uprave - Novice.si\" \/>\n<meta property=\"og:description\" content=\"S tem mesecem je vodenje \u0161entjurske ob\u010dinske uprave prevzela Mateja Berglez (na sliki ob \u017eupanu Marku Diaciju). Njen predhodnik Jo\u017ee Pal\u010dnik, ki je ob\u010dinski upravi na\u010deloval dve desetletji, se je upokojil. Berglezova je na ob\u010dini pred tem opravljala naloge vodje oddelka za gospodarske dejavnosti. P\u0160\" \/>\n<meta property=\"og:url\" content=\"https:\/\/novice.si\/page\/sentjur-berglezova-na-celu-obcinske-uprave\/\" \/>\n<meta property=\"og:site_name\" content=\"Novice.si\" \/>\n<meta property=\"article:published_time\" content=\"2023-07-10T06:20:21+00:00\" \/>\n<meta property=\"og:image\" content=\"https:\/\/novice.si\/page\/wp-content\/uploads\/2023\/07\/Mateja-Berglez-scaled.jpg\" \/>\n\t<meta property=\"og:image:width\" content=\"2320\" \/>\n\t<meta property=\"og:image:height\" content=\"2560\" \/>\n\t<meta property=\"og:image:type\" content=\"image\/jpeg\" \/>\n<meta name=\"author\" content=\"Uredni\u0161tvo Celjana\" \/>\n<meta name=\"twitter:card\" content=\"summary_large_image\" \/>\n<meta name=\"twitter:label1\" content=\"Written by\" \/>\n\t<meta name=\"twitter:data1\" content=\"Uredni\u0161tvo Celjana\" \/>\n\t<meta name=\"twitter:label2\" content=\"Est. reading time\" \/>\n\t<meta name=\"twitter:data2\" content=\"1 minuta\" \/>\n<script type=\"application\/ld+json\" class=\"yoast-schema-graph\">{\"@context\":\"https:\\\/\\\/schema.org\",\"@graph\":[{\"@type\":\"Article\",\"@id\":\"https:\\\/\\\/novice.si\\\/page\\\/sentjur-berglezova-na-celu-obcinske-uprave\\\/#article\",\"isPartOf\":{\"@id\":\"https:\\\/\\\/novice.si\\\/page\\\/sentjur-berglezova-na-celu-obcinske-uprave\\\/\"},\"author\":{\"name\":\"Uredni\u0161tvo Celjana\",\"@id\":\"https:\\\/\\\/novice.si\\\/page\\\/#\\\/schema\\\/person\\\/57f25c9642a9541c7349c65d32032c3e\"},\"headline\":\"\u0160ENTJUR Berglezova na \u010delu ob\u010dinske uprave\",\"datePublished\":\"2023-07-10T06:20:21+00:00\",\"mainEntityOfPage\":{\"@id\":\"https:\\\/\\\/novice.si\\\/page\\\/sentjur-berglezova-na-celu-obcinske-uprave\\\/\"},\"wordCount\":58,\"publisher\":{\"@id\":\"https:\\\/\\\/novice.si\\\/page\\\/#organization\"},\"image\":{\"@id\":\"https:\\\/\\\/novice.si\\\/page\\\/sentjur-berglezova-na-celu-obcinske-uprave\\\/#primaryimage\"},\"thumbnailUrl\":\"https:\\\/\\\/novice.si\\\/page\\\/wp-content\\\/uploads\\\/2023\\\/07\\\/Mateja-Berglez-scaled.jpg\",\"keywords\":[\"jo\u017ee pal\u010dnik\",\"mateja berglez\",\"ob\u010dinska uprava \u0160entjur\",\"oddelek za gospodarske dejavnosti\"],\"articleSection\":[\"\u0160entjursko\"],\"inLanguage\":\"sl-SI\"},{\"@type\":\"WebPage\",\"@id\":\"https:\\\/\\\/novice.si\\\/page\\\/sentjur-berglezova-na-celu-obcinske-uprave\\\/\",\"url\":\"https:\\\/\\\/novice.si\\\/page\\\/sentjur-berglezova-na-celu-obcinske-uprave\\\/\",\"name\":\"\u0160ENTJUR Berglezova na \u010delu ob\u010dinske uprave - Novice.si\",\"isPartOf\":{\"@id\":\"https:\\\/\\\/novice.si\\\/page\\\/#website\"},\"primaryImageOfPage\":{\"@id\":\"https:\\\/\\\/novice.si\\\/page\\\/sentjur-berglezova-na-celu-obcinske-uprave\\\/#primaryimage\"},\"image\":{\"@id\":\"https:\\\/\\\/novice.si\\\/page\\\/sentjur-berglezova-na-celu-obcinske-uprave\\\/#primaryimage\"},\"thumbnailUrl\":\"https:\\\/\\\/novice.si\\\/page\\\/wp-content\\\/uploads\\\/2023\\\/07\\\/Mateja-Berglez-scaled.jpg\",\"datePublished\":\"2023-07-10T06:20:21+00:00\",\"breadcrumb\":{\"@id\":\"https:\\\/\\\/novice.si\\\/page\\\/sentjur-berglezova-na-celu-obcinske-uprave\\\/#breadcrumb\"},\"inLanguage\":\"sl-SI\",\"potentialAction\":[{\"@type\":\"ReadAction\",\"target\":[\"https:\\\/\\\/novice.si\\\/page\\\/sentjur-berglezova-na-celu-obcinske-uprave\\\/\"]}]},{\"@type\":\"ImageObject\",\"inLanguage\":\"sl-SI\",\"@id\":\"https:\\\/\\\/novice.si\\\/page\\\/sentjur-berglezova-na-celu-obcinske-uprave\\\/#primaryimage\",\"url\":\"https:\\\/\\\/novice.si\\\/page\\\/wp-content\\\/uploads\\\/2023\\\/07\\\/Mateja-Berglez-scaled.jpg\",\"contentUrl\":\"https:\\\/\\\/novice.si\\\/page\\\/wp-content\\\/uploads\\\/2023\\\/07\\\/Mateja-Berglez-scaled.jpg\",\"width\":2320,\"height\":2560},{\"@type\":\"BreadcrumbList\",\"@id\":\"https:\\\/\\\/novice.si\\\/page\\\/sentjur-berglezova-na-celu-obcinske-uprave\\\/#breadcrumb\",\"itemListElement\":[{\"@type\":\"ListItem\",\"position\":1,\"name\":\"Home\",\"item\":\"https:\\\/\\\/novice.si\\\/page\\\/\"},{\"@type\":\"ListItem\",\"position\":2,\"name\":\"\u0160ENTJUR Berglezova na \u010delu ob\u010dinske uprave\"}]},{\"@type\":\"WebSite\",\"@id\":\"https:\\\/\\\/novice.si\\\/page\\\/#website\",\"url\":\"https:\\\/\\\/novice.si\\\/page\\\/\",\"name\":\"Novice.si\",\"description\":\"\",\"publisher\":{\"@id\":\"https:\\\/\\\/novice.si\\\/page\\\/#organization\"},\"potentialAction\":[{\"@type\":\"SearchAction\",\"target\":{\"@type\":\"EntryPoint\",\"urlTemplate\":\"https:\\\/\\\/novice.si\\\/page\\\/?s={search_term_string}\"},\"query-input\":{\"@type\":\"PropertyValueSpecification\",\"valueRequired\":true,\"valueName\":\"search_term_string\"}}],\"inLanguage\":\"sl-SI\"},{\"@type\":\"Organization\",\"@id\":\"https:\\\/\\\/novice.si\\\/page\\\/#organization\",\"name\":\"Novice.si\",\"url\":\"https:\\\/\\\/novice.si\\\/page\\\/\",\"logo\":{\"@type\":\"ImageObject\",\"inLanguage\":\"sl-SI\",\"@id\":\"https:\\\/\\\/novice.si\\\/page\\\/#\\\/schema\\\/logo\\\/image\\\/\",\"url\":\"https:\\\/\\\/novice.si\\\/page\\\/wp-content\\\/uploads\\\/2023\\\/03\\\/novice_si.png\",\"contentUrl\":\"https:\\\/\\\/novice.si\\\/page\\\/wp-content\\\/uploads\\\/2023\\\/03\\\/novice_si.png\",\"width\":576,\"height\":200,\"caption\":\"Novice.si\"},\"image\":{\"@id\":\"https:\\\/\\\/novice.si\\\/page\\\/#\\\/schema\\\/logo\\\/image\\\/\"}},{\"@type\":\"Person\",\"@id\":\"https:\\\/\\\/novice.si\\\/page\\\/#\\\/schema\\\/person\\\/57f25c9642a9541c7349c65d32032c3e\",\"name\":\"Uredni\u0161tvo Celjana\",\"image\":{\"@type\":\"ImageObject\",\"inLanguage\":\"sl-SI\",\"@id\":\"https:\\\/\\\/secure.gravatar.com\\\/avatar\\\/78e52bc4279b65f6df6345e0ef0f7b792d361361f230cf4ffecfe0afe6d5629c?s=96&d=mm&r=g\",\"url\":\"https:\\\/\\\/secure.gravatar.com\\\/avatar\\\/78e52bc4279b65f6df6345e0ef0f7b792d361361f230cf4ffecfe0afe6d5629c?s=96&d=mm&r=g\",\"contentUrl\":\"https:\\\/\\\/secure.gravatar.com\\\/avatar\\\/78e52bc4279b65f6df6345e0ef0f7b792d361361f230cf4ffecfe0afe6d5629c?s=96&d=mm&r=g\",\"caption\":\"Uredni\u0161tvo Celjana\"},\"url\":\"https:\\\/\\\/novice.si\\\/page\\\/author\\\/primoz\\\/\"}]}<\/script>\n<!-- \/ Yoast SEO plugin. -->","yoast_head_json":{"title":"\u0160ENTJUR Berglezova na \u010delu ob\u010dinske uprave - Novice.si","robots":{"index":"index","follow":"follow","max-snippet":"max-snippet:-1","max-image-preview":"max-image-preview:large","max-video-preview":"max-video-preview:-1"},"canonical":"https:\/\/novice.si\/page\/sentjur-berglezova-na-celu-obcinske-uprave\/","og_locale":"sl_SI","og_type":"article","og_title":"\u0160ENTJUR Berglezova na \u010delu ob\u010dinske uprave - Novice.si","og_description":"S tem mesecem je vodenje \u0161entjurske ob\u010dinske uprave prevzela Mateja Berglez (na sliki ob \u017eupanu Marku Diaciju). Njen predhodnik Jo\u017ee Pal\u010dnik, ki je ob\u010dinski upravi na\u010deloval dve desetletji, se je upokojil. Berglezova je na ob\u010dini pred tem opravljala naloge vodje oddelka za gospodarske dejavnosti. P\u0160","og_url":"https:\/\/novice.si\/page\/sentjur-berglezova-na-celu-obcinske-uprave\/","og_site_name":"Novice.si","article_published_time":"2023-07-10T06:20:21+00:00","og_image":[{"width":2320,"height":2560,"url":"https:\/\/novice.si\/page\/wp-content\/uploads\/2023\/07\/Mateja-Berglez-scaled.jpg","type":"image\/jpeg"}],"author":"Uredni\u0161tvo Celjana","twitter_card":"summary_large_image","twitter_misc":{"Written by":"Uredni\u0161tvo Celjana","Est. reading time":"1 minuta"},"schema":{"@context":"https:\/\/schema.org","@graph":[{"@type":"Article","@id":"https:\/\/novice.si\/page\/sentjur-berglezova-na-celu-obcinske-uprave\/#article","isPartOf":{"@id":"https:\/\/novice.si\/page\/sentjur-berglezova-na-celu-obcinske-uprave\/"},"author":{"name":"Uredni\u0161tvo Celjana","@id":"https:\/\/novice.si\/page\/#\/schema\/person\/57f25c9642a9541c7349c65d32032c3e"},"headline":"\u0160ENTJUR Berglezova na \u010delu ob\u010dinske uprave","datePublished":"2023-07-10T06:20:21+00:00","mainEntityOfPage":{"@id":"https:\/\/novice.si\/page\/sentjur-berglezova-na-celu-obcinske-uprave\/"},"wordCount":58,"publisher":{"@id":"https:\/\/novice.si\/page\/#organization"},"image":{"@id":"https:\/\/novice.si\/page\/sentjur-berglezova-na-celu-obcinske-uprave\/#primaryimage"},"thumbnailUrl":"https:\/\/novice.si\/page\/wp-content\/uploads\/2023\/07\/Mateja-Berglez-scaled.jpg","keywords":["jo\u017ee pal\u010dnik","mateja berglez","ob\u010dinska uprava \u0160entjur","oddelek za gospodarske dejavnosti"],"articleSection":["\u0160entjursko"],"inLanguage":"sl-SI"},{"@type":"WebPage","@id":"https:\/\/novice.si\/page\/sentjur-berglezova-na-celu-obcinske-uprave\/","url":"https:\/\/novice.si\/page\/sentjur-berglezova-na-celu-obcinske-uprave\/","name":"\u0160ENTJUR Berglezova na \u010delu ob\u010dinske uprave - Novice.si","isPartOf":{"@id":"https:\/\/novice.si\/page\/#website"},"primaryImageOfPage":{"@id":"https:\/\/novice.si\/page\/sentjur-berglezova-na-celu-obcinske-uprave\/#primaryimage"},"image":{"@id":"https:\/\/novice.si\/page\/sentjur-berglezova-na-celu-obcinske-uprave\/#primaryimage"},"thumbnailUrl":"https:\/\/novice.si\/page\/wp-content\/uploads\/2023\/07\/Mateja-Berglez-scaled.jpg","datePublished":"2023-07-10T06:20:21+00:00","breadcrumb":{"@id":"https:\/\/novice.si\/page\/sentjur-berglezova-na-celu-obcinske-uprave\/#breadcrumb"},"inLanguage":"sl-SI","potentialAction":[{"@type":"ReadAction","target":["https:\/\/novice.si\/page\/sentjur-berglezova-na-celu-obcinske-uprave\/"]}]},{"@type":"ImageObject","inLanguage":"sl-SI","@id":"https:\/\/novice.si\/page\/sentjur-berglezova-na-celu-obcinske-uprave\/#primaryimage","url":"https:\/\/novice.si\/page\/wp-content\/uploads\/2023\/07\/Mateja-Berglez-scaled.jpg","contentUrl":"https:\/\/novice.si\/page\/wp-content\/uploads\/2023\/07\/Mateja-Berglez-scaled.jpg","width":2320,"height":2560},{"@type":"BreadcrumbList","@id":"https:\/\/novice.si\/page\/sentjur-berglezova-na-celu-obcinske-uprave\/#breadcrumb","itemListElement":[{"@type":"ListItem","position":1,"name":"Home","item":"https:\/\/novice.si\/page\/"},{"@type":"ListItem","position":2,"name":"\u0160ENTJUR Berglezova na \u010delu ob\u010dinske uprave"}]},{"@type":"WebSite","@id":"https:\/\/novice.si\/page\/#website","url":"https:\/\/novice.si\/page\/","name":"Novice.si","description":"","publisher":{"@id":"https:\/\/novice.si\/page\/#organization"},"potentialAction":[{"@type":"SearchAction","target":{"@type":"EntryPoint","urlTemplate":"https:\/\/novice.si\/page\/?s={search_term_string}"},"query-input":{"@type":"PropertyValueSpecification","valueRequired":true,"valueName":"search_term_string"}}],"inLanguage":"sl-SI"},{"@type":"Organization","@id":"https:\/\/novice.si\/page\/#organization","name":"Novice.si","url":"https:\/\/novice.si\/page\/","logo":{"@type":"ImageObject","inLanguage":"sl-SI","@id":"https:\/\/novice.si\/page\/#\/schema\/logo\/image\/","url":"https:\/\/novice.si\/page\/wp-content\/uploads\/2023\/03\/novice_si.png","contentUrl":"https:\/\/novice.si\/page\/wp-content\/uploads\/2023\/03\/novice_si.png","width":576,"height":200,"caption":"Novice.si"},"image":{"@id":"https:\/\/novice.si\/page\/#\/schema\/logo\/image\/"}},{"@type":"Person","@id":"https:\/\/novice.si\/page\/#\/schema\/person\/57f25c9642a9541c7349c65d32032c3e","name":"Uredni\u0161tvo Celjana","image":{"@type":"ImageObject","inLanguage":"sl-SI","@id":"https:\/\/secure.gravatar.com\/avatar\/78e52bc4279b65f6df6345e0ef0f7b792d361361f230cf4ffecfe0afe6d5629c?s=96&d=mm&r=g","url":"https:\/\/secure.gravatar.com\/avatar\/78e52bc4279b65f6df6345e0ef0f7b792d361361f230cf4ffecfe0afe6d5629c?s=96&d=mm&r=g","contentUrl":"https:\/\/secure.gravatar.com\/avatar\/78e52bc4279b65f6df6345e0ef0f7b792d361361f230cf4ffecfe0afe6d5629c?s=96&d=mm&r=g","caption":"Uredni\u0161tvo Celjana"},"url":"https:\/\/novice.si\/page\/author\/primoz\/"}]}},"_links":{"self":[{"href":"https:\/\/novice.si\/page\/wp-json\/wp\/v2\/posts\/164833","targetHints":{"allow":["GET"]}}],"collection":[{"href":"https:\/\/novice.si\/page\/wp-json\/wp\/v2\/posts"}],"about":[{"href":"https:\/\/novice.si\/page\/wp-json\/wp\/v2\/types\/post"}],"author":[{"embeddable":true,"href":"https:\/\/novice.si\/page\/wp-json\/wp\/v2\/users\/33"}],"replies":[{"embeddable":true,"href":"https:\/\/novice.si\/page\/wp-json\/wp\/v2\/comments?post=164833"}],"version-history":[{"count":1,"href":"https:\/\/novice.si\/page\/wp-json\/wp\/v2\/posts\/164833\/revisions"}],"predecessor-version":[{"id":164836,"href":"https:\/\/novice.si\/page\/wp-json\/wp\/v2\/posts\/164833\/revisions\/164836"}],"wp:featuredmedia":[{"embeddable":true,"href":"https:\/\/novice.si\/page\/wp-json\/wp\/v2\/media\/164834"}],"wp:attachment":[{"href":"https:\/\/novice.si\/page\/wp-json\/wp\/v2\/media?parent=164833"}],"wp:term":[{"taxonomy":"category","embeddable":true,"href":"https:\/\/novice.si\/page\/wp-json\/wp\/v2\/categories?post=164833"},{"taxonomy":"post_tag","embeddable":true,"href":"https:\/\/novice.si\/page\/wp-json\/wp\/v2\/tags?post=164833"}],"curies":[{"name":"wp","href":"https:\/\/api.w.org\/{rel}","templated":true}]}}