{"id":164829,"date":"2023-07-10T07:34:28","date_gmt":"2023-07-10T05:34:28","guid":{"rendered":"https:\/\/novice.si\/page\/?p=164829"},"modified":"2023-07-10T00:05:33","modified_gmt":"2023-07-09T22:05:33","slug":"knjiga-tedna-celjske-mohorjeve-nevidna-meja-5","status":"publish","type":"post","link":"https:\/\/novice.si\/page\/knjiga-tedna-celjske-mohorjeve-nevidna-meja-5\/","title":{"rendered":"Knjiga tedna Celjske Mohorjeve: NEVIDNA MEJA*"},"content":{"rendered":"<p style=\"text-align: right\"><img loading=\"lazy\" decoding=\"async\" class=\"wp-image-164830 alignleft\" src=\"https:\/\/novice.si\/page\/wp-content\/uploads\/2023\/07\/splet-nevidna-meja-600x400.jpg\" alt=\"\" width=\"359\" height=\"206\" \/><strong>* oglasno sporo\u010dilo<\/strong><\/p>\n<p>Zgodba, ki jo Kilian Jornet pripoveduje, je razpeta med stvarnostjo in izmi\u0161ljijo. Prvi del, \u0161e posebno prvi dve poglavji, temelji na resni\u010dnih dogodkih. Za odpravo v Himalajo je navdih dobil v izku\u0161njah, ki jih je do\u017eivel pozimi leta 2013 v Nepalu z dvema kolegoma (Jordijem Tosasem in Jordijem Corominasem). Liki, njihove zgodbe in oseba, ki jo knjiga nagovarja, pa so del njegove domi\u0161ljije.&#8221;Knjiga bo marsikoga navdu\u0161ila \u0161e bolj kot njegovi tekmovalni uspehi, saj tudi tu \u017ee premika meje mogo\u010dega in postavlja nove kriterije osvajanja visokih gora. Knjiga ima visok tempo, kot njegovo \u017eivljenje in bralcu prakti\u010dno ne pusti dihati, zagotovo pa mu da razmi\u0161ljati, saj v njej lahko najdemo veliko \u017eivljenjskih napotkov. Skratka, knjiga vredna branja, tudi zato, ker je del nje posve\u010den Sloveniji.&#8221; (Nejc Kuhar)<\/p>\n<p>Naro\u010dila lahko oddate na www.mohorjeva.org, po elektronski po\u0161ti knjigarna-ce@celjska-mohorjeva.si ali po telefonu na 03 490 14 20.<\/p>\n<p>Celjska Mohorjeva dru\u017eba vam \u017eeli prijetno branje!<\/p>\n<p style=\"text-align: right\"><strong>* oglasno sporo\u010dilo<\/strong><\/p>\n","protected":false},"excerpt":{"rendered":"<p>* oglasno sporo\u010dilo Zgodba, ki jo Kilian Jornet pripoveduje, je razpeta med stvarnostjo in izmi\u0161ljijo. Prvi del, \u0161e posebno prvi dve poglavji, temelji na resni\u010dnih dogodkih. Za odpravo v Himalajo je navdih dobil v izku\u0161njah, ki jih je do\u017eivel pozimi leta 2013 v Nepalu z dvema kolegoma (Jordijem Tosasem in Jordijem Corominasem). Liki, njihove zgodbe [&hellip;]<\/p>\n","protected":false},"author":14,"featured_media":164830,"comment_status":"closed","ping_status":"closed","sticky":false,"template":"","format":"standard","meta":{"footnotes":""},"categories":[2544],"tags":[2593,4843,12805,18259,12804],"class_list":{"0":"post-164829","1":"post","2":"type-post","3":"status-publish","4":"format-standard","5":"has-post-thumbnail","7":"category-oglasna-sporocila","8":"tag-celjska-mohorjeva","9":"tag-mohorjeva-druzba","10":"tag-nejc-kuhar","11":"tag-nepal","12":"tag-nevidna-meja"},"yoast_head":"<!-- This site is optimized with the Yoast SEO plugin v27.4 - https:\/\/yoast.com\/product\/yoast-seo-wordpress\/ -->\n<title>Knjiga tedna Celjske Mohorjeve: NEVIDNA MEJA* - Novice.si<\/title>\n<meta name=\"robots\" content=\"index, follow, max-snippet:-1, max-image-preview:large, max-video-preview:-1\" \/>\n<link rel=\"canonical\" href=\"https:\/\/novice.si\/page\/knjiga-tedna-celjske-mohorjeve-nevidna-meja-5\/\" \/>\n<meta property=\"og:locale\" content=\"sl_SI\" \/>\n<meta property=\"og:type\" content=\"article\" \/>\n<meta property=\"og:title\" content=\"Knjiga tedna Celjske Mohorjeve: NEVIDNA MEJA* - Novice.si\" \/>\n<meta property=\"og:description\" content=\"* oglasno sporo\u010dilo Zgodba, ki jo Kilian Jornet pripoveduje, je razpeta med stvarnostjo in izmi\u0161ljijo. Prvi del, \u0161e posebno prvi dve poglavji, temelji na resni\u010dnih dogodkih. Za odpravo v Himalajo je navdih dobil v izku\u0161njah, ki jih je do\u017eivel pozimi leta 2013 v Nepalu z dvema kolegoma (Jordijem Tosasem in Jordijem Corominasem). Liki, njihove zgodbe [&hellip;]\" \/>\n<meta property=\"og:url\" content=\"https:\/\/novice.si\/page\/knjiga-tedna-celjske-mohorjeve-nevidna-meja-5\/\" \/>\n<meta property=\"og:site_name\" content=\"Novice.si\" \/>\n<meta property=\"article:published_time\" content=\"2023-07-10T05:34:28+00:00\" \/>\n<meta property=\"og:image\" content=\"https:\/\/novice.si\/page\/wp-content\/uploads\/2023\/07\/splet-nevidna-meja.jpg\" \/>\n\t<meta property=\"og:image:width\" content=\"800\" \/>\n\t<meta property=\"og:image:height\" content=\"533\" \/>\n\t<meta property=\"og:image:type\" content=\"image\/jpeg\" \/>\n<meta name=\"author\" content=\"Uredni\u0161tvo Celjana\" \/>\n<meta name=\"twitter:card\" content=\"summary_large_image\" \/>\n<meta name=\"twitter:label1\" content=\"Written by\" \/>\n\t<meta name=\"twitter:data1\" content=\"Uredni\u0161tvo Celjana\" \/>\n\t<meta name=\"twitter:label2\" content=\"Est. reading time\" \/>\n\t<meta name=\"twitter:data2\" content=\"2 minuti\" \/>\n<script type=\"application\/ld+json\" class=\"yoast-schema-graph\">{\"@context\":\"https:\\\/\\\/schema.org\",\"@graph\":[{\"@type\":\"Article\",\"@id\":\"https:\\\/\\\/novice.si\\\/page\\\/knjiga-tedna-celjske-mohorjeve-nevidna-meja-5\\\/#article\",\"isPartOf\":{\"@id\":\"https:\\\/\\\/novice.si\\\/page\\\/knjiga-tedna-celjske-mohorjeve-nevidna-meja-5\\\/\"},\"author\":{\"name\":\"Uredni\u0161tvo Celjana\",\"@id\":\"https:\\\/\\\/novice.si\\\/page\\\/#\\\/schema\\\/person\\\/a9db4b6feec0e2914c4b6bba66880105\"},\"headline\":\"Knjiga tedna Celjske Mohorjeve: NEVIDNA MEJA*\",\"datePublished\":\"2023-07-10T05:34:28+00:00\",\"mainEntityOfPage\":{\"@id\":\"https:\\\/\\\/novice.si\\\/page\\\/knjiga-tedna-celjske-mohorjeve-nevidna-meja-5\\\/\"},\"wordCount\":175,\"publisher\":{\"@id\":\"https:\\\/\\\/novice.si\\\/page\\\/#organization\"},\"image\":{\"@id\":\"https:\\\/\\\/novice.si\\\/page\\\/knjiga-tedna-celjske-mohorjeve-nevidna-meja-5\\\/#primaryimage\"},\"thumbnailUrl\":\"https:\\\/\\\/novice.si\\\/page\\\/wp-content\\\/uploads\\\/2023\\\/07\\\/splet-nevidna-meja.jpg\",\"keywords\":[\"celjska mohorjeva\",\"Mohorjeva dru\u017eba\",\"Nejc Kuhar\",\"Nepal\",\"NEvidna meja\"],\"articleSection\":[\"Oglasna sporo\u010dila\"],\"inLanguage\":\"sl-SI\"},{\"@type\":\"WebPage\",\"@id\":\"https:\\\/\\\/novice.si\\\/page\\\/knjiga-tedna-celjske-mohorjeve-nevidna-meja-5\\\/\",\"url\":\"https:\\\/\\\/novice.si\\\/page\\\/knjiga-tedna-celjske-mohorjeve-nevidna-meja-5\\\/\",\"name\":\"Knjiga tedna Celjske Mohorjeve: NEVIDNA MEJA* - Novice.si\",\"isPartOf\":{\"@id\":\"https:\\\/\\\/novice.si\\\/page\\\/#website\"},\"primaryImageOfPage\":{\"@id\":\"https:\\\/\\\/novice.si\\\/page\\\/knjiga-tedna-celjske-mohorjeve-nevidna-meja-5\\\/#primaryimage\"},\"image\":{\"@id\":\"https:\\\/\\\/novice.si\\\/page\\\/knjiga-tedna-celjske-mohorjeve-nevidna-meja-5\\\/#primaryimage\"},\"thumbnailUrl\":\"https:\\\/\\\/novice.si\\\/page\\\/wp-content\\\/uploads\\\/2023\\\/07\\\/splet-nevidna-meja.jpg\",\"datePublished\":\"2023-07-10T05:34:28+00:00\",\"breadcrumb\":{\"@id\":\"https:\\\/\\\/novice.si\\\/page\\\/knjiga-tedna-celjske-mohorjeve-nevidna-meja-5\\\/#breadcrumb\"},\"inLanguage\":\"sl-SI\",\"potentialAction\":[{\"@type\":\"ReadAction\",\"target\":[\"https:\\\/\\\/novice.si\\\/page\\\/knjiga-tedna-celjske-mohorjeve-nevidna-meja-5\\\/\"]}]},{\"@type\":\"ImageObject\",\"inLanguage\":\"sl-SI\",\"@id\":\"https:\\\/\\\/novice.si\\\/page\\\/knjiga-tedna-celjske-mohorjeve-nevidna-meja-5\\\/#primaryimage\",\"url\":\"https:\\\/\\\/novice.si\\\/page\\\/wp-content\\\/uploads\\\/2023\\\/07\\\/splet-nevidna-meja.jpg\",\"contentUrl\":\"https:\\\/\\\/novice.si\\\/page\\\/wp-content\\\/uploads\\\/2023\\\/07\\\/splet-nevidna-meja.jpg\",\"width\":800,\"height\":533},{\"@type\":\"BreadcrumbList\",\"@id\":\"https:\\\/\\\/novice.si\\\/page\\\/knjiga-tedna-celjske-mohorjeve-nevidna-meja-5\\\/#breadcrumb\",\"itemListElement\":[{\"@type\":\"ListItem\",\"position\":1,\"name\":\"Home\",\"item\":\"https:\\\/\\\/novice.si\\\/page\\\/\"},{\"@type\":\"ListItem\",\"position\":2,\"name\":\"Knjiga tedna Celjske Mohorjeve: NEVIDNA MEJA*\"}]},{\"@type\":\"WebSite\",\"@id\":\"https:\\\/\\\/novice.si\\\/page\\\/#website\",\"url\":\"https:\\\/\\\/novice.si\\\/page\\\/\",\"name\":\"Novice.si\",\"description\":\"\",\"publisher\":{\"@id\":\"https:\\\/\\\/novice.si\\\/page\\\/#organization\"},\"potentialAction\":[{\"@type\":\"SearchAction\",\"target\":{\"@type\":\"EntryPoint\",\"urlTemplate\":\"https:\\\/\\\/novice.si\\\/page\\\/?s={search_term_string}\"},\"query-input\":{\"@type\":\"PropertyValueSpecification\",\"valueRequired\":true,\"valueName\":\"search_term_string\"}}],\"inLanguage\":\"sl-SI\"},{\"@type\":\"Organization\",\"@id\":\"https:\\\/\\\/novice.si\\\/page\\\/#organization\",\"name\":\"Novice.si\",\"url\":\"https:\\\/\\\/novice.si\\\/page\\\/\",\"logo\":{\"@type\":\"ImageObject\",\"inLanguage\":\"sl-SI\",\"@id\":\"https:\\\/\\\/novice.si\\\/page\\\/#\\\/schema\\\/logo\\\/image\\\/\",\"url\":\"https:\\\/\\\/novice.si\\\/page\\\/wp-content\\\/uploads\\\/2023\\\/03\\\/novice_si.png\",\"contentUrl\":\"https:\\\/\\\/novice.si\\\/page\\\/wp-content\\\/uploads\\\/2023\\\/03\\\/novice_si.png\",\"width\":576,\"height\":200,\"caption\":\"Novice.si\"},\"image\":{\"@id\":\"https:\\\/\\\/novice.si\\\/page\\\/#\\\/schema\\\/logo\\\/image\\\/\"}},{\"@type\":\"Person\",\"@id\":\"https:\\\/\\\/novice.si\\\/page\\\/#\\\/schema\\\/person\\\/a9db4b6feec0e2914c4b6bba66880105\",\"name\":\"Uredni\u0161tvo Celjana\",\"image\":{\"@type\":\"ImageObject\",\"inLanguage\":\"sl-SI\",\"@id\":\"https:\\\/\\\/secure.gravatar.com\\\/avatar\\\/81f0c61a80bf0defdd4c23615cef66d8ec18f810ee16ce148367f5a1a180cf17?s=96&d=mm&r=g\",\"url\":\"https:\\\/\\\/secure.gravatar.com\\\/avatar\\\/81f0c61a80bf0defdd4c23615cef66d8ec18f810ee16ce148367f5a1a180cf17?s=96&d=mm&r=g\",\"contentUrl\":\"https:\\\/\\\/secure.gravatar.com\\\/avatar\\\/81f0c61a80bf0defdd4c23615cef66d8ec18f810ee16ce148367f5a1a180cf17?s=96&d=mm&r=g\",\"caption\":\"Uredni\u0161tvo Celjana\"},\"url\":\"https:\\\/\\\/novice.si\\\/page\\\/author\\\/uros\\\/\"}]}<\/script>\n<!-- \/ Yoast SEO plugin. -->","yoast_head_json":{"title":"Knjiga tedna Celjske Mohorjeve: NEVIDNA MEJA* - Novice.si","robots":{"index":"index","follow":"follow","max-snippet":"max-snippet:-1","max-image-preview":"max-image-preview:large","max-video-preview":"max-video-preview:-1"},"canonical":"https:\/\/novice.si\/page\/knjiga-tedna-celjske-mohorjeve-nevidna-meja-5\/","og_locale":"sl_SI","og_type":"article","og_title":"Knjiga tedna Celjske Mohorjeve: NEVIDNA MEJA* - Novice.si","og_description":"* oglasno sporo\u010dilo Zgodba, ki jo Kilian Jornet pripoveduje, je razpeta med stvarnostjo in izmi\u0161ljijo. Prvi del, \u0161e posebno prvi dve poglavji, temelji na resni\u010dnih dogodkih. Za odpravo v Himalajo je navdih dobil v izku\u0161njah, ki jih je do\u017eivel pozimi leta 2013 v Nepalu z dvema kolegoma (Jordijem Tosasem in Jordijem Corominasem). Liki, njihove zgodbe [&hellip;]","og_url":"https:\/\/novice.si\/page\/knjiga-tedna-celjske-mohorjeve-nevidna-meja-5\/","og_site_name":"Novice.si","article_published_time":"2023-07-10T05:34:28+00:00","og_image":[{"width":800,"height":533,"url":"https:\/\/novice.si\/page\/wp-content\/uploads\/2023\/07\/splet-nevidna-meja.jpg","type":"image\/jpeg"}],"author":"Uredni\u0161tvo Celjana","twitter_card":"summary_large_image","twitter_misc":{"Written by":"Uredni\u0161tvo Celjana","Est. reading time":"2 minuti"},"schema":{"@context":"https:\/\/schema.org","@graph":[{"@type":"Article","@id":"https:\/\/novice.si\/page\/knjiga-tedna-celjske-mohorjeve-nevidna-meja-5\/#article","isPartOf":{"@id":"https:\/\/novice.si\/page\/knjiga-tedna-celjske-mohorjeve-nevidna-meja-5\/"},"author":{"name":"Uredni\u0161tvo Celjana","@id":"https:\/\/novice.si\/page\/#\/schema\/person\/a9db4b6feec0e2914c4b6bba66880105"},"headline":"Knjiga tedna Celjske Mohorjeve: NEVIDNA MEJA*","datePublished":"2023-07-10T05:34:28+00:00","mainEntityOfPage":{"@id":"https:\/\/novice.si\/page\/knjiga-tedna-celjske-mohorjeve-nevidna-meja-5\/"},"wordCount":175,"publisher":{"@id":"https:\/\/novice.si\/page\/#organization"},"image":{"@id":"https:\/\/novice.si\/page\/knjiga-tedna-celjske-mohorjeve-nevidna-meja-5\/#primaryimage"},"thumbnailUrl":"https:\/\/novice.si\/page\/wp-content\/uploads\/2023\/07\/splet-nevidna-meja.jpg","keywords":["celjska mohorjeva","Mohorjeva dru\u017eba","Nejc Kuhar","Nepal","NEvidna meja"],"articleSection":["Oglasna sporo\u010dila"],"inLanguage":"sl-SI"},{"@type":"WebPage","@id":"https:\/\/novice.si\/page\/knjiga-tedna-celjske-mohorjeve-nevidna-meja-5\/","url":"https:\/\/novice.si\/page\/knjiga-tedna-celjske-mohorjeve-nevidna-meja-5\/","name":"Knjiga tedna Celjske Mohorjeve: NEVIDNA MEJA* - Novice.si","isPartOf":{"@id":"https:\/\/novice.si\/page\/#website"},"primaryImageOfPage":{"@id":"https:\/\/novice.si\/page\/knjiga-tedna-celjske-mohorjeve-nevidna-meja-5\/#primaryimage"},"image":{"@id":"https:\/\/novice.si\/page\/knjiga-tedna-celjske-mohorjeve-nevidna-meja-5\/#primaryimage"},"thumbnailUrl":"https:\/\/novice.si\/page\/wp-content\/uploads\/2023\/07\/splet-nevidna-meja.jpg","datePublished":"2023-07-10T05:34:28+00:00","breadcrumb":{"@id":"https:\/\/novice.si\/page\/knjiga-tedna-celjske-mohorjeve-nevidna-meja-5\/#breadcrumb"},"inLanguage":"sl-SI","potentialAction":[{"@type":"ReadAction","target":["https:\/\/novice.si\/page\/knjiga-tedna-celjske-mohorjeve-nevidna-meja-5\/"]}]},{"@type":"ImageObject","inLanguage":"sl-SI","@id":"https:\/\/novice.si\/page\/knjiga-tedna-celjske-mohorjeve-nevidna-meja-5\/#primaryimage","url":"https:\/\/novice.si\/page\/wp-content\/uploads\/2023\/07\/splet-nevidna-meja.jpg","contentUrl":"https:\/\/novice.si\/page\/wp-content\/uploads\/2023\/07\/splet-nevidna-meja.jpg","width":800,"height":533},{"@type":"BreadcrumbList","@id":"https:\/\/novice.si\/page\/knjiga-tedna-celjske-mohorjeve-nevidna-meja-5\/#breadcrumb","itemListElement":[{"@type":"ListItem","position":1,"name":"Home","item":"https:\/\/novice.si\/page\/"},{"@type":"ListItem","position":2,"name":"Knjiga tedna Celjske Mohorjeve: NEVIDNA MEJA*"}]},{"@type":"WebSite","@id":"https:\/\/novice.si\/page\/#website","url":"https:\/\/novice.si\/page\/","name":"Novice.si","description":"","publisher":{"@id":"https:\/\/novice.si\/page\/#organization"},"potentialAction":[{"@type":"SearchAction","target":{"@type":"EntryPoint","urlTemplate":"https:\/\/novice.si\/page\/?s={search_term_string}"},"query-input":{"@type":"PropertyValueSpecification","valueRequired":true,"valueName":"search_term_string"}}],"inLanguage":"sl-SI"},{"@type":"Organization","@id":"https:\/\/novice.si\/page\/#organization","name":"Novice.si","url":"https:\/\/novice.si\/page\/","logo":{"@type":"ImageObject","inLanguage":"sl-SI","@id":"https:\/\/novice.si\/page\/#\/schema\/logo\/image\/","url":"https:\/\/novice.si\/page\/wp-content\/uploads\/2023\/03\/novice_si.png","contentUrl":"https:\/\/novice.si\/page\/wp-content\/uploads\/2023\/03\/novice_si.png","width":576,"height":200,"caption":"Novice.si"},"image":{"@id":"https:\/\/novice.si\/page\/#\/schema\/logo\/image\/"}},{"@type":"Person","@id":"https:\/\/novice.si\/page\/#\/schema\/person\/a9db4b6feec0e2914c4b6bba66880105","name":"Uredni\u0161tvo Celjana","image":{"@type":"ImageObject","inLanguage":"sl-SI","@id":"https:\/\/secure.gravatar.com\/avatar\/81f0c61a80bf0defdd4c23615cef66d8ec18f810ee16ce148367f5a1a180cf17?s=96&d=mm&r=g","url":"https:\/\/secure.gravatar.com\/avatar\/81f0c61a80bf0defdd4c23615cef66d8ec18f810ee16ce148367f5a1a180cf17?s=96&d=mm&r=g","contentUrl":"https:\/\/secure.gravatar.com\/avatar\/81f0c61a80bf0defdd4c23615cef66d8ec18f810ee16ce148367f5a1a180cf17?s=96&d=mm&r=g","caption":"Uredni\u0161tvo Celjana"},"url":"https:\/\/novice.si\/page\/author\/uros\/"}]}},"_links":{"self":[{"href":"https:\/\/novice.si\/page\/wp-json\/wp\/v2\/posts\/164829","targetHints":{"allow":["GET"]}}],"collection":[{"href":"https:\/\/novice.si\/page\/wp-json\/wp\/v2\/posts"}],"about":[{"href":"https:\/\/novice.si\/page\/wp-json\/wp\/v2\/types\/post"}],"author":[{"embeddable":true,"href":"https:\/\/novice.si\/page\/wp-json\/wp\/v2\/users\/14"}],"replies":[{"embeddable":true,"href":"https:\/\/novice.si\/page\/wp-json\/wp\/v2\/comments?post=164829"}],"version-history":[{"count":1,"href":"https:\/\/novice.si\/page\/wp-json\/wp\/v2\/posts\/164829\/revisions"}],"predecessor-version":[{"id":164831,"href":"https:\/\/novice.si\/page\/wp-json\/wp\/v2\/posts\/164829\/revisions\/164831"}],"wp:featuredmedia":[{"embeddable":true,"href":"https:\/\/novice.si\/page\/wp-json\/wp\/v2\/media\/164830"}],"wp:attachment":[{"href":"https:\/\/novice.si\/page\/wp-json\/wp\/v2\/media?parent=164829"}],"wp:term":[{"taxonomy":"category","embeddable":true,"href":"https:\/\/novice.si\/page\/wp-json\/wp\/v2\/categories?post=164829"},{"taxonomy":"post_tag","embeddable":true,"href":"https:\/\/novice.si\/page\/wp-json\/wp\/v2\/tags?post=164829"}],"curies":[{"name":"wp","href":"https:\/\/api.w.org\/{rel}","templated":true}]}}