{"id":164752,"date":"2023-07-07T08:01:56","date_gmt":"2023-07-07T06:01:56","guid":{"rendered":"https:\/\/novice.si\/page\/?p=164752"},"modified":"2023-07-07T08:01:56","modified_gmt":"2023-07-07T06:01:56","slug":"vojnik-dvajset-let-doma-starejsih-obcanov","status":"publish","type":"post","link":"https:\/\/novice.si\/page\/vojnik-dvajset-let-doma-starejsih-obcanov\/","title":{"rendered":"VOJNIK Dvajset let doma starej\u0161ih ob\u010danov"},"content":{"rendered":"<p>Dom starej\u0161ih ob\u010danov Vojnik, ki se je sprva imenoval \u0160pesov dom, danes pa deluje kot Dom Senecura, praznuje dvajsetletnico delovanja.<\/p>\n<p><img loading=\"lazy\" decoding=\"async\" class=\"wp-image-164753 alignleft\" src=\"https:\/\/novice.si\/page\/wp-content\/uploads\/2023\/07\/Senecura-dom-20-let-600x450.jpg\" alt=\"\" width=\"382\" height=\"286\" srcset=\"https:\/\/novice.si\/page\/wp-content\/uploads\/2023\/07\/Senecura-dom-20-let-600x450.jpg 600w, https:\/\/novice.si\/page\/wp-content\/uploads\/2023\/07\/Senecura-dom-20-let-768x576.jpg 768w, https:\/\/novice.si\/page\/wp-content\/uploads\/2023\/07\/Senecura-dom-20-let-80x60.jpg 80w, https:\/\/novice.si\/page\/wp-content\/uploads\/2023\/07\/Senecura-dom-20-let-265x198.jpg 265w, https:\/\/novice.si\/page\/wp-content\/uploads\/2023\/07\/Senecura-dom-20-let-696x522.jpg 696w, https:\/\/novice.si\/page\/wp-content\/uploads\/2023\/07\/Senecura-dom-20-let-560x420.jpg 560w, https:\/\/novice.si\/page\/wp-content\/uploads\/2023\/07\/Senecura-dom-20-let-24x18.jpg 24w, https:\/\/novice.si\/page\/wp-content\/uploads\/2023\/07\/Senecura-dom-20-let-36x27.jpg 36w, https:\/\/novice.si\/page\/wp-content\/uploads\/2023\/07\/Senecura-dom-20-let-48x36.jpg 48w, https:\/\/novice.si\/page\/wp-content\/uploads\/2023\/07\/Senecura-dom-20-let.jpg 1024w\" sizes=\"auto, (max-width: 382px) 100vw, 382px\" \/>Zemlji\u0161\u010de je vojni\u0161ki ob\u010dini takrat podaril <strong>Franc \u0160pes<\/strong> pod pogojem, da v dveh letih za\u010dno graditi dom za ostarele. Ker se dr\u017eava ni odlo\u010dila za sovlaganje, je v projekt vstopil celjski zasebnik <strong>Dragan \u017dohar<\/strong>, ki je bil tudi dolgoletni direktor \u0160pesovega doma.<\/p>\n<p>Tega je leta 2019 prodal avstrijski dru\u017ebi Senecura, ki ima v lasti in upravljanju okoli sto domov, od tega sedem v Sloveniji.<\/p>\n<p>Vojni\u0161ki dom, ki ga od lani vodi <strong>Nina Ma\u017egon<\/strong>, premore 169 postelj za oskrbovance.<\/p>\n<p>P\u0160<\/p>\n","protected":false},"excerpt":{"rendered":"<p>Dom starej\u0161ih ob\u010danov Vojnik, ki se je sprva imenoval \u0160pesov dom, danes pa deluje kot Dom Senecura, praznuje dvajsetletnico delovanja. Zemlji\u0161\u010de je vojni\u0161ki ob\u010dini takrat podaril Franc \u0160pes pod pogojem, da v dveh letih za\u010dno graditi dom za ostarele. Ker se dr\u017eava ni odlo\u010dila za sovlaganje, je v projekt vstopil celjski zasebnik Dragan \u017dohar, ki [&hellip;]<\/p>\n","protected":false},"author":33,"featured_media":101469,"comment_status":"closed","ping_status":"closed","sticky":false,"template":"","format":"standard","meta":{"footnotes":""},"categories":[17],"tags":[3147,10655,4946,18250,15678,4554],"class_list":{"0":"post-164752","1":"post","2":"type-post","3":"status-publish","4":"format-standard","5":"has-post-thumbnail","7":"category-celjsko","8":"tag-20-let-delovanja","9":"tag-dom-senecura","10":"tag-dragan-zohar","11":"tag-franc-spes","12":"tag-nina-mazgon","13":"tag-spesov-dom"},"yoast_head":"<!-- This site is optimized with the Yoast SEO plugin v27.4 - https:\/\/yoast.com\/product\/yoast-seo-wordpress\/ -->\n<title>VOJNIK Dvajset let doma starej\u0161ih ob\u010danov - Novice.si<\/title>\n<meta name=\"robots\" content=\"index, follow, max-snippet:-1, max-image-preview:large, max-video-preview:-1\" \/>\n<link rel=\"canonical\" href=\"https:\/\/novice.si\/page\/vojnik-dvajset-let-doma-starejsih-obcanov\/\" \/>\n<meta property=\"og:locale\" content=\"sl_SI\" \/>\n<meta property=\"og:type\" content=\"article\" \/>\n<meta property=\"og:title\" content=\"VOJNIK Dvajset let doma starej\u0161ih ob\u010danov - Novice.si\" \/>\n<meta property=\"og:description\" content=\"Dom starej\u0161ih ob\u010danov Vojnik, ki se je sprva imenoval \u0160pesov dom, danes pa deluje kot Dom Senecura, praznuje dvajsetletnico delovanja. Zemlji\u0161\u010de je vojni\u0161ki ob\u010dini takrat podaril Franc \u0160pes pod pogojem, da v dveh letih za\u010dno graditi dom za ostarele. Ker se dr\u017eava ni odlo\u010dila za sovlaganje, je v projekt vstopil celjski zasebnik Dragan \u017dohar, ki [&hellip;]\" \/>\n<meta property=\"og:url\" content=\"https:\/\/novice.si\/page\/vojnik-dvajset-let-doma-starejsih-obcanov\/\" \/>\n<meta property=\"og:site_name\" content=\"Novice.si\" \/>\n<meta property=\"article:published_time\" content=\"2023-07-07T06:01:56+00:00\" \/>\n<meta property=\"og:image\" content=\"https:\/\/novice.si\/page\/wp-content\/uploads\/2019\/03\/\u0161pesov-dom-1a.jpg\" \/>\n\t<meta property=\"og:image:width\" content=\"2309\" \/>\n\t<meta property=\"og:image:height\" content=\"1732\" \/>\n\t<meta property=\"og:image:type\" content=\"image\/jpeg\" \/>\n<meta name=\"author\" content=\"Uredni\u0161tvo Celjana\" \/>\n<meta name=\"twitter:card\" content=\"summary_large_image\" \/>\n<meta name=\"twitter:label1\" content=\"Written by\" \/>\n\t<meta name=\"twitter:data1\" content=\"Uredni\u0161tvo Celjana\" \/>\n\t<meta name=\"twitter:label2\" content=\"Est. reading time\" \/>\n\t<meta name=\"twitter:data2\" content=\"1 minuta\" \/>\n<script type=\"application\/ld+json\" class=\"yoast-schema-graph\">{\"@context\":\"https:\\\/\\\/schema.org\",\"@graph\":[{\"@type\":\"Article\",\"@id\":\"https:\\\/\\\/novice.si\\\/page\\\/vojnik-dvajset-let-doma-starejsih-obcanov\\\/#article\",\"isPartOf\":{\"@id\":\"https:\\\/\\\/novice.si\\\/page\\\/vojnik-dvajset-let-doma-starejsih-obcanov\\\/\"},\"author\":{\"name\":\"Uredni\u0161tvo Celjana\",\"@id\":\"https:\\\/\\\/novice.si\\\/page\\\/#\\\/schema\\\/person\\\/57f25c9642a9541c7349c65d32032c3e\"},\"headline\":\"VOJNIK Dvajset let doma starej\u0161ih ob\u010danov\",\"datePublished\":\"2023-07-07T06:01:56+00:00\",\"mainEntityOfPage\":{\"@id\":\"https:\\\/\\\/novice.si\\\/page\\\/vojnik-dvajset-let-doma-starejsih-obcanov\\\/\"},\"wordCount\":116,\"publisher\":{\"@id\":\"https:\\\/\\\/novice.si\\\/page\\\/#organization\"},\"image\":{\"@id\":\"https:\\\/\\\/novice.si\\\/page\\\/vojnik-dvajset-let-doma-starejsih-obcanov\\\/#primaryimage\"},\"thumbnailUrl\":\"https:\\\/\\\/novice.si\\\/page\\\/wp-content\\\/uploads\\\/2019\\\/03\\\/\u0161pesov-dom-1a.jpg\",\"keywords\":[\"20-let delovanja\",\"Dom Senecura\",\"Dragan \u017dohar\",\"Franc \u0160pes\",\"nina ma\u017egon\",\"\u0161pesov dom\"],\"articleSection\":[\"Celjsko\"],\"inLanguage\":\"sl-SI\"},{\"@type\":\"WebPage\",\"@id\":\"https:\\\/\\\/novice.si\\\/page\\\/vojnik-dvajset-let-doma-starejsih-obcanov\\\/\",\"url\":\"https:\\\/\\\/novice.si\\\/page\\\/vojnik-dvajset-let-doma-starejsih-obcanov\\\/\",\"name\":\"VOJNIK Dvajset let doma starej\u0161ih ob\u010danov - Novice.si\",\"isPartOf\":{\"@id\":\"https:\\\/\\\/novice.si\\\/page\\\/#website\"},\"primaryImageOfPage\":{\"@id\":\"https:\\\/\\\/novice.si\\\/page\\\/vojnik-dvajset-let-doma-starejsih-obcanov\\\/#primaryimage\"},\"image\":{\"@id\":\"https:\\\/\\\/novice.si\\\/page\\\/vojnik-dvajset-let-doma-starejsih-obcanov\\\/#primaryimage\"},\"thumbnailUrl\":\"https:\\\/\\\/novice.si\\\/page\\\/wp-content\\\/uploads\\\/2019\\\/03\\\/\u0161pesov-dom-1a.jpg\",\"datePublished\":\"2023-07-07T06:01:56+00:00\",\"breadcrumb\":{\"@id\":\"https:\\\/\\\/novice.si\\\/page\\\/vojnik-dvajset-let-doma-starejsih-obcanov\\\/#breadcrumb\"},\"inLanguage\":\"sl-SI\",\"potentialAction\":[{\"@type\":\"ReadAction\",\"target\":[\"https:\\\/\\\/novice.si\\\/page\\\/vojnik-dvajset-let-doma-starejsih-obcanov\\\/\"]}]},{\"@type\":\"ImageObject\",\"inLanguage\":\"sl-SI\",\"@id\":\"https:\\\/\\\/novice.si\\\/page\\\/vojnik-dvajset-let-doma-starejsih-obcanov\\\/#primaryimage\",\"url\":\"https:\\\/\\\/novice.si\\\/page\\\/wp-content\\\/uploads\\\/2019\\\/03\\\/\u0161pesov-dom-1a.jpg\",\"contentUrl\":\"https:\\\/\\\/novice.si\\\/page\\\/wp-content\\\/uploads\\\/2019\\\/03\\\/\u0161pesov-dom-1a.jpg\",\"width\":2309,\"height\":1732},{\"@type\":\"BreadcrumbList\",\"@id\":\"https:\\\/\\\/novice.si\\\/page\\\/vojnik-dvajset-let-doma-starejsih-obcanov\\\/#breadcrumb\",\"itemListElement\":[{\"@type\":\"ListItem\",\"position\":1,\"name\":\"Home\",\"item\":\"https:\\\/\\\/novice.si\\\/page\\\/\"},{\"@type\":\"ListItem\",\"position\":2,\"name\":\"VOJNIK Dvajset let doma starej\u0161ih ob\u010danov\"}]},{\"@type\":\"WebSite\",\"@id\":\"https:\\\/\\\/novice.si\\\/page\\\/#website\",\"url\":\"https:\\\/\\\/novice.si\\\/page\\\/\",\"name\":\"Novice.si\",\"description\":\"\",\"publisher\":{\"@id\":\"https:\\\/\\\/novice.si\\\/page\\\/#organization\"},\"potentialAction\":[{\"@type\":\"SearchAction\",\"target\":{\"@type\":\"EntryPoint\",\"urlTemplate\":\"https:\\\/\\\/novice.si\\\/page\\\/?s={search_term_string}\"},\"query-input\":{\"@type\":\"PropertyValueSpecification\",\"valueRequired\":true,\"valueName\":\"search_term_string\"}}],\"inLanguage\":\"sl-SI\"},{\"@type\":\"Organization\",\"@id\":\"https:\\\/\\\/novice.si\\\/page\\\/#organization\",\"name\":\"Novice.si\",\"url\":\"https:\\\/\\\/novice.si\\\/page\\\/\",\"logo\":{\"@type\":\"ImageObject\",\"inLanguage\":\"sl-SI\",\"@id\":\"https:\\\/\\\/novice.si\\\/page\\\/#\\\/schema\\\/logo\\\/image\\\/\",\"url\":\"https:\\\/\\\/novice.si\\\/page\\\/wp-content\\\/uploads\\\/2023\\\/03\\\/novice_si.png\",\"contentUrl\":\"https:\\\/\\\/novice.si\\\/page\\\/wp-content\\\/uploads\\\/2023\\\/03\\\/novice_si.png\",\"width\":576,\"height\":200,\"caption\":\"Novice.si\"},\"image\":{\"@id\":\"https:\\\/\\\/novice.si\\\/page\\\/#\\\/schema\\\/logo\\\/image\\\/\"}},{\"@type\":\"Person\",\"@id\":\"https:\\\/\\\/novice.si\\\/page\\\/#\\\/schema\\\/person\\\/57f25c9642a9541c7349c65d32032c3e\",\"name\":\"Uredni\u0161tvo Celjana\",\"image\":{\"@type\":\"ImageObject\",\"inLanguage\":\"sl-SI\",\"@id\":\"https:\\\/\\\/secure.gravatar.com\\\/avatar\\\/78e52bc4279b65f6df6345e0ef0f7b792d361361f230cf4ffecfe0afe6d5629c?s=96&d=mm&r=g\",\"url\":\"https:\\\/\\\/secure.gravatar.com\\\/avatar\\\/78e52bc4279b65f6df6345e0ef0f7b792d361361f230cf4ffecfe0afe6d5629c?s=96&d=mm&r=g\",\"contentUrl\":\"https:\\\/\\\/secure.gravatar.com\\\/avatar\\\/78e52bc4279b65f6df6345e0ef0f7b792d361361f230cf4ffecfe0afe6d5629c?s=96&d=mm&r=g\",\"caption\":\"Uredni\u0161tvo Celjana\"},\"url\":\"https:\\\/\\\/novice.si\\\/page\\\/author\\\/primoz\\\/\"}]}<\/script>\n<!-- \/ Yoast SEO plugin. -->","yoast_head_json":{"title":"VOJNIK Dvajset let doma starej\u0161ih ob\u010danov - Novice.si","robots":{"index":"index","follow":"follow","max-snippet":"max-snippet:-1","max-image-preview":"max-image-preview:large","max-video-preview":"max-video-preview:-1"},"canonical":"https:\/\/novice.si\/page\/vojnik-dvajset-let-doma-starejsih-obcanov\/","og_locale":"sl_SI","og_type":"article","og_title":"VOJNIK Dvajset let doma starej\u0161ih ob\u010danov - Novice.si","og_description":"Dom starej\u0161ih ob\u010danov Vojnik, ki se je sprva imenoval \u0160pesov dom, danes pa deluje kot Dom Senecura, praznuje dvajsetletnico delovanja. Zemlji\u0161\u010de je vojni\u0161ki ob\u010dini takrat podaril Franc \u0160pes pod pogojem, da v dveh letih za\u010dno graditi dom za ostarele. Ker se dr\u017eava ni odlo\u010dila za sovlaganje, je v projekt vstopil celjski zasebnik Dragan \u017dohar, ki [&hellip;]","og_url":"https:\/\/novice.si\/page\/vojnik-dvajset-let-doma-starejsih-obcanov\/","og_site_name":"Novice.si","article_published_time":"2023-07-07T06:01:56+00:00","og_image":[{"width":2309,"height":1732,"url":"https:\/\/novice.si\/page\/wp-content\/uploads\/2019\/03\/\u0161pesov-dom-1a.jpg","type":"image\/jpeg"}],"author":"Uredni\u0161tvo Celjana","twitter_card":"summary_large_image","twitter_misc":{"Written by":"Uredni\u0161tvo Celjana","Est. reading time":"1 minuta"},"schema":{"@context":"https:\/\/schema.org","@graph":[{"@type":"Article","@id":"https:\/\/novice.si\/page\/vojnik-dvajset-let-doma-starejsih-obcanov\/#article","isPartOf":{"@id":"https:\/\/novice.si\/page\/vojnik-dvajset-let-doma-starejsih-obcanov\/"},"author":{"name":"Uredni\u0161tvo Celjana","@id":"https:\/\/novice.si\/page\/#\/schema\/person\/57f25c9642a9541c7349c65d32032c3e"},"headline":"VOJNIK Dvajset let doma starej\u0161ih ob\u010danov","datePublished":"2023-07-07T06:01:56+00:00","mainEntityOfPage":{"@id":"https:\/\/novice.si\/page\/vojnik-dvajset-let-doma-starejsih-obcanov\/"},"wordCount":116,"publisher":{"@id":"https:\/\/novice.si\/page\/#organization"},"image":{"@id":"https:\/\/novice.si\/page\/vojnik-dvajset-let-doma-starejsih-obcanov\/#primaryimage"},"thumbnailUrl":"https:\/\/novice.si\/page\/wp-content\/uploads\/2019\/03\/\u0161pesov-dom-1a.jpg","keywords":["20-let delovanja","Dom Senecura","Dragan \u017dohar","Franc \u0160pes","nina ma\u017egon","\u0161pesov dom"],"articleSection":["Celjsko"],"inLanguage":"sl-SI"},{"@type":"WebPage","@id":"https:\/\/novice.si\/page\/vojnik-dvajset-let-doma-starejsih-obcanov\/","url":"https:\/\/novice.si\/page\/vojnik-dvajset-let-doma-starejsih-obcanov\/","name":"VOJNIK Dvajset let doma starej\u0161ih ob\u010danov - Novice.si","isPartOf":{"@id":"https:\/\/novice.si\/page\/#website"},"primaryImageOfPage":{"@id":"https:\/\/novice.si\/page\/vojnik-dvajset-let-doma-starejsih-obcanov\/#primaryimage"},"image":{"@id":"https:\/\/novice.si\/page\/vojnik-dvajset-let-doma-starejsih-obcanov\/#primaryimage"},"thumbnailUrl":"https:\/\/novice.si\/page\/wp-content\/uploads\/2019\/03\/\u0161pesov-dom-1a.jpg","datePublished":"2023-07-07T06:01:56+00:00","breadcrumb":{"@id":"https:\/\/novice.si\/page\/vojnik-dvajset-let-doma-starejsih-obcanov\/#breadcrumb"},"inLanguage":"sl-SI","potentialAction":[{"@type":"ReadAction","target":["https:\/\/novice.si\/page\/vojnik-dvajset-let-doma-starejsih-obcanov\/"]}]},{"@type":"ImageObject","inLanguage":"sl-SI","@id":"https:\/\/novice.si\/page\/vojnik-dvajset-let-doma-starejsih-obcanov\/#primaryimage","url":"https:\/\/novice.si\/page\/wp-content\/uploads\/2019\/03\/\u0161pesov-dom-1a.jpg","contentUrl":"https:\/\/novice.si\/page\/wp-content\/uploads\/2019\/03\/\u0161pesov-dom-1a.jpg","width":2309,"height":1732},{"@type":"BreadcrumbList","@id":"https:\/\/novice.si\/page\/vojnik-dvajset-let-doma-starejsih-obcanov\/#breadcrumb","itemListElement":[{"@type":"ListItem","position":1,"name":"Home","item":"https:\/\/novice.si\/page\/"},{"@type":"ListItem","position":2,"name":"VOJNIK Dvajset let doma starej\u0161ih ob\u010danov"}]},{"@type":"WebSite","@id":"https:\/\/novice.si\/page\/#website","url":"https:\/\/novice.si\/page\/","name":"Novice.si","description":"","publisher":{"@id":"https:\/\/novice.si\/page\/#organization"},"potentialAction":[{"@type":"SearchAction","target":{"@type":"EntryPoint","urlTemplate":"https:\/\/novice.si\/page\/?s={search_term_string}"},"query-input":{"@type":"PropertyValueSpecification","valueRequired":true,"valueName":"search_term_string"}}],"inLanguage":"sl-SI"},{"@type":"Organization","@id":"https:\/\/novice.si\/page\/#organization","name":"Novice.si","url":"https:\/\/novice.si\/page\/","logo":{"@type":"ImageObject","inLanguage":"sl-SI","@id":"https:\/\/novice.si\/page\/#\/schema\/logo\/image\/","url":"https:\/\/novice.si\/page\/wp-content\/uploads\/2023\/03\/novice_si.png","contentUrl":"https:\/\/novice.si\/page\/wp-content\/uploads\/2023\/03\/novice_si.png","width":576,"height":200,"caption":"Novice.si"},"image":{"@id":"https:\/\/novice.si\/page\/#\/schema\/logo\/image\/"}},{"@type":"Person","@id":"https:\/\/novice.si\/page\/#\/schema\/person\/57f25c9642a9541c7349c65d32032c3e","name":"Uredni\u0161tvo Celjana","image":{"@type":"ImageObject","inLanguage":"sl-SI","@id":"https:\/\/secure.gravatar.com\/avatar\/78e52bc4279b65f6df6345e0ef0f7b792d361361f230cf4ffecfe0afe6d5629c?s=96&d=mm&r=g","url":"https:\/\/secure.gravatar.com\/avatar\/78e52bc4279b65f6df6345e0ef0f7b792d361361f230cf4ffecfe0afe6d5629c?s=96&d=mm&r=g","contentUrl":"https:\/\/secure.gravatar.com\/avatar\/78e52bc4279b65f6df6345e0ef0f7b792d361361f230cf4ffecfe0afe6d5629c?s=96&d=mm&r=g","caption":"Uredni\u0161tvo Celjana"},"url":"https:\/\/novice.si\/page\/author\/primoz\/"}]}},"_links":{"self":[{"href":"https:\/\/novice.si\/page\/wp-json\/wp\/v2\/posts\/164752","targetHints":{"allow":["GET"]}}],"collection":[{"href":"https:\/\/novice.si\/page\/wp-json\/wp\/v2\/posts"}],"about":[{"href":"https:\/\/novice.si\/page\/wp-json\/wp\/v2\/types\/post"}],"author":[{"embeddable":true,"href":"https:\/\/novice.si\/page\/wp-json\/wp\/v2\/users\/33"}],"replies":[{"embeddable":true,"href":"https:\/\/novice.si\/page\/wp-json\/wp\/v2\/comments?post=164752"}],"version-history":[{"count":1,"href":"https:\/\/novice.si\/page\/wp-json\/wp\/v2\/posts\/164752\/revisions"}],"predecessor-version":[{"id":164754,"href":"https:\/\/novice.si\/page\/wp-json\/wp\/v2\/posts\/164752\/revisions\/164754"}],"wp:featuredmedia":[{"embeddable":true,"href":"https:\/\/novice.si\/page\/wp-json\/wp\/v2\/media\/101469"}],"wp:attachment":[{"href":"https:\/\/novice.si\/page\/wp-json\/wp\/v2\/media?parent=164752"}],"wp:term":[{"taxonomy":"category","embeddable":true,"href":"https:\/\/novice.si\/page\/wp-json\/wp\/v2\/categories?post=164752"},{"taxonomy":"post_tag","embeddable":true,"href":"https:\/\/novice.si\/page\/wp-json\/wp\/v2\/tags?post=164752"}],"curies":[{"name":"wp","href":"https:\/\/api.w.org\/{rel}","templated":true}]}}